
{"id":228251,"date":"2020-04-22T10:30:12","date_gmt":"2020-04-22T08:30:12","guid":{"rendered":"https:\/\/www.cinevox.be\/?p=228251"},"modified":"2020-04-23T10:37:46","modified_gmt":"2020-04-23T08:37:46","slug":"et-vous-amelie-van-elmbt-vous-faites-quoi-pendant-le-confinement","status":"publish","type":"post","link":"https:\/\/w-l-c.be\/fr\/et-vous-amelie-van-elmbt-vous-faites-quoi-pendant-le-confinement\/","title":{"rendered":"Et vous, Am\u00e9lie van Elmbt, vous faites quoi pendant le confinement?"},"content":{"rendered":"<p><strong>On a demand\u00e9 \u00e0 Am\u00e9lie van Elmbt ce qu\u2019elle faisait pendant le confinement\u2026<\/strong><\/p>\n<h4>Film \u00e0 (re)voir?<\/h4>\n<div class=\"\">\n<ul>\n<li class=\"p1\"><em>La ballade de Genesis and Lady Jay<\/em> de mon amie Marie Losier (en hommage \u00e0 la mort r\u00e9cente de Genesis)<\/li>\n<li class=\"p1\"><em>Streetwise<\/em> de Martin Bell et Mary Ellen Mark C\u2019est un film qui nous a beaucoup inspir\u00e9es pour notre projet de documentaire.<\/li>\n<li class=\"p1\"><em>The Other Side<\/em> de Roberto Minervini ; un voyage en plein coeur de la Louisiane, tr\u00e8s inspirant \u00e9galement ( disponible sur Tenk en ce moment )<\/li>\n<li class=\"p1\"><em>Munch<\/em> de Peter Watkins un de mes films pr\u00e9f\u00e9r\u00e9s sur Tenk \u00e9galement.<\/li>\n<li class=\"p1\"><em>Three Sisters<\/em> de Wang Bing , un film humble et majestueux qui suit le quotidien de trois petites filles livr\u00e9es \u00e0 elle-m\u00eame dans les montagnes de Yunnan en Chine.<\/li>\n<li class=\"p1\"><em>American Honey<\/em> d\u2019Andrea Arnold pour faire battre les coeurs.<\/li>\n<li class=\"p1\">Des films plus courts sur le site de l\u2019Op\u00e9ra de Paris, dont celui d\u2019Arnaud des Palli\u00e8res, sur le peintre Degas<\/li>\n<\/ul>\n<p><iframe loading=\"lazy\" title=\"DEGAS ET MOI by Arnaud des Palli\u00e8res\" width=\"618\" height=\"348\" src=\"https:\/\/www.youtube.com\/embed\/ExRO1mqnEAQ?feature=oembed\" frameborder=\"0\" allow=\"accelerometer; autoplay; clipboard-write; encrypted-media; gyroscope; picture-in-picture; web-share\" referrerpolicy=\"strict-origin-when-cross-origin\" allowfullscreen><\/iframe><\/p>\n<h4>Et pour les enfants?<\/h4>\n<ul>\n<li class=\"p1\">Les films de Miyazaki<\/li>\n<li class=\"p1\"><em>Chantons sous la pluie<\/em> Stanley Donen et Gene Kelly<\/li>\n<li class=\"p1\"><em>Les demoiselles de Rochefort<\/em> Jacques Demy<\/li>\n<li class=\"p1\"><em>Labyrinth<\/em> de Jim Henson (avec David Bowie!)<\/li>\n<\/ul>\n<\/div>\n<h4>Album \u00e0 \u00e9couter?<\/h4>\n<div>\n<div class=\"_3_bl\">\n<div class=\"_5w1r _3_om _5wdf\">\n<div class=\"_4gx_\">\n<div class=\"_1aa6\">\n<div dir=\"ltr\">\n<div>\n<ul>\n<li class=\"p1\">En hommage \u00e0 Christophe : <em>Les vestiges du chaos (<\/em> en particulier le titre<em> Les mots fous<\/em> qui nous accompagne depuis le d\u00e9but du confinement)<\/li>\n<li class=\"p1\">Le dernier album des Strokes : <em>The New Abnormal<\/em><\/li>\n<li class=\"p1\">Le dernier album de KEPA : <em>Doctor, Do Something<\/em><\/li>\n<li class=\"p1\">Le dernier album de Coco Rosie : <em>Put the Shine on<\/em><\/li>\n<\/ul>\n<p>Les classiques qu\u2019on \u00e9coute aussi pour le travail de montage et dont on ne se lasse jamais :<\/p>\n<ul>\n<li>Nico : <em>Chelsea Girl<\/em><\/li>\n<li>Patti Smith : <em>Horses<\/em><\/li>\n<li>Leonard Cohen : <em>New skin for the Old Ceremony<\/em><\/li>\n<li>Bob Dylan : <em>Blonde on Blonde<\/em><\/li>\n<\/ul>\n<\/div>\n<h4>Livres \u00e0 lire et relire?<\/h4>\n<\/div>\n<\/div>\n<\/div>\n<\/div>\n<\/div>\n<\/div>\n<div>\n<div>\n<div class=\"_3_bl\">\n<div class=\"_5w1r _3_om _5wdf\">\n<div class=\"_4gx_\">\n<div class=\"_1aa6\">\n<div dir=\"ltr\">\n<ul>\n<li class=\"p1\">Beaucoup de po\u00e9sie, des classiques comme Paul Eluard <em>Capitale de la douleur<\/em>, Fernando Pessoa <em>Le livre de l\u2019intranquillit\u00e9<\/em>, <em>\u00c9loge du lieu<\/em> de Lorine Niedecker, <em>Vivre dans le feu<\/em> de Marina Tsevtaseva, EE Cummings et ses <em>Contes de f\u00e9es, 16 po\u00e8mes enfantins<\/em>, <em>Bluets<\/em> de Maggie Nelson.<\/li>\n<li class=\"p1\">Un essai : Isabelle Stengers, <em>R\u00e9activer le sens commun<\/em>, derni\u00e8re lecture \u00e0 laquelle j\u2019ai assist\u00e9 avant le confinement, un livre qui fait du bien et qui pose les bonnes questions.<\/li>\n<li class=\"p1\">Et une d\u00e9couverte r\u00e9cente : <em>Soif<\/em> d\u2019Andre\u00ef Guelassimov, un petit bijou.<\/li>\n<\/ul>\n<\/div>\n<\/div>\n<\/div>\n<\/div>\n<\/div>\n<\/div>\n<div class=\"\"><\/div>\n<\/div>\n<div>\n<h4>Podcast \u00e0 \u00e9couter?<\/h4>\n<div class=\"\">\n<ul>\n<li class=\"p1\">Les couilles sur la table<\/li>\n<li class=\"p1\">Sur les \u00e9paules de Darwin<\/li>\n<li class=\"p1\">Les lettres d\u2019int\u00e9rieur lues par Augustin Trapenard<\/li>\n<li class=\"p1\">LesMaterclasses sur France Culture \u2026<\/li>\n<\/ul>\n<h4>Comptes Instagram?<\/h4>\n<ul>\n<li>@artefr &#8211; les concerts \u00e0 la maison<\/li>\n<li>@subwaycreatures sur les dr\u00f4les de navetteurs qui empruntent le m\u00e9tro new-yorkais<\/li>\n<\/ul>\n<\/div>\n<\/div>\n<h4>Recettes \u00e0 mitonner?<\/h4>\n<div>\n<div class=\"_3_bl\">\n<div class=\"_5w1r _3_om _5wdf\">\n<div class=\"_4gx_\">\n<div class=\"_1aa6\">\n<div class=\"\">\n<p class=\"p1\">Une Shakshuka pour voyager un peu hors de Bruxelles, du livre J\u00e9rusalem de Yotam Ottolenghi, c\u2019est tr\u00e8s facile \u00e0 faire et d\u00e9licieux.<\/p>\n<h4>Cocktail \u00e0 siroter<\/h4>\n<div class=\"\">\n<p class=\"p1\">De la vodka \u00e0 la noisette, SOPLICA, id\u00e9al quand on travaille tard pour donner un petit coup de jus.<\/p>\n<\/div>\n<\/div>\n<\/div>\n<\/div>\n<\/div>\n<\/div>\n<h4>Jeux de soci\u00e9t\u00e9<\/h4>\n<div class=\"\">\n<p class=\"p1\">Blanc manger coco, (quand les enfants dorment) tr\u00e8s dr\u00f4le surtout quand on a bu pas mal de vodka.<\/p>\n<\/div>\n<\/div>\n<div>\n<h4 dir=\"ltr\">Le rem\u00e8de ultime pour faire passer plus vite le confinement?<\/h4>\n<div dir=\"ltr\">\n<div class=\"\">\n<p class=\"p1\">Garder une routine de travail, pour nous c\u2019est le montage de notre film <em>Dreaming Walls<\/em>. Et surtout, le rire, la danse et un peu de yoga #Shirshasanaontaura. Nous avons des rituels avec ma fille et sa marraine Maya avec qui je travaille et qui passe le confinement avec nous.<br \/>\nLe matin juste un brin de QUICK CRAZY CARDIO WORKOUT TONE FAT BURN TOTAL BODY FOCUS HIP HOP BODY SLIM DOWN pour garder la forme !<\/p>\n<p class=\"p1\">Et puis apr\u00e8s, si on tient encore debout, on danse pour bien d\u00e9marrer la journ\u00e9e.<\/p>\n<p class=\"p1\">Les petits jeux aussi, comme par exemple prendre le r\u00f4le de l\u2019autre. Pendant une heure je suis Maya qui est Lina qui est moi. On en apprend beaucoup sur la mani\u00e8re dont l\u2019autre nous per\u00e7oit dans nos habitudes et nos tics quotidiens. Fou rire garanti pour ceux qui sont en famille.<\/p>\n<p><strong>Le dernier long m\u00e9trage d&rsquo;Am\u00e9lie van Elmbt, <em>Dr\u00f4le de P\u00e8re<\/em>, a re\u00e7u le Prix Cinevox au Festival International du Film Francophone de Namur. Elle travaille actuellement sur son nouveau documentaire, <em>Dreaming Walls<\/em>, co-\u00e9crit avec Maya Duverdier, sur les derniers jours du mythique Chelsea Hotel, avant sa transformation en h\u00f4tel de luxe.\u00a0<\/strong><\/p>\n<h4>A LIRE AUSSI<\/h4>\n<p><a href=\"https:\/\/www.cinevox.be\/fr\/drole-de-pere-lhistoire-dune-rencontre\/\"><em>Dr\u00f4le de p\u00e8re<\/em>, l&rsquo;histoire d&rsquo;une rencontre<\/a><\/p>\n<\/div>\n<\/div>\n<\/div>\n<p>&nbsp;<\/p>\n<p>&nbsp;<\/p>\n","protected":false},"excerpt":{"rendered":"<p>On a demand\u00e9 \u00e0 Am\u00e9lie van Elmbt ce qu\u2019elle faisait pendant le confinement\u2026 Film \u00e0 (re)voir? La ballade de Genesis and Lady Jay de mon amie Marie Losier (en hommage \u00e0 la mort r\u00e9cente de Genesis) Streetwise de Martin Bell et Mary Ellen Mark C\u2019est un film qui nous a beaucoup inspir\u00e9es pour notre projet &hellip;<\/p>\n","protected":false},"author":343,"featured_media":228268,"comment_status":"closed","ping_status":"closed","sticky":false,"template":"","format":"standard","meta":{"ngg_post_thumbnail":0,"footnotes":""},"categories":[1978],"tags":[2737,4187],"class_list":["post-228251","post","type-post","status-publish","format-standard","has-post-thumbnail","","category-interviews","tag-amelie-van-elmbt","tag-newsletter-fr"],"yoast_head":"<!-- This site is optimized with the Yoast SEO plugin v20.4 - https:\/\/yoast.com\/wordpress\/plugins\/seo\/ -->\n<title>Et vous, Am\u00e9lie van Elmbt, vous faites quoi pendant le confinement? - w-l-c<\/title>\n<meta name=\"robots\" content=\"noindex, follow, max-snippet:-1, max-image-preview:large, max-video-preview:-1\" \/>\n<meta property=\"og:locale\" content=\"fr_FR\" \/>\n<meta property=\"og:type\" content=\"article\" \/>\n<meta property=\"og:title\" content=\"Et vous, Am\u00e9lie van Elmbt, vous faites quoi pendant le confinement? - w-l-c\" \/>\n<meta property=\"og:description\" content=\"On a demand\u00e9 \u00e0 Am\u00e9lie van Elmbt ce qu\u2019elle faisait pendant le confinement\u2026 Film \u00e0 (re)voir? La ballade de Genesis and Lady Jay de mon amie Marie Losier (en hommage \u00e0 la mort r\u00e9cente de Genesis) Streetwise de Martin Bell et Mary Ellen Mark C\u2019est un film qui nous a beaucoup inspir\u00e9es pour notre projet &hellip;\" \/>\n<meta property=\"og:url\" content=\"https:\/\/w-l-c.be\/fr\/et-vous-amelie-van-elmbt-vous-faites-quoi-pendant-le-confinement\/\" \/>\n<meta property=\"og:site_name\" content=\"w-l-c\" \/>\n<meta property=\"article:published_time\" content=\"2020-04-22T08:30:12+00:00\" \/>\n<meta property=\"article:modified_time\" content=\"2020-04-23T08:37:46+00:00\" \/>\n<meta property=\"og:image\" content=\"https:\/\/w-l-c.be\/wp-content\/uploads\/2020\/04\/Selfie-Amelie-Van-Elmbt.jpg\" \/>\n\t<meta property=\"og:image:width\" content=\"2048\" \/>\n\t<meta property=\"og:image:height\" content=\"1025\" \/>\n\t<meta property=\"og:image:type\" content=\"image\/jpeg\" \/>\n<meta name=\"author\" content=\"Aurore Engelen\" \/>\n<meta name=\"twitter:card\" content=\"summary_large_image\" \/>\n<meta name=\"twitter:label1\" content=\"\u00c9crit par\" \/>\n\t<meta name=\"twitter:data1\" content=\"Aurore Engelen\" \/>\n\t<meta name=\"twitter:label2\" content=\"Dur\u00e9e de lecture estim\u00e9e\" \/>\n\t<meta name=\"twitter:data2\" content=\"4 minutes\" \/>\n<script type=\"application\/ld+json\" class=\"yoast-schema-graph\">{\"@context\":\"https:\/\/schema.org\",\"@graph\":[{\"@type\":\"WebPage\",\"@id\":\"https:\/\/w-l-c.be\/fr\/et-vous-amelie-van-elmbt-vous-faites-quoi-pendant-le-confinement\/\",\"url\":\"https:\/\/w-l-c.be\/fr\/et-vous-amelie-van-elmbt-vous-faites-quoi-pendant-le-confinement\/\",\"name\":\"Et vous, Am\u00e9lie van Elmbt, vous faites quoi pendant le confinement? - w-l-c\",\"isPartOf\":{\"@id\":\"https:\/\/w-l-c.be\/fr\/#website\"},\"datePublished\":\"2020-04-22T08:30:12+00:00\",\"dateModified\":\"2020-04-23T08:37:46+00:00\",\"author\":{\"@id\":\"https:\/\/w-l-c.be\/fr\/#\/schema\/person\/8084b68c6b176142d073695c654dc7cf\"},\"breadcrumb\":{\"@id\":\"https:\/\/w-l-c.be\/fr\/et-vous-amelie-van-elmbt-vous-faites-quoi-pendant-le-confinement\/#breadcrumb\"},\"inLanguage\":\"fr-FR\",\"potentialAction\":[{\"@type\":\"ReadAction\",\"target\":[\"https:\/\/w-l-c.be\/fr\/et-vous-amelie-van-elmbt-vous-faites-quoi-pendant-le-confinement\/\"]}]},{\"@type\":\"BreadcrumbList\",\"@id\":\"https:\/\/w-l-c.be\/fr\/et-vous-amelie-van-elmbt-vous-faites-quoi-pendant-le-confinement\/#breadcrumb\",\"itemListElement\":[{\"@type\":\"ListItem\",\"position\":1,\"name\":\"Accueil\",\"item\":\"https:\/\/w-l-c.be\/fr\/\"},{\"@type\":\"ListItem\",\"position\":2,\"name\":\"Et vous, Am\u00e9lie van Elmbt, vous faites quoi pendant le confinement?\"}]},{\"@type\":\"WebSite\",\"@id\":\"https:\/\/w-l-c.be\/fr\/#website\",\"url\":\"https:\/\/w-l-c.be\/fr\/\",\"name\":\"w-l-c\",\"description\":\"Le cin\u00e9ma vu par les belges\",\"potentialAction\":[{\"@type\":\"SearchAction\",\"target\":{\"@type\":\"EntryPoint\",\"urlTemplate\":\"https:\/\/w-l-c.be\/fr\/?s={search_term_string}\"},\"query-input\":\"required name=search_term_string\"}],\"inLanguage\":\"fr-FR\"},{\"@type\":\"Person\",\"@id\":\"https:\/\/w-l-c.be\/fr\/#\/schema\/person\/8084b68c6b176142d073695c654dc7cf\",\"name\":\"Aurore Engelen\",\"url\":\"https:\/\/w-l-c.be\/fr\/author\/aurore-engelen\/\"}]}<\/script>\n<!-- \/ Yoast SEO plugin. -->","yoast_head_json":{"title":"Et vous, Am\u00e9lie van Elmbt, vous faites quoi pendant le confinement? - w-l-c","robots":{"index":"noindex","follow":"follow","max-snippet":"max-snippet:-1","max-image-preview":"max-image-preview:large","max-video-preview":"max-video-preview:-1"},"og_locale":"fr_FR","og_type":"article","og_title":"Et vous, Am\u00e9lie van Elmbt, vous faites quoi pendant le confinement? - w-l-c","og_description":"On a demand\u00e9 \u00e0 Am\u00e9lie van Elmbt ce qu\u2019elle faisait pendant le confinement\u2026 Film \u00e0 (re)voir? La ballade de Genesis and Lady Jay de mon amie Marie Losier (en hommage \u00e0 la mort r\u00e9cente de Genesis) Streetwise de Martin Bell et Mary Ellen Mark C\u2019est un film qui nous a beaucoup inspir\u00e9es pour notre projet &hellip;","og_url":"https:\/\/w-l-c.be\/fr\/et-vous-amelie-van-elmbt-vous-faites-quoi-pendant-le-confinement\/","og_site_name":"w-l-c","article_published_time":"2020-04-22T08:30:12+00:00","article_modified_time":"2020-04-23T08:37:46+00:00","og_image":[{"width":2048,"height":1025,"url":"https:\/\/w-l-c.be\/wp-content\/uploads\/2020\/04\/Selfie-Amelie-Van-Elmbt.jpg","type":"image\/jpeg"}],"author":"Aurore Engelen","twitter_card":"summary_large_image","twitter_misc":{"\u00c9crit par":"Aurore Engelen","Dur\u00e9e de lecture estim\u00e9e":"4 minutes"},"schema":{"@context":"https:\/\/schema.org","@graph":[{"@type":"WebPage","@id":"https:\/\/w-l-c.be\/fr\/et-vous-amelie-van-elmbt-vous-faites-quoi-pendant-le-confinement\/","url":"https:\/\/w-l-c.be\/fr\/et-vous-amelie-van-elmbt-vous-faites-quoi-pendant-le-confinement\/","name":"Et vous, Am\u00e9lie van Elmbt, vous faites quoi pendant le confinement? - w-l-c","isPartOf":{"@id":"https:\/\/w-l-c.be\/fr\/#website"},"datePublished":"2020-04-22T08:30:12+00:00","dateModified":"2020-04-23T08:37:46+00:00","author":{"@id":"https:\/\/w-l-c.be\/fr\/#\/schema\/person\/8084b68c6b176142d073695c654dc7cf"},"breadcrumb":{"@id":"https:\/\/w-l-c.be\/fr\/et-vous-amelie-van-elmbt-vous-faites-quoi-pendant-le-confinement\/#breadcrumb"},"inLanguage":"fr-FR","potentialAction":[{"@type":"ReadAction","target":["https:\/\/w-l-c.be\/fr\/et-vous-amelie-van-elmbt-vous-faites-quoi-pendant-le-confinement\/"]}]},{"@type":"BreadcrumbList","@id":"https:\/\/w-l-c.be\/fr\/et-vous-amelie-van-elmbt-vous-faites-quoi-pendant-le-confinement\/#breadcrumb","itemListElement":[{"@type":"ListItem","position":1,"name":"Accueil","item":"https:\/\/w-l-c.be\/fr\/"},{"@type":"ListItem","position":2,"name":"Et vous, Am\u00e9lie van Elmbt, vous faites quoi pendant le confinement?"}]},{"@type":"WebSite","@id":"https:\/\/w-l-c.be\/fr\/#website","url":"https:\/\/w-l-c.be\/fr\/","name":"w-l-c","description":"Le cin\u00e9ma vu par les belges","potentialAction":[{"@type":"SearchAction","target":{"@type":"EntryPoint","urlTemplate":"https:\/\/w-l-c.be\/fr\/?s={search_term_string}"},"query-input":"required name=search_term_string"}],"inLanguage":"fr-FR"},{"@type":"Person","@id":"https:\/\/w-l-c.be\/fr\/#\/schema\/person\/8084b68c6b176142d073695c654dc7cf","name":"Aurore Engelen","url":"https:\/\/w-l-c.be\/fr\/author\/aurore-engelen\/"}]}},"_links":{"self":[{"href":"https:\/\/w-l-c.be\/fr\/wp-json\/wp\/v2\/posts\/228251","targetHints":{"allow":["GET"]}}],"collection":[{"href":"https:\/\/w-l-c.be\/fr\/wp-json\/wp\/v2\/posts"}],"about":[{"href":"https:\/\/w-l-c.be\/fr\/wp-json\/wp\/v2\/types\/post"}],"author":[{"embeddable":true,"href":"https:\/\/w-l-c.be\/fr\/wp-json\/wp\/v2\/users\/343"}],"replies":[{"embeddable":true,"href":"https:\/\/w-l-c.be\/fr\/wp-json\/wp\/v2\/comments?post=228251"}],"version-history":[{"count":0,"href":"https:\/\/w-l-c.be\/fr\/wp-json\/wp\/v2\/posts\/228251\/revisions"}],"wp:featuredmedia":[{"embeddable":true,"href":"https:\/\/w-l-c.be\/fr\/wp-json\/wp\/v2\/media\/228268"}],"wp:attachment":[{"href":"https:\/\/w-l-c.be\/fr\/wp-json\/wp\/v2\/media?parent=228251"}],"wp:term":[{"taxonomy":"category","embeddable":true,"href":"https:\/\/w-l-c.be\/fr\/wp-json\/wp\/v2\/categories?post=228251"},{"taxonomy":"post_tag","embeddable":true,"href":"https:\/\/w-l-c.be\/fr\/wp-json\/wp\/v2\/tags?post=228251"}],"curies":[{"name":"wp","href":"https:\/\/api.w.org\/{rel}","templated":true}]}}