
{"id":228656,"date":"2020-05-15T15:34:56","date_gmt":"2020-05-15T13:34:56","guid":{"rendered":"https:\/\/www.cinevox.be\/?p=228656"},"modified":"2020-05-15T15:36:30","modified_gmt":"2020-05-15T13:36:30","slug":"casting-long-metrage-2","status":"publish","type":"post","link":"https:\/\/w-l-c.be\/fr\/casting-long-metrage-2\/","title":{"rendered":"Casting long m\u00e9trage!"},"content":{"rendered":"<div class=\"_2cuy _3dgx _2vxa\"><strong>ADK-KASTING recherche pour le tournage du prochain long m\u00e9trage de Nicolas Steil:<\/strong><\/div>\n<ul class=\"_5a_q _5yj1\" dir=\"ltr\">\n<li class=\"_2cuy _509q _2vxa\">Un homme entre 30 et 45 ans (type ashk\u00e9naze) parlant Yiddish.<\/li>\n<li class=\"_2cuy _509q _2vxa\">Un homme entre 30 et 50 ans parlant allemand (langue maternelle ou couramment)<\/li>\n<li class=\"_2cuy _509q _2vxa\">Un gar\u00e7on entre 6 et 8 ans parlant allemand<\/li>\n<li class=\"_2cuy _509q _2vxa\">Un gar\u00e7on entre 10 et 12 ans (notion d&rsquo;allemand est un plus)<\/li>\n<\/ul>\n<div class=\"_2cuy _3dgx _2vxa\">Int\u00e9ress\u00e9s? Merci de m&rsquo;envoyer photos et coordonn\u00e9es compl\u00e8tes \u00e0 : doriane@adk-kasting.com<\/div>\n","protected":false},"excerpt":{"rendered":"<p>ADK-KASTING recherche pour le tournage du prochain long m\u00e9trage de Nicolas Steil: Un homme entre 30 et 45 ans (type ashk\u00e9naze) parlant Yiddish. Un homme entre 30 et 50 ans parlant allemand (langue maternelle ou couramment) Un gar\u00e7on entre 6 et 8 ans parlant allemand Un gar\u00e7on entre 10 et 12 ans (notion d&rsquo;allemand est &hellip;<\/p>\n","protected":false},"author":343,"featured_media":210916,"comment_status":"closed","ping_status":"closed","sticky":false,"template":"","format":"standard","meta":{"ngg_post_thumbnail":0,"footnotes":""},"categories":[20],"tags":[],"class_list":["post-228656","post","type-post","status-publish","format-standard","has-post-thumbnail","","category-cinejobs"],"yoast_head":"<!-- This site is optimized with the Yoast SEO plugin v20.4 - https:\/\/yoast.com\/wordpress\/plugins\/seo\/ -->\n<title>Casting long m\u00e9trage! - w-l-c<\/title>\n<meta name=\"robots\" content=\"noindex, follow, max-snippet:-1, max-image-preview:large, max-video-preview:-1\" \/>\n<meta property=\"og:locale\" content=\"fr_FR\" \/>\n<meta property=\"og:type\" content=\"article\" \/>\n<meta property=\"og:title\" content=\"Casting long m\u00e9trage! - w-l-c\" \/>\n<meta property=\"og:description\" content=\"ADK-KASTING recherche pour le tournage du prochain long m\u00e9trage de Nicolas Steil: Un homme entre 30 et 45 ans (type ashk\u00e9naze) parlant Yiddish. Un homme entre 30 et 50 ans parlant allemand (langue maternelle ou couramment) Un gar\u00e7on entre 6 et 8 ans parlant allemand Un gar\u00e7on entre 10 et 12 ans (notion d&rsquo;allemand est &hellip;\" \/>\n<meta property=\"og:url\" content=\"https:\/\/w-l-c.be\/fr\/casting-long-metrage-2\/\" \/>\n<meta property=\"og:site_name\" content=\"w-l-c\" \/>\n<meta property=\"article:published_time\" content=\"2020-05-15T13:34:56+00:00\" \/>\n<meta property=\"article:modified_time\" content=\"2020-05-15T13:36:30+00:00\" \/>\n<meta property=\"og:image\" content=\"https:\/\/w-l-c.be\/wp-content\/uploads\/2018\/06\/Casting.jpg\" \/>\n\t<meta property=\"og:image:width\" content=\"1024\" \/>\n\t<meta property=\"og:image:height\" content=\"512\" \/>\n\t<meta property=\"og:image:type\" content=\"image\/jpeg\" \/>\n<meta name=\"author\" content=\"Aurore Engelen\" \/>\n<meta name=\"twitter:card\" content=\"summary_large_image\" \/>\n<meta name=\"twitter:label1\" content=\"\u00c9crit par\" \/>\n\t<meta name=\"twitter:data1\" content=\"Aurore Engelen\" \/>\n<script type=\"application\/ld+json\" class=\"yoast-schema-graph\">{\"@context\":\"https:\/\/schema.org\",\"@graph\":[{\"@type\":\"WebPage\",\"@id\":\"https:\/\/w-l-c.be\/fr\/casting-long-metrage-2\/\",\"url\":\"https:\/\/w-l-c.be\/fr\/casting-long-metrage-2\/\",\"name\":\"Casting long m\u00e9trage! - w-l-c\",\"isPartOf\":{\"@id\":\"https:\/\/w-l-c.be\/fr\/#website\"},\"datePublished\":\"2020-05-15T13:34:56+00:00\",\"dateModified\":\"2020-05-15T13:36:30+00:00\",\"author\":{\"@id\":\"https:\/\/w-l-c.be\/fr\/#\/schema\/person\/8084b68c6b176142d073695c654dc7cf\"},\"breadcrumb\":{\"@id\":\"https:\/\/w-l-c.be\/fr\/casting-long-metrage-2\/#breadcrumb\"},\"inLanguage\":\"fr-FR\",\"potentialAction\":[{\"@type\":\"ReadAction\",\"target\":[\"https:\/\/w-l-c.be\/fr\/casting-long-metrage-2\/\"]}]},{\"@type\":\"BreadcrumbList\",\"@id\":\"https:\/\/w-l-c.be\/fr\/casting-long-metrage-2\/#breadcrumb\",\"itemListElement\":[{\"@type\":\"ListItem\",\"position\":1,\"name\":\"Accueil\",\"item\":\"https:\/\/w-l-c.be\/fr\/\"},{\"@type\":\"ListItem\",\"position\":2,\"name\":\"Casting long m\u00e9trage!\"}]},{\"@type\":\"WebSite\",\"@id\":\"https:\/\/w-l-c.be\/fr\/#website\",\"url\":\"https:\/\/w-l-c.be\/fr\/\",\"name\":\"w-l-c\",\"description\":\"Le cin\u00e9ma vu par les belges\",\"potentialAction\":[{\"@type\":\"SearchAction\",\"target\":{\"@type\":\"EntryPoint\",\"urlTemplate\":\"https:\/\/w-l-c.be\/fr\/?s={search_term_string}\"},\"query-input\":\"required name=search_term_string\"}],\"inLanguage\":\"fr-FR\"},{\"@type\":\"Person\",\"@id\":\"https:\/\/w-l-c.be\/fr\/#\/schema\/person\/8084b68c6b176142d073695c654dc7cf\",\"name\":\"Aurore Engelen\",\"url\":\"https:\/\/w-l-c.be\/fr\/author\/aurore-engelen\/\"}]}<\/script>\n<!-- \/ Yoast SEO plugin. -->","yoast_head_json":{"title":"Casting long m\u00e9trage! - w-l-c","robots":{"index":"noindex","follow":"follow","max-snippet":"max-snippet:-1","max-image-preview":"max-image-preview:large","max-video-preview":"max-video-preview:-1"},"og_locale":"fr_FR","og_type":"article","og_title":"Casting long m\u00e9trage! - w-l-c","og_description":"ADK-KASTING recherche pour le tournage du prochain long m\u00e9trage de Nicolas Steil: Un homme entre 30 et 45 ans (type ashk\u00e9naze) parlant Yiddish. Un homme entre 30 et 50 ans parlant allemand (langue maternelle ou couramment) Un gar\u00e7on entre 6 et 8 ans parlant allemand Un gar\u00e7on entre 10 et 12 ans (notion d&rsquo;allemand est &hellip;","og_url":"https:\/\/w-l-c.be\/fr\/casting-long-metrage-2\/","og_site_name":"w-l-c","article_published_time":"2020-05-15T13:34:56+00:00","article_modified_time":"2020-05-15T13:36:30+00:00","og_image":[{"width":1024,"height":512,"url":"https:\/\/w-l-c.be\/wp-content\/uploads\/2018\/06\/Casting.jpg","type":"image\/jpeg"}],"author":"Aurore Engelen","twitter_card":"summary_large_image","twitter_misc":{"\u00c9crit par":"Aurore Engelen"},"schema":{"@context":"https:\/\/schema.org","@graph":[{"@type":"WebPage","@id":"https:\/\/w-l-c.be\/fr\/casting-long-metrage-2\/","url":"https:\/\/w-l-c.be\/fr\/casting-long-metrage-2\/","name":"Casting long m\u00e9trage! - w-l-c","isPartOf":{"@id":"https:\/\/w-l-c.be\/fr\/#website"},"datePublished":"2020-05-15T13:34:56+00:00","dateModified":"2020-05-15T13:36:30+00:00","author":{"@id":"https:\/\/w-l-c.be\/fr\/#\/schema\/person\/8084b68c6b176142d073695c654dc7cf"},"breadcrumb":{"@id":"https:\/\/w-l-c.be\/fr\/casting-long-metrage-2\/#breadcrumb"},"inLanguage":"fr-FR","potentialAction":[{"@type":"ReadAction","target":["https:\/\/w-l-c.be\/fr\/casting-long-metrage-2\/"]}]},{"@type":"BreadcrumbList","@id":"https:\/\/w-l-c.be\/fr\/casting-long-metrage-2\/#breadcrumb","itemListElement":[{"@type":"ListItem","position":1,"name":"Accueil","item":"https:\/\/w-l-c.be\/fr\/"},{"@type":"ListItem","position":2,"name":"Casting long m\u00e9trage!"}]},{"@type":"WebSite","@id":"https:\/\/w-l-c.be\/fr\/#website","url":"https:\/\/w-l-c.be\/fr\/","name":"w-l-c","description":"Le cin\u00e9ma vu par les belges","potentialAction":[{"@type":"SearchAction","target":{"@type":"EntryPoint","urlTemplate":"https:\/\/w-l-c.be\/fr\/?s={search_term_string}"},"query-input":"required name=search_term_string"}],"inLanguage":"fr-FR"},{"@type":"Person","@id":"https:\/\/w-l-c.be\/fr\/#\/schema\/person\/8084b68c6b176142d073695c654dc7cf","name":"Aurore Engelen","url":"https:\/\/w-l-c.be\/fr\/author\/aurore-engelen\/"}]}},"_links":{"self":[{"href":"https:\/\/w-l-c.be\/fr\/wp-json\/wp\/v2\/posts\/228656","targetHints":{"allow":["GET"]}}],"collection":[{"href":"https:\/\/w-l-c.be\/fr\/wp-json\/wp\/v2\/posts"}],"about":[{"href":"https:\/\/w-l-c.be\/fr\/wp-json\/wp\/v2\/types\/post"}],"author":[{"embeddable":true,"href":"https:\/\/w-l-c.be\/fr\/wp-json\/wp\/v2\/users\/343"}],"replies":[{"embeddable":true,"href":"https:\/\/w-l-c.be\/fr\/wp-json\/wp\/v2\/comments?post=228656"}],"version-history":[{"count":0,"href":"https:\/\/w-l-c.be\/fr\/wp-json\/wp\/v2\/posts\/228656\/revisions"}],"wp:featuredmedia":[{"embeddable":true,"href":"https:\/\/w-l-c.be\/fr\/wp-json\/wp\/v2\/media\/210916"}],"wp:attachment":[{"href":"https:\/\/w-l-c.be\/fr\/wp-json\/wp\/v2\/media?parent=228656"}],"wp:term":[{"taxonomy":"category","embeddable":true,"href":"https:\/\/w-l-c.be\/fr\/wp-json\/wp\/v2\/categories?post=228656"},{"taxonomy":"post_tag","embeddable":true,"href":"https:\/\/w-l-c.be\/fr\/wp-json\/wp\/v2\/tags?post=228656"}],"curies":[{"name":"wp","href":"https:\/\/api.w.org\/{rel}","templated":true}]}}