
{"id":228679,"date":"2020-05-18T14:26:09","date_gmt":"2020-05-18T12:26:09","guid":{"rendered":"https:\/\/www.cinevox.be\/?p=228679"},"modified":"2020-05-19T11:45:19","modified_gmt":"2020-05-19T09:45:19","slug":"cinema-linquietude-du-secteur-et-la-colere-de-fabrice-du-welz","status":"publish","type":"post","link":"https:\/\/w-l-c.be\/fr\/cinema-linquietude-du-secteur-et-la-colere-de-fabrice-du-welz\/","title":{"rendered":"Cin\u00e9ma: l&rsquo;inqui\u00e9tude du secteur, relay\u00e9e par la col\u00e8re de Fabrice du Welz"},"content":{"rendered":"<p><strong>Les professionnels du cin\u00e9ma belge, tous postes confondus, expriment depuis plusieurs semaines leur inqui\u00e9tude quant \u00e0 la situation. On a lu Joachim Lafosse, on a entendu Jean-Pierre Dardenne, les associations professionnelles travaillent d&rsquo;arrache-pied. Le secteur est virtuellement \u00e0 l&rsquo;arr\u00eat, et \u00e0 ce jour, les perspectives de reprise sont pour le moins floues.<\/strong><\/p>\n<p>Les tournages ont cess\u00e9 net depuis plus de 2 mois, et la relance est loin d&rsquo;\u00eatre d&rsquo;actualit\u00e9. La profession ne se sent pas \u00e9cout\u00e9e, et moins encore adress\u00e9e. La frustration se fait cruellement sentir d&rsquo;autant que la fin du confinement ne sonnera vraisemblablement pas la fin des probl\u00e8mes, loin de l\u00e0. Le secteur multiplie les mises en garde et les appels \u00e0 l&rsquo;aide face aux drames collectifs et individuels que la situation actuelle va op\u00e9rer en ses rangs.<\/p>\n<p>Si le pr\u00e9sent est sombre pour beaucoup, l&rsquo;avenir est \u00e0 l&rsquo;heure actuelle on ne peut plus trouble. Il n&rsquo;y a aucune lisibilit\u00e9 quant \u00e0 un calendrier de reprises des activit\u00e9s et les bruits qui courent ne sont pas encourageants: les conditions sanitaires exig\u00e9es pourraient lourdement p\u00e9naliser les tournages modestes port\u00e9s par des structures ind\u00e9pendantes, et la perspective du respect de la distanciation physique sur le plateau entre les com\u00e9dien\u00b7nes donne des sueurs froide \u00e0 plus d&rsquo;un\u00b7e cin\u00e9aste, rendant la situation totalement ubuesque, et surtout, remettant en question la libert\u00e9 artistique des cr\u00e9ateurs et des cr\u00e9atrices, dont on n&rsquo;esp\u00e8re qu&rsquo;ils n&rsquo;auront pas tou\u00b7tes comme seule option de tourner la com\u00e9die (ou le drame) du confinement.<\/p>\n<p>Aux probl\u00e8mes logistiques de mise en conformit\u00e9 des plateaux de tournage s&rsquo;ajoutent notamment la question \u00e9pineuse des assurances, qu&rsquo;il va falloir r\u00e9gler \u00e0 l&rsquo;\u00e9chelle europ\u00e9enne afin que d&rsquo;\u00e9ventuelles aides d&rsquo;\u00e9tat ne viennent pas entraver les r\u00e8gles de concurrence, les inqui\u00e9tudes quant aux fonds qui seront disponibles en Tax Shelter, et l&#8217;embouteillage des tournages qui s&rsquo;annonce quand la reprise sera possible, et qui risquera de cr\u00e9er des conflits d&rsquo;agendas insolubles notamment pour les technicien\u00b7nes ou les com\u00e9dien\u00b7nes. Tout cela bien s\u00fbr sans compter le statut tr\u00e8s pr\u00e9caire des tr\u00e8s nombreux travailleurs intermittents du secteur.<\/p>\n<p><img loading=\"lazy\" decoding=\"async\" class=\"alignnone size-large wp-image-211044\" src=\"https:\/\/www.cinevox.be\/wp-content\/uploads\/2018\/07\/IMG_9509-800x600.jpg\" alt=\"\" width=\"618\" height=\"464\" srcset=\"https:\/\/w-l-c.be\/wp-content\/uploads\/2018\/07\/IMG_9509-800x600.jpg 800w, https:\/\/w-l-c.be\/wp-content\/uploads\/2018\/07\/IMG_9509-360x270.jpg 360w, https:\/\/w-l-c.be\/wp-content\/uploads\/2018\/07\/IMG_9509-768x576.jpg 768w\" sizes=\"auto, (max-width: 618px) 100vw, 618px\" \/><\/p>\n<p>L&rsquo;atmosph\u00e8re est donc morose, et parfois m\u00eame indign\u00e9e, comme l&rsquo;exprime le cin\u00e9aste Fabrice du Welz, joint ce week-end, qui devrait normalement \u00eatre en train de tourner son nouveau film, <em>Inexorable<\/em>.<\/p>\n<blockquote><p>La situation commence \u00e0 m&rsquo;\u00e9nerver s\u00e9rieusement, j&rsquo;ai l&rsquo;impression qu&rsquo;on nous prend pour des abrutis. Cette situation aurait \u00e9t\u00e9 inimaginable il y a 15 ans. Je ne comprends pas ce qui se passe, je suis le t\u00e9moin impuissant d&rsquo;un d\u00e9sastre. S&rsquo;il y avait des millions de mort&#8230; J&rsquo;entends tous les drames et les deuils bien s\u00fbr, j&rsquo;ai perdu des camarades dans cette crise, mais je ne vois pas la finalit\u00e9 de tout ce qui se passe et s&rsquo;annonce, \u00e0 part le marasme \u00e9conomique qui s&rsquo;abat d\u00e9j\u00e0 sur nous.<\/p>\n<p>Ce virus va rester, il ne faut pas se leurrer. Certes il tue, mais ce n&rsquo;est pas le chol\u00e9ra, ce n&rsquo;est pas la peste, et pourtant j&rsquo;ai l&rsquo;impression d&rsquo;\u00eatre au Moyen-Age. Ce qui arrive devant nous est colossal. On ne peut plus travailler, on sera tous en r\u00e9cession, la pr\u00e9carit\u00e9 va se propager. Je trouve qu&rsquo;on est bien sages en fait. Je bous, int\u00e9rieurement. Je pense qu&rsquo;on s&rsquo;est laiss\u00e9s anesth\u00e9sier par les m\u00e9dias, qui ont une vraie responsabilit\u00e9 dans ce commerce de la peur. Je ne suis ni moraliste, ni d\u00e9magogue, ni complotiste, mais je constate que les choses tournent au vinaigre.<\/p>\n<p>Ce qui se profile pour notre secteur, ce sont des r\u00e8gles intenables, le milieu bruisse de rumeurs en plus&#8230; J&rsquo;en discute r\u00e9guli\u00e8rement avec mon producteur qui est en premi\u00e8re ligne, Jean-Yves Roubin, \u00e9galement co-pr\u00e9sident de l&rsquo;UPFF et particuli\u00e8rement bien inform\u00e9, qui tend \u00e0 me rassurer, il me dit \u00ab\u00a0T&rsquo;inqui\u00e8te pas, la situation va \u00e9voluer pour un mieux&#8230;\u00a0\u00bb, mais l\u00e0, quand je vois les principes de pr\u00e9caution sur les tournages, les acteurs \u00e0 1m50 l&rsquo;un de l&rsquo;autre, mais comment on peut seulement imaginer \u00e7a? Si on recommence \u00e0 jouer au football, pourquoi on pourrait pas recommencer \u00e0 jouer au cin\u00e9ma? En bonne intelligence, en testant les gens, en ayant un m\u00e9decin sur place, en d\u00e9sinfectant. On est phagocyt\u00e9s par une peur qui s&rsquo;est propag\u00e9e de fa\u00e7on terrible, et il faut en revenir&#8230; En attendant, il y a des restaurants, des ind\u00e9pendants qui tombent en faillite. Nous-m\u00eames on a de plus en plus de mal \u00e0 payer nos factures. Il faut que \u00e7a s&rsquo;arr\u00eate!<\/p>\n<p>Et surtout, cela alt\u00e8re nos libert\u00e9s individuelles, et \u00e7a me rend dingue. Je n&rsquo;aimerais certainement pas \u00eatre \u00e0 la place des dirigeants, ils sont bombard\u00e9s d&rsquo;informations contradictoires, mais\u00a0 je voudrais qu&rsquo;ils arr\u00eatent de nous parler comme \u00e0 des enfants, qu&rsquo;ils nous parlent comme \u00e0 des adultes. Aujourd&rsquo;hui je suis forc\u00e9 de l&rsquo;accepter, de courber l&rsquo;\u00e9chine. Mais \u00e7a m&#8217;emp\u00eache de dormir, je tourne comme un lion en cage.<\/p>\n<p>A ce stade, je ne suis m\u00eame pas s\u00fbr qu&rsquo;on pourra tourner cet \u00e9t\u00e9. Dans certains pays, les tournages reprennent. Cet \u00e9tat d\u00e9l\u00e9t\u00e8re ne fait qu&rsquo;accentuer les diff\u00e9rences et les injustices. Netflix peut se permettre de tourner \u00e0 nouveau car c&rsquo;est un gros groupe qui a suffisamment d&rsquo;argent pour s&rsquo;assurer en cas d&rsquo;accident Covid. Les gros studios reportent au printemps 2021, et ceux qui payent, ce sont les ind\u00e9pendants, qui n&rsquo;ont pas d&rsquo;accords avec les assurances. Il y a des discussions pour un fonds de garantie mais c&rsquo;est tr\u00e8s compliqu\u00e9, \u00e7a doit \u00eatre fait au niveau europ\u00e9en. Ils vont bien finir par y arriver, car les enjeux \u00e9conomiques sont tr\u00e8s importants, mais la m\u00e9thode, l&rsquo;articulation risque d&rsquo;\u00eatre compl\u00e8tement folle avec des trucs intenables. D&rsquo;autant que c&rsquo;est un surco\u00fbt productionnel immense. Bien s\u00fbr, la F\u00e9d\u00e9ration se mobilise, Wallimage, screen.brussels, mais combien de temps ils vont tenir? Et \u00e7a ne fait que renforcer les in\u00e9galit\u00e9s. Certains, qui ont des grands groupes en back-up, vont recommencer \u00e0 tourner, mais les ind\u00e9pendant, les plus fragiles? C&rsquo;est bien l\u00e0-dessus que les producteurs ind\u00e9pendants se battent, pour permettre que les productions puissent reprendre. Imaginez pour des bo\u00eetes comme Frakas, Entre chien et loup, Versus, \u00e7a fait trois mois qu&rsquo;il n&rsquo;y a plus de rentr\u00e9e d&rsquo;argent. Ces soci\u00e9t\u00e9s doivent tourner. Si elles ne tournent pas, il y aura des catastrophes en cascade, et des r\u00e9percussions \u00e0 long terme, sur plusieurs ann\u00e9es.<\/p>\n<p>On nous fait peur, les gens ont peur, sortent comme s&rsquo;ils \u00e9taient en territoire hostile. Mais il y aussi des milliers de gens qui meurent dans des accidents de voiture. Il n&rsquo;y a pas de risque z\u00e9ro dans la vie! Cette fa\u00e7on de nous ass\u00e9ner quotidiennement le nombre de morts \u00e0 la t\u00e9l\u00e9 ne fait que renforcer ce climat anxiog\u00e8ne, p\u00e9nible, qui se propage de mani\u00e8re perverse. Mais on ne peut pas arr\u00eater la vie, on ne peut plus. Laissez-nous travailler.<\/p><\/blockquote>\n<p>&nbsp;<\/p>\n<p>&nbsp;<\/p>\n<p>&nbsp;<\/p>\n<p>&nbsp;<\/p>\n","protected":false},"excerpt":{"rendered":"<p>Les professionnels du cin\u00e9ma belge, tous postes confondus, expriment depuis plusieurs semaines leur inqui\u00e9tude quant \u00e0 la situation. On a lu Joachim Lafosse, on a entendu Jean-Pierre Dardenne, les associations professionnelles travaillent d&rsquo;arrache-pied. Le secteur est virtuellement \u00e0 l&rsquo;arr\u00eat, et \u00e0 ce jour, les perspectives de reprise sont pour le moins floues. Les tournages ont &hellip;<\/p>\n","protected":false},"author":343,"featured_media":228697,"comment_status":"closed","ping_status":"closed","sticky":false,"template":"","format":"standard","meta":{"ngg_post_thumbnail":0,"footnotes":""},"categories":[12],"tags":[4187],"class_list":["post-228679","post","type-post","status-publish","format-standard","has-post-thumbnail","","category-awards","tag-newsletter-fr"],"yoast_head":"<!-- This site is optimized with the Yoast SEO plugin v20.4 - https:\/\/yoast.com\/wordpress\/plugins\/seo\/ -->\n<title>Cin\u00e9ma: l&#039;inqui\u00e9tude du secteur, relay\u00e9e par la col\u00e8re de Fabrice du Welz - w-l-c<\/title>\n<meta name=\"robots\" content=\"noindex, follow, max-snippet:-1, max-image-preview:large, max-video-preview:-1\" \/>\n<meta property=\"og:locale\" content=\"fr_FR\" \/>\n<meta property=\"og:type\" content=\"article\" \/>\n<meta property=\"og:title\" content=\"Cin\u00e9ma: l&#039;inqui\u00e9tude du secteur, relay\u00e9e par la col\u00e8re de Fabrice du Welz - w-l-c\" \/>\n<meta property=\"og:description\" content=\"Les professionnels du cin\u00e9ma belge, tous postes confondus, expriment depuis plusieurs semaines leur inqui\u00e9tude quant \u00e0 la situation. On a lu Joachim Lafosse, on a entendu Jean-Pierre Dardenne, les associations professionnelles travaillent d&rsquo;arrache-pied. Le secteur est virtuellement \u00e0 l&rsquo;arr\u00eat, et \u00e0 ce jour, les perspectives de reprise sont pour le moins floues. Les tournages ont &hellip;\" \/>\n<meta property=\"og:url\" content=\"https:\/\/w-l-c.be\/fr\/cinema-linquietude-du-secteur-et-la-colere-de-fabrice-du-welz\/\" \/>\n<meta property=\"og:site_name\" content=\"w-l-c\" \/>\n<meta property=\"article:published_time\" content=\"2020-05-18T12:26:09+00:00\" \/>\n<meta property=\"article:modified_time\" content=\"2020-05-19T09:45:19+00:00\" \/>\n<meta property=\"og:image\" content=\"https:\/\/w-l-c.be\/wp-content\/uploads\/2020\/05\/FotoJet-9.jpg\" \/>\n\t<meta property=\"og:image:width\" content=\"1200\" \/>\n\t<meta property=\"og:image:height\" content=\"658\" \/>\n\t<meta property=\"og:image:type\" content=\"image\/jpeg\" \/>\n<meta name=\"author\" content=\"Aurore Engelen\" \/>\n<meta name=\"twitter:card\" content=\"summary_large_image\" \/>\n<meta name=\"twitter:label1\" content=\"\u00c9crit par\" \/>\n\t<meta name=\"twitter:data1\" content=\"Aurore Engelen\" \/>\n\t<meta name=\"twitter:label2\" content=\"Dur\u00e9e de lecture estim\u00e9e\" \/>\n\t<meta name=\"twitter:data2\" content=\"6 minutes\" \/>\n<script type=\"application\/ld+json\" class=\"yoast-schema-graph\">{\"@context\":\"https:\/\/schema.org\",\"@graph\":[{\"@type\":\"WebPage\",\"@id\":\"https:\/\/w-l-c.be\/fr\/cinema-linquietude-du-secteur-et-la-colere-de-fabrice-du-welz\/\",\"url\":\"https:\/\/w-l-c.be\/fr\/cinema-linquietude-du-secteur-et-la-colere-de-fabrice-du-welz\/\",\"name\":\"Cin\u00e9ma: l'inqui\u00e9tude du secteur, relay\u00e9e par la col\u00e8re de Fabrice du Welz - w-l-c\",\"isPartOf\":{\"@id\":\"https:\/\/w-l-c.be\/fr\/#website\"},\"datePublished\":\"2020-05-18T12:26:09+00:00\",\"dateModified\":\"2020-05-19T09:45:19+00:00\",\"author\":{\"@id\":\"https:\/\/w-l-c.be\/fr\/#\/schema\/person\/8084b68c6b176142d073695c654dc7cf\"},\"breadcrumb\":{\"@id\":\"https:\/\/w-l-c.be\/fr\/cinema-linquietude-du-secteur-et-la-colere-de-fabrice-du-welz\/#breadcrumb\"},\"inLanguage\":\"fr-FR\",\"potentialAction\":[{\"@type\":\"ReadAction\",\"target\":[\"https:\/\/w-l-c.be\/fr\/cinema-linquietude-du-secteur-et-la-colere-de-fabrice-du-welz\/\"]}]},{\"@type\":\"BreadcrumbList\",\"@id\":\"https:\/\/w-l-c.be\/fr\/cinema-linquietude-du-secteur-et-la-colere-de-fabrice-du-welz\/#breadcrumb\",\"itemListElement\":[{\"@type\":\"ListItem\",\"position\":1,\"name\":\"Accueil\",\"item\":\"https:\/\/w-l-c.be\/fr\/\"},{\"@type\":\"ListItem\",\"position\":2,\"name\":\"Cin\u00e9ma: l&rsquo;inqui\u00e9tude du secteur, relay\u00e9e par la col\u00e8re de Fabrice du Welz\"}]},{\"@type\":\"WebSite\",\"@id\":\"https:\/\/w-l-c.be\/fr\/#website\",\"url\":\"https:\/\/w-l-c.be\/fr\/\",\"name\":\"w-l-c\",\"description\":\"Le cin\u00e9ma vu par les belges\",\"potentialAction\":[{\"@type\":\"SearchAction\",\"target\":{\"@type\":\"EntryPoint\",\"urlTemplate\":\"https:\/\/w-l-c.be\/fr\/?s={search_term_string}\"},\"query-input\":\"required name=search_term_string\"}],\"inLanguage\":\"fr-FR\"},{\"@type\":\"Person\",\"@id\":\"https:\/\/w-l-c.be\/fr\/#\/schema\/person\/8084b68c6b176142d073695c654dc7cf\",\"name\":\"Aurore Engelen\",\"url\":\"https:\/\/w-l-c.be\/fr\/author\/aurore-engelen\/\"}]}<\/script>\n<!-- \/ Yoast SEO plugin. -->","yoast_head_json":{"title":"Cin\u00e9ma: l'inqui\u00e9tude du secteur, relay\u00e9e par la col\u00e8re de Fabrice du Welz - w-l-c","robots":{"index":"noindex","follow":"follow","max-snippet":"max-snippet:-1","max-image-preview":"max-image-preview:large","max-video-preview":"max-video-preview:-1"},"og_locale":"fr_FR","og_type":"article","og_title":"Cin\u00e9ma: l'inqui\u00e9tude du secteur, relay\u00e9e par la col\u00e8re de Fabrice du Welz - w-l-c","og_description":"Les professionnels du cin\u00e9ma belge, tous postes confondus, expriment depuis plusieurs semaines leur inqui\u00e9tude quant \u00e0 la situation. On a lu Joachim Lafosse, on a entendu Jean-Pierre Dardenne, les associations professionnelles travaillent d&rsquo;arrache-pied. Le secteur est virtuellement \u00e0 l&rsquo;arr\u00eat, et \u00e0 ce jour, les perspectives de reprise sont pour le moins floues. Les tournages ont &hellip;","og_url":"https:\/\/w-l-c.be\/fr\/cinema-linquietude-du-secteur-et-la-colere-de-fabrice-du-welz\/","og_site_name":"w-l-c","article_published_time":"2020-05-18T12:26:09+00:00","article_modified_time":"2020-05-19T09:45:19+00:00","og_image":[{"width":1200,"height":658,"url":"https:\/\/w-l-c.be\/wp-content\/uploads\/2020\/05\/FotoJet-9.jpg","type":"image\/jpeg"}],"author":"Aurore Engelen","twitter_card":"summary_large_image","twitter_misc":{"\u00c9crit par":"Aurore Engelen","Dur\u00e9e de lecture estim\u00e9e":"6 minutes"},"schema":{"@context":"https:\/\/schema.org","@graph":[{"@type":"WebPage","@id":"https:\/\/w-l-c.be\/fr\/cinema-linquietude-du-secteur-et-la-colere-de-fabrice-du-welz\/","url":"https:\/\/w-l-c.be\/fr\/cinema-linquietude-du-secteur-et-la-colere-de-fabrice-du-welz\/","name":"Cin\u00e9ma: l'inqui\u00e9tude du secteur, relay\u00e9e par la col\u00e8re de Fabrice du Welz - w-l-c","isPartOf":{"@id":"https:\/\/w-l-c.be\/fr\/#website"},"datePublished":"2020-05-18T12:26:09+00:00","dateModified":"2020-05-19T09:45:19+00:00","author":{"@id":"https:\/\/w-l-c.be\/fr\/#\/schema\/person\/8084b68c6b176142d073695c654dc7cf"},"breadcrumb":{"@id":"https:\/\/w-l-c.be\/fr\/cinema-linquietude-du-secteur-et-la-colere-de-fabrice-du-welz\/#breadcrumb"},"inLanguage":"fr-FR","potentialAction":[{"@type":"ReadAction","target":["https:\/\/w-l-c.be\/fr\/cinema-linquietude-du-secteur-et-la-colere-de-fabrice-du-welz\/"]}]},{"@type":"BreadcrumbList","@id":"https:\/\/w-l-c.be\/fr\/cinema-linquietude-du-secteur-et-la-colere-de-fabrice-du-welz\/#breadcrumb","itemListElement":[{"@type":"ListItem","position":1,"name":"Accueil","item":"https:\/\/w-l-c.be\/fr\/"},{"@type":"ListItem","position":2,"name":"Cin\u00e9ma: l&rsquo;inqui\u00e9tude du secteur, relay\u00e9e par la col\u00e8re de Fabrice du Welz"}]},{"@type":"WebSite","@id":"https:\/\/w-l-c.be\/fr\/#website","url":"https:\/\/w-l-c.be\/fr\/","name":"w-l-c","description":"Le cin\u00e9ma vu par les belges","potentialAction":[{"@type":"SearchAction","target":{"@type":"EntryPoint","urlTemplate":"https:\/\/w-l-c.be\/fr\/?s={search_term_string}"},"query-input":"required name=search_term_string"}],"inLanguage":"fr-FR"},{"@type":"Person","@id":"https:\/\/w-l-c.be\/fr\/#\/schema\/person\/8084b68c6b176142d073695c654dc7cf","name":"Aurore Engelen","url":"https:\/\/w-l-c.be\/fr\/author\/aurore-engelen\/"}]}},"_links":{"self":[{"href":"https:\/\/w-l-c.be\/fr\/wp-json\/wp\/v2\/posts\/228679","targetHints":{"allow":["GET"]}}],"collection":[{"href":"https:\/\/w-l-c.be\/fr\/wp-json\/wp\/v2\/posts"}],"about":[{"href":"https:\/\/w-l-c.be\/fr\/wp-json\/wp\/v2\/types\/post"}],"author":[{"embeddable":true,"href":"https:\/\/w-l-c.be\/fr\/wp-json\/wp\/v2\/users\/343"}],"replies":[{"embeddable":true,"href":"https:\/\/w-l-c.be\/fr\/wp-json\/wp\/v2\/comments?post=228679"}],"version-history":[{"count":0,"href":"https:\/\/w-l-c.be\/fr\/wp-json\/wp\/v2\/posts\/228679\/revisions"}],"wp:featuredmedia":[{"embeddable":true,"href":"https:\/\/w-l-c.be\/fr\/wp-json\/wp\/v2\/media\/228697"}],"wp:attachment":[{"href":"https:\/\/w-l-c.be\/fr\/wp-json\/wp\/v2\/media?parent=228679"}],"wp:term":[{"taxonomy":"category","embeddable":true,"href":"https:\/\/w-l-c.be\/fr\/wp-json\/wp\/v2\/categories?post=228679"},{"taxonomy":"post_tag","embeddable":true,"href":"https:\/\/w-l-c.be\/fr\/wp-json\/wp\/v2\/tags?post=228679"}],"curies":[{"name":"wp","href":"https:\/\/api.w.org\/{rel}","templated":true}]}}