
{"id":228681,"date":"2020-05-18T11:20:15","date_gmt":"2020-05-18T09:20:15","guid":{"rendered":"https:\/\/www.cinevox.be\/?p=228681"},"modified":"2021-02-12T15:24:24","modified_gmt":"2021-02-12T14:24:24","slug":"baloji-thomas-gunzig-et-adeline-dieudonne-ou-encore-micha-wald-soutenus-par-le-centre-du-cinema","status":"publish","type":"post","link":"https:\/\/w-l-c.be\/fr\/baloji-thomas-gunzig-et-adeline-dieudonne-ou-encore-micha-wald-soutenus-par-le-centre-du-cinema\/","title":{"rendered":"Baloji, Thomas Gunzig et Adeline Dieudonn\u00e9 ou encore Micha Wald soutenus par le Centre du Cin\u00e9ma"},"content":{"rendered":"<div><strong>Une fois n&rsquo;est pas (encore) coutume, les r\u00e9sultats de la 1\u00e8re session d&rsquo;aide 2020 de la Commission de S\u00e9lection du Film de la F\u00e9d\u00e9ration Wallonie-Bruxelles viennent d&rsquo;\u00eatre annonc\u00e9s quelques semaines seulement apr\u00e8s la tenu de la commission, qui a \u00e9t\u00e9 maintenue malgr\u00e9 la crise sanitaire. Les r\u00e9sultats mettent usuellement plus longtemps \u00e0 \u00eatre valid\u00e9s par la Ministre. Sur un total de 190 projets d\u00e9pos\u00e9s, 56 d\u2019entre-eux re\u00e7oivent une promesse d\u2019aide \u00e0 l\u2019\u00e9criture, au d\u00e9veloppement ou \u00e0 la production, pour un montant total de 3 290 000 euros.<\/strong><\/div>\n<div><\/div>\n<h4>Les longs m\u00e9trages<\/h4>\n<p>20 films sont soutenus, dont 4 longs m\u00e9trages d\u2019initiative belge francophone re\u00e7oivent une aide \u00e0 la production. Dans <em>Augures<\/em> (Anonymes Films),\u00a0Baloji\u00a0brossera le portrait de \u00ab\u00a0sorciers\u00a0\u00bb entre Bruxelles et Kinshasa, tandis que Berivan Binevsa contera dans <em>La vierge \u00e0 l\u2019enfant<\/em> (Playtime Films) la vengeance d\u2019une jeune Y\u00e9zidie sur l\u2019homme qui l\u2019a r\u00e9duite en esclavage. Micha Wald, sc\u00e9nariste de <em>Cavale<\/em> de Virginie Gourmel, revient avec <em>L\u2019\u00eele de la demoiselle <\/em>(Stenola Productions), un film d\u2019\u00e9poque se d\u00e9roulant au Qu\u00e9bec au XVIe si\u00e8cle, tandis qu\u2019Olivier Ringer (<em>Pom le poulain<\/em>) pr\u00e9pare <em>Les Gentils <\/em>(Ring Prod).<\/p>\n<p>Parmi les 6 films d\u2019initiative \u00e9trang\u00e8re et flamande aid\u00e9s figurent <em>La ligne (Les Films du Fleuve) <\/em>d\u2019Ursula Meier (Ours d&rsquo;Argent \u00e0 Berlin pour <em>L&rsquo;Enfant d&rsquo;en haut<\/em>), <em>Forteresse<\/em> (Beluga Tree) de Jessica Woodworth (Lion d&rsquo;Argent \u00e0 Venise pour <em>La Cinqui\u00e8me Saison <\/em>cor\u00e9alis\u00e9 avec Peter Brosens), ou encore <em>Dreambaby<\/em> (Tarantula) , le premier long m\u00e9trage du com\u00e9dien flamand Jeroen Perceval.<\/p>\n<div>Marta Bergman est soutenue pour le d\u00e9veloppement de <em>L\u2019enfant b\u00e9lier <\/em>(Frakas Productions), tandis que 9 aides \u00e0 l\u2019\u00e9criture sont accord\u00e9es cette session. Matthieu Donck passe du sc\u00e9nario de <em>La Tr\u00eave<\/em> \u00e0 la com\u00e9die avec <em>L\u2019\u00e9t\u00e9 des 40 ans<\/em>, tandis que les auteurs Thomas Gunzig et Adeline Dieudonn\u00e9 collaborent pour <em>Le ventre id\u00e9al <\/em>(Beluga Tree). Apr\u00e8s son Magritte du meilleur premier film pour <em>Bitter Flowers<\/em>, Olivier Meys \u00e9crit <em>R\u00e9veille-moi<\/em>, dont l\u2019histoire se situe dans un centre pour demandeurs d\u2019asile, et Claude Schmitz (<em>Braquer Poitiers<\/em>) pr\u00e9pare quant \u00e0 lui <em>Les d\u00e9tectives<\/em>.<\/div>\n<div><\/div>\n<h4>Les documentaires de cr\u00e9ation<\/h4>\n<p>13 documentaires sont aid\u00e9s \u00e0 la production. Dans <em>L\u2019empire du silence <\/em>(Les Films de la passerelle), Thierry Michel part sur les traces du \u00ab\u00a0Rapport Mapping\u00a0\u00bb des Nations Unies, qui r\u00e9pertorie plus de 600 crimes de guerre et crimes contre l\u2019humanit\u00e9 depuis 1996 au Congo. Avec <em>Sale putte<\/em> (Kwassa Films), les journalistes Myriam Leroy et Florence Hainaut reviennent sur leur histoire personnelle pour mener une enqu\u00eate sur le cyber-harc\u00e8lement. Pascale Bourgaux enqu\u00eate sur les milliers d\u2019enfants Y\u00e9zidis n\u00e9s \u00e0 la suite de viols et consid\u00e9r\u00e9s comme les \u00ab\u00a0b\u00e2tards de Daech\u00a0\u00bb, ne figurant ni dans les registres d\u2019\u00e9tat civils ni sur les listes des camps de r\u00e9fugi\u00e9s, dans <em>Irak, les b\u00e9b\u00e9s de la honte<\/em> (Iota Production).<\/p>\n<p>4 documentaires re\u00e7oivent une aide au d\u00e9veloppement. Parmi eux, Jorge Le\u00f3n revient, apr\u00e8s <em>Mitra<\/em>, avec <em>Incandescences <\/em>(Thank You &amp; Goodnight)\u00a0et Sergio Ghizzardi pr\u00e9pare <em>Nenets vs Gaz <\/em>(Domino Production),\u00a0un documentaire d\u2019investigation sur le combat d\u2019une tribu nomade d\u2019Arctique contre l\u2019hyperpuissance \u00e9nerg\u00e9tique russe.<\/p>\n<div>Dans <em>Enfant de divorce <\/em>(Luna Blue Film), Thomas Damas s\u2019int\u00e9resse \u00e0 ces adolescents victimes de conflits familiaux. Le projet est aid\u00e9 \u00e0 l\u2019\u00e9criture, tout comme <em>Out of the picture<\/em> (Thank You &amp; Goodnight) d\u2019Anne Smolar, qui porte son regard sur des femmes architectes et leurs r\u00e9alisations. Au total, 6 aides \u00e0 l\u2019\u00e9criture sont octroy\u00e9es.<\/div>\n<div><\/div>\n<h4>Les courts m\u00e9trages<\/h4>\n<p><em>Les grandes vacances<\/em>, la nouvelle animation de St\u00e9phane Aubier et Vincent Patar mettant en sc\u00e8ne Cowboy et Indien, fait partie des 11 courts m\u00e9trages soutenus \u00e0 la production cette session. <em>Le Canap\u00e9<\/em>, co-r\u00e9alis\u00e9 par Baptiste Sornin et Karim Barras, re\u00e7oit une aide apr\u00e8s r\u00e9alisation.<\/p>\n<h4>Film Lab<\/h4>\n<div>\n<p>Enfin, 2 films Lab sont aid\u00e9s, dont <em>Zeria<\/em> de Harry Cleven (<em>Mon Ange<\/em>).<\/p>\n<p>\u00ab\u00a0Le secteur du cin\u00e9ma et tous les m\u00e9tiers qui en d\u00e9pendent, sont fortement affect\u00e9s par la crise du coronavirus, a d\u00e9clar\u00e9 la Ministre B\u00e9n\u00e9dicte Li\u00e9nard, et les n\u00e9cessaires mesures de confinement qui en d\u00e9coulent. Malgr\u00e9 ce contexte difficile, nous avons souhait\u00e9 maintenir la premi\u00e8re session de la Commission de s\u00e9lection des films. C\u2019est un signal positif que nous envoyons au secteur. Par ailleurs, nous esp\u00e9rons que des balises claires pour une reprise progressive des tournages et de la production de films et documentaires pourront bient\u00f4t \u00eatre donn\u00e9es par le Conseil National de S\u00e9curit\u00e9. Nous avons en tous cas fait des propositions en ce sens, en concertation avec le secteur\u00a0\u00bb.<\/p>\n<\/div>\n<div><\/div>\n<div>Tous les r\u00e9sultats sont disponibles <a href=\"https:\/\/audiovisuel.cfwb.be\/fileadmin\/sites\/sgam\/uploads\/Aides\/Commission_de_Selection_des_Films\/Resultats_Commission_de_selection_des_films\/Resultats_CSF_2020_1re_session.pdf?utm_source=sendinblue&amp;utm_campaign=Communiqu_de_presse__CSF_1re_session_2020&amp;utm_medium=email\">ici<\/a>.<\/div>\n","protected":false},"excerpt":{"rendered":"<p>Une fois n&rsquo;est pas (encore) coutume, les r\u00e9sultats de la 1\u00e8re session d&rsquo;aide 2020 de la Commission de S\u00e9lection du Film de la F\u00e9d\u00e9ration Wallonie-Bruxelles viennent d&rsquo;\u00eatre annonc\u00e9s quelques semaines seulement apr\u00e8s la tenu de la commission, qui a \u00e9t\u00e9 maintenue malgr\u00e9 la crise sanitaire. Les r\u00e9sultats mettent usuellement plus longtemps \u00e0 \u00eatre valid\u00e9s par &hellip;<\/p>\n","protected":false},"author":343,"featured_media":228682,"comment_status":"closed","ping_status":"closed","sticky":false,"template":"","format":"standard","meta":{"ngg_post_thumbnail":0,"footnotes":""},"categories":[53],"tags":[4187],"class_list":["post-228681","post","type-post","status-publish","format-standard","has-post-thumbnail","","category-coming-soon","tag-newsletter-fr"],"yoast_head":"<!-- This site is optimized with the Yoast SEO plugin v20.4 - https:\/\/yoast.com\/wordpress\/plugins\/seo\/ -->\n<title>Baloji, Thomas Gunzig et Adeline Dieudonn\u00e9 ou encore Micha Wald soutenus par le Centre du Cin\u00e9ma - w-l-c<\/title>\n<meta name=\"robots\" content=\"noindex, follow, max-snippet:-1, max-image-preview:large, max-video-preview:-1\" \/>\n<meta property=\"og:locale\" content=\"fr_FR\" \/>\n<meta property=\"og:type\" content=\"article\" \/>\n<meta property=\"og:title\" content=\"Baloji, Thomas Gunzig et Adeline Dieudonn\u00e9 ou encore Micha Wald soutenus par le Centre du Cin\u00e9ma - w-l-c\" \/>\n<meta property=\"og:description\" content=\"Une fois n&rsquo;est pas (encore) coutume, les r\u00e9sultats de la 1\u00e8re session d&rsquo;aide 2020 de la Commission de S\u00e9lection du Film de la F\u00e9d\u00e9ration Wallonie-Bruxelles viennent d&rsquo;\u00eatre annonc\u00e9s quelques semaines seulement apr\u00e8s la tenu de la commission, qui a \u00e9t\u00e9 maintenue malgr\u00e9 la crise sanitaire. Les r\u00e9sultats mettent usuellement plus longtemps \u00e0 \u00eatre valid\u00e9s par &hellip;\" \/>\n<meta property=\"og:url\" content=\"https:\/\/w-l-c.be\/fr\/baloji-thomas-gunzig-et-adeline-dieudonne-ou-encore-micha-wald-soutenus-par-le-centre-du-cinema\/\" \/>\n<meta property=\"og:site_name\" content=\"w-l-c\" \/>\n<meta property=\"article:published_time\" content=\"2020-05-18T09:20:15+00:00\" \/>\n<meta property=\"article:modified_time\" content=\"2021-02-12T14:24:24+00:00\" \/>\n<meta property=\"og:image\" content=\"https:\/\/w-l-c.be\/wp-content\/uploads\/2020\/05\/FotoJet-7.jpg\" \/>\n\t<meta property=\"og:image:width\" content=\"1200\" \/>\n\t<meta property=\"og:image:height\" content=\"658\" \/>\n\t<meta property=\"og:image:type\" content=\"image\/jpeg\" \/>\n<meta name=\"author\" content=\"Aurore Engelen\" \/>\n<meta name=\"twitter:card\" content=\"summary_large_image\" \/>\n<meta name=\"twitter:label1\" content=\"\u00c9crit par\" \/>\n\t<meta name=\"twitter:data1\" content=\"Aurore Engelen\" \/>\n\t<meta name=\"twitter:label2\" content=\"Dur\u00e9e de lecture estim\u00e9e\" \/>\n\t<meta name=\"twitter:data2\" content=\"4 minutes\" \/>\n<script type=\"application\/ld+json\" class=\"yoast-schema-graph\">{\"@context\":\"https:\/\/schema.org\",\"@graph\":[{\"@type\":\"WebPage\",\"@id\":\"https:\/\/w-l-c.be\/fr\/baloji-thomas-gunzig-et-adeline-dieudonne-ou-encore-micha-wald-soutenus-par-le-centre-du-cinema\/\",\"url\":\"https:\/\/w-l-c.be\/fr\/baloji-thomas-gunzig-et-adeline-dieudonne-ou-encore-micha-wald-soutenus-par-le-centre-du-cinema\/\",\"name\":\"Baloji, Thomas Gunzig et Adeline Dieudonn\u00e9 ou encore Micha Wald soutenus par le Centre du Cin\u00e9ma - w-l-c\",\"isPartOf\":{\"@id\":\"https:\/\/w-l-c.be\/fr\/#website\"},\"datePublished\":\"2020-05-18T09:20:15+00:00\",\"dateModified\":\"2021-02-12T14:24:24+00:00\",\"author\":{\"@id\":\"https:\/\/w-l-c.be\/fr\/#\/schema\/person\/8084b68c6b176142d073695c654dc7cf\"},\"breadcrumb\":{\"@id\":\"https:\/\/w-l-c.be\/fr\/baloji-thomas-gunzig-et-adeline-dieudonne-ou-encore-micha-wald-soutenus-par-le-centre-du-cinema\/#breadcrumb\"},\"inLanguage\":\"fr-FR\",\"potentialAction\":[{\"@type\":\"ReadAction\",\"target\":[\"https:\/\/w-l-c.be\/fr\/baloji-thomas-gunzig-et-adeline-dieudonne-ou-encore-micha-wald-soutenus-par-le-centre-du-cinema\/\"]}]},{\"@type\":\"BreadcrumbList\",\"@id\":\"https:\/\/w-l-c.be\/fr\/baloji-thomas-gunzig-et-adeline-dieudonne-ou-encore-micha-wald-soutenus-par-le-centre-du-cinema\/#breadcrumb\",\"itemListElement\":[{\"@type\":\"ListItem\",\"position\":1,\"name\":\"Accueil\",\"item\":\"https:\/\/w-l-c.be\/fr\/\"},{\"@type\":\"ListItem\",\"position\":2,\"name\":\"Baloji, Thomas Gunzig et Adeline Dieudonn\u00e9 ou encore Micha Wald soutenus par le Centre du Cin\u00e9ma\"}]},{\"@type\":\"WebSite\",\"@id\":\"https:\/\/w-l-c.be\/fr\/#website\",\"url\":\"https:\/\/w-l-c.be\/fr\/\",\"name\":\"w-l-c\",\"description\":\"Le cin\u00e9ma vu par les belges\",\"potentialAction\":[{\"@type\":\"SearchAction\",\"target\":{\"@type\":\"EntryPoint\",\"urlTemplate\":\"https:\/\/w-l-c.be\/fr\/?s={search_term_string}\"},\"query-input\":\"required name=search_term_string\"}],\"inLanguage\":\"fr-FR\"},{\"@type\":\"Person\",\"@id\":\"https:\/\/w-l-c.be\/fr\/#\/schema\/person\/8084b68c6b176142d073695c654dc7cf\",\"name\":\"Aurore Engelen\",\"url\":\"https:\/\/w-l-c.be\/fr\/author\/aurore-engelen\/\"}]}<\/script>\n<!-- \/ Yoast SEO plugin. -->","yoast_head_json":{"title":"Baloji, Thomas Gunzig et Adeline Dieudonn\u00e9 ou encore Micha Wald soutenus par le Centre du Cin\u00e9ma - w-l-c","robots":{"index":"noindex","follow":"follow","max-snippet":"max-snippet:-1","max-image-preview":"max-image-preview:large","max-video-preview":"max-video-preview:-1"},"og_locale":"fr_FR","og_type":"article","og_title":"Baloji, Thomas Gunzig et Adeline Dieudonn\u00e9 ou encore Micha Wald soutenus par le Centre du Cin\u00e9ma - w-l-c","og_description":"Une fois n&rsquo;est pas (encore) coutume, les r\u00e9sultats de la 1\u00e8re session d&rsquo;aide 2020 de la Commission de S\u00e9lection du Film de la F\u00e9d\u00e9ration Wallonie-Bruxelles viennent d&rsquo;\u00eatre annonc\u00e9s quelques semaines seulement apr\u00e8s la tenu de la commission, qui a \u00e9t\u00e9 maintenue malgr\u00e9 la crise sanitaire. Les r\u00e9sultats mettent usuellement plus longtemps \u00e0 \u00eatre valid\u00e9s par &hellip;","og_url":"https:\/\/w-l-c.be\/fr\/baloji-thomas-gunzig-et-adeline-dieudonne-ou-encore-micha-wald-soutenus-par-le-centre-du-cinema\/","og_site_name":"w-l-c","article_published_time":"2020-05-18T09:20:15+00:00","article_modified_time":"2021-02-12T14:24:24+00:00","og_image":[{"width":1200,"height":658,"url":"https:\/\/w-l-c.be\/wp-content\/uploads\/2020\/05\/FotoJet-7.jpg","type":"image\/jpeg"}],"author":"Aurore Engelen","twitter_card":"summary_large_image","twitter_misc":{"\u00c9crit par":"Aurore Engelen","Dur\u00e9e de lecture estim\u00e9e":"4 minutes"},"schema":{"@context":"https:\/\/schema.org","@graph":[{"@type":"WebPage","@id":"https:\/\/w-l-c.be\/fr\/baloji-thomas-gunzig-et-adeline-dieudonne-ou-encore-micha-wald-soutenus-par-le-centre-du-cinema\/","url":"https:\/\/w-l-c.be\/fr\/baloji-thomas-gunzig-et-adeline-dieudonne-ou-encore-micha-wald-soutenus-par-le-centre-du-cinema\/","name":"Baloji, Thomas Gunzig et Adeline Dieudonn\u00e9 ou encore Micha Wald soutenus par le Centre du Cin\u00e9ma - w-l-c","isPartOf":{"@id":"https:\/\/w-l-c.be\/fr\/#website"},"datePublished":"2020-05-18T09:20:15+00:00","dateModified":"2021-02-12T14:24:24+00:00","author":{"@id":"https:\/\/w-l-c.be\/fr\/#\/schema\/person\/8084b68c6b176142d073695c654dc7cf"},"breadcrumb":{"@id":"https:\/\/w-l-c.be\/fr\/baloji-thomas-gunzig-et-adeline-dieudonne-ou-encore-micha-wald-soutenus-par-le-centre-du-cinema\/#breadcrumb"},"inLanguage":"fr-FR","potentialAction":[{"@type":"ReadAction","target":["https:\/\/w-l-c.be\/fr\/baloji-thomas-gunzig-et-adeline-dieudonne-ou-encore-micha-wald-soutenus-par-le-centre-du-cinema\/"]}]},{"@type":"BreadcrumbList","@id":"https:\/\/w-l-c.be\/fr\/baloji-thomas-gunzig-et-adeline-dieudonne-ou-encore-micha-wald-soutenus-par-le-centre-du-cinema\/#breadcrumb","itemListElement":[{"@type":"ListItem","position":1,"name":"Accueil","item":"https:\/\/w-l-c.be\/fr\/"},{"@type":"ListItem","position":2,"name":"Baloji, Thomas Gunzig et Adeline Dieudonn\u00e9 ou encore Micha Wald soutenus par le Centre du Cin\u00e9ma"}]},{"@type":"WebSite","@id":"https:\/\/w-l-c.be\/fr\/#website","url":"https:\/\/w-l-c.be\/fr\/","name":"w-l-c","description":"Le cin\u00e9ma vu par les belges","potentialAction":[{"@type":"SearchAction","target":{"@type":"EntryPoint","urlTemplate":"https:\/\/w-l-c.be\/fr\/?s={search_term_string}"},"query-input":"required name=search_term_string"}],"inLanguage":"fr-FR"},{"@type":"Person","@id":"https:\/\/w-l-c.be\/fr\/#\/schema\/person\/8084b68c6b176142d073695c654dc7cf","name":"Aurore Engelen","url":"https:\/\/w-l-c.be\/fr\/author\/aurore-engelen\/"}]}},"_links":{"self":[{"href":"https:\/\/w-l-c.be\/fr\/wp-json\/wp\/v2\/posts\/228681","targetHints":{"allow":["GET"]}}],"collection":[{"href":"https:\/\/w-l-c.be\/fr\/wp-json\/wp\/v2\/posts"}],"about":[{"href":"https:\/\/w-l-c.be\/fr\/wp-json\/wp\/v2\/types\/post"}],"author":[{"embeddable":true,"href":"https:\/\/w-l-c.be\/fr\/wp-json\/wp\/v2\/users\/343"}],"replies":[{"embeddable":true,"href":"https:\/\/w-l-c.be\/fr\/wp-json\/wp\/v2\/comments?post=228681"}],"version-history":[{"count":0,"href":"https:\/\/w-l-c.be\/fr\/wp-json\/wp\/v2\/posts\/228681\/revisions"}],"wp:featuredmedia":[{"embeddable":true,"href":"https:\/\/w-l-c.be\/fr\/wp-json\/wp\/v2\/media\/228682"}],"wp:attachment":[{"href":"https:\/\/w-l-c.be\/fr\/wp-json\/wp\/v2\/media?parent=228681"}],"wp:term":[{"taxonomy":"category","embeddable":true,"href":"https:\/\/w-l-c.be\/fr\/wp-json\/wp\/v2\/categories?post=228681"},{"taxonomy":"post_tag","embeddable":true,"href":"https:\/\/w-l-c.be\/fr\/wp-json\/wp\/v2\/tags?post=228681"}],"curies":[{"name":"wp","href":"https:\/\/api.w.org\/{rel}","templated":true}]}}