
{"id":228728,"date":"2020-05-20T08:11:37","date_gmt":"2020-05-20T06:11:37","guid":{"rendered":"https:\/\/www.cinevox.be\/?p=228728"},"modified":"2020-06-03T18:14:12","modified_gmt":"2020-06-03T16:14:12","slug":"podcast-les-rituels-de-joachim-lafosse","status":"publish","type":"post","link":"https:\/\/w-l-c.be\/fr\/podcast-les-rituels-de-joachim-lafosse\/","title":{"rendered":"PODCAST &#8211; \u00ab\u00a0Les Rituels\u00a0\u00bb de Joachim Lafosse"},"content":{"rendered":"<p><strong><em>\u00ab\u00a0Pour bien \u00e9crire, il faut avoir le temps de se perdre, de faire des mauvaises versions&#8230;\u00a0\u00bb<\/em> Pour ce 3e \u00e9pisode des Rituels, on plonge au coeur de la filmographie de Joachim Lafosse, et de son geste cr\u00e9atif, de <em>Tribu<\/em>, son premier court m\u00e9trage \u00e0 <em>Continuer<\/em>, son dernier film, en passant par <em>A perdre la raison<\/em> ou <em>L&rsquo;Economie du couple<\/em> notamment.<\/strong><\/p>\n<p>Le cin\u00e9aste belge, qui devrait tourner prochainement son nouveau film, <em>Les Intranquilles<\/em>, nous parle de la place que l&rsquo;\u00e9criture prend dans sa vie et dans son quotidien.<\/p>\n<p><iframe loading=\"lazy\" src=\"https:\/\/w.soundcloud.com\/player\/?url=https%3A\/\/api.soundcloud.com\/tracks\/823599721&amp;color=%23ff5500&amp;auto_play=false&amp;hide_related=false&amp;show_comments=true&amp;show_user=true&amp;show_reposts=false&amp;show_teaser=true&amp;visual=true\" width=\"100%\" height=\"300\" frameborder=\"no\" scrolling=\"no\"><\/iframe><\/p>\n<div style=\"font-size: 10px; color: #cccccc; line-break: anywhere; word-break: normal; overflow: hidden; white-space: nowrap; text-overflow: ellipsis; font-family: Interstate,Lucida Grande,Lucida Sans Unicode,Lucida Sans,Garuda,Verdana,Tahoma,sans-serif; font-weight: 100;\"><a style=\"color: #cccccc; text-decoration: none;\" title=\"Les Rituels_Podcast_Cinevox\" href=\"https:\/\/soundcloud.com\/les-rituels\" target=\"_blank\" rel=\"noopener noreferrer\">Les Rituels_Podcast_Cinevox<\/a> \u00b7 <a style=\"color: #cccccc; text-decoration: none;\" title=\"Les Rituels - Joachim Lafosse - 19 mai 2020\" href=\"https:\/\/soundcloud.com\/les-rituels\/les-rituels-de-joachim-lafosse\" target=\"_blank\" rel=\"noopener noreferrer\">Les Rituels &#8211; Joachim Lafosse &#8211; 19 mai 2020<\/a><\/div>\n","protected":false},"excerpt":{"rendered":"<p>\u00ab\u00a0Pour bien \u00e9crire, il faut avoir le temps de se perdre, de faire des mauvaises versions&#8230;\u00a0\u00bb Pour ce 3e \u00e9pisode des Rituels, on plonge au coeur de la filmographie de Joachim Lafosse, et de son geste cr\u00e9atif, de Tribu, son premier court m\u00e9trage \u00e0 Continuer, son dernier film, en passant par A perdre la raison &hellip;<\/p>\n","protected":false},"author":343,"featured_media":228729,"comment_status":"closed","ping_status":"closed","sticky":false,"template":"","format":"standard","meta":{"ngg_post_thumbnail":0,"footnotes":""},"categories":[12,1978],"tags":[4006,5001,4187],"class_list":["post-228728","post","type-post","status-publish","format-standard","has-post-thumbnail","","category-awards","category-interviews","tag-joachim-lafosse-2","tag-les-rituels","tag-newsletter-fr"],"yoast_head":"<!-- This site is optimized with the Yoast SEO plugin v20.4 - https:\/\/yoast.com\/wordpress\/plugins\/seo\/ -->\n<title>PODCAST - &quot;Les Rituels&quot; de Joachim Lafosse - w-l-c<\/title>\n<meta name=\"robots\" content=\"noindex, follow, max-snippet:-1, max-image-preview:large, max-video-preview:-1\" \/>\n<meta property=\"og:locale\" content=\"fr_FR\" \/>\n<meta property=\"og:type\" content=\"article\" \/>\n<meta property=\"og:title\" content=\"PODCAST - &quot;Les Rituels&quot; de Joachim Lafosse - w-l-c\" \/>\n<meta property=\"og:description\" content=\"\u00ab\u00a0Pour bien \u00e9crire, il faut avoir le temps de se perdre, de faire des mauvaises versions&#8230;\u00a0\u00bb Pour ce 3e \u00e9pisode des Rituels, on plonge au coeur de la filmographie de Joachim Lafosse, et de son geste cr\u00e9atif, de Tribu, son premier court m\u00e9trage \u00e0 Continuer, son dernier film, en passant par A perdre la raison &hellip;\" \/>\n<meta property=\"og:url\" content=\"https:\/\/w-l-c.be\/fr\/podcast-les-rituels-de-joachim-lafosse\/\" \/>\n<meta property=\"og:site_name\" content=\"w-l-c\" \/>\n<meta property=\"article:published_time\" content=\"2020-05-20T06:11:37+00:00\" \/>\n<meta property=\"article:modified_time\" content=\"2020-06-03T16:14:12+00:00\" \/>\n<meta property=\"og:image\" content=\"https:\/\/w-l-c.be\/wp-content\/uploads\/2020\/05\/FotoJet-11.jpg\" \/>\n\t<meta property=\"og:image:width\" content=\"1200\" \/>\n\t<meta property=\"og:image:height\" content=\"658\" \/>\n\t<meta property=\"og:image:type\" content=\"image\/jpeg\" \/>\n<meta name=\"author\" content=\"Aurore Engelen\" \/>\n<meta name=\"twitter:card\" content=\"summary_large_image\" \/>\n<meta name=\"twitter:label1\" content=\"\u00c9crit par\" \/>\n\t<meta name=\"twitter:data1\" content=\"Aurore Engelen\" \/>\n\t<meta name=\"twitter:label2\" content=\"Dur\u00e9e de lecture estim\u00e9e\" \/>\n\t<meta name=\"twitter:data2\" content=\"1 minute\" \/>\n<script type=\"application\/ld+json\" class=\"yoast-schema-graph\">{\"@context\":\"https:\/\/schema.org\",\"@graph\":[{\"@type\":\"WebPage\",\"@id\":\"https:\/\/w-l-c.be\/fr\/podcast-les-rituels-de-joachim-lafosse\/\",\"url\":\"https:\/\/w-l-c.be\/fr\/podcast-les-rituels-de-joachim-lafosse\/\",\"name\":\"PODCAST - \\\"Les Rituels\\\" de Joachim Lafosse - w-l-c\",\"isPartOf\":{\"@id\":\"https:\/\/w-l-c.be\/fr\/#website\"},\"datePublished\":\"2020-05-20T06:11:37+00:00\",\"dateModified\":\"2020-06-03T16:14:12+00:00\",\"author\":{\"@id\":\"https:\/\/w-l-c.be\/fr\/#\/schema\/person\/8084b68c6b176142d073695c654dc7cf\"},\"breadcrumb\":{\"@id\":\"https:\/\/w-l-c.be\/fr\/podcast-les-rituels-de-joachim-lafosse\/#breadcrumb\"},\"inLanguage\":\"fr-FR\",\"potentialAction\":[{\"@type\":\"ReadAction\",\"target\":[\"https:\/\/w-l-c.be\/fr\/podcast-les-rituels-de-joachim-lafosse\/\"]}]},{\"@type\":\"BreadcrumbList\",\"@id\":\"https:\/\/w-l-c.be\/fr\/podcast-les-rituels-de-joachim-lafosse\/#breadcrumb\",\"itemListElement\":[{\"@type\":\"ListItem\",\"position\":1,\"name\":\"Accueil\",\"item\":\"https:\/\/w-l-c.be\/fr\/\"},{\"@type\":\"ListItem\",\"position\":2,\"name\":\"PODCAST &#8211; \u00ab\u00a0Les Rituels\u00a0\u00bb de Joachim Lafosse\"}]},{\"@type\":\"WebSite\",\"@id\":\"https:\/\/w-l-c.be\/fr\/#website\",\"url\":\"https:\/\/w-l-c.be\/fr\/\",\"name\":\"w-l-c\",\"description\":\"Le cin\u00e9ma vu par les belges\",\"potentialAction\":[{\"@type\":\"SearchAction\",\"target\":{\"@type\":\"EntryPoint\",\"urlTemplate\":\"https:\/\/w-l-c.be\/fr\/?s={search_term_string}\"},\"query-input\":\"required name=search_term_string\"}],\"inLanguage\":\"fr-FR\"},{\"@type\":\"Person\",\"@id\":\"https:\/\/w-l-c.be\/fr\/#\/schema\/person\/8084b68c6b176142d073695c654dc7cf\",\"name\":\"Aurore Engelen\",\"url\":\"https:\/\/w-l-c.be\/fr\/author\/aurore-engelen\/\"}]}<\/script>\n<!-- \/ Yoast SEO plugin. -->","yoast_head_json":{"title":"PODCAST - \"Les Rituels\" de Joachim Lafosse - w-l-c","robots":{"index":"noindex","follow":"follow","max-snippet":"max-snippet:-1","max-image-preview":"max-image-preview:large","max-video-preview":"max-video-preview:-1"},"og_locale":"fr_FR","og_type":"article","og_title":"PODCAST - \"Les Rituels\" de Joachim Lafosse - w-l-c","og_description":"\u00ab\u00a0Pour bien \u00e9crire, il faut avoir le temps de se perdre, de faire des mauvaises versions&#8230;\u00a0\u00bb Pour ce 3e \u00e9pisode des Rituels, on plonge au coeur de la filmographie de Joachim Lafosse, et de son geste cr\u00e9atif, de Tribu, son premier court m\u00e9trage \u00e0 Continuer, son dernier film, en passant par A perdre la raison &hellip;","og_url":"https:\/\/w-l-c.be\/fr\/podcast-les-rituels-de-joachim-lafosse\/","og_site_name":"w-l-c","article_published_time":"2020-05-20T06:11:37+00:00","article_modified_time":"2020-06-03T16:14:12+00:00","og_image":[{"width":1200,"height":658,"url":"https:\/\/w-l-c.be\/wp-content\/uploads\/2020\/05\/FotoJet-11.jpg","type":"image\/jpeg"}],"author":"Aurore Engelen","twitter_card":"summary_large_image","twitter_misc":{"\u00c9crit par":"Aurore Engelen","Dur\u00e9e de lecture estim\u00e9e":"1 minute"},"schema":{"@context":"https:\/\/schema.org","@graph":[{"@type":"WebPage","@id":"https:\/\/w-l-c.be\/fr\/podcast-les-rituels-de-joachim-lafosse\/","url":"https:\/\/w-l-c.be\/fr\/podcast-les-rituels-de-joachim-lafosse\/","name":"PODCAST - \"Les Rituels\" de Joachim Lafosse - w-l-c","isPartOf":{"@id":"https:\/\/w-l-c.be\/fr\/#website"},"datePublished":"2020-05-20T06:11:37+00:00","dateModified":"2020-06-03T16:14:12+00:00","author":{"@id":"https:\/\/w-l-c.be\/fr\/#\/schema\/person\/8084b68c6b176142d073695c654dc7cf"},"breadcrumb":{"@id":"https:\/\/w-l-c.be\/fr\/podcast-les-rituels-de-joachim-lafosse\/#breadcrumb"},"inLanguage":"fr-FR","potentialAction":[{"@type":"ReadAction","target":["https:\/\/w-l-c.be\/fr\/podcast-les-rituels-de-joachim-lafosse\/"]}]},{"@type":"BreadcrumbList","@id":"https:\/\/w-l-c.be\/fr\/podcast-les-rituels-de-joachim-lafosse\/#breadcrumb","itemListElement":[{"@type":"ListItem","position":1,"name":"Accueil","item":"https:\/\/w-l-c.be\/fr\/"},{"@type":"ListItem","position":2,"name":"PODCAST &#8211; \u00ab\u00a0Les Rituels\u00a0\u00bb de Joachim Lafosse"}]},{"@type":"WebSite","@id":"https:\/\/w-l-c.be\/fr\/#website","url":"https:\/\/w-l-c.be\/fr\/","name":"w-l-c","description":"Le cin\u00e9ma vu par les belges","potentialAction":[{"@type":"SearchAction","target":{"@type":"EntryPoint","urlTemplate":"https:\/\/w-l-c.be\/fr\/?s={search_term_string}"},"query-input":"required name=search_term_string"}],"inLanguage":"fr-FR"},{"@type":"Person","@id":"https:\/\/w-l-c.be\/fr\/#\/schema\/person\/8084b68c6b176142d073695c654dc7cf","name":"Aurore Engelen","url":"https:\/\/w-l-c.be\/fr\/author\/aurore-engelen\/"}]}},"_links":{"self":[{"href":"https:\/\/w-l-c.be\/fr\/wp-json\/wp\/v2\/posts\/228728","targetHints":{"allow":["GET"]}}],"collection":[{"href":"https:\/\/w-l-c.be\/fr\/wp-json\/wp\/v2\/posts"}],"about":[{"href":"https:\/\/w-l-c.be\/fr\/wp-json\/wp\/v2\/types\/post"}],"author":[{"embeddable":true,"href":"https:\/\/w-l-c.be\/fr\/wp-json\/wp\/v2\/users\/343"}],"replies":[{"embeddable":true,"href":"https:\/\/w-l-c.be\/fr\/wp-json\/wp\/v2\/comments?post=228728"}],"version-history":[{"count":0,"href":"https:\/\/w-l-c.be\/fr\/wp-json\/wp\/v2\/posts\/228728\/revisions"}],"wp:featuredmedia":[{"embeddable":true,"href":"https:\/\/w-l-c.be\/fr\/wp-json\/wp\/v2\/media\/228729"}],"wp:attachment":[{"href":"https:\/\/w-l-c.be\/fr\/wp-json\/wp\/v2\/media?parent=228728"}],"wp:term":[{"taxonomy":"category","embeddable":true,"href":"https:\/\/w-l-c.be\/fr\/wp-json\/wp\/v2\/categories?post=228728"},{"taxonomy":"post_tag","embeddable":true,"href":"https:\/\/w-l-c.be\/fr\/wp-json\/wp\/v2\/tags?post=228728"}],"curies":[{"name":"wp","href":"https:\/\/api.w.org\/{rel}","templated":true}]}}