
{"id":228733,"date":"2020-05-19T16:52:08","date_gmt":"2020-05-19T14:52:08","guid":{"rendered":"https:\/\/www.cinevox.be\/?p=228733"},"modified":"2020-05-19T16:52:35","modified_gmt":"2020-05-19T14:52:35","slug":"tout-court-programme-du-20-mai-2020","status":"publish","type":"post","link":"https:\/\/w-l-c.be\/fr\/tout-court-programme-du-20-mai-2020\/","title":{"rendered":"\u00ab\u00a0Tout Court\u00a0\u00bb, programme du 20 mai 2020"},"content":{"rendered":"<p><strong>Au programme de \u00ab\u00a0Tout Court\u00a0\u00bb ce 20 mai, un in\u00e9dit, <em>Le Dragon \u00e0 deux t\u00eates<\/em> de P\u00e1ris Cannes, et le film d&rsquo;Isabelle Schapira, Gar\u00e7on.\u00a0<\/strong><\/p>\n<hr \/>\n<h4><em>Le Dragon \u00e0 deux t\u00eates<\/em> de P\u00e1ris Cannes<\/h4>\n<p><em>Avec P\u00e1ris Cannes et Juergen Cannes<\/em><\/p>\n<p>Pour \u00e9chapper \u00e0 la r\u00e9alit\u00e9 homophobe de leur pays d&rsquo;origine, deux fr\u00e8res jumeaux br\u00e9siliens vivent actuellement en Europe. Le premier a une situation parfaitement l\u00e9gale \u00e0 Bruxelles, le deuxi\u00e8me est immigr\u00e9 ill\u00e9gal et vit comme un fant\u00f4me dans la capitale allemande. Sur fond des \u00e9lections de 2018 au Br\u00e9sil, leur angoisse concernant le futur de leur pays sous la mont\u00e9e du candidat d&rsquo;extr\u00eame droite Jair Bolsonaro s&rsquo;aggrave alors que l&rsquo;un des jumeaux a un accident.<\/p>\n<p><img loading=\"lazy\" decoding=\"async\" class=\"alignnone size-large wp-image-228734\" src=\"https:\/\/www.cinevox.be\/wp-content\/uploads\/2020\/05\/19_FFE_CANNES_LeDragonADeuxT_02_small-800x433.jpg\" alt=\"Le-Dragon-A-Deux-Tetes-Paris-Cannes\" width=\"618\" height=\"334\" srcset=\"https:\/\/w-l-c.be\/wp-content\/uploads\/2020\/05\/19_FFE_CANNES_LeDragonADeuxT_02_small-800x433.jpg 800w, https:\/\/w-l-c.be\/wp-content\/uploads\/2020\/05\/19_FFE_CANNES_LeDragonADeuxT_02_small-480x260.jpg 480w, https:\/\/w-l-c.be\/wp-content\/uploads\/2020\/05\/19_FFE_CANNES_LeDragonADeuxT_02_small-768x415.jpg 768w, https:\/\/w-l-c.be\/wp-content\/uploads\/2020\/05\/19_FFE_CANNES_LeDragonADeuxT_02_small-1536x830.jpg 1536w, https:\/\/w-l-c.be\/wp-content\/uploads\/2020\/05\/19_FFE_CANNES_LeDragonADeuxT_02_small.jpg 1920w\" sizes=\"auto, (max-width: 618px) 100vw, 618px\" \/><\/p>\n<hr \/>\n<h4><em><strong>Gar\u00e7on<\/strong><\/em> d&rsquo;Isabelle Schapira<\/h4>\n<p><em>Avec \u00a0Aloula Watel, M\u00e9lodie Louahala-Hilaire, Jenny Carter Sean, Marie Mignon<\/em><\/p>\n<div class=\"texte\">\n<p>Aujourd\u2019hui, Tatiana, 17 ans, ne va pas en cours. Avec ses amies, elle doit foncer \u00e0 un \u00e9v\u00e9nement bien plus important, dire au revoir \u00e0 ce gar\u00e7on qu\u2019elle n\u2019est pas pr\u00eate \u00e0 quitter.<\/p>\n<p><img loading=\"lazy\" decoding=\"async\" class=\"alignnone size-full wp-image-220261\" src=\"https:\/\/www.cinevox.be\/wp-content\/uploads\/2019\/06\/garcon-Isabelle-Schapira.jpg\" alt=\"garcon-Isabelle-Schapira\" width=\"718\" height=\"535\" srcset=\"https:\/\/w-l-c.be\/wp-content\/uploads\/2019\/06\/garcon-Isabelle-Schapira.jpg 718w, https:\/\/w-l-c.be\/wp-content\/uploads\/2019\/06\/garcon-Isabelle-Schapira-362x270.jpg 362w\" sizes=\"auto, (max-width: 718px) 100vw, 718px\" \/><\/p>\n<\/div>\n","protected":false},"excerpt":{"rendered":"<p>Au programme de \u00ab\u00a0Tout Court\u00a0\u00bb ce 20 mai, un in\u00e9dit, Le Dragon \u00e0 deux t\u00eates de P\u00e1ris Cannes, et le film d&rsquo;Isabelle Schapira, Gar\u00e7on.\u00a0 Le Dragon \u00e0 deux t\u00eates de P\u00e1ris Cannes Avec P\u00e1ris Cannes et Juergen Cannes Pour \u00e9chapper \u00e0 la r\u00e9alit\u00e9 homophobe de leur pays d&rsquo;origine, deux fr\u00e8res jumeaux br\u00e9siliens vivent actuellement en &hellip;<\/p>\n","protected":false},"author":343,"featured_media":228736,"comment_status":"closed","ping_status":"closed","sticky":false,"template":"","format":"standard","meta":{"ngg_post_thumbnail":0,"footnotes":""},"categories":[14],"tags":[],"class_list":["post-228733","post","type-post","status-publish","format-standard","has-post-thumbnail","","category-home-cinema"],"yoast_head":"<!-- This site is optimized with the Yoast SEO plugin v20.4 - https:\/\/yoast.com\/wordpress\/plugins\/seo\/ -->\n<title>&quot;Tout Court&quot;, programme du 20 mai 2020 - w-l-c<\/title>\n<meta name=\"robots\" content=\"noindex, follow, max-snippet:-1, max-image-preview:large, max-video-preview:-1\" \/>\n<meta property=\"og:locale\" content=\"fr_FR\" \/>\n<meta property=\"og:type\" content=\"article\" \/>\n<meta property=\"og:title\" content=\"&quot;Tout Court&quot;, programme du 20 mai 2020 - w-l-c\" \/>\n<meta property=\"og:description\" content=\"Au programme de \u00ab\u00a0Tout Court\u00a0\u00bb ce 20 mai, un in\u00e9dit, Le Dragon \u00e0 deux t\u00eates de P\u00e1ris Cannes, et le film d&rsquo;Isabelle Schapira, Gar\u00e7on.\u00a0 Le Dragon \u00e0 deux t\u00eates de P\u00e1ris Cannes Avec P\u00e1ris Cannes et Juergen Cannes Pour \u00e9chapper \u00e0 la r\u00e9alit\u00e9 homophobe de leur pays d&rsquo;origine, deux fr\u00e8res jumeaux br\u00e9siliens vivent actuellement en &hellip;\" \/>\n<meta property=\"og:url\" content=\"https:\/\/w-l-c.be\/fr\/tout-court-programme-du-20-mai-2020\/\" \/>\n<meta property=\"og:site_name\" content=\"w-l-c\" \/>\n<meta property=\"article:published_time\" content=\"2020-05-19T14:52:08+00:00\" \/>\n<meta property=\"article:modified_time\" content=\"2020-05-19T14:52:35+00:00\" \/>\n<meta property=\"og:image\" content=\"https:\/\/w-l-c.be\/wp-content\/uploads\/2020\/05\/FotoJet-copie.jpg\" \/>\n\t<meta property=\"og:image:width\" content=\"1200\" \/>\n\t<meta property=\"og:image:height\" content=\"658\" \/>\n\t<meta property=\"og:image:type\" content=\"image\/jpeg\" \/>\n<meta name=\"author\" content=\"Aurore Engelen\" \/>\n<meta name=\"twitter:card\" content=\"summary_large_image\" \/>\n<meta name=\"twitter:label1\" content=\"\u00c9crit par\" \/>\n\t<meta name=\"twitter:data1\" content=\"Aurore Engelen\" \/>\n\t<meta name=\"twitter:label2\" content=\"Dur\u00e9e de lecture estim\u00e9e\" \/>\n\t<meta name=\"twitter:data2\" content=\"1 minute\" \/>\n<script type=\"application\/ld+json\" class=\"yoast-schema-graph\">{\"@context\":\"https:\/\/schema.org\",\"@graph\":[{\"@type\":\"WebPage\",\"@id\":\"https:\/\/w-l-c.be\/fr\/tout-court-programme-du-20-mai-2020\/\",\"url\":\"https:\/\/w-l-c.be\/fr\/tout-court-programme-du-20-mai-2020\/\",\"name\":\"\\\"Tout Court\\\", programme du 20 mai 2020 - w-l-c\",\"isPartOf\":{\"@id\":\"https:\/\/w-l-c.be\/fr\/#website\"},\"datePublished\":\"2020-05-19T14:52:08+00:00\",\"dateModified\":\"2020-05-19T14:52:35+00:00\",\"author\":{\"@id\":\"https:\/\/w-l-c.be\/fr\/#\/schema\/person\/8084b68c6b176142d073695c654dc7cf\"},\"breadcrumb\":{\"@id\":\"https:\/\/w-l-c.be\/fr\/tout-court-programme-du-20-mai-2020\/#breadcrumb\"},\"inLanguage\":\"fr-FR\",\"potentialAction\":[{\"@type\":\"ReadAction\",\"target\":[\"https:\/\/w-l-c.be\/fr\/tout-court-programme-du-20-mai-2020\/\"]}]},{\"@type\":\"BreadcrumbList\",\"@id\":\"https:\/\/w-l-c.be\/fr\/tout-court-programme-du-20-mai-2020\/#breadcrumb\",\"itemListElement\":[{\"@type\":\"ListItem\",\"position\":1,\"name\":\"Accueil\",\"item\":\"https:\/\/w-l-c.be\/fr\/\"},{\"@type\":\"ListItem\",\"position\":2,\"name\":\"\u00ab\u00a0Tout Court\u00a0\u00bb, programme du 20 mai 2020\"}]},{\"@type\":\"WebSite\",\"@id\":\"https:\/\/w-l-c.be\/fr\/#website\",\"url\":\"https:\/\/w-l-c.be\/fr\/\",\"name\":\"w-l-c\",\"description\":\"Le cin\u00e9ma vu par les belges\",\"potentialAction\":[{\"@type\":\"SearchAction\",\"target\":{\"@type\":\"EntryPoint\",\"urlTemplate\":\"https:\/\/w-l-c.be\/fr\/?s={search_term_string}\"},\"query-input\":\"required name=search_term_string\"}],\"inLanguage\":\"fr-FR\"},{\"@type\":\"Person\",\"@id\":\"https:\/\/w-l-c.be\/fr\/#\/schema\/person\/8084b68c6b176142d073695c654dc7cf\",\"name\":\"Aurore Engelen\",\"url\":\"https:\/\/w-l-c.be\/fr\/author\/aurore-engelen\/\"}]}<\/script>\n<!-- \/ Yoast SEO plugin. -->","yoast_head_json":{"title":"\"Tout Court\", programme du 20 mai 2020 - w-l-c","robots":{"index":"noindex","follow":"follow","max-snippet":"max-snippet:-1","max-image-preview":"max-image-preview:large","max-video-preview":"max-video-preview:-1"},"og_locale":"fr_FR","og_type":"article","og_title":"\"Tout Court\", programme du 20 mai 2020 - w-l-c","og_description":"Au programme de \u00ab\u00a0Tout Court\u00a0\u00bb ce 20 mai, un in\u00e9dit, Le Dragon \u00e0 deux t\u00eates de P\u00e1ris Cannes, et le film d&rsquo;Isabelle Schapira, Gar\u00e7on.\u00a0 Le Dragon \u00e0 deux t\u00eates de P\u00e1ris Cannes Avec P\u00e1ris Cannes et Juergen Cannes Pour \u00e9chapper \u00e0 la r\u00e9alit\u00e9 homophobe de leur pays d&rsquo;origine, deux fr\u00e8res jumeaux br\u00e9siliens vivent actuellement en &hellip;","og_url":"https:\/\/w-l-c.be\/fr\/tout-court-programme-du-20-mai-2020\/","og_site_name":"w-l-c","article_published_time":"2020-05-19T14:52:08+00:00","article_modified_time":"2020-05-19T14:52:35+00:00","og_image":[{"width":1200,"height":658,"url":"https:\/\/w-l-c.be\/wp-content\/uploads\/2020\/05\/FotoJet-copie.jpg","type":"image\/jpeg"}],"author":"Aurore Engelen","twitter_card":"summary_large_image","twitter_misc":{"\u00c9crit par":"Aurore Engelen","Dur\u00e9e de lecture estim\u00e9e":"1 minute"},"schema":{"@context":"https:\/\/schema.org","@graph":[{"@type":"WebPage","@id":"https:\/\/w-l-c.be\/fr\/tout-court-programme-du-20-mai-2020\/","url":"https:\/\/w-l-c.be\/fr\/tout-court-programme-du-20-mai-2020\/","name":"\"Tout Court\", programme du 20 mai 2020 - w-l-c","isPartOf":{"@id":"https:\/\/w-l-c.be\/fr\/#website"},"datePublished":"2020-05-19T14:52:08+00:00","dateModified":"2020-05-19T14:52:35+00:00","author":{"@id":"https:\/\/w-l-c.be\/fr\/#\/schema\/person\/8084b68c6b176142d073695c654dc7cf"},"breadcrumb":{"@id":"https:\/\/w-l-c.be\/fr\/tout-court-programme-du-20-mai-2020\/#breadcrumb"},"inLanguage":"fr-FR","potentialAction":[{"@type":"ReadAction","target":["https:\/\/w-l-c.be\/fr\/tout-court-programme-du-20-mai-2020\/"]}]},{"@type":"BreadcrumbList","@id":"https:\/\/w-l-c.be\/fr\/tout-court-programme-du-20-mai-2020\/#breadcrumb","itemListElement":[{"@type":"ListItem","position":1,"name":"Accueil","item":"https:\/\/w-l-c.be\/fr\/"},{"@type":"ListItem","position":2,"name":"\u00ab\u00a0Tout Court\u00a0\u00bb, programme du 20 mai 2020"}]},{"@type":"WebSite","@id":"https:\/\/w-l-c.be\/fr\/#website","url":"https:\/\/w-l-c.be\/fr\/","name":"w-l-c","description":"Le cin\u00e9ma vu par les belges","potentialAction":[{"@type":"SearchAction","target":{"@type":"EntryPoint","urlTemplate":"https:\/\/w-l-c.be\/fr\/?s={search_term_string}"},"query-input":"required name=search_term_string"}],"inLanguage":"fr-FR"},{"@type":"Person","@id":"https:\/\/w-l-c.be\/fr\/#\/schema\/person\/8084b68c6b176142d073695c654dc7cf","name":"Aurore Engelen","url":"https:\/\/w-l-c.be\/fr\/author\/aurore-engelen\/"}]}},"_links":{"self":[{"href":"https:\/\/w-l-c.be\/fr\/wp-json\/wp\/v2\/posts\/228733","targetHints":{"allow":["GET"]}}],"collection":[{"href":"https:\/\/w-l-c.be\/fr\/wp-json\/wp\/v2\/posts"}],"about":[{"href":"https:\/\/w-l-c.be\/fr\/wp-json\/wp\/v2\/types\/post"}],"author":[{"embeddable":true,"href":"https:\/\/w-l-c.be\/fr\/wp-json\/wp\/v2\/users\/343"}],"replies":[{"embeddable":true,"href":"https:\/\/w-l-c.be\/fr\/wp-json\/wp\/v2\/comments?post=228733"}],"version-history":[{"count":0,"href":"https:\/\/w-l-c.be\/fr\/wp-json\/wp\/v2\/posts\/228733\/revisions"}],"wp:featuredmedia":[{"embeddable":true,"href":"https:\/\/w-l-c.be\/fr\/wp-json\/wp\/v2\/media\/228736"}],"wp:attachment":[{"href":"https:\/\/w-l-c.be\/fr\/wp-json\/wp\/v2\/media?parent=228733"}],"wp:term":[{"taxonomy":"category","embeddable":true,"href":"https:\/\/w-l-c.be\/fr\/wp-json\/wp\/v2\/categories?post=228733"},{"taxonomy":"post_tag","embeddable":true,"href":"https:\/\/w-l-c.be\/fr\/wp-json\/wp\/v2\/tags?post=228733"}],"curies":[{"name":"wp","href":"https:\/\/api.w.org\/{rel}","templated":true}]}}