
{"id":228740,"date":"2020-05-22T15:22:11","date_gmt":"2020-05-22T13:22:11","guid":{"rendered":"https:\/\/www.cinevox.be\/?p=228740"},"modified":"2020-05-27T12:01:45","modified_gmt":"2020-05-27T10:01:45","slug":"6-millions-deuros-pour-le-cinema-et-laudiovisuel-en-fwb","status":"publish","type":"post","link":"https:\/\/w-l-c.be\/fr\/6-millions-deuros-pour-le-cinema-et-laudiovisuel-en-fwb\/","title":{"rendered":"6 millions d&rsquo;euros pour le cin\u00e9ma et l&rsquo;audiovisuel en FWB"},"content":{"rendered":"<p><strong>La Ministre de la Culture et des M\u00e9dias de la F\u00e9d\u00e9ration Wallonie-Bruxelles B\u00e9n\u00e9dicte Linard d\u00e9voile son plan de relance en faveur du secteur du cin\u00e9ma et de l\u2019audiovisuel.<\/strong><\/p>\n<p>\u00c9labor\u00e9 avec l&rsquo;aide du Centre du Cin\u00e9ma et de l&rsquo;Audiovisuel sur base de concertations avec le secteur, ce plan, estim\u00e9 \u00e0 6 millions d\u2019euros, vise \u00e0 soutenir toute la cha\u00eene de cr\u00e9ation, des auteurs aux exploitants de salles de cin\u00e9ma, en r\u00e9pondant aux demandes des professionnels face \u00e0 cette crise et ses r\u00e9percussions actuelles et futures.<\/p>\n<p>Gr\u00e2ce \u00e0 ce plan de relance, la Ministre et le Centre du Cin\u00e9ma et de l&rsquo;Audiovisuel entendent soutenir l&rsquo;ensemble des professionnels du cin\u00e9ma pour faire face aux difficult\u00e9s rencontr\u00e9es et qui vont impacter le secteur ces prochains mois (charges suppl\u00e9mentaires pour les cin\u00e9mas, sur les tournages, inconnues financi\u00e8res\u2026).<\/p>\n<p>Cet ensemble de mesures compl\u00e8te celles d\u00e9j\u00e0 mises en place par le Gouvernement de la F\u00e9d\u00e9ration Wallonie-Bruxelles via le fonds d\u2019indemnisation des op\u00e9rateurs et celles d\u00e9j\u00e0 adopt\u00e9es en avril par le Centre du Cin\u00e9ma et de l&rsquo;Audiovisuel, visant \u00e0 augmenter les r\u00e9serves en tr\u00e9sorerie des acteurs de la cha\u00eene de cr\u00e9ation.<\/p>\n<h4>Mesures au b\u00e9n\u00e9fice des auteurs<\/h4>\n<ul>\n<li>Parce qu\u2019ils sont directement affect\u00e9s par le ralentissement de l\u2019activit\u00e9, il est imp\u00e9ratif de mieux soutenir les auteurs, \u00e0 la base des \u0153uvres qui font la renomm\u00e9e de la F\u00e9d\u00e9ration Wallonie-Bruxelles. Pour ce faire, plusieurs mesures seront mises en place :<\/li>\n<li>Mise en \u0153uvre d\u2019un nouveau syst\u00e8me d\u2019aide \u00e0 l\u2019\u00e9criture et au d\u00e9veloppement en septembre 2020 :Augmentation du nombre d&rsquo;aides \u00e0 l&rsquo;\u00e9criture : leur nombre passera de 13 \u00e0 24 aides par an (12 500 euros)<br \/>\nNouvelle aide au d\u00e9veloppement du sc\u00e9nario : 12 nouvelles aides de 30 000 euros seront accord\u00e9es pour le d\u00e9veloppement artistique des sc\u00e9narios.<\/li>\n<li>Lancement d\u2019un appel \u00e0 projet avec la SACD et Orange Belgique en juin 2020 :<br \/>\nAfin de combler un manque dans le profil des films produits en FWB, 6 bourses seront accord\u00e9es pour l\u2019\u00e9criture de longs m\u00e9trages destin\u00e9s aux enfants, aux adolescents et aux familles.<\/li>\n<li>Lancement d\u2019un appel \u00e0 projet Cr\u00e9animation en septembre 2020 :<br \/>\nPour permettre \u00e0 nos cr\u00e9ateurs de d\u00e9velopper en FWB des contenus originaux, le CCA lancera un nouvel appel \u00e0 projets destin\u00e9 \u00e0 soutenir non seulement le d\u00e9veloppement mais \u00e9galement en partie la production de s\u00e9ries d\u2019animation initi\u00e9es en FWB.<\/li>\n<li>Lancement d\u2019un appel \u00e0 projet \u00ab nouvelles \u00e9critures \u00bb avec la RTBF :<br \/>\nSuite au succ\u00e8s des appels podcast en 2018 et Instagram en 2019, un nouvel appel \u00e0 projets \u00ab nouvelles \u00e9critures \u00bb sera lanc\u00e9 par le CCA conjointement avec la RTBF afin d\u2019encourager les cr\u00e9ateurs \u00e0 tester de nouvelles pistes narratives.<\/li>\n<li>Lancement d\u2019un nouvel appel \u00e0 projet cr\u00e9atif avec la RTBF :<br \/>\nDans la foul\u00e9e des mesures annonc\u00e9es r\u00e9cemment par la RTBF, le CCA s\u2019associera \u00e0 la cha\u00eene publique pour lancer un nouvel appel \u00e0 projets dans un format destin\u00e9 \u00e0 permettre aux auteurs de d\u00e9ployer une cr\u00e9ativit\u00e9 sans limite.<\/li>\n<\/ul>\n<h4>R\u00e9ouverture des salles de cin\u00e9ma : mesures au b\u00e9n\u00e9fice des exploitants et des distributeurs soutenus par la FWB<\/h4>\n<p>Parce que la salle de cin\u00e9ma reste la premi\u00e8re \u00e9tape incontournable de la carri\u00e8re d\u2019un film, il est primordial que la FWB soit aux c\u00f4t\u00e9s des op\u00e9rateurs pour assurer toutes les conditions de s\u00e9curit\u00e9 et d\u2019offre de contenu susceptibles de faire revenir les spectateurs dans les salles de cin\u00e9ma. Pour ce faire, plusieurs mesures seront mises en place :<\/p>\n<ul>\n<li>Prise en charge du co\u00fbt des mesures sanitaires li\u00e9es \u00e0 la r\u00e9ouverture des salles :<br \/>\nSeront couverts, pour les exploitants Art et Essai, les frais de gels, masques, mat\u00e9riel etc. n\u00e9cessaires pour assurer un degr\u00e9 maximal de s\u00e9curit\u00e9 en mati\u00e8re d\u2019hygi\u00e8ne dans les salles.<\/li>\n<li>Achat de 20 000 places de cin\u00e9ma :<br \/>\nVia l\u2019achat de 20 000 places de cin\u00e9ma, valables dans les salles soutenues par la FWB, le CCA offrira une aide suppl\u00e9mentaire aux exploitants et distributeurs et une possibilit\u00e9 de plus pour les spectateurs de d\u00e9couvrir des films Art et Essai.<\/li>\n<li>Soutien sp\u00e9cifique aux distributeurs pour la r\u00e9ouverture des salles :<br \/>\nUne aide sp\u00e9cifique sera mise en place afin d\u2019encourager les distributeurs qui prennent le risque de sortir des films Art et Essai d\u00e8s la r\u00e9ouverture des salles, dans un contexte qui promet d\u2019\u00eatre difficile.<\/li>\n<li>Campagne de promotion pour la r\u00e9ouverture des salles de cin\u00e9ma art et essai :<br \/>\nUne campagne de promotion presse, radio, TV et digitale sera lanc\u00e9e afin d\u2019encourager les spectateurs \u00e0 revenir dans les salles.<\/li>\n<\/ul>\n<h4>Mesures envisag\u00e9es au b\u00e9n\u00e9fice des producteurs<\/h4>\n<p>Pour que la relance soit compl\u00e8te, les mesures ci-dessus, si importantes soient elles, devront imp\u00e9rativement \u00eatre accompagn\u00e9es de mesures au b\u00e9n\u00e9fice du secteur de la production. La relance des tournages, avec un financement ad\u00e9quat des productions, doit se faire d\u00e8s que cela sera rendu possible par le Conseil National de S\u00e9curit\u00e9.<\/p>\n<p>Les pistes de soutien suivantes sont actuellement en discussion et n\u00e9cessiteront de mobiliser les r\u00e9serves financi\u00e8res du Centre du Cin\u00e9ma et de l\u2019Audiovisuel. Elles devront \u00e9galement s\u2019inscrire dans une r\u00e9flexion commune et coordonn\u00e9e avec les guichets audiovisuels r\u00e9gionaux afin d\u2019apporter des r\u00e9ponses \u00e9quilibr\u00e9es et structurantes pour l\u2019ensemble du secteur :<\/p>\n<ul>\n<li>Prise en charge du surco\u00fbt li\u00e9 aux mesures Covid-19 sur les tournages de films d\u2019initiative belge francophone &#8211; et \u00e9ventuellement des s\u00e9ries \u2013 jusqu\u2019en d\u00e9cembre 2020. La mesure pourrait \u00eatre prolong\u00e9e selon les disponibilit\u00e9s budg\u00e9taires.<\/li>\n<li>Majoration des aides \u00e0 la production de la Commission Cin\u00e9ma de 20% pour les longs m\u00e9trages, courts m\u00e9trages, documentaires et films Lab en 2020 et 2021, afin de compenser la diminution probable des apports Tax Shelter.<\/li>\n<li>Majoration des aides aux s\u00e9ries belges : en compl\u00e9mentarit\u00e9 avec les mesures envisag\u00e9es par la RTBF, le CCA accordera un bonus de 100 000 \u00e0 150 000 euros par s\u00e9rie, en fonction du budget de la s\u00e9rie afin de combler les difficult\u00e9s actuelles de financement des s\u00e9ries belges.<\/li>\n<\/ul>\n<p>&nbsp;<\/p>\n<p>Toutes ces mesures, d\u2019un montant total estim\u00e9 \u00e0 6 millions d\u2019euros, seront financ\u00e9es par le Centre du Cin\u00e9ma et de l&rsquo;Audiovisuel de la F\u00e9d\u00e9ration Wallonie-Bruxelles.<\/p>\n<p><em>\u00ab Ce plan de relance est la traduction en actions concr\u00e8tes des r\u00e9flexions issues des concertations men\u00e9es avec le secteur du cin\u00e9ma et de l\u2019audiovisuel. Cr\u00e9ation, production, diffusion, tous les acteurs de la cha\u00eene du cin\u00e9ma sont aujourd\u2019hui durement touch\u00e9s en F\u00e9d\u00e9ration Wallonie-Bruxelles. Il faut les soutenir d\u00e8s maintenant sous peine de rendre la reprise de leurs activit\u00e9s impossible. \u00bb conclut B\u00e9n\u00e9dicte Linard.<\/em><\/p>\n<p>Outre ces mesures, la concertation se poursuit avec le niveau f\u00e9d\u00e9ral concernant les droits sociaux des artistes et la r\u00e9flexion sur la mise en place d\u2019un Fonds de garantie pour la reprise des tournages.<\/p>\n","protected":false},"excerpt":{"rendered":"<p>La Ministre de la Culture et des M\u00e9dias de la F\u00e9d\u00e9ration Wallonie-Bruxelles B\u00e9n\u00e9dicte Linard d\u00e9voile son plan de relance en faveur du secteur du cin\u00e9ma et de l\u2019audiovisuel. \u00c9labor\u00e9 avec l&rsquo;aide du Centre du Cin\u00e9ma et de l&rsquo;Audiovisuel sur base de concertations avec le secteur, ce plan, estim\u00e9 \u00e0 6 millions d\u2019euros, vise \u00e0 soutenir &hellip;<\/p>\n","protected":false},"author":343,"featured_media":221114,"comment_status":"closed","ping_status":"closed","sticky":false,"template":"","format":"standard","meta":{"ngg_post_thumbnail":0,"footnotes":""},"categories":[12],"tags":[4187],"class_list":["post-228740","post","type-post","status-publish","format-standard","has-post-thumbnail","","category-awards","tag-newsletter-fr"],"yoast_head":"<!-- This site is optimized with the Yoast SEO plugin v20.4 - https:\/\/yoast.com\/wordpress\/plugins\/seo\/ -->\n<title>6 millions d&#039;euros pour le cin\u00e9ma et l&#039;audiovisuel en FWB - w-l-c<\/title>\n<meta name=\"robots\" content=\"noindex, follow, max-snippet:-1, max-image-preview:large, max-video-preview:-1\" \/>\n<meta property=\"og:locale\" content=\"fr_FR\" \/>\n<meta property=\"og:type\" content=\"article\" \/>\n<meta property=\"og:title\" content=\"6 millions d&#039;euros pour le cin\u00e9ma et l&#039;audiovisuel en FWB - w-l-c\" \/>\n<meta property=\"og:description\" content=\"La Ministre de la Culture et des M\u00e9dias de la F\u00e9d\u00e9ration Wallonie-Bruxelles B\u00e9n\u00e9dicte Linard d\u00e9voile son plan de relance en faveur du secteur du cin\u00e9ma et de l\u2019audiovisuel. \u00c9labor\u00e9 avec l&rsquo;aide du Centre du Cin\u00e9ma et de l&rsquo;Audiovisuel sur base de concertations avec le secteur, ce plan, estim\u00e9 \u00e0 6 millions d\u2019euros, vise \u00e0 soutenir &hellip;\" \/>\n<meta property=\"og:url\" content=\"https:\/\/w-l-c.be\/fr\/6-millions-deuros-pour-le-cinema-et-laudiovisuel-en-fwb\/\" \/>\n<meta property=\"og:site_name\" content=\"w-l-c\" \/>\n<meta property=\"article:published_time\" content=\"2020-05-22T13:22:11+00:00\" \/>\n<meta property=\"article:modified_time\" content=\"2020-05-27T10:01:45+00:00\" \/>\n<meta property=\"og:image\" content=\"https:\/\/w-l-c.be\/wp-content\/uploads\/2019\/07\/IMG_9451.jpeg\" \/>\n\t<meta property=\"og:image:width\" content=\"4032\" \/>\n\t<meta property=\"og:image:height\" content=\"3024\" \/>\n\t<meta property=\"og:image:type\" content=\"image\/jpeg\" \/>\n<meta name=\"author\" content=\"Aurore Engelen\" \/>\n<meta name=\"twitter:card\" content=\"summary_large_image\" \/>\n<meta name=\"twitter:label1\" content=\"\u00c9crit par\" \/>\n\t<meta name=\"twitter:data1\" content=\"Aurore Engelen\" \/>\n\t<meta name=\"twitter:label2\" content=\"Dur\u00e9e de lecture estim\u00e9e\" \/>\n\t<meta name=\"twitter:data2\" content=\"6 minutes\" \/>\n<script type=\"application\/ld+json\" class=\"yoast-schema-graph\">{\"@context\":\"https:\/\/schema.org\",\"@graph\":[{\"@type\":\"WebPage\",\"@id\":\"https:\/\/w-l-c.be\/fr\/6-millions-deuros-pour-le-cinema-et-laudiovisuel-en-fwb\/\",\"url\":\"https:\/\/w-l-c.be\/fr\/6-millions-deuros-pour-le-cinema-et-laudiovisuel-en-fwb\/\",\"name\":\"6 millions d'euros pour le cin\u00e9ma et l'audiovisuel en FWB - w-l-c\",\"isPartOf\":{\"@id\":\"https:\/\/w-l-c.be\/fr\/#website\"},\"datePublished\":\"2020-05-22T13:22:11+00:00\",\"dateModified\":\"2020-05-27T10:01:45+00:00\",\"author\":{\"@id\":\"https:\/\/w-l-c.be\/fr\/#\/schema\/person\/8084b68c6b176142d073695c654dc7cf\"},\"breadcrumb\":{\"@id\":\"https:\/\/w-l-c.be\/fr\/6-millions-deuros-pour-le-cinema-et-laudiovisuel-en-fwb\/#breadcrumb\"},\"inLanguage\":\"fr-FR\",\"potentialAction\":[{\"@type\":\"ReadAction\",\"target\":[\"https:\/\/w-l-c.be\/fr\/6-millions-deuros-pour-le-cinema-et-laudiovisuel-en-fwb\/\"]}]},{\"@type\":\"BreadcrumbList\",\"@id\":\"https:\/\/w-l-c.be\/fr\/6-millions-deuros-pour-le-cinema-et-laudiovisuel-en-fwb\/#breadcrumb\",\"itemListElement\":[{\"@type\":\"ListItem\",\"position\":1,\"name\":\"Accueil\",\"item\":\"https:\/\/w-l-c.be\/fr\/\"},{\"@type\":\"ListItem\",\"position\":2,\"name\":\"6 millions d&rsquo;euros pour le cin\u00e9ma et l&rsquo;audiovisuel en FWB\"}]},{\"@type\":\"WebSite\",\"@id\":\"https:\/\/w-l-c.be\/fr\/#website\",\"url\":\"https:\/\/w-l-c.be\/fr\/\",\"name\":\"w-l-c\",\"description\":\"Le cin\u00e9ma vu par les belges\",\"potentialAction\":[{\"@type\":\"SearchAction\",\"target\":{\"@type\":\"EntryPoint\",\"urlTemplate\":\"https:\/\/w-l-c.be\/fr\/?s={search_term_string}\"},\"query-input\":\"required name=search_term_string\"}],\"inLanguage\":\"fr-FR\"},{\"@type\":\"Person\",\"@id\":\"https:\/\/w-l-c.be\/fr\/#\/schema\/person\/8084b68c6b176142d073695c654dc7cf\",\"name\":\"Aurore Engelen\",\"url\":\"https:\/\/w-l-c.be\/fr\/author\/aurore-engelen\/\"}]}<\/script>\n<!-- \/ Yoast SEO plugin. -->","yoast_head_json":{"title":"6 millions d'euros pour le cin\u00e9ma et l'audiovisuel en FWB - w-l-c","robots":{"index":"noindex","follow":"follow","max-snippet":"max-snippet:-1","max-image-preview":"max-image-preview:large","max-video-preview":"max-video-preview:-1"},"og_locale":"fr_FR","og_type":"article","og_title":"6 millions d'euros pour le cin\u00e9ma et l'audiovisuel en FWB - w-l-c","og_description":"La Ministre de la Culture et des M\u00e9dias de la F\u00e9d\u00e9ration Wallonie-Bruxelles B\u00e9n\u00e9dicte Linard d\u00e9voile son plan de relance en faveur du secteur du cin\u00e9ma et de l\u2019audiovisuel. \u00c9labor\u00e9 avec l&rsquo;aide du Centre du Cin\u00e9ma et de l&rsquo;Audiovisuel sur base de concertations avec le secteur, ce plan, estim\u00e9 \u00e0 6 millions d\u2019euros, vise \u00e0 soutenir &hellip;","og_url":"https:\/\/w-l-c.be\/fr\/6-millions-deuros-pour-le-cinema-et-laudiovisuel-en-fwb\/","og_site_name":"w-l-c","article_published_time":"2020-05-22T13:22:11+00:00","article_modified_time":"2020-05-27T10:01:45+00:00","og_image":[{"width":4032,"height":3024,"url":"https:\/\/w-l-c.be\/wp-content\/uploads\/2019\/07\/IMG_9451.jpeg","type":"image\/jpeg"}],"author":"Aurore Engelen","twitter_card":"summary_large_image","twitter_misc":{"\u00c9crit par":"Aurore Engelen","Dur\u00e9e de lecture estim\u00e9e":"6 minutes"},"schema":{"@context":"https:\/\/schema.org","@graph":[{"@type":"WebPage","@id":"https:\/\/w-l-c.be\/fr\/6-millions-deuros-pour-le-cinema-et-laudiovisuel-en-fwb\/","url":"https:\/\/w-l-c.be\/fr\/6-millions-deuros-pour-le-cinema-et-laudiovisuel-en-fwb\/","name":"6 millions d'euros pour le cin\u00e9ma et l'audiovisuel en FWB - w-l-c","isPartOf":{"@id":"https:\/\/w-l-c.be\/fr\/#website"},"datePublished":"2020-05-22T13:22:11+00:00","dateModified":"2020-05-27T10:01:45+00:00","author":{"@id":"https:\/\/w-l-c.be\/fr\/#\/schema\/person\/8084b68c6b176142d073695c654dc7cf"},"breadcrumb":{"@id":"https:\/\/w-l-c.be\/fr\/6-millions-deuros-pour-le-cinema-et-laudiovisuel-en-fwb\/#breadcrumb"},"inLanguage":"fr-FR","potentialAction":[{"@type":"ReadAction","target":["https:\/\/w-l-c.be\/fr\/6-millions-deuros-pour-le-cinema-et-laudiovisuel-en-fwb\/"]}]},{"@type":"BreadcrumbList","@id":"https:\/\/w-l-c.be\/fr\/6-millions-deuros-pour-le-cinema-et-laudiovisuel-en-fwb\/#breadcrumb","itemListElement":[{"@type":"ListItem","position":1,"name":"Accueil","item":"https:\/\/w-l-c.be\/fr\/"},{"@type":"ListItem","position":2,"name":"6 millions d&rsquo;euros pour le cin\u00e9ma et l&rsquo;audiovisuel en FWB"}]},{"@type":"WebSite","@id":"https:\/\/w-l-c.be\/fr\/#website","url":"https:\/\/w-l-c.be\/fr\/","name":"w-l-c","description":"Le cin\u00e9ma vu par les belges","potentialAction":[{"@type":"SearchAction","target":{"@type":"EntryPoint","urlTemplate":"https:\/\/w-l-c.be\/fr\/?s={search_term_string}"},"query-input":"required name=search_term_string"}],"inLanguage":"fr-FR"},{"@type":"Person","@id":"https:\/\/w-l-c.be\/fr\/#\/schema\/person\/8084b68c6b176142d073695c654dc7cf","name":"Aurore Engelen","url":"https:\/\/w-l-c.be\/fr\/author\/aurore-engelen\/"}]}},"_links":{"self":[{"href":"https:\/\/w-l-c.be\/fr\/wp-json\/wp\/v2\/posts\/228740","targetHints":{"allow":["GET"]}}],"collection":[{"href":"https:\/\/w-l-c.be\/fr\/wp-json\/wp\/v2\/posts"}],"about":[{"href":"https:\/\/w-l-c.be\/fr\/wp-json\/wp\/v2\/types\/post"}],"author":[{"embeddable":true,"href":"https:\/\/w-l-c.be\/fr\/wp-json\/wp\/v2\/users\/343"}],"replies":[{"embeddable":true,"href":"https:\/\/w-l-c.be\/fr\/wp-json\/wp\/v2\/comments?post=228740"}],"version-history":[{"count":0,"href":"https:\/\/w-l-c.be\/fr\/wp-json\/wp\/v2\/posts\/228740\/revisions"}],"wp:featuredmedia":[{"embeddable":true,"href":"https:\/\/w-l-c.be\/fr\/wp-json\/wp\/v2\/media\/221114"}],"wp:attachment":[{"href":"https:\/\/w-l-c.be\/fr\/wp-json\/wp\/v2\/media?parent=228740"}],"wp:term":[{"taxonomy":"category","embeddable":true,"href":"https:\/\/w-l-c.be\/fr\/wp-json\/wp\/v2\/categories?post=228740"},{"taxonomy":"post_tag","embeddable":true,"href":"https:\/\/w-l-c.be\/fr\/wp-json\/wp\/v2\/tags?post=228740"}],"curies":[{"name":"wp","href":"https:\/\/api.w.org\/{rel}","templated":true}]}}