
{"id":228803,"date":"2020-05-25T14:07:57","date_gmt":"2020-05-25T12:07:57","guid":{"rendered":"https:\/\/www.cinevox.be\/?p=228803"},"modified":"2020-05-25T14:07:57","modified_gmt":"2020-05-25T12:07:57","slug":"camera-etc-recrute-un-e-coordinateur-trice","status":"publish","type":"post","link":"https:\/\/w-l-c.be\/fr\/camera-etc-recrute-un-e-coordinateur-trice\/","title":{"rendered":"Camera-etc recrute un.e coordinateur.trice"},"content":{"rendered":"<p><strong>En raison du d\u00e9part \u00e0 la retraite de l\u2019actuel coordinateur le 1er f\u00e9vrier 2021, Camera-etc recherche un.e nouveau.elle coordinateur.trice !<\/strong><\/p>\n<h3>RESPONSABILIT\u00c9S<\/h3>\n<p>Sous l\u2019autorit\u00e9 du Conseil d\u2019administration, en concertation avec l\u2019\u00e9quipe de travailleurs et conform\u00e9ment aux missions de l\u2019asbl, le\u00b7la coordinateur\u00b7trice pilote, supervise et f\u00e9d\u00e8re l\u2019ensemble des activit\u00e9s et la mise en \u0153uvre des strat\u00e9gies d\u2019action, tout en veillant \u00e0 l\u2019harmonie et \u00e0 l\u2019\u00e9quilibre entre les valeurs de Camera-etc et les projets men\u00e9s. Pour ce faire, il\u00b7elle devra endosser diff\u00e9rentes fonctions :<\/p>\n<h4>1. D\u00e9l\u00e9gation \u00e0 la gestion journali\u00e8re<\/h4>\n<ul>\n<li>\u00catre garant\u00b7e de la bonne r\u00e9alisation des missions en tant qu\u2019Atelier de production du Centre du Cin\u00e9ma et de l\u2019Audiovisuel et que Centre d\u2019Expression et de Cr\u00e9ativit\u00e9 de la F\u00e9d\u00e9ration Wallonie-Bruxelles<\/li>\n<li>G\u00e9rer et coordonner l\u2019\u00e9quipe et les diff\u00e9rents projets de l\u2019asbl<\/li>\n<li>Gestion participative : \u00eatre un agent facilitateur de la concertation entre le CA et l\u2019\u00e9quipe de travailleurs<\/li>\n<li>G\u00e9rer, en collaboration avec la responsable administrative et financi\u00e8re, les ressources humaines, mat\u00e9rielles et financi\u00e8res de l\u2019asbl<\/li>\n<li>Promouvoir, d\u00e9fendre et repr\u00e9senter les int\u00e9r\u00eats g\u00e9n\u00e9raux de Camera-etc au niveau des politiques communautaires, r\u00e9gionales et locales (repr\u00e9sentation politique et institutionnelle)<\/li>\n<li>Garantir la conformit\u00e9 de l\u2019asbl avec les r\u00e9glementations l\u00e9gales<\/li>\n<\/ul>\n<h4>2. Producteur<\/h4>\n<ul>\n<li>Trouver des coproducteurs, des investisseurs, des sponsors, d\u00e9marcher aupr\u00e8s de commanditaires potentiels<\/li>\n<li>Assurer la relation avec les auteurs et les \u00e9quipes techniques<\/li>\n<li>Assurer la relation avec les partenaires et les commanditaires<\/li>\n<li>Etablir des devis en collaboration avec la responsable administrative et financi\u00e8re<\/li>\n<\/ul>\n<h4>3. Repr\u00e9sentant de l\u2019asbl<\/h4>\n<ul>\n<li>\u00catre l\u2019interlocuteur\u00b7trice et le\u00b7la porte-parole de l\u2019\u00e9quipe aupr\u00e8s des institutions culturelles et mandantes (subsides)<\/li>\n<li>\u00catre est le\u00b7la garant\u00b7e de la communication externe, en collaboration avec la charg\u00e9e de communication<\/li>\n<li>Repr\u00e9senter l\u2019asbl lors d\u2019\u00e9v\u00e9nements en Belgique et \u00e0 l\u2019\u00e9tranger<\/li>\n<\/ul>\n<h3>PROFIL RECHERCH\u00c9<\/h3>\n<ul>\n<li>Dipl\u00f4me de l\u2019Enseignement Sup\u00e9rieur ou exp\u00e9rience assimil\u00e9e<\/li>\n<li>\u00c9ligible aux conditions APE<\/li>\n<\/ul>\n<h3>PRINCIPALES CAPACIT\u00c9S REQUISES<\/h3>\n<ul>\n<li>Capacit\u00e9 d\u2019organisation et de gestion<\/li>\n<li>Capacit\u00e9 \u00e0 identifier les enjeux politiques et institutionnels<\/li>\n<li>Capacit\u00e9 \u00e0 d\u00e9velopper une vision politique, strat\u00e9gique et financi\u00e8re<\/li>\n<li>Capacit\u00e9 \u00e0 coordonner une \u00e9quipe dans le cadre d\u2019une gestion participative<\/li>\n<li>Capacit\u00e9 relationnelle et de communication<\/li>\n<li>Capacit\u00e9 d\u2019analyse et de synth\u00e8se<\/li>\n<li>Capacit\u00e9s r\u00e9dactionnelles<\/li>\n<li>Ma\u00eetrise des outils bureautiques<\/li>\n<li>Souplesse horaire et flexibilit\u00e9<\/li>\n<\/ul>\n<h3>ATOUTS<\/h3>\n<ul>\n<li>Exp\u00e9rience souhait\u00e9e dans la coordination de projets et d\u2019\u00e9quipe<\/li>\n<li>Exp\u00e9rience souhait\u00e9e dans la production<\/li>\n<li>Gestion de projet associatif dans ses aspects politique, administratif et financier<\/li>\n<li>Int\u00e9r\u00eat pour les politiques culturelles<\/li>\n<li>Culture d\u2019\u00c9ducation Permanente<\/li>\n<li>Int\u00e9r\u00eat pour l\u2019audiovisuel, le cin\u00e9ma d\u2019animation<\/li>\n<\/ul>\n<h3>CONDITIONS<\/h3>\n<ul>\n<li>CDI temps-plein 38h\/semaine \u00e0 partir du 1er f\u00e9vrier 2021<\/li>\n<li>Bar\u00e8mes de la CP 329.02 \u2013 Echelon 5<\/li>\n<\/ul>\n<h3>POSTULER<\/h3>\n<ul>\n<li>Envoyez un CV et une lettre de motivation UNIQUEMENT par mail \u00e0 i<a href=\"mailto:nfo@camera-etc.be\">nfo@camera-etc.be<\/a>\u00a0(Objet : candidature coordination Camera-etc) au plus tard le 1er septembre 2020.<\/li>\n<\/ul>\n<h3>Camera-etc en quelques mots<\/h3>\n<p>Cr\u00e9\u00e9e en 1979, Camera-etc est une asbl reconnue comme\u00a0<a href=\"https:\/\/audiovisuel.cfwb.be\/aides\/aide-operateurs-audiovisuels-coa\/aide-ateliers\/\">Atelier de Production<\/a>\u00a0de la F\u00e9d\u00e9ration Wallonie-Bruxelles. Camera-etc produit et coproduit des courts m\u00e9trages d\u2019animation professionnels (jeunes r\u00e9alisateurs, auteurs, artistes, autodidactes\u2026).<\/p>\n<p>\u00c9galement reconnu comme\u00a0<a href=\"http:\/\/www.educationpermanente.cfwb.be\/index.php?id=4088\" target=\"_blank\" rel=\"noreferrer noopener\" aria-label=\"Centre d\u2019Expression et de Cr\u00e9ativit\u00e9 (s\u2019ouvre dans un nouvel onglet)\">Centre d\u2019Expression et de Cr\u00e9ativit\u00e9<\/a>, Camera-etc organise des activit\u00e9s pour enfants, jeunes et adultes. Ces stages de vacances, projets scolaires et atelier hebdomadaire ont pour objet la r\u00e9alisation collective d\u2019un film avec l\u2019aide d\u2019animateurs professionnels.<\/p>\n<p>Compos\u00e9 d\u2019une \u00e9quipe de professionnels, Camera-etc met son savoir-faire au service de commanditaires : r\u00e9alisation de films didactiques, messages d\u2019int\u00e9r\u00eat g\u00e9n\u00e9ral, documentaires, bandes-annonces, s\u00e9quences anim\u00e9es pour spectacles, clips, prestations techniques\u2026<\/p>\n","protected":false},"excerpt":{"rendered":"<p>En raison du d\u00e9part \u00e0 la retraite de l\u2019actuel coordinateur le 1er f\u00e9vrier 2021, Camera-etc recherche un.e nouveau.elle coordinateur.trice ! RESPONSABILIT\u00c9S Sous l\u2019autorit\u00e9 du Conseil d\u2019administration, en concertation avec l\u2019\u00e9quipe de travailleurs et conform\u00e9ment aux missions de l\u2019asbl, le\u00b7la coordinateur\u00b7trice pilote, supervise et f\u00e9d\u00e8re l\u2019ensemble des activit\u00e9s et la mise en \u0153uvre des strat\u00e9gies d\u2019action, &hellip;<\/p>\n","protected":false},"author":343,"featured_media":228804,"comment_status":"closed","ping_status":"closed","sticky":false,"template":"","format":"standard","meta":{"ngg_post_thumbnail":0,"footnotes":""},"categories":[20],"tags":[],"class_list":["post-228803","post","type-post","status-publish","format-standard","has-post-thumbnail","","category-cinejobs"],"yoast_head":"<!-- This site is optimized with the Yoast SEO plugin v20.4 - https:\/\/yoast.com\/wordpress\/plugins\/seo\/ -->\n<title>Camera-etc recrute un.e coordinateur.trice - w-l-c<\/title>\n<meta name=\"robots\" content=\"noindex, follow, max-snippet:-1, max-image-preview:large, max-video-preview:-1\" \/>\n<meta property=\"og:locale\" content=\"fr_FR\" \/>\n<meta property=\"og:type\" content=\"article\" \/>\n<meta property=\"og:title\" content=\"Camera-etc recrute un.e coordinateur.trice - w-l-c\" \/>\n<meta property=\"og:description\" content=\"En raison du d\u00e9part \u00e0 la retraite de l\u2019actuel coordinateur le 1er f\u00e9vrier 2021, Camera-etc recherche un.e nouveau.elle coordinateur.trice ! RESPONSABILIT\u00c9S Sous l\u2019autorit\u00e9 du Conseil d\u2019administration, en concertation avec l\u2019\u00e9quipe de travailleurs et conform\u00e9ment aux missions de l\u2019asbl, le\u00b7la coordinateur\u00b7trice pilote, supervise et f\u00e9d\u00e8re l\u2019ensemble des activit\u00e9s et la mise en \u0153uvre des strat\u00e9gies d\u2019action, &hellip;\" \/>\n<meta property=\"og:url\" content=\"https:\/\/w-l-c.be\/fr\/camera-etc-recrute-un-e-coordinateur-trice\/\" \/>\n<meta property=\"og:site_name\" content=\"w-l-c\" \/>\n<meta property=\"article:published_time\" content=\"2020-05-25T12:07:57+00:00\" \/>\n<meta property=\"og:image\" content=\"https:\/\/w-l-c.be\/wp-content\/uploads\/2020\/05\/IMG_6005-scaled-1.jpg\" \/>\n\t<meta property=\"og:image:width\" content=\"1920\" \/>\n\t<meta property=\"og:image:height\" content=\"670\" \/>\n\t<meta property=\"og:image:type\" content=\"image\/jpeg\" \/>\n<meta name=\"author\" content=\"Aurore Engelen\" \/>\n<meta name=\"twitter:card\" content=\"summary_large_image\" \/>\n<meta name=\"twitter:label1\" content=\"\u00c9crit par\" \/>\n\t<meta name=\"twitter:data1\" content=\"Aurore Engelen\" \/>\n\t<meta name=\"twitter:label2\" content=\"Dur\u00e9e de lecture estim\u00e9e\" \/>\n\t<meta name=\"twitter:data2\" content=\"3 minutes\" \/>\n<script type=\"application\/ld+json\" class=\"yoast-schema-graph\">{\"@context\":\"https:\/\/schema.org\",\"@graph\":[{\"@type\":\"WebPage\",\"@id\":\"https:\/\/w-l-c.be\/fr\/camera-etc-recrute-un-e-coordinateur-trice\/\",\"url\":\"https:\/\/w-l-c.be\/fr\/camera-etc-recrute-un-e-coordinateur-trice\/\",\"name\":\"Camera-etc recrute un.e coordinateur.trice - w-l-c\",\"isPartOf\":{\"@id\":\"https:\/\/w-l-c.be\/fr\/#website\"},\"datePublished\":\"2020-05-25T12:07:57+00:00\",\"dateModified\":\"2020-05-25T12:07:57+00:00\",\"author\":{\"@id\":\"https:\/\/w-l-c.be\/fr\/#\/schema\/person\/8084b68c6b176142d073695c654dc7cf\"},\"breadcrumb\":{\"@id\":\"https:\/\/w-l-c.be\/fr\/camera-etc-recrute-un-e-coordinateur-trice\/#breadcrumb\"},\"inLanguage\":\"fr-FR\",\"potentialAction\":[{\"@type\":\"ReadAction\",\"target\":[\"https:\/\/w-l-c.be\/fr\/camera-etc-recrute-un-e-coordinateur-trice\/\"]}]},{\"@type\":\"BreadcrumbList\",\"@id\":\"https:\/\/w-l-c.be\/fr\/camera-etc-recrute-un-e-coordinateur-trice\/#breadcrumb\",\"itemListElement\":[{\"@type\":\"ListItem\",\"position\":1,\"name\":\"Accueil\",\"item\":\"https:\/\/w-l-c.be\/fr\/\"},{\"@type\":\"ListItem\",\"position\":2,\"name\":\"Camera-etc recrute un.e coordinateur.trice\"}]},{\"@type\":\"WebSite\",\"@id\":\"https:\/\/w-l-c.be\/fr\/#website\",\"url\":\"https:\/\/w-l-c.be\/fr\/\",\"name\":\"w-l-c\",\"description\":\"Le cin\u00e9ma vu par les belges\",\"potentialAction\":[{\"@type\":\"SearchAction\",\"target\":{\"@type\":\"EntryPoint\",\"urlTemplate\":\"https:\/\/w-l-c.be\/fr\/?s={search_term_string}\"},\"query-input\":\"required name=search_term_string\"}],\"inLanguage\":\"fr-FR\"},{\"@type\":\"Person\",\"@id\":\"https:\/\/w-l-c.be\/fr\/#\/schema\/person\/8084b68c6b176142d073695c654dc7cf\",\"name\":\"Aurore Engelen\",\"url\":\"https:\/\/w-l-c.be\/fr\/author\/aurore-engelen\/\"}]}<\/script>\n<!-- \/ Yoast SEO plugin. -->","yoast_head_json":{"title":"Camera-etc recrute un.e coordinateur.trice - w-l-c","robots":{"index":"noindex","follow":"follow","max-snippet":"max-snippet:-1","max-image-preview":"max-image-preview:large","max-video-preview":"max-video-preview:-1"},"og_locale":"fr_FR","og_type":"article","og_title":"Camera-etc recrute un.e coordinateur.trice - w-l-c","og_description":"En raison du d\u00e9part \u00e0 la retraite de l\u2019actuel coordinateur le 1er f\u00e9vrier 2021, Camera-etc recherche un.e nouveau.elle coordinateur.trice ! RESPONSABILIT\u00c9S Sous l\u2019autorit\u00e9 du Conseil d\u2019administration, en concertation avec l\u2019\u00e9quipe de travailleurs et conform\u00e9ment aux missions de l\u2019asbl, le\u00b7la coordinateur\u00b7trice pilote, supervise et f\u00e9d\u00e8re l\u2019ensemble des activit\u00e9s et la mise en \u0153uvre des strat\u00e9gies d\u2019action, &hellip;","og_url":"https:\/\/w-l-c.be\/fr\/camera-etc-recrute-un-e-coordinateur-trice\/","og_site_name":"w-l-c","article_published_time":"2020-05-25T12:07:57+00:00","og_image":[{"width":1920,"height":670,"url":"https:\/\/w-l-c.be\/wp-content\/uploads\/2020\/05\/IMG_6005-scaled-1.jpg","type":"image\/jpeg"}],"author":"Aurore Engelen","twitter_card":"summary_large_image","twitter_misc":{"\u00c9crit par":"Aurore Engelen","Dur\u00e9e de lecture estim\u00e9e":"3 minutes"},"schema":{"@context":"https:\/\/schema.org","@graph":[{"@type":"WebPage","@id":"https:\/\/w-l-c.be\/fr\/camera-etc-recrute-un-e-coordinateur-trice\/","url":"https:\/\/w-l-c.be\/fr\/camera-etc-recrute-un-e-coordinateur-trice\/","name":"Camera-etc recrute un.e coordinateur.trice - w-l-c","isPartOf":{"@id":"https:\/\/w-l-c.be\/fr\/#website"},"datePublished":"2020-05-25T12:07:57+00:00","dateModified":"2020-05-25T12:07:57+00:00","author":{"@id":"https:\/\/w-l-c.be\/fr\/#\/schema\/person\/8084b68c6b176142d073695c654dc7cf"},"breadcrumb":{"@id":"https:\/\/w-l-c.be\/fr\/camera-etc-recrute-un-e-coordinateur-trice\/#breadcrumb"},"inLanguage":"fr-FR","potentialAction":[{"@type":"ReadAction","target":["https:\/\/w-l-c.be\/fr\/camera-etc-recrute-un-e-coordinateur-trice\/"]}]},{"@type":"BreadcrumbList","@id":"https:\/\/w-l-c.be\/fr\/camera-etc-recrute-un-e-coordinateur-trice\/#breadcrumb","itemListElement":[{"@type":"ListItem","position":1,"name":"Accueil","item":"https:\/\/w-l-c.be\/fr\/"},{"@type":"ListItem","position":2,"name":"Camera-etc recrute un.e coordinateur.trice"}]},{"@type":"WebSite","@id":"https:\/\/w-l-c.be\/fr\/#website","url":"https:\/\/w-l-c.be\/fr\/","name":"w-l-c","description":"Le cin\u00e9ma vu par les belges","potentialAction":[{"@type":"SearchAction","target":{"@type":"EntryPoint","urlTemplate":"https:\/\/w-l-c.be\/fr\/?s={search_term_string}"},"query-input":"required name=search_term_string"}],"inLanguage":"fr-FR"},{"@type":"Person","@id":"https:\/\/w-l-c.be\/fr\/#\/schema\/person\/8084b68c6b176142d073695c654dc7cf","name":"Aurore Engelen","url":"https:\/\/w-l-c.be\/fr\/author\/aurore-engelen\/"}]}},"_links":{"self":[{"href":"https:\/\/w-l-c.be\/fr\/wp-json\/wp\/v2\/posts\/228803","targetHints":{"allow":["GET"]}}],"collection":[{"href":"https:\/\/w-l-c.be\/fr\/wp-json\/wp\/v2\/posts"}],"about":[{"href":"https:\/\/w-l-c.be\/fr\/wp-json\/wp\/v2\/types\/post"}],"author":[{"embeddable":true,"href":"https:\/\/w-l-c.be\/fr\/wp-json\/wp\/v2\/users\/343"}],"replies":[{"embeddable":true,"href":"https:\/\/w-l-c.be\/fr\/wp-json\/wp\/v2\/comments?post=228803"}],"version-history":[{"count":0,"href":"https:\/\/w-l-c.be\/fr\/wp-json\/wp\/v2\/posts\/228803\/revisions"}],"wp:featuredmedia":[{"embeddable":true,"href":"https:\/\/w-l-c.be\/fr\/wp-json\/wp\/v2\/media\/228804"}],"wp:attachment":[{"href":"https:\/\/w-l-c.be\/fr\/wp-json\/wp\/v2\/media?parent=228803"}],"wp:term":[{"taxonomy":"category","embeddable":true,"href":"https:\/\/w-l-c.be\/fr\/wp-json\/wp\/v2\/categories?post=228803"},{"taxonomy":"post_tag","embeddable":true,"href":"https:\/\/w-l-c.be\/fr\/wp-json\/wp\/v2\/tags?post=228803"}],"curies":[{"name":"wp","href":"https:\/\/api.w.org\/{rel}","templated":true}]}}