
{"id":228813,"date":"2020-05-25T14:33:33","date_gmt":"2020-05-25T12:33:33","guid":{"rendered":"https:\/\/www.cinevox.be\/?p=228813"},"modified":"2020-05-25T14:33:33","modified_gmt":"2020-05-25T12:33:33","slug":"les-dieux-de-molenbeek-de-reetta-huhtanen","status":"publish","type":"post","link":"https:\/\/w-l-c.be\/fr\/les-dieux-de-molenbeek-de-reetta-huhtanen\/","title":{"rendered":"\u00ab\u00a0Les Dieux de Molenbeek\u00a0\u00bb de Reetta Huhtanen"},"content":{"rendered":"<div class=\"synopsis\">\n<div>\n<p><strong>Le quartier de Molenbeek \u00e0 Bruxelles. Une capitale djihadiste suppos\u00e9e pour certains, mais le quartier natal d&rsquo;Aatos et Amine, deux gar\u00e7ons de 6 ans. C&rsquo;est l\u00e0 qu&rsquo;ils \u00e9coutent les araign\u00e9es, d\u00e9couvrent les trous noirs et se disputent pour savoir qui commandera le tapis volant qui les m\u00e8nera sur les terres de leurs anc\u00eatres. La menace du monde des adultes interrompt soudainement le jeu des enfants lorsque des bombes terroristes explosent dans une station de m\u00e9tro \u00e0 proximit\u00e9.<\/strong><\/p>\n<p><iframe loading=\"lazy\" title=\"Trailer Gods of Molenbeek\" src=\"https:\/\/player.vimeo.com\/video\/313675919?dnt=1&amp;app_id=122963\" width=\"618\" height=\"334\" frameborder=\"0\" allow=\"autoplay; fullscreen; picture-in-picture; clipboard-write; encrypted-media\"><\/iframe><\/p>\n<\/div>\n<\/div>\n<div class=\"cinergie-cinevox\">\n<div class=\"cinergie\" align=\"right\"><\/div>\n<\/div>\n","protected":false},"excerpt":{"rendered":"<p>Le quartier de Molenbeek \u00e0 Bruxelles. Une capitale djihadiste suppos\u00e9e pour certains, mais le quartier natal d&rsquo;Aatos et Amine, deux gar\u00e7ons de 6 ans. C&rsquo;est l\u00e0 qu&rsquo;ils \u00e9coutent les araign\u00e9es, d\u00e9couvrent les trous noirs et se disputent pour savoir qui commandera le tapis volant qui les m\u00e8nera sur les terres de leurs anc\u00eatres. La menace &hellip;<\/p>\n","protected":false},"author":343,"featured_media":218279,"comment_status":"closed","ping_status":"closed","sticky":false,"template":"","format":"standard","meta":{"ngg_post_thumbnail":0,"footnotes":""},"categories":[1923],"tags":[],"class_list":["post-228813","post","type-post","status-publish","format-standard","has-post-thumbnail","","category-en-bref"],"yoast_head":"<!-- This site is optimized with the Yoast SEO plugin v20.4 - https:\/\/yoast.com\/wordpress\/plugins\/seo\/ -->\n<title>&quot;Les Dieux de Molenbeek&quot; de Reetta Huhtanen - w-l-c<\/title>\n<meta name=\"robots\" content=\"noindex, follow, max-snippet:-1, max-image-preview:large, max-video-preview:-1\" \/>\n<meta property=\"og:locale\" content=\"fr_FR\" \/>\n<meta property=\"og:type\" content=\"article\" \/>\n<meta property=\"og:title\" content=\"&quot;Les Dieux de Molenbeek&quot; de Reetta Huhtanen - w-l-c\" \/>\n<meta property=\"og:description\" content=\"Le quartier de Molenbeek \u00e0 Bruxelles. Une capitale djihadiste suppos\u00e9e pour certains, mais le quartier natal d&rsquo;Aatos et Amine, deux gar\u00e7ons de 6 ans. C&rsquo;est l\u00e0 qu&rsquo;ils \u00e9coutent les araign\u00e9es, d\u00e9couvrent les trous noirs et se disputent pour savoir qui commandera le tapis volant qui les m\u00e8nera sur les terres de leurs anc\u00eatres. La menace &hellip;\" \/>\n<meta property=\"og:url\" content=\"https:\/\/w-l-c.be\/fr\/les-dieux-de-molenbeek-de-reetta-huhtanen\/\" \/>\n<meta property=\"og:site_name\" content=\"w-l-c\" \/>\n<meta property=\"article:published_time\" content=\"2020-05-25T12:33:33+00:00\" \/>\n<meta property=\"og:image\" content=\"https:\/\/w-l-c.be\/wp-content\/uploads\/2019\/03\/Screen-Shot-2019-03-21-at-10.39.18.png\" \/>\n\t<meta property=\"og:image:width\" content=\"3276\" \/>\n\t<meta property=\"og:image:height\" content=\"1688\" \/>\n\t<meta property=\"og:image:type\" content=\"image\/png\" \/>\n<meta name=\"author\" content=\"Aurore Engelen\" \/>\n<meta name=\"twitter:card\" content=\"summary_large_image\" \/>\n<meta name=\"twitter:label1\" content=\"\u00c9crit par\" \/>\n\t<meta name=\"twitter:data1\" content=\"Aurore Engelen\" \/>\n<script type=\"application\/ld+json\" class=\"yoast-schema-graph\">{\"@context\":\"https:\/\/schema.org\",\"@graph\":[{\"@type\":\"WebPage\",\"@id\":\"https:\/\/w-l-c.be\/fr\/les-dieux-de-molenbeek-de-reetta-huhtanen\/\",\"url\":\"https:\/\/w-l-c.be\/fr\/les-dieux-de-molenbeek-de-reetta-huhtanen\/\",\"name\":\"\\\"Les Dieux de Molenbeek\\\" de Reetta Huhtanen - w-l-c\",\"isPartOf\":{\"@id\":\"https:\/\/w-l-c.be\/fr\/#website\"},\"datePublished\":\"2020-05-25T12:33:33+00:00\",\"dateModified\":\"2020-05-25T12:33:33+00:00\",\"author\":{\"@id\":\"https:\/\/w-l-c.be\/fr\/#\/schema\/person\/8084b68c6b176142d073695c654dc7cf\"},\"breadcrumb\":{\"@id\":\"https:\/\/w-l-c.be\/fr\/les-dieux-de-molenbeek-de-reetta-huhtanen\/#breadcrumb\"},\"inLanguage\":\"fr-FR\",\"potentialAction\":[{\"@type\":\"ReadAction\",\"target\":[\"https:\/\/w-l-c.be\/fr\/les-dieux-de-molenbeek-de-reetta-huhtanen\/\"]}]},{\"@type\":\"BreadcrumbList\",\"@id\":\"https:\/\/w-l-c.be\/fr\/les-dieux-de-molenbeek-de-reetta-huhtanen\/#breadcrumb\",\"itemListElement\":[{\"@type\":\"ListItem\",\"position\":1,\"name\":\"Accueil\",\"item\":\"https:\/\/w-l-c.be\/fr\/\"},{\"@type\":\"ListItem\",\"position\":2,\"name\":\"\u00ab\u00a0Les Dieux de Molenbeek\u00a0\u00bb de Reetta Huhtanen\"}]},{\"@type\":\"WebSite\",\"@id\":\"https:\/\/w-l-c.be\/fr\/#website\",\"url\":\"https:\/\/w-l-c.be\/fr\/\",\"name\":\"w-l-c\",\"description\":\"Le cin\u00e9ma vu par les belges\",\"potentialAction\":[{\"@type\":\"SearchAction\",\"target\":{\"@type\":\"EntryPoint\",\"urlTemplate\":\"https:\/\/w-l-c.be\/fr\/?s={search_term_string}\"},\"query-input\":\"required name=search_term_string\"}],\"inLanguage\":\"fr-FR\"},{\"@type\":\"Person\",\"@id\":\"https:\/\/w-l-c.be\/fr\/#\/schema\/person\/8084b68c6b176142d073695c654dc7cf\",\"name\":\"Aurore Engelen\",\"url\":\"https:\/\/w-l-c.be\/fr\/author\/aurore-engelen\/\"}]}<\/script>\n<!-- \/ Yoast SEO plugin. -->","yoast_head_json":{"title":"\"Les Dieux de Molenbeek\" de Reetta Huhtanen - w-l-c","robots":{"index":"noindex","follow":"follow","max-snippet":"max-snippet:-1","max-image-preview":"max-image-preview:large","max-video-preview":"max-video-preview:-1"},"og_locale":"fr_FR","og_type":"article","og_title":"\"Les Dieux de Molenbeek\" de Reetta Huhtanen - w-l-c","og_description":"Le quartier de Molenbeek \u00e0 Bruxelles. Une capitale djihadiste suppos\u00e9e pour certains, mais le quartier natal d&rsquo;Aatos et Amine, deux gar\u00e7ons de 6 ans. C&rsquo;est l\u00e0 qu&rsquo;ils \u00e9coutent les araign\u00e9es, d\u00e9couvrent les trous noirs et se disputent pour savoir qui commandera le tapis volant qui les m\u00e8nera sur les terres de leurs anc\u00eatres. La menace &hellip;","og_url":"https:\/\/w-l-c.be\/fr\/les-dieux-de-molenbeek-de-reetta-huhtanen\/","og_site_name":"w-l-c","article_published_time":"2020-05-25T12:33:33+00:00","og_image":[{"width":3276,"height":1688,"url":"https:\/\/w-l-c.be\/wp-content\/uploads\/2019\/03\/Screen-Shot-2019-03-21-at-10.39.18.png","type":"image\/png"}],"author":"Aurore Engelen","twitter_card":"summary_large_image","twitter_misc":{"\u00c9crit par":"Aurore Engelen"},"schema":{"@context":"https:\/\/schema.org","@graph":[{"@type":"WebPage","@id":"https:\/\/w-l-c.be\/fr\/les-dieux-de-molenbeek-de-reetta-huhtanen\/","url":"https:\/\/w-l-c.be\/fr\/les-dieux-de-molenbeek-de-reetta-huhtanen\/","name":"\"Les Dieux de Molenbeek\" de Reetta Huhtanen - w-l-c","isPartOf":{"@id":"https:\/\/w-l-c.be\/fr\/#website"},"datePublished":"2020-05-25T12:33:33+00:00","dateModified":"2020-05-25T12:33:33+00:00","author":{"@id":"https:\/\/w-l-c.be\/fr\/#\/schema\/person\/8084b68c6b176142d073695c654dc7cf"},"breadcrumb":{"@id":"https:\/\/w-l-c.be\/fr\/les-dieux-de-molenbeek-de-reetta-huhtanen\/#breadcrumb"},"inLanguage":"fr-FR","potentialAction":[{"@type":"ReadAction","target":["https:\/\/w-l-c.be\/fr\/les-dieux-de-molenbeek-de-reetta-huhtanen\/"]}]},{"@type":"BreadcrumbList","@id":"https:\/\/w-l-c.be\/fr\/les-dieux-de-molenbeek-de-reetta-huhtanen\/#breadcrumb","itemListElement":[{"@type":"ListItem","position":1,"name":"Accueil","item":"https:\/\/w-l-c.be\/fr\/"},{"@type":"ListItem","position":2,"name":"\u00ab\u00a0Les Dieux de Molenbeek\u00a0\u00bb de Reetta Huhtanen"}]},{"@type":"WebSite","@id":"https:\/\/w-l-c.be\/fr\/#website","url":"https:\/\/w-l-c.be\/fr\/","name":"w-l-c","description":"Le cin\u00e9ma vu par les belges","potentialAction":[{"@type":"SearchAction","target":{"@type":"EntryPoint","urlTemplate":"https:\/\/w-l-c.be\/fr\/?s={search_term_string}"},"query-input":"required name=search_term_string"}],"inLanguage":"fr-FR"},{"@type":"Person","@id":"https:\/\/w-l-c.be\/fr\/#\/schema\/person\/8084b68c6b176142d073695c654dc7cf","name":"Aurore Engelen","url":"https:\/\/w-l-c.be\/fr\/author\/aurore-engelen\/"}]}},"_links":{"self":[{"href":"https:\/\/w-l-c.be\/fr\/wp-json\/wp\/v2\/posts\/228813","targetHints":{"allow":["GET"]}}],"collection":[{"href":"https:\/\/w-l-c.be\/fr\/wp-json\/wp\/v2\/posts"}],"about":[{"href":"https:\/\/w-l-c.be\/fr\/wp-json\/wp\/v2\/types\/post"}],"author":[{"embeddable":true,"href":"https:\/\/w-l-c.be\/fr\/wp-json\/wp\/v2\/users\/343"}],"replies":[{"embeddable":true,"href":"https:\/\/w-l-c.be\/fr\/wp-json\/wp\/v2\/comments?post=228813"}],"version-history":[{"count":0,"href":"https:\/\/w-l-c.be\/fr\/wp-json\/wp\/v2\/posts\/228813\/revisions"}],"wp:featuredmedia":[{"embeddable":true,"href":"https:\/\/w-l-c.be\/fr\/wp-json\/wp\/v2\/media\/218279"}],"wp:attachment":[{"href":"https:\/\/w-l-c.be\/fr\/wp-json\/wp\/v2\/media?parent=228813"}],"wp:term":[{"taxonomy":"category","embeddable":true,"href":"https:\/\/w-l-c.be\/fr\/wp-json\/wp\/v2\/categories?post=228813"},{"taxonomy":"post_tag","embeddable":true,"href":"https:\/\/w-l-c.be\/fr\/wp-json\/wp\/v2\/tags?post=228813"}],"curies":[{"name":"wp","href":"https:\/\/api.w.org\/{rel}","templated":true}]}}