
{"id":228822,"date":"2020-05-26T12:22:32","date_gmt":"2020-05-26T10:22:32","guid":{"rendered":"https:\/\/www.cinevox.be\/?p=228822"},"modified":"2020-05-27T09:49:46","modified_gmt":"2020-05-27T07:49:46","slug":"fadma-suffragette-de-latlas","status":"publish","type":"post","link":"https:\/\/w-l-c.be\/fr\/fadma-suffragette-de-latlas\/","title":{"rendered":"Fadma, suffragette de l&rsquo;Atlas"},"content":{"rendered":"<p class=\"p1\"><span class=\"s1\"><b><i>Fadma, m\u00eame les fourmis ont des ailes<\/i>, le nouveau documentaire de Jawad Rhalib (<i>Au temps o\u00f9 les Arabes dansaient, Insoumise, Les Damn\u00e9s de la mer<\/i>), est pr\u00e9sent\u00e9 en comp\u00e9tition dans la section International Spectrum au festival de documentaire canadien Hotdocs, qui se tiendra cette ann\u00e9e en ligne \u00e0 partir du 28 mai. Le film suit la qu\u00eate d\u2019\u00e9mancipation des femmes d\u2019un petit douar du Haut-Atlas, men\u00e9e par Fadma, citadine de retour au village pour les vacances. <\/b><\/span><\/p>\n<p>Dans <em>Au temps o\u00f9 les Arabes dansaient<\/em>, Jawad Rhalib revenait sur l\u2019amour des arts, et de la danse et de la musique en particulier des cultures arabes, un amour obscurci aujourd\u2019hui par la prise de pouvoir des fanatiques et des fondamentalistes. Avec <em>Fadma<\/em>, il observe une soci\u00e9t\u00e9 marocaine en mutation, jusqu&rsquo;au fin fond d&rsquo;un petit village de l&rsquo;Atlas.<\/p>\n<p class=\"p1\"><span class=\"s1\">Dans un village perch\u00e9, une petite communaut\u00e9 vaque \u00e0 ses occupations quotidiennes. Les femmes lavent, rangent, cuisinent, \u00e9l\u00e8vent les enfants, s\u2019occupent des animaux. Les hommes labourent, cultivent, font la sieste, entretiennent les champs, vont au caf\u00e9. Deux fois par jour, les femmes descendent \u00e0 la source chercher de l\u2019eau pour le village. L\u2019aller se fait au son des discussions vives et enjou\u00e9es. L\u2019ascension du retour est rythm\u00e9e par le souffle court et \u00e9prouv\u00e9 des femmes. C\u2019est une vraie \u00e9preuve physique. Au plus fort de l\u2019effort, on ressent avec elles le besoin d\u2019une pause, de reprendre son souffle et ses esprits.<\/span><\/p>\n<p><img loading=\"lazy\" decoding=\"async\" class=\"alignnone size-large wp-image-228828\" src=\"https:\/\/www.cinevox.be\/wp-content\/uploads\/2020\/05\/Fadma_2-800x450.jpg\" alt=\"Fadma-Jawad-Rhalib\" width=\"618\" height=\"348\" srcset=\"https:\/\/w-l-c.be\/wp-content\/uploads\/2020\/05\/Fadma_2-800x450.jpg 800w, https:\/\/w-l-c.be\/wp-content\/uploads\/2020\/05\/Fadma_2-480x270.jpg 480w, https:\/\/w-l-c.be\/wp-content\/uploads\/2020\/05\/Fadma_2-200x113.jpg 200w, https:\/\/w-l-c.be\/wp-content\/uploads\/2020\/05\/Fadma_2-768x432.jpg 768w, https:\/\/w-l-c.be\/wp-content\/uploads\/2020\/05\/Fadma_2-599x337.jpg 599w, https:\/\/w-l-c.be\/wp-content\/uploads\/2020\/05\/Fadma_2.jpg 900w\" sizes=\"auto, (max-width: 618px) 100vw, 618px\" \/><\/p>\n<p class=\"p1\"><span class=\"s1\">En haut, les hommes attendent. Les hommes, et Fadma. Fadma ressemble beaucoup aux autres femmes, rien ne la distingue \u00e0 premi\u00e8re vue. Mais Fadma vit \u00e0 Casablanca, avec son mari et sa fille. Elle revient au village pour les vacances. Et ce qu\u2019elle vient chercher elle, c\u2019est du repos, pas question de s\u2019atteler aux t\u00e2ches harassantes de ses cong\u00e9n\u00e8res. D\u2019autant qu\u2019elle trouve que les hommes pourraient bien eux aussi prendre leur part dans l\u2019acheminement de l\u2019eau, qui semble bien peu les inqui\u00e9ter. Ou mieux encore, trouver un moyen d\u2019amener l\u2019eau jusqu\u2019au village. <\/span><\/p>\n<p class=\"p1\"><span class=\"s1\">En quelques jours \u00e0 peine, Fadma s\u00e8me le trouble dans la communaut\u00e9. Le cin\u00e9aste dresse le portrait d\u2019une agitatrice, qui vient \u00e9branler les fondations d\u2019un syst\u00e8me s\u00e9culaire. Elle parle aux femmes et les fait parler. Qui fait quoi dans le village? Aident-elles les hommes dans leurs travaux agraires? Contribuent-elles \u00e0 prendre soin des animaux? Ont-elles exclusivement la charge de l\u2019entretien du foyer et de la famille? Et quand les hommes font la sieste, elles, que font-elles? L\u2019in\u00e9quit\u00e9 du partage des t\u00e2ches leur saute aux yeux, mais il va falloir maintenant ouvrir un dialogue difficile entre les hommes et les femmes du village. Fadma en prend l\u2019initiative, et invite son \u00e9poux, qui la soutient dans leur appartement de Casablanca, \u00e0 appuyer sa d\u00e9marche. Mais celui-ci craint le regard de ses fr\u00e8res. Il la pr\u00e9vient: <i>\u00ab\u00a0On n\u2019est pas en Su\u00e8de ici.\u00a0\u00bb<\/i> <\/span><\/p>\n<p><img loading=\"lazy\" decoding=\"async\" class=\"alignnone size-large wp-image-228830\" src=\"https:\/\/www.cinevox.be\/wp-content\/uploads\/2020\/05\/Fadma_4-800x450.jpg\" alt=\"Fadma-Jawad-Rhalib\" width=\"618\" height=\"348\" srcset=\"https:\/\/w-l-c.be\/wp-content\/uploads\/2020\/05\/Fadma_4-800x450.jpg 800w, https:\/\/w-l-c.be\/wp-content\/uploads\/2020\/05\/Fadma_4-480x270.jpg 480w, https:\/\/w-l-c.be\/wp-content\/uploads\/2020\/05\/Fadma_4-200x113.jpg 200w, https:\/\/w-l-c.be\/wp-content\/uploads\/2020\/05\/Fadma_4-768x432.jpg 768w, https:\/\/w-l-c.be\/wp-content\/uploads\/2020\/05\/Fadma_4-599x337.jpg 599w, https:\/\/w-l-c.be\/wp-content\/uploads\/2020\/05\/Fadma_4.jpg 900w\" sizes=\"auto, (max-width: 618px) 100vw, 618px\" \/><\/p>\n<p class=\"p1\"><span class=\"s1\"><i>\u00ab\u00a0La femme n\u2019est pas l\u2019\u00e9gale de l\u2019homme, c\u2019est comme \u00e7a chez nous.\u00a0\u00bb<\/i> Quand le dialogue \u00e9choue, les femmes prennent une d\u00e9cision forte. Elles font la gr\u00e8ve de la cuisine, une gr\u00e8ve qui sonne aux oreilles des hommes comme une d\u00e9claration de guerre. Alors ils pr\u00e9f\u00e8rent mal manger que c\u00e9der, ce qui fait les affaires du cafetier du village. Mais la situation ne peut pas tenir, et au fil des jours, hommes et femmes comprennent qu\u2019il va falloir faire des concessions pour se retrouver sur un accord final. Les derni\u00e8res discussions se font \u00e0 huis clos. Est-ce que Fadma et son mari obtiendront gain de cause? Et surtout, que pourront-ils bien demander l\u2019ann\u00e9e prochaine?<span class=\"Apple-converted-space\">\u00a0 <\/span><\/span><\/p>\n<p class=\"p1\"><span class=\"s1\">Jawad Rhalib d\u00e9peint avec avec humour et acuit\u00e9 cette guerre des sexes dans l\u2019Atlas. Il faut dire que son h\u00e9ro\u00efne Fadma a le verbe haut et le sens de la formule. Elle ne s\u2019en laisse raconter ni par son mari, ni par les hommes du village, ni m\u00eame par les autres femmes bien timor\u00e9es \u00e0 son go\u00fbt. Cette plong\u00e9e le temps de quelques semaines dans les arcanes d\u2019un village en \u00e9bullition offre un regard ac\u00e9r\u00e9 sur une soci\u00e9t\u00e9 marocaine en pleine mutation, jusqu\u2019au fin fond d\u2019un douar du Haut Atlas. Avec un certain flegme mais une vraie d\u00e9termination, Fadma s\u2019impose comme une h\u00e9ro\u00efne \u00e9mancipatrice actrice d\u2019un changement salutaire, et qui surtout, met en mouvement toute communaut\u00e9. <\/span><\/p>\n<p class=\"p1\"><span class=\"s1\"><i>Fadma, m\u00eame les fourmis ont des ailes<\/i> est produit par Kristin Migeotte pour R&amp;R Productions, et corrodait par Hassan Benjelloun pour Bentaqerla (Maroc).<\/span><\/p>\n","protected":false},"excerpt":{"rendered":"<p>Fadma, m\u00eame les fourmis ont des ailes, le nouveau documentaire de Jawad Rhalib (Au temps o\u00f9 les Arabes dansaient, Insoumise, Les Damn\u00e9s de la mer), est pr\u00e9sent\u00e9 en comp\u00e9tition dans la section International Spectrum au festival de documentaire canadien Hotdocs, qui se tiendra cette ann\u00e9e en ligne \u00e0 partir du 28 mai. Le film suit &hellip;<\/p>\n","protected":false},"author":343,"featured_media":228826,"comment_status":"closed","ping_status":"closed","sticky":false,"template":"","format":"standard","meta":{"ngg_post_thumbnail":0,"footnotes":""},"categories":[10],"tags":[4963,1937,4187],"class_list":["post-228822","post","type-post","status-publish","format-standard","has-post-thumbnail","","category-a-l-affiche","tag-fadma","tag-jawad-rhalib","tag-newsletter-fr"],"yoast_head":"<!-- This site is optimized with the Yoast SEO plugin v20.4 - https:\/\/yoast.com\/wordpress\/plugins\/seo\/ -->\n<title>Fadma, suffragette de l&#039;Atlas - w-l-c<\/title>\n<meta name=\"robots\" content=\"noindex, follow, max-snippet:-1, max-image-preview:large, max-video-preview:-1\" \/>\n<meta property=\"og:locale\" content=\"fr_FR\" \/>\n<meta property=\"og:type\" content=\"article\" \/>\n<meta property=\"og:title\" content=\"Fadma, suffragette de l&#039;Atlas - w-l-c\" \/>\n<meta property=\"og:description\" content=\"Fadma, m\u00eame les fourmis ont des ailes, le nouveau documentaire de Jawad Rhalib (Au temps o\u00f9 les Arabes dansaient, Insoumise, Les Damn\u00e9s de la mer), est pr\u00e9sent\u00e9 en comp\u00e9tition dans la section International Spectrum au festival de documentaire canadien Hotdocs, qui se tiendra cette ann\u00e9e en ligne \u00e0 partir du 28 mai. Le film suit &hellip;\" \/>\n<meta property=\"og:url\" content=\"https:\/\/w-l-c.be\/fr\/fadma-suffragette-de-latlas\/\" \/>\n<meta property=\"og:site_name\" content=\"w-l-c\" \/>\n<meta property=\"article:published_time\" content=\"2020-05-26T10:22:32+00:00\" \/>\n<meta property=\"article:modified_time\" content=\"2020-05-27T07:49:46+00:00\" \/>\n<meta property=\"og:image\" content=\"https:\/\/w-l-c.be\/wp-content\/uploads\/2020\/05\/Fadma_3.jpg\" \/>\n\t<meta property=\"og:image:width\" content=\"900\" \/>\n\t<meta property=\"og:image:height\" content=\"506\" \/>\n\t<meta property=\"og:image:type\" content=\"image\/jpeg\" \/>\n<meta name=\"author\" content=\"Aurore Engelen\" \/>\n<meta name=\"twitter:card\" content=\"summary_large_image\" \/>\n<meta name=\"twitter:label1\" content=\"\u00c9crit par\" \/>\n\t<meta name=\"twitter:data1\" content=\"Aurore Engelen\" \/>\n\t<meta name=\"twitter:label2\" content=\"Dur\u00e9e de lecture estim\u00e9e\" \/>\n\t<meta name=\"twitter:data2\" content=\"4 minutes\" \/>\n<script type=\"application\/ld+json\" class=\"yoast-schema-graph\">{\"@context\":\"https:\/\/schema.org\",\"@graph\":[{\"@type\":\"WebPage\",\"@id\":\"https:\/\/w-l-c.be\/fr\/fadma-suffragette-de-latlas\/\",\"url\":\"https:\/\/w-l-c.be\/fr\/fadma-suffragette-de-latlas\/\",\"name\":\"Fadma, suffragette de l'Atlas - w-l-c\",\"isPartOf\":{\"@id\":\"https:\/\/w-l-c.be\/fr\/#website\"},\"datePublished\":\"2020-05-26T10:22:32+00:00\",\"dateModified\":\"2020-05-27T07:49:46+00:00\",\"author\":{\"@id\":\"https:\/\/w-l-c.be\/fr\/#\/schema\/person\/8084b68c6b176142d073695c654dc7cf\"},\"breadcrumb\":{\"@id\":\"https:\/\/w-l-c.be\/fr\/fadma-suffragette-de-latlas\/#breadcrumb\"},\"inLanguage\":\"fr-FR\",\"potentialAction\":[{\"@type\":\"ReadAction\",\"target\":[\"https:\/\/w-l-c.be\/fr\/fadma-suffragette-de-latlas\/\"]}]},{\"@type\":\"BreadcrumbList\",\"@id\":\"https:\/\/w-l-c.be\/fr\/fadma-suffragette-de-latlas\/#breadcrumb\",\"itemListElement\":[{\"@type\":\"ListItem\",\"position\":1,\"name\":\"Accueil\",\"item\":\"https:\/\/w-l-c.be\/fr\/\"},{\"@type\":\"ListItem\",\"position\":2,\"name\":\"Fadma, suffragette de l&rsquo;Atlas\"}]},{\"@type\":\"WebSite\",\"@id\":\"https:\/\/w-l-c.be\/fr\/#website\",\"url\":\"https:\/\/w-l-c.be\/fr\/\",\"name\":\"w-l-c\",\"description\":\"Le cin\u00e9ma vu par les belges\",\"potentialAction\":[{\"@type\":\"SearchAction\",\"target\":{\"@type\":\"EntryPoint\",\"urlTemplate\":\"https:\/\/w-l-c.be\/fr\/?s={search_term_string}\"},\"query-input\":\"required name=search_term_string\"}],\"inLanguage\":\"fr-FR\"},{\"@type\":\"Person\",\"@id\":\"https:\/\/w-l-c.be\/fr\/#\/schema\/person\/8084b68c6b176142d073695c654dc7cf\",\"name\":\"Aurore Engelen\",\"url\":\"https:\/\/w-l-c.be\/fr\/author\/aurore-engelen\/\"}]}<\/script>\n<!-- \/ Yoast SEO plugin. -->","yoast_head_json":{"title":"Fadma, suffragette de l'Atlas - w-l-c","robots":{"index":"noindex","follow":"follow","max-snippet":"max-snippet:-1","max-image-preview":"max-image-preview:large","max-video-preview":"max-video-preview:-1"},"og_locale":"fr_FR","og_type":"article","og_title":"Fadma, suffragette de l'Atlas - w-l-c","og_description":"Fadma, m\u00eame les fourmis ont des ailes, le nouveau documentaire de Jawad Rhalib (Au temps o\u00f9 les Arabes dansaient, Insoumise, Les Damn\u00e9s de la mer), est pr\u00e9sent\u00e9 en comp\u00e9tition dans la section International Spectrum au festival de documentaire canadien Hotdocs, qui se tiendra cette ann\u00e9e en ligne \u00e0 partir du 28 mai. Le film suit &hellip;","og_url":"https:\/\/w-l-c.be\/fr\/fadma-suffragette-de-latlas\/","og_site_name":"w-l-c","article_published_time":"2020-05-26T10:22:32+00:00","article_modified_time":"2020-05-27T07:49:46+00:00","og_image":[{"width":900,"height":506,"url":"https:\/\/w-l-c.be\/wp-content\/uploads\/2020\/05\/Fadma_3.jpg","type":"image\/jpeg"}],"author":"Aurore Engelen","twitter_card":"summary_large_image","twitter_misc":{"\u00c9crit par":"Aurore Engelen","Dur\u00e9e de lecture estim\u00e9e":"4 minutes"},"schema":{"@context":"https:\/\/schema.org","@graph":[{"@type":"WebPage","@id":"https:\/\/w-l-c.be\/fr\/fadma-suffragette-de-latlas\/","url":"https:\/\/w-l-c.be\/fr\/fadma-suffragette-de-latlas\/","name":"Fadma, suffragette de l'Atlas - w-l-c","isPartOf":{"@id":"https:\/\/w-l-c.be\/fr\/#website"},"datePublished":"2020-05-26T10:22:32+00:00","dateModified":"2020-05-27T07:49:46+00:00","author":{"@id":"https:\/\/w-l-c.be\/fr\/#\/schema\/person\/8084b68c6b176142d073695c654dc7cf"},"breadcrumb":{"@id":"https:\/\/w-l-c.be\/fr\/fadma-suffragette-de-latlas\/#breadcrumb"},"inLanguage":"fr-FR","potentialAction":[{"@type":"ReadAction","target":["https:\/\/w-l-c.be\/fr\/fadma-suffragette-de-latlas\/"]}]},{"@type":"BreadcrumbList","@id":"https:\/\/w-l-c.be\/fr\/fadma-suffragette-de-latlas\/#breadcrumb","itemListElement":[{"@type":"ListItem","position":1,"name":"Accueil","item":"https:\/\/w-l-c.be\/fr\/"},{"@type":"ListItem","position":2,"name":"Fadma, suffragette de l&rsquo;Atlas"}]},{"@type":"WebSite","@id":"https:\/\/w-l-c.be\/fr\/#website","url":"https:\/\/w-l-c.be\/fr\/","name":"w-l-c","description":"Le cin\u00e9ma vu par les belges","potentialAction":[{"@type":"SearchAction","target":{"@type":"EntryPoint","urlTemplate":"https:\/\/w-l-c.be\/fr\/?s={search_term_string}"},"query-input":"required name=search_term_string"}],"inLanguage":"fr-FR"},{"@type":"Person","@id":"https:\/\/w-l-c.be\/fr\/#\/schema\/person\/8084b68c6b176142d073695c654dc7cf","name":"Aurore Engelen","url":"https:\/\/w-l-c.be\/fr\/author\/aurore-engelen\/"}]}},"_links":{"self":[{"href":"https:\/\/w-l-c.be\/fr\/wp-json\/wp\/v2\/posts\/228822","targetHints":{"allow":["GET"]}}],"collection":[{"href":"https:\/\/w-l-c.be\/fr\/wp-json\/wp\/v2\/posts"}],"about":[{"href":"https:\/\/w-l-c.be\/fr\/wp-json\/wp\/v2\/types\/post"}],"author":[{"embeddable":true,"href":"https:\/\/w-l-c.be\/fr\/wp-json\/wp\/v2\/users\/343"}],"replies":[{"embeddable":true,"href":"https:\/\/w-l-c.be\/fr\/wp-json\/wp\/v2\/comments?post=228822"}],"version-history":[{"count":0,"href":"https:\/\/w-l-c.be\/fr\/wp-json\/wp\/v2\/posts\/228822\/revisions"}],"wp:featuredmedia":[{"embeddable":true,"href":"https:\/\/w-l-c.be\/fr\/wp-json\/wp\/v2\/media\/228826"}],"wp:attachment":[{"href":"https:\/\/w-l-c.be\/fr\/wp-json\/wp\/v2\/media?parent=228822"}],"wp:term":[{"taxonomy":"category","embeddable":true,"href":"https:\/\/w-l-c.be\/fr\/wp-json\/wp\/v2\/categories?post=228822"},{"taxonomy":"post_tag","embeddable":true,"href":"https:\/\/w-l-c.be\/fr\/wp-json\/wp\/v2\/tags?post=228822"}],"curies":[{"name":"wp","href":"https:\/\/api.w.org\/{rel}","templated":true}]}}