
{"id":228824,"date":"2020-05-26T10:51:56","date_gmt":"2020-05-26T08:51:56","guid":{"rendered":"https:\/\/www.cinevox.be\/?p=228824"},"modified":"2020-05-26T10:52:39","modified_gmt":"2020-05-26T08:52:39","slug":"casting-long-metrage-entre-la-vie-et-la-mort","status":"publish","type":"post","link":"https:\/\/w-l-c.be\/fr\/casting-long-metrage-entre-la-vie-et-la-mort\/","title":{"rendered":"Casting long m\u00e9trage, \u00ab\u00a0Entre la vie et la mort\u00a0\u00bb"},"content":{"rendered":"<p><strong>Pour le prochain film de Giordano Gederlini <em>Entre la vie et la mort<\/em> produit par Frakas Productions dont le tournage aura lieu en ao\u00fbt et septembre 2020,<\/strong><\/p>\n<p>Mcasting recherche en Belgique:<\/p>\n<div class=\"text_exposed_show\">\n<ul>\n<li>Jeunes femmes d\u2019origines maghr\u00e9bine et subsaharienne entre 18 et 25 ans.<\/li>\n<li>Jeunes hommes d\u2019origines maghr\u00e9bine et subsaharienne de pr\u00e9f\u00e9rence d\u00e9tenteur d\u2019un permis MOTO entre 20 et 30 ans.<\/li>\n<li>Homme d\u2019origine subsaharienne entre 30 et 45 ans au physique athl\u00e9tique et pratiquant les arts martiaux.<\/li>\n<\/ul>\n<p>Merci d&rsquo;envoyer votre candidature \u00e0 l\u2019adresse: vie@mcasting.be<\/p>\n<p>Si votre profil correspond aux recherches du r\u00e9alisateur, nous vous contacterons pour une \u00e9tape de casting ult\u00e9rieure.<\/p>\n<\/div>\n","protected":false},"excerpt":{"rendered":"<p>Pour le prochain film de Giordano Gederlini Entre la vie et la mort produit par Frakas Productions dont le tournage aura lieu en ao\u00fbt et septembre 2020, Mcasting recherche en Belgique: Jeunes femmes d\u2019origines maghr\u00e9bine et subsaharienne entre 18 et 25 ans. Jeunes hommes d\u2019origines maghr\u00e9bine et subsaharienne de pr\u00e9f\u00e9rence d\u00e9tenteur d\u2019un permis MOTO entre &hellip;<\/p>\n","protected":false},"author":343,"featured_media":210916,"comment_status":"closed","ping_status":"closed","sticky":false,"template":"","format":"standard","meta":{"ngg_post_thumbnail":0,"footnotes":""},"categories":[20],"tags":[],"class_list":["post-228824","post","type-post","status-publish","format-standard","has-post-thumbnail","","category-cinejobs"],"yoast_head":"<!-- This site is optimized with the Yoast SEO plugin v20.4 - https:\/\/yoast.com\/wordpress\/plugins\/seo\/ -->\n<title>Casting long m\u00e9trage, &quot;Entre la vie et la mort&quot; - w-l-c<\/title>\n<meta name=\"robots\" content=\"noindex, follow, max-snippet:-1, max-image-preview:large, max-video-preview:-1\" \/>\n<meta property=\"og:locale\" content=\"fr_FR\" \/>\n<meta property=\"og:type\" content=\"article\" \/>\n<meta property=\"og:title\" content=\"Casting long m\u00e9trage, &quot;Entre la vie et la mort&quot; - w-l-c\" \/>\n<meta property=\"og:description\" content=\"Pour le prochain film de Giordano Gederlini Entre la vie et la mort produit par Frakas Productions dont le tournage aura lieu en ao\u00fbt et septembre 2020, Mcasting recherche en Belgique: Jeunes femmes d\u2019origines maghr\u00e9bine et subsaharienne entre 18 et 25 ans. Jeunes hommes d\u2019origines maghr\u00e9bine et subsaharienne de pr\u00e9f\u00e9rence d\u00e9tenteur d\u2019un permis MOTO entre &hellip;\" \/>\n<meta property=\"og:url\" content=\"https:\/\/w-l-c.be\/fr\/casting-long-metrage-entre-la-vie-et-la-mort\/\" \/>\n<meta property=\"og:site_name\" content=\"w-l-c\" \/>\n<meta property=\"article:published_time\" content=\"2020-05-26T08:51:56+00:00\" \/>\n<meta property=\"article:modified_time\" content=\"2020-05-26T08:52:39+00:00\" \/>\n<meta property=\"og:image\" content=\"https:\/\/w-l-c.be\/wp-content\/uploads\/2018\/06\/Casting.jpg\" \/>\n\t<meta property=\"og:image:width\" content=\"1024\" \/>\n\t<meta property=\"og:image:height\" content=\"512\" \/>\n\t<meta property=\"og:image:type\" content=\"image\/jpeg\" \/>\n<meta name=\"author\" content=\"Aurore Engelen\" \/>\n<meta name=\"twitter:card\" content=\"summary_large_image\" \/>\n<meta name=\"twitter:label1\" content=\"\u00c9crit par\" \/>\n\t<meta name=\"twitter:data1\" content=\"Aurore Engelen\" \/>\n\t<meta name=\"twitter:label2\" content=\"Dur\u00e9e de lecture estim\u00e9e\" \/>\n\t<meta name=\"twitter:data2\" content=\"1 minute\" \/>\n<script type=\"application\/ld+json\" class=\"yoast-schema-graph\">{\"@context\":\"https:\/\/schema.org\",\"@graph\":[{\"@type\":\"WebPage\",\"@id\":\"https:\/\/w-l-c.be\/fr\/casting-long-metrage-entre-la-vie-et-la-mort\/\",\"url\":\"https:\/\/w-l-c.be\/fr\/casting-long-metrage-entre-la-vie-et-la-mort\/\",\"name\":\"Casting long m\u00e9trage, \\\"Entre la vie et la mort\\\" - w-l-c\",\"isPartOf\":{\"@id\":\"https:\/\/w-l-c.be\/fr\/#website\"},\"datePublished\":\"2020-05-26T08:51:56+00:00\",\"dateModified\":\"2020-05-26T08:52:39+00:00\",\"author\":{\"@id\":\"https:\/\/w-l-c.be\/fr\/#\/schema\/person\/8084b68c6b176142d073695c654dc7cf\"},\"breadcrumb\":{\"@id\":\"https:\/\/w-l-c.be\/fr\/casting-long-metrage-entre-la-vie-et-la-mort\/#breadcrumb\"},\"inLanguage\":\"fr-FR\",\"potentialAction\":[{\"@type\":\"ReadAction\",\"target\":[\"https:\/\/w-l-c.be\/fr\/casting-long-metrage-entre-la-vie-et-la-mort\/\"]}]},{\"@type\":\"BreadcrumbList\",\"@id\":\"https:\/\/w-l-c.be\/fr\/casting-long-metrage-entre-la-vie-et-la-mort\/#breadcrumb\",\"itemListElement\":[{\"@type\":\"ListItem\",\"position\":1,\"name\":\"Accueil\",\"item\":\"https:\/\/w-l-c.be\/fr\/\"},{\"@type\":\"ListItem\",\"position\":2,\"name\":\"Casting long m\u00e9trage, \u00ab\u00a0Entre la vie et la mort\u00a0\u00bb\"}]},{\"@type\":\"WebSite\",\"@id\":\"https:\/\/w-l-c.be\/fr\/#website\",\"url\":\"https:\/\/w-l-c.be\/fr\/\",\"name\":\"w-l-c\",\"description\":\"Le cin\u00e9ma vu par les belges\",\"potentialAction\":[{\"@type\":\"SearchAction\",\"target\":{\"@type\":\"EntryPoint\",\"urlTemplate\":\"https:\/\/w-l-c.be\/fr\/?s={search_term_string}\"},\"query-input\":\"required name=search_term_string\"}],\"inLanguage\":\"fr-FR\"},{\"@type\":\"Person\",\"@id\":\"https:\/\/w-l-c.be\/fr\/#\/schema\/person\/8084b68c6b176142d073695c654dc7cf\",\"name\":\"Aurore Engelen\",\"url\":\"https:\/\/w-l-c.be\/fr\/author\/aurore-engelen\/\"}]}<\/script>\n<!-- \/ Yoast SEO plugin. -->","yoast_head_json":{"title":"Casting long m\u00e9trage, \"Entre la vie et la mort\" - w-l-c","robots":{"index":"noindex","follow":"follow","max-snippet":"max-snippet:-1","max-image-preview":"max-image-preview:large","max-video-preview":"max-video-preview:-1"},"og_locale":"fr_FR","og_type":"article","og_title":"Casting long m\u00e9trage, \"Entre la vie et la mort\" - w-l-c","og_description":"Pour le prochain film de Giordano Gederlini Entre la vie et la mort produit par Frakas Productions dont le tournage aura lieu en ao\u00fbt et septembre 2020, Mcasting recherche en Belgique: Jeunes femmes d\u2019origines maghr\u00e9bine et subsaharienne entre 18 et 25 ans. Jeunes hommes d\u2019origines maghr\u00e9bine et subsaharienne de pr\u00e9f\u00e9rence d\u00e9tenteur d\u2019un permis MOTO entre &hellip;","og_url":"https:\/\/w-l-c.be\/fr\/casting-long-metrage-entre-la-vie-et-la-mort\/","og_site_name":"w-l-c","article_published_time":"2020-05-26T08:51:56+00:00","article_modified_time":"2020-05-26T08:52:39+00:00","og_image":[{"width":1024,"height":512,"url":"https:\/\/w-l-c.be\/wp-content\/uploads\/2018\/06\/Casting.jpg","type":"image\/jpeg"}],"author":"Aurore Engelen","twitter_card":"summary_large_image","twitter_misc":{"\u00c9crit par":"Aurore Engelen","Dur\u00e9e de lecture estim\u00e9e":"1 minute"},"schema":{"@context":"https:\/\/schema.org","@graph":[{"@type":"WebPage","@id":"https:\/\/w-l-c.be\/fr\/casting-long-metrage-entre-la-vie-et-la-mort\/","url":"https:\/\/w-l-c.be\/fr\/casting-long-metrage-entre-la-vie-et-la-mort\/","name":"Casting long m\u00e9trage, \"Entre la vie et la mort\" - w-l-c","isPartOf":{"@id":"https:\/\/w-l-c.be\/fr\/#website"},"datePublished":"2020-05-26T08:51:56+00:00","dateModified":"2020-05-26T08:52:39+00:00","author":{"@id":"https:\/\/w-l-c.be\/fr\/#\/schema\/person\/8084b68c6b176142d073695c654dc7cf"},"breadcrumb":{"@id":"https:\/\/w-l-c.be\/fr\/casting-long-metrage-entre-la-vie-et-la-mort\/#breadcrumb"},"inLanguage":"fr-FR","potentialAction":[{"@type":"ReadAction","target":["https:\/\/w-l-c.be\/fr\/casting-long-metrage-entre-la-vie-et-la-mort\/"]}]},{"@type":"BreadcrumbList","@id":"https:\/\/w-l-c.be\/fr\/casting-long-metrage-entre-la-vie-et-la-mort\/#breadcrumb","itemListElement":[{"@type":"ListItem","position":1,"name":"Accueil","item":"https:\/\/w-l-c.be\/fr\/"},{"@type":"ListItem","position":2,"name":"Casting long m\u00e9trage, \u00ab\u00a0Entre la vie et la mort\u00a0\u00bb"}]},{"@type":"WebSite","@id":"https:\/\/w-l-c.be\/fr\/#website","url":"https:\/\/w-l-c.be\/fr\/","name":"w-l-c","description":"Le cin\u00e9ma vu par les belges","potentialAction":[{"@type":"SearchAction","target":{"@type":"EntryPoint","urlTemplate":"https:\/\/w-l-c.be\/fr\/?s={search_term_string}"},"query-input":"required name=search_term_string"}],"inLanguage":"fr-FR"},{"@type":"Person","@id":"https:\/\/w-l-c.be\/fr\/#\/schema\/person\/8084b68c6b176142d073695c654dc7cf","name":"Aurore Engelen","url":"https:\/\/w-l-c.be\/fr\/author\/aurore-engelen\/"}]}},"_links":{"self":[{"href":"https:\/\/w-l-c.be\/fr\/wp-json\/wp\/v2\/posts\/228824","targetHints":{"allow":["GET"]}}],"collection":[{"href":"https:\/\/w-l-c.be\/fr\/wp-json\/wp\/v2\/posts"}],"about":[{"href":"https:\/\/w-l-c.be\/fr\/wp-json\/wp\/v2\/types\/post"}],"author":[{"embeddable":true,"href":"https:\/\/w-l-c.be\/fr\/wp-json\/wp\/v2\/users\/343"}],"replies":[{"embeddable":true,"href":"https:\/\/w-l-c.be\/fr\/wp-json\/wp\/v2\/comments?post=228824"}],"version-history":[{"count":0,"href":"https:\/\/w-l-c.be\/fr\/wp-json\/wp\/v2\/posts\/228824\/revisions"}],"wp:featuredmedia":[{"embeddable":true,"href":"https:\/\/w-l-c.be\/fr\/wp-json\/wp\/v2\/media\/210916"}],"wp:attachment":[{"href":"https:\/\/w-l-c.be\/fr\/wp-json\/wp\/v2\/media?parent=228824"}],"wp:term":[{"taxonomy":"category","embeddable":true,"href":"https:\/\/w-l-c.be\/fr\/wp-json\/wp\/v2\/categories?post=228824"},{"taxonomy":"post_tag","embeddable":true,"href":"https:\/\/w-l-c.be\/fr\/wp-json\/wp\/v2\/tags?post=228824"}],"curies":[{"name":"wp","href":"https:\/\/api.w.org\/{rel}","templated":true}]}}