
{"id":230797,"date":"2020-08-17T11:21:03","date_gmt":"2020-08-17T09:21:03","guid":{"rendered":"https:\/\/www.cinevox.be\/?p=230797"},"modified":"2020-08-17T11:21:03","modified_gmt":"2020-08-17T09:21:03","slug":"le-court-du-lundi-demain-est-un-autre-jour-de-sophie-halperin","status":"publish","type":"post","link":"https:\/\/w-l-c.be\/fr\/le-court-du-lundi-demain-est-un-autre-jour-de-sophie-halperin\/","title":{"rendered":"Le court du lundi: \u00ab\u00a0Demain est un autre jour\u00a0\u00bb de Sophie Halp\u00e9rin"},"content":{"rendered":"<p><strong>Le court du lundi cette semaine, \u00e0 retrouver d\u00e8s 23h30 sur La Deux, est <em>Demain est un autre jour<\/em> de Sophie Halp\u00e9rin.<\/strong><\/p>\n<hr \/>\n<h4><em>Demain est un autre jour<\/em> de Sophie Halp\u00e9rin<\/h4>\n<p><em>Avec Jessica Fanhan<\/em><\/p>\n<p>Bruxelles, une jeune musicienne travaille comme surveillante dans une \u00e9cole pour boucler ses fins de mois.<\/p>\n<p><img loading=\"lazy\" decoding=\"async\" class=\"alignnone size-large wp-image-224173\" src=\"https:\/\/www.cinevox.be\/wp-content\/uploads\/2019\/10\/Demain-ets-un-autre-jour-800x450.jpg\" alt=\"Demain-est-un-autre-jour\" width=\"618\" height=\"348\" srcset=\"https:\/\/w-l-c.be\/wp-content\/uploads\/2019\/10\/Demain-ets-un-autre-jour-800x450.jpg 800w, https:\/\/w-l-c.be\/wp-content\/uploads\/2019\/10\/Demain-ets-un-autre-jour-200x113.jpg 200w, https:\/\/w-l-c.be\/wp-content\/uploads\/2019\/10\/Demain-ets-un-autre-jour-480x270.jpg 480w, https:\/\/w-l-c.be\/wp-content\/uploads\/2019\/10\/Demain-ets-un-autre-jour-768x432.jpg 768w, https:\/\/w-l-c.be\/wp-content\/uploads\/2019\/10\/Demain-ets-un-autre-jour-599x337.jpg 599w, https:\/\/w-l-c.be\/wp-content\/uploads\/2019\/10\/Demain-ets-un-autre-jour.jpg 2048w\" sizes=\"auto, (max-width: 618px) 100vw, 618px\" \/><\/p>\n","protected":false},"excerpt":{"rendered":"<p>Le court du lundi cette semaine, \u00e0 retrouver d\u00e8s 23h30 sur La Deux, est Demain est un autre jour de Sophie Halp\u00e9rin. Demain est un autre jour de Sophie Halp\u00e9rin Avec Jessica Fanhan Bruxelles, une jeune musicienne travaille comme surveillante dans une \u00e9cole pour boucler ses fins de mois.<\/p>\n","protected":false},"author":343,"featured_media":230798,"comment_status":"closed","ping_status":"closed","sticky":false,"template":"","format":"standard","meta":{"ngg_post_thumbnail":0,"footnotes":""},"categories":[14],"tags":[],"class_list":["post-230797","post","type-post","status-publish","format-standard","has-post-thumbnail","","category-home-cinema"],"yoast_head":"<!-- This site is optimized with the Yoast SEO plugin v20.4 - https:\/\/yoast.com\/wordpress\/plugins\/seo\/ -->\n<title>Le court du lundi: &quot;Demain est un autre jour&quot; de Sophie Halp\u00e9rin - w-l-c<\/title>\n<meta name=\"robots\" content=\"noindex, follow, max-snippet:-1, max-image-preview:large, max-video-preview:-1\" \/>\n<meta property=\"og:locale\" content=\"fr_FR\" \/>\n<meta property=\"og:type\" content=\"article\" \/>\n<meta property=\"og:title\" content=\"Le court du lundi: &quot;Demain est un autre jour&quot; de Sophie Halp\u00e9rin - w-l-c\" \/>\n<meta property=\"og:description\" content=\"Le court du lundi cette semaine, \u00e0 retrouver d\u00e8s 23h30 sur La Deux, est Demain est un autre jour de Sophie Halp\u00e9rin. Demain est un autre jour de Sophie Halp\u00e9rin Avec Jessica Fanhan Bruxelles, une jeune musicienne travaille comme surveillante dans une \u00e9cole pour boucler ses fins de mois.\" \/>\n<meta property=\"og:url\" content=\"https:\/\/w-l-c.be\/fr\/le-court-du-lundi-demain-est-un-autre-jour-de-sophie-halperin\/\" \/>\n<meta property=\"og:site_name\" content=\"w-l-c\" \/>\n<meta property=\"article:published_time\" content=\"2020-08-17T09:21:03+00:00\" \/>\n<meta property=\"og:image\" content=\"https:\/\/w-l-c.be\/wp-content\/uploads\/2020\/08\/18-FFE-HALPERIN-03.jpg\" \/>\n\t<meta property=\"og:image:width\" content=\"2048\" \/>\n\t<meta property=\"og:image:height\" content=\"1152\" \/>\n\t<meta property=\"og:image:type\" content=\"image\/jpeg\" \/>\n<meta name=\"author\" content=\"Aurore Engelen\" \/>\n<meta name=\"twitter:card\" content=\"summary_large_image\" \/>\n<meta name=\"twitter:label1\" content=\"\u00c9crit par\" \/>\n\t<meta name=\"twitter:data1\" content=\"Aurore Engelen\" \/>\n<script type=\"application\/ld+json\" class=\"yoast-schema-graph\">{\"@context\":\"https:\/\/schema.org\",\"@graph\":[{\"@type\":\"WebPage\",\"@id\":\"https:\/\/w-l-c.be\/fr\/le-court-du-lundi-demain-est-un-autre-jour-de-sophie-halperin\/\",\"url\":\"https:\/\/w-l-c.be\/fr\/le-court-du-lundi-demain-est-un-autre-jour-de-sophie-halperin\/\",\"name\":\"Le court du lundi: \\\"Demain est un autre jour\\\" de Sophie Halp\u00e9rin - w-l-c\",\"isPartOf\":{\"@id\":\"https:\/\/w-l-c.be\/fr\/#website\"},\"datePublished\":\"2020-08-17T09:21:03+00:00\",\"dateModified\":\"2020-08-17T09:21:03+00:00\",\"author\":{\"@id\":\"https:\/\/w-l-c.be\/fr\/#\/schema\/person\/8084b68c6b176142d073695c654dc7cf\"},\"breadcrumb\":{\"@id\":\"https:\/\/w-l-c.be\/fr\/le-court-du-lundi-demain-est-un-autre-jour-de-sophie-halperin\/#breadcrumb\"},\"inLanguage\":\"fr-FR\",\"potentialAction\":[{\"@type\":\"ReadAction\",\"target\":[\"https:\/\/w-l-c.be\/fr\/le-court-du-lundi-demain-est-un-autre-jour-de-sophie-halperin\/\"]}]},{\"@type\":\"BreadcrumbList\",\"@id\":\"https:\/\/w-l-c.be\/fr\/le-court-du-lundi-demain-est-un-autre-jour-de-sophie-halperin\/#breadcrumb\",\"itemListElement\":[{\"@type\":\"ListItem\",\"position\":1,\"name\":\"Accueil\",\"item\":\"https:\/\/w-l-c.be\/fr\/\"},{\"@type\":\"ListItem\",\"position\":2,\"name\":\"Le court du lundi: \u00ab\u00a0Demain est un autre jour\u00a0\u00bb de Sophie Halp\u00e9rin\"}]},{\"@type\":\"WebSite\",\"@id\":\"https:\/\/w-l-c.be\/fr\/#website\",\"url\":\"https:\/\/w-l-c.be\/fr\/\",\"name\":\"w-l-c\",\"description\":\"Le cin\u00e9ma vu par les belges\",\"potentialAction\":[{\"@type\":\"SearchAction\",\"target\":{\"@type\":\"EntryPoint\",\"urlTemplate\":\"https:\/\/w-l-c.be\/fr\/?s={search_term_string}\"},\"query-input\":\"required name=search_term_string\"}],\"inLanguage\":\"fr-FR\"},{\"@type\":\"Person\",\"@id\":\"https:\/\/w-l-c.be\/fr\/#\/schema\/person\/8084b68c6b176142d073695c654dc7cf\",\"name\":\"Aurore Engelen\",\"url\":\"https:\/\/w-l-c.be\/fr\/author\/aurore-engelen\/\"}]}<\/script>\n<!-- \/ Yoast SEO plugin. -->","yoast_head_json":{"title":"Le court du lundi: \"Demain est un autre jour\" de Sophie Halp\u00e9rin - w-l-c","robots":{"index":"noindex","follow":"follow","max-snippet":"max-snippet:-1","max-image-preview":"max-image-preview:large","max-video-preview":"max-video-preview:-1"},"og_locale":"fr_FR","og_type":"article","og_title":"Le court du lundi: \"Demain est un autre jour\" de Sophie Halp\u00e9rin - w-l-c","og_description":"Le court du lundi cette semaine, \u00e0 retrouver d\u00e8s 23h30 sur La Deux, est Demain est un autre jour de Sophie Halp\u00e9rin. Demain est un autre jour de Sophie Halp\u00e9rin Avec Jessica Fanhan Bruxelles, une jeune musicienne travaille comme surveillante dans une \u00e9cole pour boucler ses fins de mois.","og_url":"https:\/\/w-l-c.be\/fr\/le-court-du-lundi-demain-est-un-autre-jour-de-sophie-halperin\/","og_site_name":"w-l-c","article_published_time":"2020-08-17T09:21:03+00:00","og_image":[{"width":2048,"height":1152,"url":"https:\/\/w-l-c.be\/wp-content\/uploads\/2020\/08\/18-FFE-HALPERIN-03.jpg","type":"image\/jpeg"}],"author":"Aurore Engelen","twitter_card":"summary_large_image","twitter_misc":{"\u00c9crit par":"Aurore Engelen"},"schema":{"@context":"https:\/\/schema.org","@graph":[{"@type":"WebPage","@id":"https:\/\/w-l-c.be\/fr\/le-court-du-lundi-demain-est-un-autre-jour-de-sophie-halperin\/","url":"https:\/\/w-l-c.be\/fr\/le-court-du-lundi-demain-est-un-autre-jour-de-sophie-halperin\/","name":"Le court du lundi: \"Demain est un autre jour\" de Sophie Halp\u00e9rin - w-l-c","isPartOf":{"@id":"https:\/\/w-l-c.be\/fr\/#website"},"datePublished":"2020-08-17T09:21:03+00:00","dateModified":"2020-08-17T09:21:03+00:00","author":{"@id":"https:\/\/w-l-c.be\/fr\/#\/schema\/person\/8084b68c6b176142d073695c654dc7cf"},"breadcrumb":{"@id":"https:\/\/w-l-c.be\/fr\/le-court-du-lundi-demain-est-un-autre-jour-de-sophie-halperin\/#breadcrumb"},"inLanguage":"fr-FR","potentialAction":[{"@type":"ReadAction","target":["https:\/\/w-l-c.be\/fr\/le-court-du-lundi-demain-est-un-autre-jour-de-sophie-halperin\/"]}]},{"@type":"BreadcrumbList","@id":"https:\/\/w-l-c.be\/fr\/le-court-du-lundi-demain-est-un-autre-jour-de-sophie-halperin\/#breadcrumb","itemListElement":[{"@type":"ListItem","position":1,"name":"Accueil","item":"https:\/\/w-l-c.be\/fr\/"},{"@type":"ListItem","position":2,"name":"Le court du lundi: \u00ab\u00a0Demain est un autre jour\u00a0\u00bb de Sophie Halp\u00e9rin"}]},{"@type":"WebSite","@id":"https:\/\/w-l-c.be\/fr\/#website","url":"https:\/\/w-l-c.be\/fr\/","name":"w-l-c","description":"Le cin\u00e9ma vu par les belges","potentialAction":[{"@type":"SearchAction","target":{"@type":"EntryPoint","urlTemplate":"https:\/\/w-l-c.be\/fr\/?s={search_term_string}"},"query-input":"required name=search_term_string"}],"inLanguage":"fr-FR"},{"@type":"Person","@id":"https:\/\/w-l-c.be\/fr\/#\/schema\/person\/8084b68c6b176142d073695c654dc7cf","name":"Aurore Engelen","url":"https:\/\/w-l-c.be\/fr\/author\/aurore-engelen\/"}]}},"_links":{"self":[{"href":"https:\/\/w-l-c.be\/fr\/wp-json\/wp\/v2\/posts\/230797","targetHints":{"allow":["GET"]}}],"collection":[{"href":"https:\/\/w-l-c.be\/fr\/wp-json\/wp\/v2\/posts"}],"about":[{"href":"https:\/\/w-l-c.be\/fr\/wp-json\/wp\/v2\/types\/post"}],"author":[{"embeddable":true,"href":"https:\/\/w-l-c.be\/fr\/wp-json\/wp\/v2\/users\/343"}],"replies":[{"embeddable":true,"href":"https:\/\/w-l-c.be\/fr\/wp-json\/wp\/v2\/comments?post=230797"}],"version-history":[{"count":0,"href":"https:\/\/w-l-c.be\/fr\/wp-json\/wp\/v2\/posts\/230797\/revisions"}],"wp:featuredmedia":[{"embeddable":true,"href":"https:\/\/w-l-c.be\/fr\/wp-json\/wp\/v2\/media\/230798"}],"wp:attachment":[{"href":"https:\/\/w-l-c.be\/fr\/wp-json\/wp\/v2\/media?parent=230797"}],"wp:term":[{"taxonomy":"category","embeddable":true,"href":"https:\/\/w-l-c.be\/fr\/wp-json\/wp\/v2\/categories?post=230797"},{"taxonomy":"post_tag","embeddable":true,"href":"https:\/\/w-l-c.be\/fr\/wp-json\/wp\/v2\/tags?post=230797"}],"curies":[{"name":"wp","href":"https:\/\/api.w.org\/{rel}","templated":true}]}}