
{"id":230823,"date":"2020-08-18T09:51:22","date_gmt":"2020-08-18T07:51:22","guid":{"rendered":"https:\/\/www.cinevox.be\/?p=230823"},"modified":"2020-09-01T16:39:15","modified_gmt":"2020-09-01T14:39:15","slug":"ca-tourne-aussi-pour-coyote","status":"publish","type":"post","link":"https:\/\/w-l-c.be\/fr\/ca-tourne-aussi-pour-coyote\/","title":{"rendered":"Ca tourne aussi pour \u00ab\u00a0Coyotes\u00a0\u00bb!"},"content":{"rendered":"<p><strong>La semaine derni\u00e8re a d\u00e9but\u00e9 au milieu des bois le tournage d&rsquo;une nouvelle s\u00e9rie RTBF: <em>Coyotes<\/em>, cr\u00e9\u00e9e par Vincent Lavachery et Axel Du Bus a un go\u00fbt d&rsquo;\u00e9t\u00e9, puisqu&rsquo;on y suit les (m\u00e9s)aventures d&rsquo;une troupe de scouts lors de leur grand camp d&rsquo;\u00e9t\u00e9.\u00a0<\/strong><\/p>\n<p>Cette s\u00e9rie de 6 \u00e9pisodes va se tourner durant plus de 60 jours entre le Luxembourg, Arlon, Floreffe, Anvers et Bruxelles. La s\u00e9rie a \u00e9t\u00e9 cr\u00e9\u00e9e par Vincent Lavachery et Axel Du Bus &#8211; et co-\u00e9crite avec Anne-Lise Morin. Le premier a d\u00e9but\u00e9 dans le secteur de l&rsquo;animation (notamment avec un court m\u00e9trage, <em>Le Chocolat Chaud<\/em>), et a \u00e9galement co-\u00e9crit la s\u00e9rie suisso-belge <em>Quartier des Banques<\/em>, sur laquelle a \u00e9galement travaill\u00e9 le deuxi\u00e8me, Axel Du Bus, auteur, dessinateur, r\u00e9alisateur, chroniqueur musical (auteur du livre <em>100 classiques rock et leur sens cach\u00e9<\/em>). <em>Coyotes<\/em> est r\u00e9alis\u00e9e par Gary Seghers (<em>Ennemi Public<\/em>) et Jacques Molitor (<em>Mammejong<\/em>). La bande originale sera compos\u00e9e par Daniel Offermann (du groupe <em>Girls in Hawa\u00ef<\/em>), qui a notamment compos\u00e9 les bandes originales des documentaires <em>Archibelge, Ion<\/em> ou <em>Cin\u00e9ma Inch&rsquo;allah<\/em>.<\/p>\n<p>Mais de quoi \u00e7a parle? <em>Coyotes<\/em> raconte les aventures d\u2019une troupe de scouts pendant le grand camp d\u2019\u00e9t\u00e9. Un scout en rupture familiale y d\u00e9couvre des diamants sur un cadavre.\u00a0\u00a0C\u2019est l\u2019occasion de s\u2019offrir sa libert\u00e9. Mais c\u2019est surtout le d\u00e9but d\u2019un engrenage infernal dans lequel il va entra\u00eener ses amis.<\/p>\n<p>Quant au casting, attendez-vous \u00e9videmment \u00e0 retrouver de nouvelles t\u00eates dans la troupe des scouts, Kassim Meesters, Sarah Ber, Anas El Marcouchi, Tessa Balzano, L\u00e9o Hainaut, Magaly Teixeira, mais aussi Louka Minnella, h\u00e9ros de <em>Sans Soleil<\/em>, premier long m\u00e9trage de Banu Akseki que l&rsquo;on devrait d\u00e9couvrir en 2021, Victoria Bluck, d\u00e9couverte par les Dardenne dans <em>Le Jeune Ahmed<\/em>, F\u00e9lix Vannoorenberghe (h\u00e9ros du court m\u00e9trage <em>Simon pleure<\/em>, \u00e9galement vu dans les s\u00e9ries <em>Hippocrate, L&rsquo;Agent Immobilier<\/em> et <em>Zone Blanche<\/em>), Nilton Martins (vu il y a peu dans <em>Sawah<\/em>) ou encore Dara Tombroff, vue face \u00e0 Karin Viard dans Jalouse.<\/p>\n<p>On retrouve \u00e9galement au g\u00e9n\u00e9rique le com\u00e9dien Steve Driesen (<em>Une part d&rsquo;ombre, Good Favour, L&rsquo;Outsider<\/em>), Philippe Jeusette (d\u00e9couvert par beaucoup dans l&rsquo;inoubliable r\u00f4le de Patrick Stassart dans <em>Ennemi Public<\/em>), Isabelle Defoss\u00e9 (tr\u00e8s pr\u00e9sente au th\u00e9\u00e2tre, vue \u00e0 la t\u00e9l\u00e9 dans la s\u00e9rie <em>Septi\u00e8me Ciel<\/em>), la com\u00e9dienne luxembourgeoise Val\u00e9rie Bodson (<em>Puppylove, Sous le figuier, Ill\u00e9gal, La R\u00e9gate<\/em>) et enfin Antonythasan Jesuthasan (<em>Deephan<\/em>).<\/p>\n<p>La s\u00e9rie est produite en Belgique par Andr\u00e9 Logie pour Panache Productions et Ga\u00ebtan David pour La Compagnie Cin\u00e9matographique, et au Luxembourg par Gilles Chanial pour Les Films Fauves. On la retrouvera sur la RTBF en 2021.<\/p>\n<p>Les s\u00e9ries se suivent donc et ne se ressemblent pas pour la RTBF, apr\u00e8s <em>Baraki<\/em> la semaine derni\u00e8re (voir <a href=\"https:\/\/www.cinevox.be\/fr\/baraki-ca-tourne\/\">notre article<\/a>) et en attendant <em>Pandore<\/em> de Savina Dellicour et Vania Leturcq d\u00e9but septembre. Si l&rsquo;on esp\u00e8re la diffusion d&rsquo;<em>Invisible (ex-Unseen)<\/em> pour la rentr\u00e9e, il faudra attendre 2021 pour d\u00e9couvrir ces trois nouvelles s\u00e9ries.<\/p>\n<p>Ambiance feu de camp, feuill\u00e9e et pilotis donc pour la joyeuse troupe, jusqu&rsquo;au 26 octobre prochain!<\/p>\n<p>&nbsp;<\/p>\n","protected":false},"excerpt":{"rendered":"<p>La semaine derni\u00e8re a d\u00e9but\u00e9 au milieu des bois le tournage d&rsquo;une nouvelle s\u00e9rie RTBF: Coyotes, cr\u00e9\u00e9e par Vincent Lavachery et Axel Du Bus a un go\u00fbt d&rsquo;\u00e9t\u00e9, puisqu&rsquo;on y suit les (m\u00e9s)aventures d&rsquo;une troupe de scouts lors de leur grand camp d&rsquo;\u00e9t\u00e9.\u00a0 Cette s\u00e9rie de 6 \u00e9pisodes va se tourner durant plus de 60 &hellip;<\/p>\n","protected":false},"author":343,"featured_media":230824,"comment_status":"closed","ping_status":"closed","sticky":false,"template":"","format":"standard","meta":{"ngg_post_thumbnail":0,"footnotes":""},"categories":[11],"tags":[5220,4187,2984],"class_list":["post-230823","post","type-post","status-publish","format-standard","has-post-thumbnail","","category-tournages","tag-coyote-2","tag-newsletter-fr","tag-serie"],"yoast_head":"<!-- This site is optimized with the Yoast SEO plugin v20.4 - https:\/\/yoast.com\/wordpress\/plugins\/seo\/ -->\n<title>Ca tourne aussi pour &quot;Coyotes&quot;! - w-l-c<\/title>\n<meta name=\"robots\" content=\"noindex, follow, max-snippet:-1, max-image-preview:large, max-video-preview:-1\" \/>\n<meta property=\"og:locale\" content=\"fr_FR\" \/>\n<meta property=\"og:type\" content=\"article\" \/>\n<meta property=\"og:title\" content=\"Ca tourne aussi pour &quot;Coyotes&quot;! - w-l-c\" \/>\n<meta property=\"og:description\" content=\"La semaine derni\u00e8re a d\u00e9but\u00e9 au milieu des bois le tournage d&rsquo;une nouvelle s\u00e9rie RTBF: Coyotes, cr\u00e9\u00e9e par Vincent Lavachery et Axel Du Bus a un go\u00fbt d&rsquo;\u00e9t\u00e9, puisqu&rsquo;on y suit les (m\u00e9s)aventures d&rsquo;une troupe de scouts lors de leur grand camp d&rsquo;\u00e9t\u00e9.\u00a0 Cette s\u00e9rie de 6 \u00e9pisodes va se tourner durant plus de 60 &hellip;\" \/>\n<meta property=\"og:url\" content=\"https:\/\/w-l-c.be\/fr\/ca-tourne-aussi-pour-coyote\/\" \/>\n<meta property=\"og:site_name\" content=\"w-l-c\" \/>\n<meta property=\"article:published_time\" content=\"2020-08-18T07:51:22+00:00\" \/>\n<meta property=\"article:modified_time\" content=\"2020-09-01T14:39:15+00:00\" \/>\n<meta property=\"og:image\" content=\"https:\/\/w-l-c.be\/wp-content\/uploads\/2020\/08\/Coyote-tournage-scaled.jpg\" \/>\n\t<meta property=\"og:image:width\" content=\"2560\" \/>\n\t<meta property=\"og:image:height\" content=\"1920\" \/>\n\t<meta property=\"og:image:type\" content=\"image\/jpeg\" \/>\n<meta name=\"author\" content=\"Aurore Engelen\" \/>\n<meta name=\"twitter:card\" content=\"summary_large_image\" \/>\n<meta name=\"twitter:label1\" content=\"\u00c9crit par\" \/>\n\t<meta name=\"twitter:data1\" content=\"Aurore Engelen\" \/>\n\t<meta name=\"twitter:label2\" content=\"Dur\u00e9e de lecture estim\u00e9e\" \/>\n\t<meta name=\"twitter:data2\" content=\"3 minutes\" \/>\n<script type=\"application\/ld+json\" class=\"yoast-schema-graph\">{\"@context\":\"https:\/\/schema.org\",\"@graph\":[{\"@type\":\"WebPage\",\"@id\":\"https:\/\/w-l-c.be\/fr\/ca-tourne-aussi-pour-coyote\/\",\"url\":\"https:\/\/w-l-c.be\/fr\/ca-tourne-aussi-pour-coyote\/\",\"name\":\"Ca tourne aussi pour \\\"Coyotes\\\"! - w-l-c\",\"isPartOf\":{\"@id\":\"https:\/\/w-l-c.be\/fr\/#website\"},\"datePublished\":\"2020-08-18T07:51:22+00:00\",\"dateModified\":\"2020-09-01T14:39:15+00:00\",\"author\":{\"@id\":\"https:\/\/w-l-c.be\/fr\/#\/schema\/person\/8084b68c6b176142d073695c654dc7cf\"},\"breadcrumb\":{\"@id\":\"https:\/\/w-l-c.be\/fr\/ca-tourne-aussi-pour-coyote\/#breadcrumb\"},\"inLanguage\":\"fr-FR\",\"potentialAction\":[{\"@type\":\"ReadAction\",\"target\":[\"https:\/\/w-l-c.be\/fr\/ca-tourne-aussi-pour-coyote\/\"]}]},{\"@type\":\"BreadcrumbList\",\"@id\":\"https:\/\/w-l-c.be\/fr\/ca-tourne-aussi-pour-coyote\/#breadcrumb\",\"itemListElement\":[{\"@type\":\"ListItem\",\"position\":1,\"name\":\"Accueil\",\"item\":\"https:\/\/w-l-c.be\/fr\/\"},{\"@type\":\"ListItem\",\"position\":2,\"name\":\"Ca tourne aussi pour \u00ab\u00a0Coyotes\u00a0\u00bb!\"}]},{\"@type\":\"WebSite\",\"@id\":\"https:\/\/w-l-c.be\/fr\/#website\",\"url\":\"https:\/\/w-l-c.be\/fr\/\",\"name\":\"w-l-c\",\"description\":\"Le cin\u00e9ma vu par les belges\",\"potentialAction\":[{\"@type\":\"SearchAction\",\"target\":{\"@type\":\"EntryPoint\",\"urlTemplate\":\"https:\/\/w-l-c.be\/fr\/?s={search_term_string}\"},\"query-input\":\"required name=search_term_string\"}],\"inLanguage\":\"fr-FR\"},{\"@type\":\"Person\",\"@id\":\"https:\/\/w-l-c.be\/fr\/#\/schema\/person\/8084b68c6b176142d073695c654dc7cf\",\"name\":\"Aurore Engelen\",\"url\":\"https:\/\/w-l-c.be\/fr\/author\/aurore-engelen\/\"}]}<\/script>\n<!-- \/ Yoast SEO plugin. -->","yoast_head_json":{"title":"Ca tourne aussi pour \"Coyotes\"! - w-l-c","robots":{"index":"noindex","follow":"follow","max-snippet":"max-snippet:-1","max-image-preview":"max-image-preview:large","max-video-preview":"max-video-preview:-1"},"og_locale":"fr_FR","og_type":"article","og_title":"Ca tourne aussi pour \"Coyotes\"! - w-l-c","og_description":"La semaine derni\u00e8re a d\u00e9but\u00e9 au milieu des bois le tournage d&rsquo;une nouvelle s\u00e9rie RTBF: Coyotes, cr\u00e9\u00e9e par Vincent Lavachery et Axel Du Bus a un go\u00fbt d&rsquo;\u00e9t\u00e9, puisqu&rsquo;on y suit les (m\u00e9s)aventures d&rsquo;une troupe de scouts lors de leur grand camp d&rsquo;\u00e9t\u00e9.\u00a0 Cette s\u00e9rie de 6 \u00e9pisodes va se tourner durant plus de 60 &hellip;","og_url":"https:\/\/w-l-c.be\/fr\/ca-tourne-aussi-pour-coyote\/","og_site_name":"w-l-c","article_published_time":"2020-08-18T07:51:22+00:00","article_modified_time":"2020-09-01T14:39:15+00:00","og_image":[{"width":2560,"height":1920,"url":"https:\/\/w-l-c.be\/wp-content\/uploads\/2020\/08\/Coyote-tournage-scaled.jpg","type":"image\/jpeg"}],"author":"Aurore Engelen","twitter_card":"summary_large_image","twitter_misc":{"\u00c9crit par":"Aurore Engelen","Dur\u00e9e de lecture estim\u00e9e":"3 minutes"},"schema":{"@context":"https:\/\/schema.org","@graph":[{"@type":"WebPage","@id":"https:\/\/w-l-c.be\/fr\/ca-tourne-aussi-pour-coyote\/","url":"https:\/\/w-l-c.be\/fr\/ca-tourne-aussi-pour-coyote\/","name":"Ca tourne aussi pour \"Coyotes\"! - w-l-c","isPartOf":{"@id":"https:\/\/w-l-c.be\/fr\/#website"},"datePublished":"2020-08-18T07:51:22+00:00","dateModified":"2020-09-01T14:39:15+00:00","author":{"@id":"https:\/\/w-l-c.be\/fr\/#\/schema\/person\/8084b68c6b176142d073695c654dc7cf"},"breadcrumb":{"@id":"https:\/\/w-l-c.be\/fr\/ca-tourne-aussi-pour-coyote\/#breadcrumb"},"inLanguage":"fr-FR","potentialAction":[{"@type":"ReadAction","target":["https:\/\/w-l-c.be\/fr\/ca-tourne-aussi-pour-coyote\/"]}]},{"@type":"BreadcrumbList","@id":"https:\/\/w-l-c.be\/fr\/ca-tourne-aussi-pour-coyote\/#breadcrumb","itemListElement":[{"@type":"ListItem","position":1,"name":"Accueil","item":"https:\/\/w-l-c.be\/fr\/"},{"@type":"ListItem","position":2,"name":"Ca tourne aussi pour \u00ab\u00a0Coyotes\u00a0\u00bb!"}]},{"@type":"WebSite","@id":"https:\/\/w-l-c.be\/fr\/#website","url":"https:\/\/w-l-c.be\/fr\/","name":"w-l-c","description":"Le cin\u00e9ma vu par les belges","potentialAction":[{"@type":"SearchAction","target":{"@type":"EntryPoint","urlTemplate":"https:\/\/w-l-c.be\/fr\/?s={search_term_string}"},"query-input":"required name=search_term_string"}],"inLanguage":"fr-FR"},{"@type":"Person","@id":"https:\/\/w-l-c.be\/fr\/#\/schema\/person\/8084b68c6b176142d073695c654dc7cf","name":"Aurore Engelen","url":"https:\/\/w-l-c.be\/fr\/author\/aurore-engelen\/"}]}},"_links":{"self":[{"href":"https:\/\/w-l-c.be\/fr\/wp-json\/wp\/v2\/posts\/230823","targetHints":{"allow":["GET"]}}],"collection":[{"href":"https:\/\/w-l-c.be\/fr\/wp-json\/wp\/v2\/posts"}],"about":[{"href":"https:\/\/w-l-c.be\/fr\/wp-json\/wp\/v2\/types\/post"}],"author":[{"embeddable":true,"href":"https:\/\/w-l-c.be\/fr\/wp-json\/wp\/v2\/users\/343"}],"replies":[{"embeddable":true,"href":"https:\/\/w-l-c.be\/fr\/wp-json\/wp\/v2\/comments?post=230823"}],"version-history":[{"count":0,"href":"https:\/\/w-l-c.be\/fr\/wp-json\/wp\/v2\/posts\/230823\/revisions"}],"wp:featuredmedia":[{"embeddable":true,"href":"https:\/\/w-l-c.be\/fr\/wp-json\/wp\/v2\/media\/230824"}],"wp:attachment":[{"href":"https:\/\/w-l-c.be\/fr\/wp-json\/wp\/v2\/media?parent=230823"}],"wp:term":[{"taxonomy":"category","embeddable":true,"href":"https:\/\/w-l-c.be\/fr\/wp-json\/wp\/v2\/categories?post=230823"},{"taxonomy":"post_tag","embeddable":true,"href":"https:\/\/w-l-c.be\/fr\/wp-json\/wp\/v2\/tags?post=230823"}],"curies":[{"name":"wp","href":"https:\/\/api.w.org\/{rel}","templated":true}]}}