
{"id":230834,"date":"2020-08-18T15:47:17","date_gmt":"2020-08-18T13:47:17","guid":{"rendered":"https:\/\/www.cinevox.be\/?p=230834"},"modified":"2020-08-21T15:48:26","modified_gmt":"2020-08-21T13:48:26","slug":"la-competition-%f0%9f%87%a7%f0%9f%87%aa-du-briff","status":"publish","type":"post","link":"https:\/\/w-l-c.be\/fr\/la-competition-%f0%9f%87%a7%f0%9f%87%aa-du-briff\/","title":{"rendered":"La comp\u00e9tition ?? du BRIFF"},"content":{"rendered":"<p><strong>Le Brussels International Film Festival bravera les \u00e9l\u00e9ments contraires pour tenir co\u00fbte que co\u00fbte sa 3e \u00e9dition d\u00e9but septembre, dans des conditions particuli\u00e8res mais toujours cin\u00e9philes.\u00a0<\/strong><\/p>\n<p>Devant les restrictions de jauge et de circulation, l&rsquo;\u00e9quipe du festival a choisi de favoriser les comp\u00e9titions et les films dans l&rsquo;actualit\u00e9, notamment \u00e0 travers les 7 films retenus pour sa Comp\u00e9tition Nationale. A ann\u00e9e exceptionnelle, line-up exceptionnel. Le BRIFF a ouvert ses portes \u00e0 certains films d\u00e9j\u00e0 montr\u00e9s dans d&rsquo;autres festivals, ainsi qu&rsquo;\u00e0 quelques in\u00e9dits&#8230; Voici les 7 films retenus:<\/p>\n<p>&nbsp;<\/p>\n<p><img loading=\"lazy\" decoding=\"async\" class=\"alignnone size-large wp-image-227164\" src=\"https:\/\/www.cinevox.be\/wp-content\/uploads\/2020\/03\/Tantas-almas-1000x460-1-800x368.jpg\" alt=\"Tantas almas-1000x460\" width=\"618\" height=\"284\" srcset=\"https:\/\/w-l-c.be\/wp-content\/uploads\/2020\/03\/Tantas-almas-1000x460-1-800x368.jpg 800w, https:\/\/w-l-c.be\/wp-content\/uploads\/2020\/03\/Tantas-almas-1000x460-1-480x221.jpg 480w, https:\/\/w-l-c.be\/wp-content\/uploads\/2020\/03\/Tantas-almas-1000x460-1-768x353.jpg 768w, https:\/\/w-l-c.be\/wp-content\/uploads\/2020\/03\/Tantas-almas-1000x460-1.jpg 1000w\" sizes=\"auto, (max-width: 618px) 100vw, 618px\" \/><\/p>\n<h4><em>TANTAS ALMAS<\/em> \u2013 Nicol\u00e1s Rinc\u00f3n Gille \u2013 2019<\/h4>\n<p>Jos\u00e9, un p\u00eacheur colombien, rentre chez lui apr\u00e8s une longue nuit de travail. A son retour, il d\u00e9couvre son village ravag\u00e9 et sa fille en \u00e9tat de choc. Les paramilitaires ont tu\u00e9 ses deux fils, Dionisio et Rafael, et jet\u00e9 leurs corps dans le fleuve. Submerg\u00e9 par la douleur, Jos\u00e9 d\u00e9cide de rechercher leurs d\u00e9pouilles pour leur offrir une s\u00e9pulture et surtout sauver leurs \u00e2mes d\u2019une errance sans fin, comme tant d\u2019autres avant eux. Jos\u00e9 plonge dans un pays atrocement d\u00e9chir\u00e9 par les exactions meurtri\u00e8res des paramilitaires. Son chemin le m\u00e8ne \u00e0 se confronter \u00e0 un groupe arm\u00e9, compos\u00e9 essentiellement d\u2019adolescents, qui menace sa vie. S\u2019appuyant sur des rituels magiques et sa volont\u00e9 in\u00e9branlable, il affrontera les paramilitaires et leur r\u00e9gime de terreur pour aller jusqu\u2019au bout de sa qu\u00eate.<\/p>\n<p>Le film a re\u00e7u l&rsquo;Etoile d&rsquo;or au Festival de Marrakech, on vous en parle d&rsquo;ailleurs <a href=\"https:\/\/www.cinevox.be\/fr\/tantas-almas-lepopee-memorielle\/\">ici<\/a>.<\/p>\n<p><img loading=\"lazy\" decoding=\"async\" class=\"alignnone size-large wp-image-230835\" src=\"https:\/\/www.cinevox.be\/wp-content\/uploads\/2020\/08\/Cosmogony-800x432.jpg\" alt=\"Cosmogony\" width=\"618\" height=\"334\" srcset=\"https:\/\/w-l-c.be\/wp-content\/uploads\/2020\/08\/Cosmogony-800x432.jpg 800w, https:\/\/w-l-c.be\/wp-content\/uploads\/2020\/08\/Cosmogony-480x259.jpg 480w, https:\/\/w-l-c.be\/wp-content\/uploads\/2020\/08\/Cosmogony-768x415.jpg 768w, https:\/\/w-l-c.be\/wp-content\/uploads\/2020\/08\/Cosmogony-1536x830.jpg 1536w, https:\/\/w-l-c.be\/wp-content\/uploads\/2020\/08\/Cosmogony.jpg 1998w\" sizes=\"auto, (max-width: 618px) 100vw, 618px\" \/><\/p>\n<h4><em>COSMOGONY<\/em> \u2013 Vincent Paronnaud \u2013 2019<\/h4>\n<p><em>Cosmogonie<\/em>\u00a0suit l\u2019itin\u00e9raire de deux tueurs qui parcourent le pays. Des cadavres de femmes fleurissent sur leur passage. A cause d\u2019un accident de voitures aux abords d\u2019une for\u00eat, leur derni\u00e8re proie r\u00e9ussit \u00e0 s\u2019\u00e9chapper. Une course poursuite sans merci s\u2019engage alors dans les bois entre Eve et ses poursuivants. Pour esp\u00e9rer \u00e9chapper aux pr\u00e9dateurs, la jeune femme n\u2019aura qu\u2019un seul alli\u00e9 : la for\u00eat.<\/p>\n<p>On retrouve au g\u00e9n\u00e9rique du film les com\u00e9diens belges Lucie Debay et Arieh Worthalter, tous deux laur\u00e9ats du Magritte du Meilleur second r\u00f4le (respectivement pour <em>Nos batailles<\/em>\u00a0et\u00a0<em>Girl<\/em>), et qui ont d\u00e9but\u00e9 leur carri\u00e8re sur grand \u00e9cran c\u00f4t\u00e9 \u00e0 c\u00f4te dans\u00a0<em>Somewhere Between Here and Now<\/em>, r\u00e9alis\u00e9 par Olivier Boonjing, chef op\u00e9rateur renomm\u00e9 dont on a pu voir le travail notamment dans\u00a0<em>La Tr\u00eave, Parasol<\/em>\u00a0ou\u00a0<em>Je me tue \u00e0 le dire<\/em>. \u00a0Le film est produit en Belgique par Wrong Men, on vous en parlait <a href=\"https:\/\/www.cinevox.be\/fr\/lucie-debay-et-arieh-worthalter-reunis-dans-cosmogonie\/\">ici<\/a>.<\/p>\n<p><img loading=\"lazy\" decoding=\"async\" class=\"alignnone size-large wp-image-224782\" src=\"https:\/\/www.cinevox.be\/wp-content\/uploads\/2019\/11\/70915220_523848261715436_4919208417010122752_o-800x431.jpg\" alt=\"Music-Hole\" width=\"618\" height=\"333\" srcset=\"https:\/\/w-l-c.be\/wp-content\/uploads\/2019\/11\/70915220_523848261715436_4919208417010122752_o-800x431.jpg 800w, https:\/\/w-l-c.be\/wp-content\/uploads\/2019\/11\/70915220_523848261715436_4919208417010122752_o-480x259.jpg 480w, https:\/\/w-l-c.be\/wp-content\/uploads\/2019\/11\/70915220_523848261715436_4919208417010122752_o-768x414.jpg 768w, https:\/\/w-l-c.be\/wp-content\/uploads\/2019\/11\/70915220_523848261715436_4919208417010122752_o.jpg 1389w\" sizes=\"auto, (max-width: 618px) 100vw, 618px\" \/><\/p>\n<h4><em>MUSIC HOLE<\/em> \u2013 David Mutzenmacher, Ga\u00ebtan Liekens \u2013 2019<\/h4>\n<div class=\"et_pb_column et_pb_column_2_3 et_pb_column_3 et_pb_css_mix_blend_mode_passthrough\">\n<div class=\"et_pb_module et_pb_text et_pb_text_3 et_pb_text_align_left et_pb_bg_layout_light\">\n<div class=\"et_pb_text_inner\">\n<p>Francis, petit comptable officiant dans un cabaret miteux de Charleroi, a des soucis conjugaux avec Martine, son \u00e9pouse. Apr\u00e8s une violente dispute, il se r\u00e9veille un matin pour d\u00e9couvrir une \u00e9trange surprise&#8230; C\u2019est le point de d\u00e9part macabre et loufoque d\u2019un polar burlesque parfum\u00e9 de \u00ab gueuze \u00bb bien fra\u00eeche, de musique tzigane, sous fond de d\u00e9ni de la d\u00e9sagr\u00e9gation du couple, o\u00f9 vont se croiser toutes les vari\u00e9t\u00e9s de n\u00e9vroses et de folie.<\/p>\n<p>Projet\u00e9 en novembre dernier au Festival International du Film de Com\u00e9die de Li\u00e8ge, le film y a re\u00e7u le Prix de la presse. On vous en parlait <a href=\"https:\/\/www.cinevox.be\/fr\/music-hole-petit-theatre-des-horreurs-absurde-et-dejante\/\">ici<\/a>. On retrouve au casting de cette com\u00e9die d\u00e9jant\u00e9e Wim Willaert, Vanessa Guide, Hande Kodja, Laurence Oltuski, Marijke Pinoy, Tom Audenaert, Mourade Zeguendi, Mounir Ait Hamou, Kody, Jason Chicandier&#8230; Le film devrait sortir cet automne.<\/p>\n<p><img loading=\"lazy\" decoding=\"async\" class=\"alignnone size-large wp-image-221013\" src=\"https:\/\/www.cinevox.be\/wp-content\/uploads\/2019\/07\/overseas-stills_2019-07-03_1.17.1-800x432.jpg\" alt=\"overseas-Sung-A-Yoon\" width=\"618\" height=\"334\" srcset=\"https:\/\/w-l-c.be\/wp-content\/uploads\/2019\/07\/overseas-stills_2019-07-03_1.17.1-800x432.jpg 800w, https:\/\/w-l-c.be\/wp-content\/uploads\/2019\/07\/overseas-stills_2019-07-03_1.17.1-480x259.jpg 480w, https:\/\/w-l-c.be\/wp-content\/uploads\/2019\/07\/overseas-stills_2019-07-03_1.17.1-768x415.jpg 768w, https:\/\/w-l-c.be\/wp-content\/uploads\/2019\/07\/overseas-stills_2019-07-03_1.17.1.jpg 1998w\" sizes=\"auto, (max-width: 618px) 100vw, 618px\" \/><\/p>\n<h4><em>OVERSEAS<\/em> \u2013 Sung-A Yoon \u2013 2019<\/h4>\n<\/div>\n<\/div>\n<\/div>\n<p>Aux Philippines, on d\u00e9ploie les femmes en masse \u00e0 l\u2019\u00e9tranger comme aides m\u00e9nag\u00e8res ou nounous. Elles laissent souvent derri\u00e8re elles leurs propres enfants, avant de se jeter dans l\u2019inconnu. Dans un centre de formation au travail domestique, comme tant d\u2019autres aux Philippines, un groupe de candidates au d\u00e9part se pr\u00e9parent au mal du pays et aux maltraitances qui pourraient les atteindre. Lors d\u2019exercices de jeux de r\u00f4les, les femmes se mettent tant dans la peau de l\u2019employ\u00e9e que des employeurs.<\/p>\n<p>Aux abords de la fiction, <em>Overseas<\/em> traite de la servitude moderne de notre monde globalis\u00e9, tout en r\u00e9v\u00e9lant la d\u00e9termination de ces femmes, leur sororit\u00e9 et les strat\u00e9gies mises en place face aux \u00e9preuves que leur r\u00e9serve l\u2019avenir.<\/p>\n<p>Pr\u00e9sent\u00e9 l&rsquo;ann\u00e9e derni\u00e8re au prestigieux Festival de Locarno, on vous parlait <a href=\"https:\/\/www.cinevox.be\/fr\/overseas-lexil-au-feminin-pluriel\/\">ici<\/a> de ce magnifique documentaire.<\/p>\n<h4><img loading=\"lazy\" decoding=\"async\" class=\"alignnone size-large wp-image-230837\" src=\"https:\/\/www.cinevox.be\/wp-content\/uploads\/2020\/08\/METTE_02-800x448.jpg\" alt=\"Retrospekt\" width=\"618\" height=\"346\" srcset=\"https:\/\/w-l-c.be\/wp-content\/uploads\/2020\/08\/METTE_02-800x448.jpg 800w, https:\/\/w-l-c.be\/wp-content\/uploads\/2020\/08\/METTE_02-480x270.jpg 480w, https:\/\/w-l-c.be\/wp-content\/uploads\/2020\/08\/METTE_02-200x113.jpg 200w, https:\/\/w-l-c.be\/wp-content\/uploads\/2020\/08\/METTE_02-768x430.jpg 768w, https:\/\/w-l-c.be\/wp-content\/uploads\/2020\/08\/METTE_02.jpg 1102w\" sizes=\"auto, (max-width: 618px) 100vw, 618px\" \/><\/h4>\n<h4><em>RETROSPEKT<\/em> \u2013 Esther Rots \u2013 2018<\/h4>\n<div class=\"synopsis-long uk-margin-large uk-scrollspy-inview\">Alors qu&rsquo;elle atteint la derni\u00e8re \u00e9tape de sa convalescence, Mette re\u00e7oit la visite de Miller, qui essaie de la convaincre de t\u00e9moigner contre Frank, le petit ami de Miller, qui semble responsable du fait que Mette soit dans une chaise roulante&#8230;<\/div>\n<div class=\"synopsis-long uk-margin-large uk-scrollspy-inview\">On retrouve au casting Circe Lethem, Martijn van der Veen, Lien Wildemeersch.<\/div>\n<div><\/div>\n<div><img loading=\"lazy\" decoding=\"async\" class=\"alignnone size-large wp-image-223601\" src=\"https:\/\/www.cinevox.be\/wp-content\/uploads\/2019\/10\/Le-Milieu-De-L-Horizon-800x450.jpg\" alt=\"\" width=\"618\" height=\"348\" srcset=\"https:\/\/w-l-c.be\/wp-content\/uploads\/2019\/10\/Le-Milieu-De-L-Horizon-800x450.jpg 800w, https:\/\/w-l-c.be\/wp-content\/uploads\/2019\/10\/Le-Milieu-De-L-Horizon-200x113.jpg 200w, https:\/\/w-l-c.be\/wp-content\/uploads\/2019\/10\/Le-Milieu-De-L-Horizon-480x270.jpg 480w, https:\/\/w-l-c.be\/wp-content\/uploads\/2019\/10\/Le-Milieu-De-L-Horizon-768x432.jpg 768w, https:\/\/w-l-c.be\/wp-content\/uploads\/2019\/10\/Le-Milieu-De-L-Horizon-599x337.jpg 599w\" sizes=\"auto, (max-width: 618px) 100vw, 618px\" \/><\/div>\n<h4><em>LE MILIEU DE L\u2019HORIZON<\/em> \u2013 Delphine Lehericey \u2013 2019<\/h4>\n<div class=\"section\">\n<div id=\"synopsis\" class=\"section_content\">1976. Un \u00e9t\u00e9 de fournaise et de s\u00e9cheresse dans toute l\u2019Europe. Dans la modeste ferme familiale vaudoise de Gus, jeune gar\u00e7on de 13 ans, sent bien que la chaleur n\u2019affecte pas seulement les animaux ou les champs, mais vient aussi perturber le comportement des adultes qui l\u2019entourent. Cet \u00e9t\u00e9 de caniculaire, qui sera celui de son apprentissage initiatique, servira de toile de fond \u00e0 l\u2019\u00e9rosion de l\u2019univers du jeune gar\u00e7on : celui du monde paysan traditionnel plomb\u00e9 par la s\u00e9cheresse, celui de son p\u00e8re, ruin\u00e9, celui de sa cellule familiale avec l\u2019explosion du couple de ses parents. En quelques mois, il aura d\u00e9finitivement laiss\u00e9 derri\u00e8re lui l\u2019innocence de l\u2019enfance.<\/div>\n<\/div>\n<div class=\"section\"><\/div>\n<div>Au casting du 3e long m\u00e9trage de la cin\u00e9aste Delphine Lehericey, on retrouve Laetitia Casta, Cl\u00e9mence Poesy, Thibaut Evrard, Patrick Descamps, Fred Hotier et Luc Bruchez. Pr\u00e9sent\u00e9 l&rsquo;ann\u00e9e derni\u00e8re \u00e0 San Sebastian, et grand laur\u00e9at des Prix du cin\u00e9ma suisse (il s&rsquo;agit d&rsquo;une coproduction suisso-belge), le film aurait d\u00fb sortir au printemps, puis cet \u00e9t\u00e9, mais a vu sa sortie repouss\u00e9 suite au Covid. On vous en parlait <a href=\"https:\/\/www.cinevox.be\/fr\/le-milieu-de-lhorizon-lemancipation-de-mere-en-fils\/\">ici<\/a>. Vivement qu&rsquo;il soit \u00e0 nouveau visible sur grand \u00e9cran.<\/div>\n<h4><img loading=\"lazy\" decoding=\"async\" class=\"alignnone size-large wp-image-230911\" src=\"https:\/\/www.cinevox.be\/wp-content\/uploads\/2020\/08\/Capture-d\u2019e\u0301cran-2020-08-21-a\u0300-15.47.23-800x417.png\" alt=\"\" width=\"618\" height=\"322\" srcset=\"https:\/\/w-l-c.be\/wp-content\/uploads\/2020\/08\/Capture-d\u2019e\u0301cran-2020-08-21-a\u0300-15.47.23-800x417.png 800w, https:\/\/w-l-c.be\/wp-content\/uploads\/2020\/08\/Capture-d\u2019e\u0301cran-2020-08-21-a\u0300-15.47.23-480x250.png 480w, https:\/\/w-l-c.be\/wp-content\/uploads\/2020\/08\/Capture-d\u2019e\u0301cran-2020-08-21-a\u0300-15.47.23-768x400.png 768w, https:\/\/w-l-c.be\/wp-content\/uploads\/2020\/08\/Capture-d\u2019e\u0301cran-2020-08-21-a\u0300-15.47.23.png 998w\" sizes=\"auto, (max-width: 618px) 100vw, 618px\" \/><\/h4>\n<h4><em>SAINT-NICOLAS EST SOCIALISTE<\/em> \u2013 David Leloup &#8211; documentaire<\/h4>\n<div class=\"fl-module fl-module-rich-text fl-node-5b058e3ba85a7\" data-node=\"5b058e3ba85a7\">\n<div class=\"fl-module-content fl-node-content\">\n<div class=\"fl-rich-text\">\n<p>Roger Boeckx et Filippo Zito sont conseillers communaux de l\u2019opposition \u00e0 Saint-Nicolas, commune li\u00e9geoise domin\u00e9e en majorit\u00e9 absolue depuis plus d\u2019un si\u00e8cle par le parti socialiste. Dans cette ancienne cit\u00e9 ouvri\u00e8re, l\u2019une des plus dens\u00e9ment peupl\u00e9es de Wallonie, ils se voient comme des lanceurs d\u2019alerte face \u00e0 une autorit\u00e9 communale opaque dont ils fustigent les d\u00e9bordements. Alors qu\u2019approchent les \u00e9lections communales, ils r\u00eavent, pour leur dernier tour de piste \u00e9lectoral, de bouleverser le jeu politique local.<\/p>\n<\/div>\n<\/div>\n<\/div>\n<div class=\"fl-module fl-module-separator fl-node-5b058f7281190\" data-node=\"5b058f7281190\">\n<div class=\"fl-module-content fl-node-content\"><\/div>\n<\/div>\n<p>&nbsp;<\/p>\n<p>PS: on retiendra \u00e9galement que le Festival ouvrira avec un film belge, <em>Des hommes<\/em>, le nouveau film de Lucas Belvaux (on vous en parle ici), et pr\u00e9sentera <a href=\"https:\/\/www.cinevox.be\/fr\/emilie-dequenne-marraine-de-la-belge-collection-pour-celebrer-les-comedien%c2%b7nes-belges\/\">La Belge Collection<\/a>, un programme de courts m\u00e9trages mettant \u00e0 l&rsquo;honneur de jeunes com\u00e9dien\u00b7nes belges.<\/p>\n","protected":false},"excerpt":{"rendered":"<p>Le Brussels International Film Festival bravera les \u00e9l\u00e9ments contraires pour tenir co\u00fbte que co\u00fbte sa 3e \u00e9dition d\u00e9but septembre, dans des conditions particuli\u00e8res mais toujours cin\u00e9philes.\u00a0 Devant les restrictions de jauge et de circulation, l&rsquo;\u00e9quipe du festival a choisi de favoriser les comp\u00e9titions et les films dans l&rsquo;actualit\u00e9, notamment \u00e0 travers les 7 films retenus &hellip;<\/p>\n","protected":false},"author":343,"featured_media":222030,"comment_status":"closed","ping_status":"closed","sticky":false,"template":"","format":"standard","meta":{"ngg_post_thumbnail":0,"footnotes":""},"categories":[12],"tags":[4182,4187],"class_list":["post-230834","post","type-post","status-publish","format-standard","has-post-thumbnail","","category-awards","tag-briff-2","tag-newsletter-fr"],"yoast_head":"<!-- This site is optimized with the Yoast SEO plugin v20.4 - https:\/\/yoast.com\/wordpress\/plugins\/seo\/ -->\n<title>La comp\u00e9tition ?? du BRIFF - w-l-c<\/title>\n<meta name=\"robots\" content=\"noindex, follow, max-snippet:-1, max-image-preview:large, max-video-preview:-1\" \/>\n<meta property=\"og:locale\" content=\"fr_FR\" \/>\n<meta property=\"og:type\" content=\"article\" \/>\n<meta property=\"og:title\" content=\"La comp\u00e9tition ?? du BRIFF - w-l-c\" \/>\n<meta property=\"og:description\" content=\"Le Brussels International Film Festival bravera les \u00e9l\u00e9ments contraires pour tenir co\u00fbte que co\u00fbte sa 3e \u00e9dition d\u00e9but septembre, dans des conditions particuli\u00e8res mais toujours cin\u00e9philes.\u00a0 Devant les restrictions de jauge et de circulation, l&rsquo;\u00e9quipe du festival a choisi de favoriser les comp\u00e9titions et les films dans l&rsquo;actualit\u00e9, notamment \u00e0 travers les 7 films retenus &hellip;\" \/>\n<meta property=\"og:url\" content=\"https:\/\/w-l-c.be\/fr\/la-competition-\ud83c\udde7\ud83c\uddea-du-briff\/\" \/>\n<meta property=\"og:site_name\" content=\"w-l-c\" \/>\n<meta property=\"article:published_time\" content=\"2020-08-18T13:47:17+00:00\" \/>\n<meta property=\"article:modified_time\" content=\"2020-08-21T13:48:26+00:00\" \/>\n<meta property=\"og:image\" content=\"https:\/\/w-l-c.be\/wp-content\/uploads\/2019\/08\/Music-Hole.jpg\" \/>\n\t<meta property=\"og:image:width\" content=\"800\" \/>\n\t<meta property=\"og:image:height\" content=\"500\" \/>\n\t<meta property=\"og:image:type\" content=\"image\/jpeg\" \/>\n<meta name=\"author\" content=\"Aurore Engelen\" \/>\n<meta name=\"twitter:card\" content=\"summary_large_image\" \/>\n<meta name=\"twitter:label1\" content=\"\u00c9crit par\" \/>\n\t<meta name=\"twitter:data1\" content=\"Aurore Engelen\" \/>\n\t<meta name=\"twitter:label2\" content=\"Dur\u00e9e de lecture estim\u00e9e\" \/>\n\t<meta name=\"twitter:data2\" content=\"6 minutes\" \/>\n<script type=\"application\/ld+json\" class=\"yoast-schema-graph\">{\"@context\":\"https:\/\/schema.org\",\"@graph\":[{\"@type\":\"WebPage\",\"@id\":\"https:\/\/w-l-c.be\/fr\/la-competition-%f0%9f%87%a7%f0%9f%87%aa-du-briff\/\",\"url\":\"https:\/\/w-l-c.be\/fr\/la-competition-%f0%9f%87%a7%f0%9f%87%aa-du-briff\/\",\"name\":\"La comp\u00e9tition ?? du BRIFF - w-l-c\",\"isPartOf\":{\"@id\":\"https:\/\/w-l-c.be\/fr\/#website\"},\"datePublished\":\"2020-08-18T13:47:17+00:00\",\"dateModified\":\"2020-08-21T13:48:26+00:00\",\"author\":{\"@id\":\"https:\/\/w-l-c.be\/fr\/#\/schema\/person\/8084b68c6b176142d073695c654dc7cf\"},\"breadcrumb\":{\"@id\":\"https:\/\/w-l-c.be\/fr\/la-competition-%f0%9f%87%a7%f0%9f%87%aa-du-briff\/#breadcrumb\"},\"inLanguage\":\"fr-FR\",\"potentialAction\":[{\"@type\":\"ReadAction\",\"target\":[\"https:\/\/w-l-c.be\/fr\/la-competition-%f0%9f%87%a7%f0%9f%87%aa-du-briff\/\"]}]},{\"@type\":\"BreadcrumbList\",\"@id\":\"https:\/\/w-l-c.be\/fr\/la-competition-%f0%9f%87%a7%f0%9f%87%aa-du-briff\/#breadcrumb\",\"itemListElement\":[{\"@type\":\"ListItem\",\"position\":1,\"name\":\"Accueil\",\"item\":\"https:\/\/w-l-c.be\/fr\/\"},{\"@type\":\"ListItem\",\"position\":2,\"name\":\"La comp\u00e9tition ?? du BRIFF\"}]},{\"@type\":\"WebSite\",\"@id\":\"https:\/\/w-l-c.be\/fr\/#website\",\"url\":\"https:\/\/w-l-c.be\/fr\/\",\"name\":\"w-l-c\",\"description\":\"Le cin\u00e9ma vu par les belges\",\"potentialAction\":[{\"@type\":\"SearchAction\",\"target\":{\"@type\":\"EntryPoint\",\"urlTemplate\":\"https:\/\/w-l-c.be\/fr\/?s={search_term_string}\"},\"query-input\":\"required name=search_term_string\"}],\"inLanguage\":\"fr-FR\"},{\"@type\":\"Person\",\"@id\":\"https:\/\/w-l-c.be\/fr\/#\/schema\/person\/8084b68c6b176142d073695c654dc7cf\",\"name\":\"Aurore Engelen\",\"url\":\"https:\/\/w-l-c.be\/fr\/author\/aurore-engelen\/\"}]}<\/script>\n<!-- \/ Yoast SEO plugin. -->","yoast_head_json":{"title":"La comp\u00e9tition ?? du BRIFF - w-l-c","robots":{"index":"noindex","follow":"follow","max-snippet":"max-snippet:-1","max-image-preview":"max-image-preview:large","max-video-preview":"max-video-preview:-1"},"og_locale":"fr_FR","og_type":"article","og_title":"La comp\u00e9tition ?? du BRIFF - w-l-c","og_description":"Le Brussels International Film Festival bravera les \u00e9l\u00e9ments contraires pour tenir co\u00fbte que co\u00fbte sa 3e \u00e9dition d\u00e9but septembre, dans des conditions particuli\u00e8res mais toujours cin\u00e9philes.\u00a0 Devant les restrictions de jauge et de circulation, l&rsquo;\u00e9quipe du festival a choisi de favoriser les comp\u00e9titions et les films dans l&rsquo;actualit\u00e9, notamment \u00e0 travers les 7 films retenus &hellip;","og_url":"https:\/\/w-l-c.be\/fr\/la-competition-\ud83c\udde7\ud83c\uddea-du-briff\/","og_site_name":"w-l-c","article_published_time":"2020-08-18T13:47:17+00:00","article_modified_time":"2020-08-21T13:48:26+00:00","og_image":[{"width":800,"height":500,"url":"https:\/\/w-l-c.be\/wp-content\/uploads\/2019\/08\/Music-Hole.jpg","type":"image\/jpeg"}],"author":"Aurore Engelen","twitter_card":"summary_large_image","twitter_misc":{"\u00c9crit par":"Aurore Engelen","Dur\u00e9e de lecture estim\u00e9e":"6 minutes"},"schema":{"@context":"https:\/\/schema.org","@graph":[{"@type":"WebPage","@id":"https:\/\/w-l-c.be\/fr\/la-competition-%f0%9f%87%a7%f0%9f%87%aa-du-briff\/","url":"https:\/\/w-l-c.be\/fr\/la-competition-%f0%9f%87%a7%f0%9f%87%aa-du-briff\/","name":"La comp\u00e9tition ?? du BRIFF - w-l-c","isPartOf":{"@id":"https:\/\/w-l-c.be\/fr\/#website"},"datePublished":"2020-08-18T13:47:17+00:00","dateModified":"2020-08-21T13:48:26+00:00","author":{"@id":"https:\/\/w-l-c.be\/fr\/#\/schema\/person\/8084b68c6b176142d073695c654dc7cf"},"breadcrumb":{"@id":"https:\/\/w-l-c.be\/fr\/la-competition-%f0%9f%87%a7%f0%9f%87%aa-du-briff\/#breadcrumb"},"inLanguage":"fr-FR","potentialAction":[{"@type":"ReadAction","target":["https:\/\/w-l-c.be\/fr\/la-competition-%f0%9f%87%a7%f0%9f%87%aa-du-briff\/"]}]},{"@type":"BreadcrumbList","@id":"https:\/\/w-l-c.be\/fr\/la-competition-%f0%9f%87%a7%f0%9f%87%aa-du-briff\/#breadcrumb","itemListElement":[{"@type":"ListItem","position":1,"name":"Accueil","item":"https:\/\/w-l-c.be\/fr\/"},{"@type":"ListItem","position":2,"name":"La comp\u00e9tition ?? du BRIFF"}]},{"@type":"WebSite","@id":"https:\/\/w-l-c.be\/fr\/#website","url":"https:\/\/w-l-c.be\/fr\/","name":"w-l-c","description":"Le cin\u00e9ma vu par les belges","potentialAction":[{"@type":"SearchAction","target":{"@type":"EntryPoint","urlTemplate":"https:\/\/w-l-c.be\/fr\/?s={search_term_string}"},"query-input":"required name=search_term_string"}],"inLanguage":"fr-FR"},{"@type":"Person","@id":"https:\/\/w-l-c.be\/fr\/#\/schema\/person\/8084b68c6b176142d073695c654dc7cf","name":"Aurore Engelen","url":"https:\/\/w-l-c.be\/fr\/author\/aurore-engelen\/"}]}},"_links":{"self":[{"href":"https:\/\/w-l-c.be\/fr\/wp-json\/wp\/v2\/posts\/230834","targetHints":{"allow":["GET"]}}],"collection":[{"href":"https:\/\/w-l-c.be\/fr\/wp-json\/wp\/v2\/posts"}],"about":[{"href":"https:\/\/w-l-c.be\/fr\/wp-json\/wp\/v2\/types\/post"}],"author":[{"embeddable":true,"href":"https:\/\/w-l-c.be\/fr\/wp-json\/wp\/v2\/users\/343"}],"replies":[{"embeddable":true,"href":"https:\/\/w-l-c.be\/fr\/wp-json\/wp\/v2\/comments?post=230834"}],"version-history":[{"count":0,"href":"https:\/\/w-l-c.be\/fr\/wp-json\/wp\/v2\/posts\/230834\/revisions"}],"wp:featuredmedia":[{"embeddable":true,"href":"https:\/\/w-l-c.be\/fr\/wp-json\/wp\/v2\/media\/222030"}],"wp:attachment":[{"href":"https:\/\/w-l-c.be\/fr\/wp-json\/wp\/v2\/media?parent=230834"}],"wp:term":[{"taxonomy":"category","embeddable":true,"href":"https:\/\/w-l-c.be\/fr\/wp-json\/wp\/v2\/categories?post=230834"},{"taxonomy":"post_tag","embeddable":true,"href":"https:\/\/w-l-c.be\/fr\/wp-json\/wp\/v2\/tags?post=230834"}],"curies":[{"name":"wp","href":"https:\/\/api.w.org\/{rel}","templated":true}]}}