
{"id":231423,"date":"2020-09-07T14:07:36","date_gmt":"2020-09-07T12:07:36","guid":{"rendered":"https:\/\/www.cinevox.be\/?p=231423"},"modified":"2020-09-08T09:31:22","modified_gmt":"2020-09-08T07:31:22","slug":"jeremy-grynberg-marie-lecomte-et-herve-piron-ont-des-choses-en-commun-pour-sirot-balboni","status":"publish","type":"post","link":"https:\/\/w-l-c.be\/fr\/jeremy-grynberg-marie-lecomte-et-herve-piron-ont-des-choses-en-commun-pour-sirot-balboni\/","title":{"rendered":"Jeremy Grynberg, Marie Lecomte et Herv\u00e9 Piron ont \u00ab\u00a0Des choses en commun\u00a0\u00bb pour Sirot &#038; Balboni"},"content":{"rendered":"<p><strong>Le programme de courts m\u00e9trages <em>La Belge Collection<\/em> a pour objectif de mettre en valeur com\u00e9diens et com\u00e9diennes belges, \u00e0 travers le regard d\u2019une poign\u00e9e de cin\u00e9astes qui misent tout sur leur talent et leur cr\u00e9ativit\u00e9. Au g\u00e9n\u00e9rique de <em>Des choses en commun<\/em> de Rapha\u00ebl Balboni et Ann Sirot, on retrouve Jeremy Grynberg, Marie Lecomte et Herv\u00e9 Piron.\u00a0<\/strong><\/p>\n<p><em>A bord des v\u00e9hicules Cambio (voitures partag\u00e9es de la ville de Bruxelles), des vies s\u2019entrem\u00ealent. En route pour un magasin de meubles, vers la for\u00eat pour un footing, ou patientant \u00e0 la station en attendant le retour d\u2019une voiture, conductrices et passagers revisitent et r\u00e9inventent leurs liens amoureux.<\/em><\/p>\n<p>Des histoires d&rsquo;amour, de d\u00e9sir et de voiture&#8230; Avec le go\u00fbt de l&rsquo;absurde et de la po\u00e9sie qu&rsquo;on leur conna\u00eet, Rapha\u00ebl Balboni &amp; Ann Sirot (<em>Lucha Libre, Avec Thelma<\/em>) servent sur un plateau leur art du dialogue et de la situation \u00e0 des com\u00e9dien\u00b7nes qui se d\u00e9lectent de ces sc\u00e9nettes aussi touchantes qu&rsquo;inattendues. Les r\u00e8gles du jeu de l&rsquo;amour et du hasard s&rsquo;en trouveront toutes chamboul\u00e9es.<\/p>\n<h4><\/h4>\n<h4>6 questions \u00e0 J\u00e9r\u00e9my Grynberg, Marie Lecomte et Herv\u00e9 Piron<\/h4>\n<p><strong>Pouvez-vous nous parler de votre personnage en quelques mots?<\/strong><\/p>\n<p><strong>Jeremy Grynberg:<\/strong> En quelques mots, Jeremy est l&rsquo;amant d&rsquo;Estelle depuis plus d&rsquo;un an. Il est plus jeune qu&rsquo;elle et aimerait pouvoir vivre cette relation plus ouvertement.<\/p>\n<p><strong>Marie Lecomte:<\/strong> Mon personnage est une femme qui aime deux hommes et qui d\u00e9cide de l\u2019assumer, de ne plus se cacher, avec courage et humour.<\/p>\n<p><strong>Herv\u00e9 Piron:<\/strong> C&rsquo;est un \u00e9diteur qui est tr\u00e8s amoureux de sa femme et qui a un petit c\u00f4t\u00e9 plan-plan, casanier. Mais, on va s&rsquo;apercevoir qu&rsquo;il est plus ouvert qu&rsquo;on pourrait le croire.<\/p>\n<p><strong>Quel a \u00e9t\u00e9 le plus grand d\u00e9fi que vous avez d\u00fb affronter pour l\u2019incarner?<\/strong><\/p>\n<p><strong>Jeremy Grynberg:<\/strong> Le d\u00e9fi ne se situait pas tellement dans l&rsquo;incarnation du personnage mais plut\u00f4t dans la disponibilit\u00e9 constante que demande la mani\u00e8re de travailler d&rsquo;Ann et Rapha\u00ebl. Le sc\u00e9nario est une base changeante qui se construit au fil d&rsquo;improvisations.<\/p>\n<p><strong>Marie Lecomte:<\/strong> Avoir les cheveux fris\u00e9s !<\/p>\n<p><strong>Herv\u00e9 Piron:<\/strong> On a tourn\u00e9 en studio. Dans une fausse voiture. Il faut faire vivre l&rsquo;ext\u00e9rieur, le paysage, la circulation avec le regard&#8230;j&rsquo;avoue que c&rsquo;est un peu \u00e9trange!<\/p>\n<figure id=\"attachment_231430\" aria-describedby=\"caption-attachment-231430\" style=\"width: 618px\" class=\"wp-caption alignnone\"><img loading=\"lazy\" decoding=\"async\" class=\"wp-image-231430 size-large\" src=\"https:\/\/www.cinevox.be\/wp-content\/uploads\/2020\/09\/DCEC_visu02-800x445.jpg\" alt=\"Des-Choses-En-Commun-Sirot-Balboni\" width=\"618\" height=\"344\" srcset=\"https:\/\/w-l-c.be\/wp-content\/uploads\/2020\/09\/DCEC_visu02-800x445.jpg 800w, https:\/\/w-l-c.be\/wp-content\/uploads\/2020\/09\/DCEC_visu02-480x267.jpg 480w, https:\/\/w-l-c.be\/wp-content\/uploads\/2020\/09\/DCEC_visu02-768x428.jpg 768w, https:\/\/w-l-c.be\/wp-content\/uploads\/2020\/09\/DCEC_visu02-1536x855.jpg 1536w, https:\/\/w-l-c.be\/wp-content\/uploads\/2020\/09\/DCEC_visu02.jpg 1920w\" sizes=\"auto, (max-width: 618px) 100vw, 618px\" \/><figcaption id=\"caption-attachment-231430\" class=\"wp-caption-text\">Marie Lecomte et J\u00e9r\u00e9my Grynberg<\/figcaption><\/figure>\n<p><strong>Qu\u2019est-ce qui vous a le plus marqu\u00e9 dans cette exp\u00e9rience?<\/strong><\/p>\n<p><strong>Jeremy Grynberg:<\/strong> Je dirais la mani\u00e8re de travailler d&rsquo;Ann et Rapha\u00ebl qui permet aux acteurs d&rsquo;\u00eatre absolument libres sur le plateau. Les propositions fusent et le jeu devient in\u00e9vitable.<\/p>\n<p><strong>Marie Lecomte:<\/strong> C\u2019\u00e9tait un travail formidable pour les acteurs, nous avions une \u00e9norme latitude d\u2019improvisation, et j\u2019\u00e9tais dans une totale confiance, r\u00e9ciproque, avec les r\u00e9alisateurs.<\/p>\n<p><strong>Herv\u00e9 Piron:<\/strong> Le sentiment de libert\u00e9 ! Rapha\u00ebl et Ann, travaillent \u00e0 partir des propositions des com\u00e9diens. Du coup, pendant les r\u00e9p\u00e9titions, on cr\u00e9e litt\u00e9ralement notre personnage, c&rsquo;est assez grisant, de participer autant au processus cr\u00e9atif.<\/p>\n<p><strong>Pouvez-vous vous pr\u00e9senter en quelques mots, d\u2019o\u00f9 vous venez, votre parcours?<\/strong><\/p>\n<p><strong>Jeremy Grynberg:<\/strong> Je m&rsquo;appelle Jeremy Grynberg, ma carte d&rsquo;identit\u00e9 indique que je suis belge, et j&rsquo;ai termin\u00e9 le Conservatoire de Bruxelles. Depuis ma sortie, j&rsquo;ai collectionn\u00e9 les projets divers et vari\u00e9s. Je suis pass\u00e9 du th\u00e9\u00e2tre, \u00e0 la danse-contemporaine, \u00e0 l&rsquo;op\u00e9ra et jusqu&rsquo;aux sc\u00e8nes de <em>beatbox<\/em>. Je suis un touche \u00e0 tout curieux et gourmand.<\/p>\n<p><strong>Marie Lecomte:<\/strong> Je suis venue en Belgique faire l\u2019Insas et je ne suis plus jamais repartie, j\u2019ai travaill\u00e9 pour le th\u00e9\u00e2tre et le cin\u00e9ma, et depuis plusieurs ann\u00e9es je fais partie d\u2019un collectif d\u2019acteurs avec qui je con\u00e7ois des spectacles, le collectif Rien de Sp\u00e9cial.<\/p>\n<p><strong>Herv\u00e9 Piron:<\/strong> J&rsquo;ai fait mes \u00e9tudes de th\u00e9\u00e2tre \u00e0 l&rsquo;INSAS. Je suis bruxellois. J&rsquo;ai co-fond\u00e9 un collectif Rien de Sp\u00e9cial\/ Enerv\u00e9 qui est associ\u00e9 au th\u00e9\u00e2tre Varia. L&rsquo;ann\u00e9e derni\u00e8re, j&rsquo;ai re\u00e7u le prix Maeterlinck du meilleur com\u00e9dien. Au cin\u00e9ma j&rsquo;ai jou\u00e9 pour Nicole Palo, Michael Bier, Philippe de Pierpont, Jaco Van Dormael&#8230; Et dans les s\u00e9ries <em>Ad\u00e8le, Transfert<\/em>, et je m&rsquo;appr\u00eate \u00e0 jouer dans <em>Into the Night, l<\/em>a Saison 2.(r\u00e9alisation Nabil Ben Yadir).<\/p>\n<figure id=\"attachment_231432\" aria-describedby=\"caption-attachment-231432\" style=\"width: 618px\" class=\"wp-caption alignnone\"><img loading=\"lazy\" decoding=\"async\" class=\"size-large wp-image-231432\" src=\"https:\/\/www.cinevox.be\/wp-content\/uploads\/2020\/09\/La-Belge-Collection9098-800x600.jpg\" alt=\"\" width=\"618\" height=\"464\" srcset=\"https:\/\/w-l-c.be\/wp-content\/uploads\/2020\/09\/La-Belge-Collection9098-800x600.jpg 800w, https:\/\/w-l-c.be\/wp-content\/uploads\/2020\/09\/La-Belge-Collection9098-360x270.jpg 360w, https:\/\/w-l-c.be\/wp-content\/uploads\/2020\/09\/La-Belge-Collection9098-768x576.jpg 768w, https:\/\/w-l-c.be\/wp-content\/uploads\/2020\/09\/La-Belge-Collection9098-1536x1152.jpg 1536w, https:\/\/w-l-c.be\/wp-content\/uploads\/2020\/09\/La-Belge-Collection9098-2048x1536.jpg 2048w\" sizes=\"auto, (max-width: 618px) 100vw, 618px\" \/><figcaption id=\"caption-attachment-231432\" class=\"wp-caption-text\">Le casting au (presque) complet, avec la marraine de La Belge Collection, Emilie Dequenne, et les deux cin\u00e9astes.<\/figcaption><\/figure>\n<p><strong>D\u2019o\u00f9 vient votre vocation de com\u00e9dien\u00b7ne, quand (et comment) s\u2019est fait le d\u00e9clic?<\/strong><\/p>\n<p><strong>Jeremy Grynberg:<\/strong> Je ne sais pas si on peut parler de vocation, le m\u00e9tier d&rsquo;acteur m&rsquo;intriguait. Quand il a fallu choisir des \u00e9tudes, je me suis dit qu&rsquo;il valait mieux essayer de faire ce que j&rsquo;aimais et voir o\u00f9 \u00e7a me m\u00e8nerait.<\/p>\n<p><strong>Marie Lecomte:<\/strong> J\u2019ai toujours voulu faire ce m\u00e9tier, depuis l\u2019enfance, pour amener de la fantaisie et de la l\u00e9g\u00e8ret\u00e9 dans l\u2019existence. Et pour toujours jouer.<\/p>\n<p><strong>Herv\u00e9 Piron:<\/strong> J&rsquo;\u00e9tais en Erasmus \u00e0 Manchester. J&rsquo;ai assist\u00e9 \u00e0 un spectacle tellement fort que je n&rsquo;en n&rsquo;ai pas dormi et d\u00e9cid\u00e9 de changer d&rsquo;orientation ( je terminais des \u00e9tudes de sciences politiques)<\/p>\n<p><strong>Que repr\u00e9sente pour vous cette opportunit\u00e9 offerte par \u00ab La Belge Collection \u00bb?<\/strong><\/p>\n<p><strong>Jeremy Grynberg:<\/strong> \u00ab La Belge Collection \u00bb c&rsquo;est l&rsquo;opportunit\u00e9 de rencontrer de nouvelles personnes et de rentrer dans leurs univers. Et puis en tant que jeune acteur, c&rsquo;est l&rsquo;occasion de se retrouver au milieu de projets qui veulent mettre le cin\u00e9ma belge en valeur.<\/p>\n<p><strong>Marie Lecomte:<\/strong> En tant qu\u2019actrice de 40 ans, en Belgique, malgr\u00e9 un CV franchement pas mal, pas facile d\u2019\u00eatre \u00ab visible \u00bb, de passer des castings pour des r\u00f4les de femme interessants. \u00a0J\u2019esp\u00e8re que La Belge Collection apportera une jolie visibilit\u00e9 au film, aux r\u00e9alisateurs et aux acteurs.trices formidables de ces films.<\/p>\n<p><strong>Herv\u00e9 Piron:<\/strong> Je ne sais pas trop, on verra bien&#8230;. En tous cas, j&rsquo;\u00e9tais tr\u00e8s content du tournage. Si le film, peut avoir une belle visibilit\u00e9 malgr\u00e9 le COVID, je pense qu&rsquo;il peut plaire au public et aux pros&#8230; ce qui pourrait ( peut-\u00eatre) me permettre de travailler plus dans le domaine. J&rsquo;en ai tr\u00e8s envie, en tous cas !<\/p>\n<figure id=\"attachment_231428\" aria-describedby=\"caption-attachment-231428\" style=\"width: 618px\" class=\"wp-caption alignnone\"><img loading=\"lazy\" decoding=\"async\" class=\"size-large wp-image-231428\" src=\"https:\/\/www.cinevox.be\/wp-content\/uploads\/2020\/09\/FotoJet-copie-1-800x439.jpg\" alt=\"Anne-Sirot-Raphael-Balboni\" width=\"618\" height=\"339\" srcset=\"https:\/\/w-l-c.be\/wp-content\/uploads\/2020\/09\/FotoJet-copie-1-800x439.jpg 800w, https:\/\/w-l-c.be\/wp-content\/uploads\/2020\/09\/FotoJet-copie-1-480x263.jpg 480w, https:\/\/w-l-c.be\/wp-content\/uploads\/2020\/09\/FotoJet-copie-1-768x421.jpg 768w, https:\/\/w-l-c.be\/wp-content\/uploads\/2020\/09\/FotoJet-copie-1.jpg 1200w\" sizes=\"auto, (max-width: 618px) 100vw, 618px\" \/><figcaption id=\"caption-attachment-231428\" class=\"wp-caption-text\">Ann Sirot &amp; Rapha\u00ebl Balboni (Photos: Fred Labeye)<\/figcaption><\/figure>\n<h4>5 questions \u00e0 Ann Sirot &amp; Rapha\u00ebl Balboni<\/h4>\n<p><strong>Pouvez-vous expliquer\u00a0 en quelques mots les diff\u00e9rents personnages du court-m\u00e9trage ?<\/strong><\/p>\n<p>Les personnages du film sont des usagers de la m\u00eame station Cambio. Ils ne se croisent pas forc\u00e9ment mais ils utilisent les m\u00eames voitures dans lesquelles ils peuvent oublier des objets, laisser tra\u00eener l\u2019odeur d\u2019un parfum, r\u00e9gler la radio sur une certaine fr\u00e9quence, transmettant ainsi aux usagers suivants quelques indices, quelques \u00e9manations de leur fa\u00e7on de vivre.<\/p>\n<p>Les personnages du film ont en commun les v\u00e9hicules qu\u2019ils partagent ainsi que des questionnements sur la juste mani\u00e8re de vivre l\u2019aventure de l\u2019amour.<\/p>\n<p><strong>Comment s\u2019est pass\u00e9 le casting ?<\/strong><\/p>\n<p>Nous n\u2019avons pas fait de casting \u00e0 proprement parl\u00e9. Tou.te.s les com\u00e9dien.ne.s de ce film sont des personnes que nous avons rencontr\u00e9es en diverses circonstances et avec qui nous avions le d\u00e9sir d\u2019entamer une collaboration cr\u00e9ative.<\/p>\n<p>Nous avons rencontr\u00e9 Fanny et J\u00e9r\u00e9my lors d\u2019un stage organis\u00e9 par le Brussels Cin\u00e9 Studio que nous avons encadr\u00e9 en septembre 2019.<\/p>\n<p>Herv\u00e9, Marie et Beno\u00eet sont des com\u00e9dien.nes que nous avons vu jouer au th\u00e9\u00e2tre, et qui ont particip\u00e9 au casting d\u2019un autre de nos projets. Ninon, que nous avions remarqu\u00e9e dans l\u2019exercice de jeu face cam\u00e9ra du Conservatoire de Li\u00e8ge, avait \u00e9galement particip\u00e9 \u00e0 ce casting pr\u00e9c\u00e9dent.<\/p>\n<p>Nous connaissions Gwen sur sc\u00e8ne et \u00e0 l\u2019\u00e9cran, et nous avions envie de tenter quelque chose avec elle.<\/p>\n<p><strong>Pourquoi et comment avez-vous choisi chacun\u00b7e de vos com\u00e9dien\u00b7ne ?<\/strong><\/p>\n<p>Dans notre processus d\u2019\u00e9criture, nous convoquons les com\u00e9dien.nes tr\u00e8s t\u00f4t. Nous fa\u00e7onnons les personnages autour de ce que la pr\u00e9sence des acteurs offre spontan\u00e9ment. Les acteurs acqui\u00e8rent une m\u00e9moire des sc\u00e8nes au fil des r\u00e9p\u00e9titions mais celle-ci n\u2019est pas bas\u00e9e sur l\u2019apprentissage d\u2019un texte. Nous nous tournons vers des com\u00e9dien.nes qui sont \u00e0 l\u2019aise avec cette mani\u00e8re de faire.<\/p>\n<p><strong>Qu&rsquo;est-ce qui vous a le plus surpris\u00b7e\/ impressionn\u00e9\u00b7e dans la performance de\u00a0\u00a0chacun\u00b7e de vos com\u00e9dien\u00b7ne?<\/strong><\/p>\n<p>Leur capacit\u00e9 \u00e0 composer avec toutes les petites surprises du r\u00e9el, de saisir les petites particularit\u00e9s du moment pr\u00e9sent pour enrichir la situation.<\/p>\n<p><strong>Pourquoi avez-vous accept\u00e9 d&#8217;embarquer dans ce projet, et que repr\u00e9sente-t-il pour vous?<\/strong><\/p>\n<p>Ce projet, c\u2019\u00e9tait d\u2019abord une occasion de tourner. Et pour nous, c\u2019est toujours bon \u00e0 prendre. Et puis l\u2019exercice propos\u00e9 nous int\u00e9ressait : nous avons mont\u00e9 ce projet avec des com\u00e9dien.nes avec lesquel.les nous n\u2019avions pas ou tr\u00e8s peu travaill\u00e9 au pr\u00e9alable. La perspective de cette exp\u00e9rience qui nous incitait \u00e0 des collaborations neuves nous plaisait.<\/p>\n","protected":false},"excerpt":{"rendered":"<p>Le programme de courts m\u00e9trages La Belge Collection a pour objectif de mettre en valeur com\u00e9diens et com\u00e9diennes belges, \u00e0 travers le regard d\u2019une poign\u00e9e de cin\u00e9astes qui misent tout sur leur talent et leur cr\u00e9ativit\u00e9. Au g\u00e9n\u00e9rique de Des choses en commun de Rapha\u00ebl Balboni et Ann Sirot, on retrouve Jeremy Grynberg, Marie Lecomte &hellip;<\/p>\n","protected":false},"author":343,"featured_media":231426,"comment_status":"closed","ping_status":"closed","sticky":false,"template":"","format":"standard","meta":{"ngg_post_thumbnail":0,"footnotes":""},"categories":[1978],"tags":[4731,4187],"class_list":["post-231423","post","type-post","status-publish","format-standard","has-post-thumbnail","","category-interviews","tag-la-belge-collection","tag-newsletter-fr"],"yoast_head":"<!-- This site is optimized with the Yoast SEO plugin v20.4 - https:\/\/yoast.com\/wordpress\/plugins\/seo\/ -->\n<title>Jeremy Grynberg, Marie Lecomte et Herv\u00e9 Piron ont &quot;Des choses en commun&quot; pour Sirot &amp; Balboni - w-l-c<\/title>\n<meta name=\"robots\" content=\"noindex, follow, max-snippet:-1, max-image-preview:large, max-video-preview:-1\" \/>\n<meta property=\"og:locale\" content=\"fr_FR\" \/>\n<meta property=\"og:type\" content=\"article\" \/>\n<meta property=\"og:title\" content=\"Jeremy Grynberg, Marie Lecomte et Herv\u00e9 Piron ont &quot;Des choses en commun&quot; pour Sirot &amp; Balboni - w-l-c\" \/>\n<meta property=\"og:description\" content=\"Le programme de courts m\u00e9trages La Belge Collection a pour objectif de mettre en valeur com\u00e9diens et com\u00e9diennes belges, \u00e0 travers le regard d\u2019une poign\u00e9e de cin\u00e9astes qui misent tout sur leur talent et leur cr\u00e9ativit\u00e9. Au g\u00e9n\u00e9rique de Des choses en commun de Rapha\u00ebl Balboni et Ann Sirot, on retrouve Jeremy Grynberg, Marie Lecomte &hellip;\" \/>\n<meta property=\"og:url\" content=\"https:\/\/w-l-c.be\/fr\/jeremy-grynberg-marie-lecomte-et-herve-piron-ont-des-choses-en-commun-pour-sirot-balboni\/\" \/>\n<meta property=\"og:site_name\" content=\"w-l-c\" \/>\n<meta property=\"article:published_time\" content=\"2020-09-07T12:07:36+00:00\" \/>\n<meta property=\"article:modified_time\" content=\"2020-09-08T07:31:22+00:00\" \/>\n<meta property=\"og:image\" content=\"https:\/\/w-l-c.be\/wp-content\/uploads\/2020\/09\/FotoJet.jpg\" \/>\n\t<meta property=\"og:image:width\" content=\"1200\" \/>\n\t<meta property=\"og:image:height\" content=\"658\" \/>\n\t<meta property=\"og:image:type\" content=\"image\/jpeg\" \/>\n<meta name=\"author\" content=\"Aurore Engelen\" \/>\n<meta name=\"twitter:card\" content=\"summary_large_image\" \/>\n<meta name=\"twitter:label1\" content=\"\u00c9crit par\" \/>\n\t<meta name=\"twitter:data1\" content=\"Aurore Engelen\" \/>\n\t<meta name=\"twitter:label2\" content=\"Dur\u00e9e de lecture estim\u00e9e\" \/>\n\t<meta name=\"twitter:data2\" content=\"8 minutes\" \/>\n<script type=\"application\/ld+json\" class=\"yoast-schema-graph\">{\"@context\":\"https:\/\/schema.org\",\"@graph\":[{\"@type\":\"WebPage\",\"@id\":\"https:\/\/w-l-c.be\/fr\/jeremy-grynberg-marie-lecomte-et-herve-piron-ont-des-choses-en-commun-pour-sirot-balboni\/\",\"url\":\"https:\/\/w-l-c.be\/fr\/jeremy-grynberg-marie-lecomte-et-herve-piron-ont-des-choses-en-commun-pour-sirot-balboni\/\",\"name\":\"Jeremy Grynberg, Marie Lecomte et Herv\u00e9 Piron ont \\\"Des choses en commun\\\" pour Sirot & Balboni - w-l-c\",\"isPartOf\":{\"@id\":\"https:\/\/w-l-c.be\/fr\/#website\"},\"datePublished\":\"2020-09-07T12:07:36+00:00\",\"dateModified\":\"2020-09-08T07:31:22+00:00\",\"author\":{\"@id\":\"https:\/\/w-l-c.be\/fr\/#\/schema\/person\/8084b68c6b176142d073695c654dc7cf\"},\"breadcrumb\":{\"@id\":\"https:\/\/w-l-c.be\/fr\/jeremy-grynberg-marie-lecomte-et-herve-piron-ont-des-choses-en-commun-pour-sirot-balboni\/#breadcrumb\"},\"inLanguage\":\"fr-FR\",\"potentialAction\":[{\"@type\":\"ReadAction\",\"target\":[\"https:\/\/w-l-c.be\/fr\/jeremy-grynberg-marie-lecomte-et-herve-piron-ont-des-choses-en-commun-pour-sirot-balboni\/\"]}]},{\"@type\":\"BreadcrumbList\",\"@id\":\"https:\/\/w-l-c.be\/fr\/jeremy-grynberg-marie-lecomte-et-herve-piron-ont-des-choses-en-commun-pour-sirot-balboni\/#breadcrumb\",\"itemListElement\":[{\"@type\":\"ListItem\",\"position\":1,\"name\":\"Accueil\",\"item\":\"https:\/\/w-l-c.be\/fr\/\"},{\"@type\":\"ListItem\",\"position\":2,\"name\":\"Jeremy Grynberg, Marie Lecomte et Herv\u00e9 Piron ont \u00ab\u00a0Des choses en commun\u00a0\u00bb pour Sirot &#038; Balboni\"}]},{\"@type\":\"WebSite\",\"@id\":\"https:\/\/w-l-c.be\/fr\/#website\",\"url\":\"https:\/\/w-l-c.be\/fr\/\",\"name\":\"w-l-c\",\"description\":\"Le cin\u00e9ma vu par les belges\",\"potentialAction\":[{\"@type\":\"SearchAction\",\"target\":{\"@type\":\"EntryPoint\",\"urlTemplate\":\"https:\/\/w-l-c.be\/fr\/?s={search_term_string}\"},\"query-input\":\"required name=search_term_string\"}],\"inLanguage\":\"fr-FR\"},{\"@type\":\"Person\",\"@id\":\"https:\/\/w-l-c.be\/fr\/#\/schema\/person\/8084b68c6b176142d073695c654dc7cf\",\"name\":\"Aurore Engelen\",\"url\":\"https:\/\/w-l-c.be\/fr\/author\/aurore-engelen\/\"}]}<\/script>\n<!-- \/ Yoast SEO plugin. -->","yoast_head_json":{"title":"Jeremy Grynberg, Marie Lecomte et Herv\u00e9 Piron ont \"Des choses en commun\" pour Sirot & Balboni - w-l-c","robots":{"index":"noindex","follow":"follow","max-snippet":"max-snippet:-1","max-image-preview":"max-image-preview:large","max-video-preview":"max-video-preview:-1"},"og_locale":"fr_FR","og_type":"article","og_title":"Jeremy Grynberg, Marie Lecomte et Herv\u00e9 Piron ont \"Des choses en commun\" pour Sirot & Balboni - w-l-c","og_description":"Le programme de courts m\u00e9trages La Belge Collection a pour objectif de mettre en valeur com\u00e9diens et com\u00e9diennes belges, \u00e0 travers le regard d\u2019une poign\u00e9e de cin\u00e9astes qui misent tout sur leur talent et leur cr\u00e9ativit\u00e9. Au g\u00e9n\u00e9rique de Des choses en commun de Rapha\u00ebl Balboni et Ann Sirot, on retrouve Jeremy Grynberg, Marie Lecomte &hellip;","og_url":"https:\/\/w-l-c.be\/fr\/jeremy-grynberg-marie-lecomte-et-herve-piron-ont-des-choses-en-commun-pour-sirot-balboni\/","og_site_name":"w-l-c","article_published_time":"2020-09-07T12:07:36+00:00","article_modified_time":"2020-09-08T07:31:22+00:00","og_image":[{"width":1200,"height":658,"url":"https:\/\/w-l-c.be\/wp-content\/uploads\/2020\/09\/FotoJet.jpg","type":"image\/jpeg"}],"author":"Aurore Engelen","twitter_card":"summary_large_image","twitter_misc":{"\u00c9crit par":"Aurore Engelen","Dur\u00e9e de lecture estim\u00e9e":"8 minutes"},"schema":{"@context":"https:\/\/schema.org","@graph":[{"@type":"WebPage","@id":"https:\/\/w-l-c.be\/fr\/jeremy-grynberg-marie-lecomte-et-herve-piron-ont-des-choses-en-commun-pour-sirot-balboni\/","url":"https:\/\/w-l-c.be\/fr\/jeremy-grynberg-marie-lecomte-et-herve-piron-ont-des-choses-en-commun-pour-sirot-balboni\/","name":"Jeremy Grynberg, Marie Lecomte et Herv\u00e9 Piron ont \"Des choses en commun\" pour Sirot & Balboni - w-l-c","isPartOf":{"@id":"https:\/\/w-l-c.be\/fr\/#website"},"datePublished":"2020-09-07T12:07:36+00:00","dateModified":"2020-09-08T07:31:22+00:00","author":{"@id":"https:\/\/w-l-c.be\/fr\/#\/schema\/person\/8084b68c6b176142d073695c654dc7cf"},"breadcrumb":{"@id":"https:\/\/w-l-c.be\/fr\/jeremy-grynberg-marie-lecomte-et-herve-piron-ont-des-choses-en-commun-pour-sirot-balboni\/#breadcrumb"},"inLanguage":"fr-FR","potentialAction":[{"@type":"ReadAction","target":["https:\/\/w-l-c.be\/fr\/jeremy-grynberg-marie-lecomte-et-herve-piron-ont-des-choses-en-commun-pour-sirot-balboni\/"]}]},{"@type":"BreadcrumbList","@id":"https:\/\/w-l-c.be\/fr\/jeremy-grynberg-marie-lecomte-et-herve-piron-ont-des-choses-en-commun-pour-sirot-balboni\/#breadcrumb","itemListElement":[{"@type":"ListItem","position":1,"name":"Accueil","item":"https:\/\/w-l-c.be\/fr\/"},{"@type":"ListItem","position":2,"name":"Jeremy Grynberg, Marie Lecomte et Herv\u00e9 Piron ont \u00ab\u00a0Des choses en commun\u00a0\u00bb pour Sirot &#038; Balboni"}]},{"@type":"WebSite","@id":"https:\/\/w-l-c.be\/fr\/#website","url":"https:\/\/w-l-c.be\/fr\/","name":"w-l-c","description":"Le cin\u00e9ma vu par les belges","potentialAction":[{"@type":"SearchAction","target":{"@type":"EntryPoint","urlTemplate":"https:\/\/w-l-c.be\/fr\/?s={search_term_string}"},"query-input":"required name=search_term_string"}],"inLanguage":"fr-FR"},{"@type":"Person","@id":"https:\/\/w-l-c.be\/fr\/#\/schema\/person\/8084b68c6b176142d073695c654dc7cf","name":"Aurore Engelen","url":"https:\/\/w-l-c.be\/fr\/author\/aurore-engelen\/"}]}},"_links":{"self":[{"href":"https:\/\/w-l-c.be\/fr\/wp-json\/wp\/v2\/posts\/231423","targetHints":{"allow":["GET"]}}],"collection":[{"href":"https:\/\/w-l-c.be\/fr\/wp-json\/wp\/v2\/posts"}],"about":[{"href":"https:\/\/w-l-c.be\/fr\/wp-json\/wp\/v2\/types\/post"}],"author":[{"embeddable":true,"href":"https:\/\/w-l-c.be\/fr\/wp-json\/wp\/v2\/users\/343"}],"replies":[{"embeddable":true,"href":"https:\/\/w-l-c.be\/fr\/wp-json\/wp\/v2\/comments?post=231423"}],"version-history":[{"count":0,"href":"https:\/\/w-l-c.be\/fr\/wp-json\/wp\/v2\/posts\/231423\/revisions"}],"wp:featuredmedia":[{"embeddable":true,"href":"https:\/\/w-l-c.be\/fr\/wp-json\/wp\/v2\/media\/231426"}],"wp:attachment":[{"href":"https:\/\/w-l-c.be\/fr\/wp-json\/wp\/v2\/media?parent=231423"}],"wp:term":[{"taxonomy":"category","embeddable":true,"href":"https:\/\/w-l-c.be\/fr\/wp-json\/wp\/v2\/categories?post=231423"},{"taxonomy":"post_tag","embeddable":true,"href":"https:\/\/w-l-c.be\/fr\/wp-json\/wp\/v2\/tags?post=231423"}],"curies":[{"name":"wp","href":"https:\/\/api.w.org\/{rel}","templated":true}]}}