
{"id":231501,"date":"2020-09-08T09:28:20","date_gmt":"2020-09-08T07:28:20","guid":{"rendered":"https:\/\/www.cinevox.be\/?p=231501"},"modified":"2020-09-08T17:41:30","modified_gmt":"2020-09-08T15:41:30","slug":"emilie-dequenne-enquete-sur-xddl","status":"publish","type":"post","link":"https:\/\/w-l-c.be\/fr\/emilie-dequenne-enquete-sur-xddl\/","title":{"rendered":"Emilie Dequenne enqu\u00eate sur XDDL"},"content":{"rendered":"<p><strong>Alors que l&rsquo;affaire Xavier Dupont de Ligonn\u00e8s n&rsquo;en finit pas de passionner la France &#8211; les deux num\u00e9ros du magazine Society consacr\u00e9s \u00e0 l&rsquo;affaire se sont arrach\u00e9s cet \u00e9t\u00e9 -, M6 sort une fiction inspir\u00e9e de ce terrible fait divers qui remonte \u00e0 2011. Si Arnaud Ducret incarne le p\u00e8re de famille bien sous tous rapports soup\u00e7onn\u00e9 d&rsquo;avoir d\u00e9cim\u00e9 sa famille, Emilie Dequenne y incarne Anna-Rose, en justici\u00e8re du net bien d\u00e9cid\u00e9e \u00e0 confondre le meurtrier&#8230;<\/strong><\/p>\n<p>Une m\u00e8re et ses quatre enfants sont retrouv\u00e9s assassin\u00e9s sous la terrasse de leur maison. Seul le p\u00e8re manque. Anna-Rose, une professionnelle du Net et de ses r\u00e9seaux, cherche \u00e0 comprendre. Happ\u00e9e par cet homme, et par cette horreur, elle va dangereusement basculer de la toile \u00e0 la r\u00e9alit\u00e9&#8230;<\/p>\n<p>Voici les premi\u00e8res images de la s\u00e9rie, r\u00e9alis\u00e9e par Pierre Aknine, qui sera diffus\u00e9e d\u00e8s le 15 septembre prochain.<br \/>\nhttps:\/\/www.facebook.com\/arnaud.ducret\/videos\/741239446451526\/?v=741239446451526<\/p>\n","protected":false},"excerpt":{"rendered":"<p>Alors que l&rsquo;affaire Xavier Dupont de Ligonn\u00e8s n&rsquo;en finit pas de passionner la France &#8211; les deux num\u00e9ros du magazine Society consacr\u00e9s \u00e0 l&rsquo;affaire se sont arrach\u00e9s cet \u00e9t\u00e9 -, M6 sort une fiction inspir\u00e9e de ce terrible fait divers qui remonte \u00e0 2011. Si Arnaud Ducret incarne le p\u00e8re de famille bien sous tous &hellip;<\/p>\n","protected":false},"author":343,"featured_media":231503,"comment_status":"closed","ping_status":"closed","sticky":false,"template":"","format":"standard","meta":{"ngg_post_thumbnail":0,"footnotes":""},"categories":[53],"tags":[4332,4187],"class_list":["post-231501","post","type-post","status-publish","format-standard","has-post-thumbnail","","category-coming-soon","tag-emilie-dequenne-2","tag-newsletter-fr"],"yoast_head":"<!-- This site is optimized with the Yoast SEO plugin v20.4 - https:\/\/yoast.com\/wordpress\/plugins\/seo\/ -->\n<title>Emilie Dequenne enqu\u00eate sur XDDL - w-l-c<\/title>\n<meta name=\"robots\" content=\"noindex, follow, max-snippet:-1, max-image-preview:large, max-video-preview:-1\" \/>\n<meta property=\"og:locale\" content=\"fr_FR\" \/>\n<meta property=\"og:type\" content=\"article\" \/>\n<meta property=\"og:title\" content=\"Emilie Dequenne enqu\u00eate sur XDDL - w-l-c\" \/>\n<meta property=\"og:description\" content=\"Alors que l&rsquo;affaire Xavier Dupont de Ligonn\u00e8s n&rsquo;en finit pas de passionner la France &#8211; les deux num\u00e9ros du magazine Society consacr\u00e9s \u00e0 l&rsquo;affaire se sont arrach\u00e9s cet \u00e9t\u00e9 -, M6 sort une fiction inspir\u00e9e de ce terrible fait divers qui remonte \u00e0 2011. Si Arnaud Ducret incarne le p\u00e8re de famille bien sous tous &hellip;\" \/>\n<meta property=\"og:url\" content=\"https:\/\/w-l-c.be\/fr\/emilie-dequenne-enquete-sur-xddl\/\" \/>\n<meta property=\"og:site_name\" content=\"w-l-c\" \/>\n<meta property=\"article:published_time\" content=\"2020-09-08T07:28:20+00:00\" \/>\n<meta property=\"article:modified_time\" content=\"2020-09-08T15:41:30+00:00\" \/>\n<meta property=\"og:image\" content=\"https:\/\/w-l-c.be\/wp-content\/uploads\/2020\/09\/Emilie-Dequenne-Un-Homme-Ordinaire.jpg\" \/>\n\t<meta property=\"og:image:width\" content=\"1600\" \/>\n\t<meta property=\"og:image:height\" content=\"1064\" \/>\n\t<meta property=\"og:image:type\" content=\"image\/jpeg\" \/>\n<meta name=\"author\" content=\"Aurore Engelen\" \/>\n<meta name=\"twitter:card\" content=\"summary_large_image\" \/>\n<meta name=\"twitter:label1\" content=\"\u00c9crit par\" \/>\n\t<meta name=\"twitter:data1\" content=\"Aurore Engelen\" \/>\n\t<meta name=\"twitter:label2\" content=\"Dur\u00e9e de lecture estim\u00e9e\" \/>\n\t<meta name=\"twitter:data2\" content=\"1 minute\" \/>\n<script type=\"application\/ld+json\" class=\"yoast-schema-graph\">{\"@context\":\"https:\/\/schema.org\",\"@graph\":[{\"@type\":\"WebPage\",\"@id\":\"https:\/\/w-l-c.be\/fr\/emilie-dequenne-enquete-sur-xddl\/\",\"url\":\"https:\/\/w-l-c.be\/fr\/emilie-dequenne-enquete-sur-xddl\/\",\"name\":\"Emilie Dequenne enqu\u00eate sur XDDL - w-l-c\",\"isPartOf\":{\"@id\":\"https:\/\/w-l-c.be\/fr\/#website\"},\"datePublished\":\"2020-09-08T07:28:20+00:00\",\"dateModified\":\"2020-09-08T15:41:30+00:00\",\"author\":{\"@id\":\"https:\/\/w-l-c.be\/fr\/#\/schema\/person\/8084b68c6b176142d073695c654dc7cf\"},\"breadcrumb\":{\"@id\":\"https:\/\/w-l-c.be\/fr\/emilie-dequenne-enquete-sur-xddl\/#breadcrumb\"},\"inLanguage\":\"fr-FR\",\"potentialAction\":[{\"@type\":\"ReadAction\",\"target\":[\"https:\/\/w-l-c.be\/fr\/emilie-dequenne-enquete-sur-xddl\/\"]}]},{\"@type\":\"BreadcrumbList\",\"@id\":\"https:\/\/w-l-c.be\/fr\/emilie-dequenne-enquete-sur-xddl\/#breadcrumb\",\"itemListElement\":[{\"@type\":\"ListItem\",\"position\":1,\"name\":\"Accueil\",\"item\":\"https:\/\/w-l-c.be\/fr\/\"},{\"@type\":\"ListItem\",\"position\":2,\"name\":\"Emilie Dequenne enqu\u00eate sur XDDL\"}]},{\"@type\":\"WebSite\",\"@id\":\"https:\/\/w-l-c.be\/fr\/#website\",\"url\":\"https:\/\/w-l-c.be\/fr\/\",\"name\":\"w-l-c\",\"description\":\"Le cin\u00e9ma vu par les belges\",\"potentialAction\":[{\"@type\":\"SearchAction\",\"target\":{\"@type\":\"EntryPoint\",\"urlTemplate\":\"https:\/\/w-l-c.be\/fr\/?s={search_term_string}\"},\"query-input\":\"required name=search_term_string\"}],\"inLanguage\":\"fr-FR\"},{\"@type\":\"Person\",\"@id\":\"https:\/\/w-l-c.be\/fr\/#\/schema\/person\/8084b68c6b176142d073695c654dc7cf\",\"name\":\"Aurore Engelen\",\"url\":\"https:\/\/w-l-c.be\/fr\/author\/aurore-engelen\/\"}]}<\/script>\n<!-- \/ Yoast SEO plugin. -->","yoast_head_json":{"title":"Emilie Dequenne enqu\u00eate sur XDDL - w-l-c","robots":{"index":"noindex","follow":"follow","max-snippet":"max-snippet:-1","max-image-preview":"max-image-preview:large","max-video-preview":"max-video-preview:-1"},"og_locale":"fr_FR","og_type":"article","og_title":"Emilie Dequenne enqu\u00eate sur XDDL - w-l-c","og_description":"Alors que l&rsquo;affaire Xavier Dupont de Ligonn\u00e8s n&rsquo;en finit pas de passionner la France &#8211; les deux num\u00e9ros du magazine Society consacr\u00e9s \u00e0 l&rsquo;affaire se sont arrach\u00e9s cet \u00e9t\u00e9 -, M6 sort une fiction inspir\u00e9e de ce terrible fait divers qui remonte \u00e0 2011. Si Arnaud Ducret incarne le p\u00e8re de famille bien sous tous &hellip;","og_url":"https:\/\/w-l-c.be\/fr\/emilie-dequenne-enquete-sur-xddl\/","og_site_name":"w-l-c","article_published_time":"2020-09-08T07:28:20+00:00","article_modified_time":"2020-09-08T15:41:30+00:00","og_image":[{"width":1600,"height":1064,"url":"https:\/\/w-l-c.be\/wp-content\/uploads\/2020\/09\/Emilie-Dequenne-Un-Homme-Ordinaire.jpg","type":"image\/jpeg"}],"author":"Aurore Engelen","twitter_card":"summary_large_image","twitter_misc":{"\u00c9crit par":"Aurore Engelen","Dur\u00e9e de lecture estim\u00e9e":"1 minute"},"schema":{"@context":"https:\/\/schema.org","@graph":[{"@type":"WebPage","@id":"https:\/\/w-l-c.be\/fr\/emilie-dequenne-enquete-sur-xddl\/","url":"https:\/\/w-l-c.be\/fr\/emilie-dequenne-enquete-sur-xddl\/","name":"Emilie Dequenne enqu\u00eate sur XDDL - w-l-c","isPartOf":{"@id":"https:\/\/w-l-c.be\/fr\/#website"},"datePublished":"2020-09-08T07:28:20+00:00","dateModified":"2020-09-08T15:41:30+00:00","author":{"@id":"https:\/\/w-l-c.be\/fr\/#\/schema\/person\/8084b68c6b176142d073695c654dc7cf"},"breadcrumb":{"@id":"https:\/\/w-l-c.be\/fr\/emilie-dequenne-enquete-sur-xddl\/#breadcrumb"},"inLanguage":"fr-FR","potentialAction":[{"@type":"ReadAction","target":["https:\/\/w-l-c.be\/fr\/emilie-dequenne-enquete-sur-xddl\/"]}]},{"@type":"BreadcrumbList","@id":"https:\/\/w-l-c.be\/fr\/emilie-dequenne-enquete-sur-xddl\/#breadcrumb","itemListElement":[{"@type":"ListItem","position":1,"name":"Accueil","item":"https:\/\/w-l-c.be\/fr\/"},{"@type":"ListItem","position":2,"name":"Emilie Dequenne enqu\u00eate sur XDDL"}]},{"@type":"WebSite","@id":"https:\/\/w-l-c.be\/fr\/#website","url":"https:\/\/w-l-c.be\/fr\/","name":"w-l-c","description":"Le cin\u00e9ma vu par les belges","potentialAction":[{"@type":"SearchAction","target":{"@type":"EntryPoint","urlTemplate":"https:\/\/w-l-c.be\/fr\/?s={search_term_string}"},"query-input":"required name=search_term_string"}],"inLanguage":"fr-FR"},{"@type":"Person","@id":"https:\/\/w-l-c.be\/fr\/#\/schema\/person\/8084b68c6b176142d073695c654dc7cf","name":"Aurore Engelen","url":"https:\/\/w-l-c.be\/fr\/author\/aurore-engelen\/"}]}},"_links":{"self":[{"href":"https:\/\/w-l-c.be\/fr\/wp-json\/wp\/v2\/posts\/231501","targetHints":{"allow":["GET"]}}],"collection":[{"href":"https:\/\/w-l-c.be\/fr\/wp-json\/wp\/v2\/posts"}],"about":[{"href":"https:\/\/w-l-c.be\/fr\/wp-json\/wp\/v2\/types\/post"}],"author":[{"embeddable":true,"href":"https:\/\/w-l-c.be\/fr\/wp-json\/wp\/v2\/users\/343"}],"replies":[{"embeddable":true,"href":"https:\/\/w-l-c.be\/fr\/wp-json\/wp\/v2\/comments?post=231501"}],"version-history":[{"count":0,"href":"https:\/\/w-l-c.be\/fr\/wp-json\/wp\/v2\/posts\/231501\/revisions"}],"wp:featuredmedia":[{"embeddable":true,"href":"https:\/\/w-l-c.be\/fr\/wp-json\/wp\/v2\/media\/231503"}],"wp:attachment":[{"href":"https:\/\/w-l-c.be\/fr\/wp-json\/wp\/v2\/media?parent=231501"}],"wp:term":[{"taxonomy":"category","embeddable":true,"href":"https:\/\/w-l-c.be\/fr\/wp-json\/wp\/v2\/categories?post=231501"},{"taxonomy":"post_tag","embeddable":true,"href":"https:\/\/w-l-c.be\/fr\/wp-json\/wp\/v2\/tags?post=231501"}],"curies":[{"name":"wp","href":"https:\/\/api.w.org\/{rel}","templated":true}]}}