
{"id":231509,"date":"2020-09-08T09:42:11","date_gmt":"2020-09-08T07:42:11","guid":{"rendered":"https:\/\/www.cinevox.be\/?p=231509"},"modified":"2020-09-08T09:42:11","modified_gmt":"2020-09-08T07:42:11","slug":"fanny-esteve-et-benoit-piret-ont-aussi-des-choses-en-commun-pour-ann-sirot-et-raphael-balboni","status":"publish","type":"post","link":"https:\/\/w-l-c.be\/fr\/fanny-esteve-et-benoit-piret-ont-aussi-des-choses-en-commun-pour-ann-sirot-et-raphael-balboni\/","title":{"rendered":"Fanny Est\u00e8ve et Beno\u00eet Piret ont (aussi) \u00ab\u00a0Des choses en commun\u00a0\u00bb pour Ann Sirot et Rapha\u00ebl Balboni"},"content":{"rendered":"<p><strong>Le programme de courts m\u00e9trages\u00a0<em>La Belge Collection<\/em>\u00a0a pour objectif de mettre en valeur com\u00e9diens et com\u00e9diennes belges, \u00e0 travers le regard d\u2019une poign\u00e9e de cin\u00e9astes qui misent tout sur leur talent et leur cr\u00e9ativit\u00e9. Au g\u00e9n\u00e9rique de\u00a0<em>Des choses en commun<\/em> de Rapha\u00ebl Balboni et Ann Sirot, on retrouve Fanny Est\u00e8ve et Beno\u00eet Piret.\u00a0<\/strong><\/p>\n<p><em>A bord des v\u00e9hicules Cambio (voitures partag\u00e9es de la ville de Bruxelles), des vies s\u2019entrem\u00ealent. En route pour un magasin de meubles, vers la for\u00eat pour un footing, ou patientant \u00e0 la station en attendant le retour d\u2019une voiture, conductrices et passagers revisitent et r\u00e9inventent leurs liens amoureux.<\/em><\/p>\n<p>Des histoires d\u2019amour, de d\u00e9sir et de voiture\u2026 Avec le go\u00fbt de l\u2019absurde et de la po\u00e9sie qu\u2019on leur conna\u00eet, Rapha\u00ebl Balboni &amp; Ann Sirot (<em>Lucha Libre, Avec Thelma<\/em>) servent sur un plateau leur art du dialogue et de la situation \u00e0 des com\u00e9dien\u00b7nes qui se d\u00e9lectent de ces sc\u00e9nettes aussi touchantes qu\u2019inattendues. Les r\u00e8gles du jeu de l\u2019amour et du hasard s\u2019en trouveront toutes chamboul\u00e9es.<\/p>\n<h4><\/h4>\n<h4>6 questions \u00e0 Fanny Est\u00e8ve et Beno\u00eet Piret<\/h4>\n<p><strong>Pouvez-vous nous parler de votre personnage en quelques mots?<\/strong><\/p>\n<p><strong>Fanny Est\u00e8ve:<\/strong> Fanny est en couple avec Beno\u00eet depuis plusieurs ann\u00e9es et elle aimerait r\u00e9-inventer son couple en ayant la possibilit\u00e9 d&rsquo;avoir des exp\u00e9riences avec d&rsquo;autres partenaires de temps en temps.<\/p>\n<p><strong>Beno\u00eet Piret:<\/strong> Oui, je pense qu&rsquo;il est assez \u00e9tourdi, maladroit, gentil &#8211; dr\u00f4le malgr\u00e9 lui.<\/p>\n<p><strong>Quel a \u00e9t\u00e9 le plus grand d\u00e9fi que vous avez d\u00fb affronter pour l\u2019incarner?<\/strong><\/p>\n<p><strong>Fanny Est\u00e8ve:<\/strong> Je n&rsquo;ai pas eu de d\u00e9fi particulier \u00e0 affronter. Le travail en amont avec Ann et Rapha\u00ebl sur les personnages (qui naissent d&rsquo;improvisations avec pour base une trame de sc\u00e9nario) nous permet de les explorer sans crainte et de pouvoir proposer et rechercher ensemble.<\/p>\n<p><strong>Beno\u00eet Piret:<\/strong> Nous avons essay\u00e9, avec ma partenaire Fanny Est\u00e8ve, d&rsquo;avoir l&rsquo;air d&rsquo;un couple, d&rsquo;\u00eatre naturel en tant que couple.<\/p>\n<figure id=\"attachment_231432\" aria-describedby=\"caption-attachment-231432\" style=\"width: 618px\" class=\"wp-caption alignnone\"><img loading=\"lazy\" decoding=\"async\" class=\"size-large wp-image-231432\" src=\"https:\/\/www.cinevox.be\/wp-content\/uploads\/2020\/09\/La-Belge-Collection9098-800x600.jpg\" alt=\"\" width=\"618\" height=\"464\" srcset=\"https:\/\/w-l-c.be\/wp-content\/uploads\/2020\/09\/La-Belge-Collection9098-800x600.jpg 800w, https:\/\/w-l-c.be\/wp-content\/uploads\/2020\/09\/La-Belge-Collection9098-360x270.jpg 360w, https:\/\/w-l-c.be\/wp-content\/uploads\/2020\/09\/La-Belge-Collection9098-768x576.jpg 768w, https:\/\/w-l-c.be\/wp-content\/uploads\/2020\/09\/La-Belge-Collection9098-1536x1152.jpg 1536w, https:\/\/w-l-c.be\/wp-content\/uploads\/2020\/09\/La-Belge-Collection9098-2048x1536.jpg 2048w\" sizes=\"auto, (max-width: 618px) 100vw, 618px\" \/><figcaption id=\"caption-attachment-231432\" class=\"wp-caption-text\">Le casting au (presque) complet, avec la marraine de La Belge Collection, Emilie Dequenne, et les deux cin\u00e9astes.<\/figcaption><\/figure>\n<p><strong>Qu\u2019est-ce qui vous a le plus marqu\u00e9 dans cette exp\u00e9rience?<\/strong><\/p>\n<p><strong>Fanny Est\u00e8ve:<\/strong> Le travail en amont qui permet vraiment de se lib\u00e9rer, de continuer \u00e0 proposer et surtout de s&rsquo;amuser.<\/p>\n<p><strong>Beno\u00eet Piret:<\/strong> De d\u00e9couvrir l&rsquo;univers d&rsquo;Ann Sirot et Rapha\u00ebl Balboni, ainsi que leur mani\u00e8re de travailler, des r\u00e9p\u00e9titions au tournage. \u00a0Ce fut un plaisir.<\/p>\n<p><strong>Pouvez-vous vous pr\u00e9senter en quelques mots, d\u2019o\u00f9 vous venez, votre parcours?<\/strong><\/p>\n<p><strong>Fanny Est\u00e8ve:<\/strong> Je vis \u00e0 Bruxelles,\u00a0 j&rsquo;ai \u00e9tudi\u00e9 \u00e0 l&rsquo;INSAS et travaille entre la Belgique et la France<\/p>\n<p><strong>Beno\u00eet Piret:<\/strong> Oui, je suis un praticien de th\u00e9\u00e2tre, com\u00e9dien et \u00e9galement auteur\/metteur en sc\u00e8ne. \u00a0Entre autres projets \u00e7a fait une dizaine d&rsquo;ann\u00e9e que je travaille avec le Raoul collectif. \u00a0Au cin\u00e9ma avant celui-ci j&rsquo;ai particip\u00e9 \u00e0 deux courts m\u00e9trages, un de Joachin Breton, et l&rsquo;autre, dans un r\u00f4le plus important, d&rsquo;Elisabet Llado, qui s&rsquo;appelait <em>Le Conseiller<\/em>.<\/p>\n<p><strong>D\u2019o\u00f9 vient votre vocation de com\u00e9dien\u00b7ne, quand (et comment) s\u2019est fait le d\u00e9clic?\u00a0<\/strong><\/p>\n<p><strong>Fanny Est\u00e8ve:<\/strong> En d\u00e9couvrant Marie Trintignant au cin\u00e9ma<\/p>\n<p><strong>Beno\u00eet Piret:<\/strong> Il n&rsquo;y pas eu de d\u00e9clic en ce qui me concerne.<\/p>\n<p><strong>Que repr\u00e9sente pour vous cette opportunit\u00e9 offerte par \u00ab La Belge Collection \u00bb?<\/strong><\/p>\n<p><strong>Fanny Est\u00e8ve:<\/strong> Je dirais que c&rsquo;est avant tout l&rsquo;occasion de rencontrer des personnes qui participent au rayonnement du cin\u00e9ma belge<\/p>\n<p><strong>Beno\u00eet Piret:<\/strong> Aucune id\u00e9e!<\/p>\n<p>&nbsp;<\/p>\n<h4><strong>Retrouvez l&rsquo;interview d&rsquo;Ann Sirot et Rapha\u00ebl Balboni <a href=\"https:\/\/www.cinevox.be\/fr\/jeremy-grynberg-marie-lecomte-et-herve-piron-ont-des-choses-en-commun-pour-sirot-balboni\/\">ici<\/a>!\u00a0<\/strong><\/h4>\n","protected":false},"excerpt":{"rendered":"<p>Le programme de courts m\u00e9trages\u00a0La Belge Collection\u00a0a pour objectif de mettre en valeur com\u00e9diens et com\u00e9diennes belges, \u00e0 travers le regard d\u2019une poign\u00e9e de cin\u00e9astes qui misent tout sur leur talent et leur cr\u00e9ativit\u00e9. Au g\u00e9n\u00e9rique de\u00a0Des choses en commun de Rapha\u00ebl Balboni et Ann Sirot, on retrouve Fanny Est\u00e8ve et Beno\u00eet Piret.\u00a0 A bord &hellip;<\/p>\n","protected":false},"author":343,"featured_media":231511,"comment_status":"closed","ping_status":"closed","sticky":false,"template":"","format":"standard","meta":{"ngg_post_thumbnail":0,"footnotes":""},"categories":[1978],"tags":[5309,5308,4731,4187],"class_list":["post-231509","post","type-post","status-publish","format-standard","has-post-thumbnail","","category-interviews","tag-benoit-piret","tag-fanny-esteve","tag-la-belge-collection","tag-newsletter-fr"],"yoast_head":"<!-- This site is optimized with the Yoast SEO plugin v20.4 - https:\/\/yoast.com\/wordpress\/plugins\/seo\/ -->\n<title>Fanny Est\u00e8ve et Beno\u00eet Piret ont (aussi) &quot;Des choses en commun&quot; pour Ann Sirot et Rapha\u00ebl Balboni - w-l-c<\/title>\n<meta name=\"robots\" content=\"noindex, follow, max-snippet:-1, max-image-preview:large, max-video-preview:-1\" \/>\n<meta property=\"og:locale\" content=\"fr_FR\" \/>\n<meta property=\"og:type\" content=\"article\" \/>\n<meta property=\"og:title\" content=\"Fanny Est\u00e8ve et Beno\u00eet Piret ont (aussi) &quot;Des choses en commun&quot; pour Ann Sirot et Rapha\u00ebl Balboni - w-l-c\" \/>\n<meta property=\"og:description\" content=\"Le programme de courts m\u00e9trages\u00a0La Belge Collection\u00a0a pour objectif de mettre en valeur com\u00e9diens et com\u00e9diennes belges, \u00e0 travers le regard d\u2019une poign\u00e9e de cin\u00e9astes qui misent tout sur leur talent et leur cr\u00e9ativit\u00e9. Au g\u00e9n\u00e9rique de\u00a0Des choses en commun de Rapha\u00ebl Balboni et Ann Sirot, on retrouve Fanny Est\u00e8ve et Beno\u00eet Piret.\u00a0 A bord &hellip;\" \/>\n<meta property=\"og:url\" content=\"https:\/\/w-l-c.be\/fr\/fanny-esteve-et-benoit-piret-ont-aussi-des-choses-en-commun-pour-ann-sirot-et-raphael-balboni\/\" \/>\n<meta property=\"og:site_name\" content=\"w-l-c\" \/>\n<meta property=\"article:published_time\" content=\"2020-09-08T07:42:11+00:00\" \/>\n<meta property=\"og:image\" content=\"https:\/\/w-l-c.be\/wp-content\/uploads\/2020\/09\/FotoJet-copie-2.jpg\" \/>\n\t<meta property=\"og:image:width\" content=\"1200\" \/>\n\t<meta property=\"og:image:height\" content=\"658\" \/>\n\t<meta property=\"og:image:type\" content=\"image\/jpeg\" \/>\n<meta name=\"author\" content=\"Aurore Engelen\" \/>\n<meta name=\"twitter:card\" content=\"summary_large_image\" \/>\n<meta name=\"twitter:label1\" content=\"\u00c9crit par\" \/>\n\t<meta name=\"twitter:data1\" content=\"Aurore Engelen\" \/>\n\t<meta name=\"twitter:label2\" content=\"Dur\u00e9e de lecture estim\u00e9e\" \/>\n\t<meta name=\"twitter:data2\" content=\"3 minutes\" \/>\n<script type=\"application\/ld+json\" class=\"yoast-schema-graph\">{\"@context\":\"https:\/\/schema.org\",\"@graph\":[{\"@type\":\"WebPage\",\"@id\":\"https:\/\/w-l-c.be\/fr\/fanny-esteve-et-benoit-piret-ont-aussi-des-choses-en-commun-pour-ann-sirot-et-raphael-balboni\/\",\"url\":\"https:\/\/w-l-c.be\/fr\/fanny-esteve-et-benoit-piret-ont-aussi-des-choses-en-commun-pour-ann-sirot-et-raphael-balboni\/\",\"name\":\"Fanny Est\u00e8ve et Beno\u00eet Piret ont (aussi) \\\"Des choses en commun\\\" pour Ann Sirot et Rapha\u00ebl Balboni - w-l-c\",\"isPartOf\":{\"@id\":\"https:\/\/w-l-c.be\/fr\/#website\"},\"datePublished\":\"2020-09-08T07:42:11+00:00\",\"dateModified\":\"2020-09-08T07:42:11+00:00\",\"author\":{\"@id\":\"https:\/\/w-l-c.be\/fr\/#\/schema\/person\/8084b68c6b176142d073695c654dc7cf\"},\"breadcrumb\":{\"@id\":\"https:\/\/w-l-c.be\/fr\/fanny-esteve-et-benoit-piret-ont-aussi-des-choses-en-commun-pour-ann-sirot-et-raphael-balboni\/#breadcrumb\"},\"inLanguage\":\"fr-FR\",\"potentialAction\":[{\"@type\":\"ReadAction\",\"target\":[\"https:\/\/w-l-c.be\/fr\/fanny-esteve-et-benoit-piret-ont-aussi-des-choses-en-commun-pour-ann-sirot-et-raphael-balboni\/\"]}]},{\"@type\":\"BreadcrumbList\",\"@id\":\"https:\/\/w-l-c.be\/fr\/fanny-esteve-et-benoit-piret-ont-aussi-des-choses-en-commun-pour-ann-sirot-et-raphael-balboni\/#breadcrumb\",\"itemListElement\":[{\"@type\":\"ListItem\",\"position\":1,\"name\":\"Accueil\",\"item\":\"https:\/\/w-l-c.be\/fr\/\"},{\"@type\":\"ListItem\",\"position\":2,\"name\":\"Fanny Est\u00e8ve et Beno\u00eet Piret ont (aussi) \u00ab\u00a0Des choses en commun\u00a0\u00bb pour Ann Sirot et Rapha\u00ebl Balboni\"}]},{\"@type\":\"WebSite\",\"@id\":\"https:\/\/w-l-c.be\/fr\/#website\",\"url\":\"https:\/\/w-l-c.be\/fr\/\",\"name\":\"w-l-c\",\"description\":\"Le cin\u00e9ma vu par les belges\",\"potentialAction\":[{\"@type\":\"SearchAction\",\"target\":{\"@type\":\"EntryPoint\",\"urlTemplate\":\"https:\/\/w-l-c.be\/fr\/?s={search_term_string}\"},\"query-input\":\"required name=search_term_string\"}],\"inLanguage\":\"fr-FR\"},{\"@type\":\"Person\",\"@id\":\"https:\/\/w-l-c.be\/fr\/#\/schema\/person\/8084b68c6b176142d073695c654dc7cf\",\"name\":\"Aurore Engelen\",\"url\":\"https:\/\/w-l-c.be\/fr\/author\/aurore-engelen\/\"}]}<\/script>\n<!-- \/ Yoast SEO plugin. -->","yoast_head_json":{"title":"Fanny Est\u00e8ve et Beno\u00eet Piret ont (aussi) \"Des choses en commun\" pour Ann Sirot et Rapha\u00ebl Balboni - w-l-c","robots":{"index":"noindex","follow":"follow","max-snippet":"max-snippet:-1","max-image-preview":"max-image-preview:large","max-video-preview":"max-video-preview:-1"},"og_locale":"fr_FR","og_type":"article","og_title":"Fanny Est\u00e8ve et Beno\u00eet Piret ont (aussi) \"Des choses en commun\" pour Ann Sirot et Rapha\u00ebl Balboni - w-l-c","og_description":"Le programme de courts m\u00e9trages\u00a0La Belge Collection\u00a0a pour objectif de mettre en valeur com\u00e9diens et com\u00e9diennes belges, \u00e0 travers le regard d\u2019une poign\u00e9e de cin\u00e9astes qui misent tout sur leur talent et leur cr\u00e9ativit\u00e9. Au g\u00e9n\u00e9rique de\u00a0Des choses en commun de Rapha\u00ebl Balboni et Ann Sirot, on retrouve Fanny Est\u00e8ve et Beno\u00eet Piret.\u00a0 A bord &hellip;","og_url":"https:\/\/w-l-c.be\/fr\/fanny-esteve-et-benoit-piret-ont-aussi-des-choses-en-commun-pour-ann-sirot-et-raphael-balboni\/","og_site_name":"w-l-c","article_published_time":"2020-09-08T07:42:11+00:00","og_image":[{"width":1200,"height":658,"url":"https:\/\/w-l-c.be\/wp-content\/uploads\/2020\/09\/FotoJet-copie-2.jpg","type":"image\/jpeg"}],"author":"Aurore Engelen","twitter_card":"summary_large_image","twitter_misc":{"\u00c9crit par":"Aurore Engelen","Dur\u00e9e de lecture estim\u00e9e":"3 minutes"},"schema":{"@context":"https:\/\/schema.org","@graph":[{"@type":"WebPage","@id":"https:\/\/w-l-c.be\/fr\/fanny-esteve-et-benoit-piret-ont-aussi-des-choses-en-commun-pour-ann-sirot-et-raphael-balboni\/","url":"https:\/\/w-l-c.be\/fr\/fanny-esteve-et-benoit-piret-ont-aussi-des-choses-en-commun-pour-ann-sirot-et-raphael-balboni\/","name":"Fanny Est\u00e8ve et Beno\u00eet Piret ont (aussi) \"Des choses en commun\" pour Ann Sirot et Rapha\u00ebl Balboni - w-l-c","isPartOf":{"@id":"https:\/\/w-l-c.be\/fr\/#website"},"datePublished":"2020-09-08T07:42:11+00:00","dateModified":"2020-09-08T07:42:11+00:00","author":{"@id":"https:\/\/w-l-c.be\/fr\/#\/schema\/person\/8084b68c6b176142d073695c654dc7cf"},"breadcrumb":{"@id":"https:\/\/w-l-c.be\/fr\/fanny-esteve-et-benoit-piret-ont-aussi-des-choses-en-commun-pour-ann-sirot-et-raphael-balboni\/#breadcrumb"},"inLanguage":"fr-FR","potentialAction":[{"@type":"ReadAction","target":["https:\/\/w-l-c.be\/fr\/fanny-esteve-et-benoit-piret-ont-aussi-des-choses-en-commun-pour-ann-sirot-et-raphael-balboni\/"]}]},{"@type":"BreadcrumbList","@id":"https:\/\/w-l-c.be\/fr\/fanny-esteve-et-benoit-piret-ont-aussi-des-choses-en-commun-pour-ann-sirot-et-raphael-balboni\/#breadcrumb","itemListElement":[{"@type":"ListItem","position":1,"name":"Accueil","item":"https:\/\/w-l-c.be\/fr\/"},{"@type":"ListItem","position":2,"name":"Fanny Est\u00e8ve et Beno\u00eet Piret ont (aussi) \u00ab\u00a0Des choses en commun\u00a0\u00bb pour Ann Sirot et Rapha\u00ebl Balboni"}]},{"@type":"WebSite","@id":"https:\/\/w-l-c.be\/fr\/#website","url":"https:\/\/w-l-c.be\/fr\/","name":"w-l-c","description":"Le cin\u00e9ma vu par les belges","potentialAction":[{"@type":"SearchAction","target":{"@type":"EntryPoint","urlTemplate":"https:\/\/w-l-c.be\/fr\/?s={search_term_string}"},"query-input":"required name=search_term_string"}],"inLanguage":"fr-FR"},{"@type":"Person","@id":"https:\/\/w-l-c.be\/fr\/#\/schema\/person\/8084b68c6b176142d073695c654dc7cf","name":"Aurore Engelen","url":"https:\/\/w-l-c.be\/fr\/author\/aurore-engelen\/"}]}},"_links":{"self":[{"href":"https:\/\/w-l-c.be\/fr\/wp-json\/wp\/v2\/posts\/231509","targetHints":{"allow":["GET"]}}],"collection":[{"href":"https:\/\/w-l-c.be\/fr\/wp-json\/wp\/v2\/posts"}],"about":[{"href":"https:\/\/w-l-c.be\/fr\/wp-json\/wp\/v2\/types\/post"}],"author":[{"embeddable":true,"href":"https:\/\/w-l-c.be\/fr\/wp-json\/wp\/v2\/users\/343"}],"replies":[{"embeddable":true,"href":"https:\/\/w-l-c.be\/fr\/wp-json\/wp\/v2\/comments?post=231509"}],"version-history":[{"count":0,"href":"https:\/\/w-l-c.be\/fr\/wp-json\/wp\/v2\/posts\/231509\/revisions"}],"wp:featuredmedia":[{"embeddable":true,"href":"https:\/\/w-l-c.be\/fr\/wp-json\/wp\/v2\/media\/231511"}],"wp:attachment":[{"href":"https:\/\/w-l-c.be\/fr\/wp-json\/wp\/v2\/media?parent=231509"}],"wp:term":[{"taxonomy":"category","embeddable":true,"href":"https:\/\/w-l-c.be\/fr\/wp-json\/wp\/v2\/categories?post=231509"},{"taxonomy":"post_tag","embeddable":true,"href":"https:\/\/w-l-c.be\/fr\/wp-json\/wp\/v2\/tags?post=231509"}],"curies":[{"name":"wp","href":"https:\/\/api.w.org\/{rel}","templated":true}]}}