
{"id":231547,"date":"2020-09-09T09:49:15","date_gmt":"2020-09-09T07:49:15","guid":{"rendered":"https:\/\/www.cinevox.be\/?p=231547"},"modified":"2020-09-09T09:49:15","modified_gmt":"2020-09-09T07:49:15","slug":"matriochkas-et-ma-planete-au-programme-de-tout-court","status":"publish","type":"post","link":"https:\/\/w-l-c.be\/fr\/matriochkas-et-ma-planete-au-programme-de-tout-court\/","title":{"rendered":"\u00ab\u00a0Matriochkas\u00a0\u00bb et \u00ab\u00a0Ma Plan\u00e8te\u00a0\u00bb au programme de Tout Court"},"content":{"rendered":"<p><strong>Au programme de \u00ab\u00a0Tout court\u00a0\u00bb aujourd&rsquo;hui, <em>Matriochkas<\/em> de B\u00e9rang\u00e8re Mc Neese (Magritte du Meilleur court m\u00e9trage, entre autres prix) et <em>Ma plan\u00e8te<\/em> de Val\u00e9ry Carnoy.<\/strong><\/p>\n<hr \/>\n<h4><em><strong>Ma Plan\u00e8te<\/strong><\/em> de Val\u00e9ry Carnoy \u00e0 23h<\/h4>\n<p>Henri, un boulanger d\u2019une cinquantaine d\u2019ann\u00e9es, est en mal d\u2019amour avec sa femme Marieke. Un matin, apr\u00e8s une \u00e9ni\u00e8me dispute, il fait l\u2019\u00e9trange rencontre d\u2019Anita, une jeune photographe qui aime les formes imposantes de son corps.<\/p>\n<p><em>Avec Jean-Michel Balthazar, St\u00e9phanie Lowette, Wim Willaert et Ninon Perez<\/em><\/p>\n<p><img loading=\"lazy\" decoding=\"async\" class=\"alignnone size-large wp-image-218247\" src=\"https:\/\/www.cinevox.be\/wp-content\/uploads\/2019\/03\/MaPlanete-800x450.jpg\" alt=\"Ma-Planete-Valery-Carnoy\" width=\"618\" height=\"348\" srcset=\"https:\/\/w-l-c.be\/wp-content\/uploads\/2019\/03\/MaPlanete-800x450.jpg 800w, https:\/\/w-l-c.be\/wp-content\/uploads\/2019\/03\/MaPlanete-200x113.jpg 200w, https:\/\/w-l-c.be\/wp-content\/uploads\/2019\/03\/MaPlanete-480x270.jpg 480w, https:\/\/w-l-c.be\/wp-content\/uploads\/2019\/03\/MaPlanete-768x432.jpg 768w, https:\/\/w-l-c.be\/wp-content\/uploads\/2019\/03\/MaPlanete-599x337.jpg 599w, https:\/\/w-l-c.be\/wp-content\/uploads\/2019\/03\/MaPlanete.jpg 1920w\" sizes=\"auto, (max-width: 618px) 100vw, 618px\" \/><\/p>\n<hr \/>\n<h4><em><strong>Matriochkas<\/strong><\/em> de B\u00e9rang\u00e8re Mc Neese \u00e0 23h25<\/h4>\n<p><em>Avec H\u00e9lo\u00efse Valle, Victoire Du Bois, Guillaume Duhesme, Louis Durant&#8230;<\/em><\/p>\n<p class=\"\">Anna, 16 ans, vit avec Rebecca, sa jeune m\u00e8re, et au rythme des conqu\u00eates de celle-ci. C\u2019est la fin de l\u2019\u00e9t\u00e9, celui o\u00f9 Anna a commenc\u00e9 \u00e0 d\u00e9couvrir sa propre sensualit\u00e9. Lorsque Anna apprend qu\u2019elle est enceinte, sa m\u00e8re se voit en elle, au m\u00eame \u00e2ge. Anna se retrouve confront\u00e9e \u00e0 un choix, et si ce choix implique peut-\u00eatre de rompre avec Rebecca, Anna trouvera un soutien l\u00e0 o\u00f9 elle s\u2019y attend le moins.<\/p>\n<p><iframe loading=\"lazy\" title=\"Matriochkas - Official Trailer\" src=\"https:\/\/player.vimeo.com\/video\/364771066?dnt=1&amp;app_id=122963\" width=\"618\" height=\"348\" frameborder=\"0\" allow=\"autoplay; fullscreen; picture-in-picture; clipboard-write; encrypted-media\"><\/iframe><\/p>\n","protected":false},"excerpt":{"rendered":"<p>Au programme de \u00ab\u00a0Tout court\u00a0\u00bb aujourd&rsquo;hui, Matriochkas de B\u00e9rang\u00e8re Mc Neese (Magritte du Meilleur court m\u00e9trage, entre autres prix) et Ma plan\u00e8te de Val\u00e9ry Carnoy. Ma Plan\u00e8te de Val\u00e9ry Carnoy \u00e0 23h Henri, un boulanger d\u2019une cinquantaine d\u2019ann\u00e9es, est en mal d\u2019amour avec sa femme Marieke. Un matin, apr\u00e8s une \u00e9ni\u00e8me dispute, il fait l\u2019\u00e9trange &hellip;<\/p>\n","protected":false},"author":343,"featured_media":231548,"comment_status":"closed","ping_status":"closed","sticky":false,"template":"","format":"standard","meta":{"ngg_post_thumbnail":0,"footnotes":""},"categories":[14],"tags":[],"class_list":["post-231547","post","type-post","status-publish","format-standard","has-post-thumbnail","","category-home-cinema"],"yoast_head":"<!-- This site is optimized with the Yoast SEO plugin v20.4 - https:\/\/yoast.com\/wordpress\/plugins\/seo\/ -->\n<title>&quot;Matriochkas&quot; et &quot;Ma Plan\u00e8te&quot; au programme de Tout Court - w-l-c<\/title>\n<meta name=\"robots\" content=\"noindex, follow, max-snippet:-1, max-image-preview:large, max-video-preview:-1\" \/>\n<meta property=\"og:locale\" content=\"fr_FR\" \/>\n<meta property=\"og:type\" content=\"article\" \/>\n<meta property=\"og:title\" content=\"&quot;Matriochkas&quot; et &quot;Ma Plan\u00e8te&quot; au programme de Tout Court - w-l-c\" \/>\n<meta property=\"og:description\" content=\"Au programme de \u00ab\u00a0Tout court\u00a0\u00bb aujourd&rsquo;hui, Matriochkas de B\u00e9rang\u00e8re Mc Neese (Magritte du Meilleur court m\u00e9trage, entre autres prix) et Ma plan\u00e8te de Val\u00e9ry Carnoy. Ma Plan\u00e8te de Val\u00e9ry Carnoy \u00e0 23h Henri, un boulanger d\u2019une cinquantaine d\u2019ann\u00e9es, est en mal d\u2019amour avec sa femme Marieke. Un matin, apr\u00e8s une \u00e9ni\u00e8me dispute, il fait l\u2019\u00e9trange &hellip;\" \/>\n<meta property=\"og:url\" content=\"https:\/\/w-l-c.be\/fr\/matriochkas-et-ma-planete-au-programme-de-tout-court\/\" \/>\n<meta property=\"og:site_name\" content=\"w-l-c\" \/>\n<meta property=\"article:published_time\" content=\"2020-09-09T07:49:15+00:00\" \/>\n<meta property=\"og:image\" content=\"https:\/\/w-l-c.be\/wp-content\/uploads\/2020\/09\/FotoJet-1.jpg\" \/>\n\t<meta property=\"og:image:width\" content=\"1200\" \/>\n\t<meta property=\"og:image:height\" content=\"658\" \/>\n\t<meta property=\"og:image:type\" content=\"image\/jpeg\" \/>\n<meta name=\"author\" content=\"Aurore Engelen\" \/>\n<meta name=\"twitter:card\" content=\"summary_large_image\" \/>\n<meta name=\"twitter:label1\" content=\"\u00c9crit par\" \/>\n\t<meta name=\"twitter:data1\" content=\"Aurore Engelen\" \/>\n\t<meta name=\"twitter:label2\" content=\"Dur\u00e9e de lecture estim\u00e9e\" \/>\n\t<meta name=\"twitter:data2\" content=\"1 minute\" \/>\n<script type=\"application\/ld+json\" class=\"yoast-schema-graph\">{\"@context\":\"https:\/\/schema.org\",\"@graph\":[{\"@type\":\"WebPage\",\"@id\":\"https:\/\/w-l-c.be\/fr\/matriochkas-et-ma-planete-au-programme-de-tout-court\/\",\"url\":\"https:\/\/w-l-c.be\/fr\/matriochkas-et-ma-planete-au-programme-de-tout-court\/\",\"name\":\"\\\"Matriochkas\\\" et \\\"Ma Plan\u00e8te\\\" au programme de Tout Court - w-l-c\",\"isPartOf\":{\"@id\":\"https:\/\/w-l-c.be\/fr\/#website\"},\"datePublished\":\"2020-09-09T07:49:15+00:00\",\"dateModified\":\"2020-09-09T07:49:15+00:00\",\"author\":{\"@id\":\"https:\/\/w-l-c.be\/fr\/#\/schema\/person\/8084b68c6b176142d073695c654dc7cf\"},\"breadcrumb\":{\"@id\":\"https:\/\/w-l-c.be\/fr\/matriochkas-et-ma-planete-au-programme-de-tout-court\/#breadcrumb\"},\"inLanguage\":\"fr-FR\",\"potentialAction\":[{\"@type\":\"ReadAction\",\"target\":[\"https:\/\/w-l-c.be\/fr\/matriochkas-et-ma-planete-au-programme-de-tout-court\/\"]}]},{\"@type\":\"BreadcrumbList\",\"@id\":\"https:\/\/w-l-c.be\/fr\/matriochkas-et-ma-planete-au-programme-de-tout-court\/#breadcrumb\",\"itemListElement\":[{\"@type\":\"ListItem\",\"position\":1,\"name\":\"Accueil\",\"item\":\"https:\/\/w-l-c.be\/fr\/\"},{\"@type\":\"ListItem\",\"position\":2,\"name\":\"\u00ab\u00a0Matriochkas\u00a0\u00bb et \u00ab\u00a0Ma Plan\u00e8te\u00a0\u00bb au programme de Tout Court\"}]},{\"@type\":\"WebSite\",\"@id\":\"https:\/\/w-l-c.be\/fr\/#website\",\"url\":\"https:\/\/w-l-c.be\/fr\/\",\"name\":\"w-l-c\",\"description\":\"Le cin\u00e9ma vu par les belges\",\"potentialAction\":[{\"@type\":\"SearchAction\",\"target\":{\"@type\":\"EntryPoint\",\"urlTemplate\":\"https:\/\/w-l-c.be\/fr\/?s={search_term_string}\"},\"query-input\":\"required name=search_term_string\"}],\"inLanguage\":\"fr-FR\"},{\"@type\":\"Person\",\"@id\":\"https:\/\/w-l-c.be\/fr\/#\/schema\/person\/8084b68c6b176142d073695c654dc7cf\",\"name\":\"Aurore Engelen\",\"url\":\"https:\/\/w-l-c.be\/fr\/author\/aurore-engelen\/\"}]}<\/script>\n<!-- \/ Yoast SEO plugin. -->","yoast_head_json":{"title":"\"Matriochkas\" et \"Ma Plan\u00e8te\" au programme de Tout Court - w-l-c","robots":{"index":"noindex","follow":"follow","max-snippet":"max-snippet:-1","max-image-preview":"max-image-preview:large","max-video-preview":"max-video-preview:-1"},"og_locale":"fr_FR","og_type":"article","og_title":"\"Matriochkas\" et \"Ma Plan\u00e8te\" au programme de Tout Court - w-l-c","og_description":"Au programme de \u00ab\u00a0Tout court\u00a0\u00bb aujourd&rsquo;hui, Matriochkas de B\u00e9rang\u00e8re Mc Neese (Magritte du Meilleur court m\u00e9trage, entre autres prix) et Ma plan\u00e8te de Val\u00e9ry Carnoy. Ma Plan\u00e8te de Val\u00e9ry Carnoy \u00e0 23h Henri, un boulanger d\u2019une cinquantaine d\u2019ann\u00e9es, est en mal d\u2019amour avec sa femme Marieke. Un matin, apr\u00e8s une \u00e9ni\u00e8me dispute, il fait l\u2019\u00e9trange &hellip;","og_url":"https:\/\/w-l-c.be\/fr\/matriochkas-et-ma-planete-au-programme-de-tout-court\/","og_site_name":"w-l-c","article_published_time":"2020-09-09T07:49:15+00:00","og_image":[{"width":1200,"height":658,"url":"https:\/\/w-l-c.be\/wp-content\/uploads\/2020\/09\/FotoJet-1.jpg","type":"image\/jpeg"}],"author":"Aurore Engelen","twitter_card":"summary_large_image","twitter_misc":{"\u00c9crit par":"Aurore Engelen","Dur\u00e9e de lecture estim\u00e9e":"1 minute"},"schema":{"@context":"https:\/\/schema.org","@graph":[{"@type":"WebPage","@id":"https:\/\/w-l-c.be\/fr\/matriochkas-et-ma-planete-au-programme-de-tout-court\/","url":"https:\/\/w-l-c.be\/fr\/matriochkas-et-ma-planete-au-programme-de-tout-court\/","name":"\"Matriochkas\" et \"Ma Plan\u00e8te\" au programme de Tout Court - w-l-c","isPartOf":{"@id":"https:\/\/w-l-c.be\/fr\/#website"},"datePublished":"2020-09-09T07:49:15+00:00","dateModified":"2020-09-09T07:49:15+00:00","author":{"@id":"https:\/\/w-l-c.be\/fr\/#\/schema\/person\/8084b68c6b176142d073695c654dc7cf"},"breadcrumb":{"@id":"https:\/\/w-l-c.be\/fr\/matriochkas-et-ma-planete-au-programme-de-tout-court\/#breadcrumb"},"inLanguage":"fr-FR","potentialAction":[{"@type":"ReadAction","target":["https:\/\/w-l-c.be\/fr\/matriochkas-et-ma-planete-au-programme-de-tout-court\/"]}]},{"@type":"BreadcrumbList","@id":"https:\/\/w-l-c.be\/fr\/matriochkas-et-ma-planete-au-programme-de-tout-court\/#breadcrumb","itemListElement":[{"@type":"ListItem","position":1,"name":"Accueil","item":"https:\/\/w-l-c.be\/fr\/"},{"@type":"ListItem","position":2,"name":"\u00ab\u00a0Matriochkas\u00a0\u00bb et \u00ab\u00a0Ma Plan\u00e8te\u00a0\u00bb au programme de Tout Court"}]},{"@type":"WebSite","@id":"https:\/\/w-l-c.be\/fr\/#website","url":"https:\/\/w-l-c.be\/fr\/","name":"w-l-c","description":"Le cin\u00e9ma vu par les belges","potentialAction":[{"@type":"SearchAction","target":{"@type":"EntryPoint","urlTemplate":"https:\/\/w-l-c.be\/fr\/?s={search_term_string}"},"query-input":"required name=search_term_string"}],"inLanguage":"fr-FR"},{"@type":"Person","@id":"https:\/\/w-l-c.be\/fr\/#\/schema\/person\/8084b68c6b176142d073695c654dc7cf","name":"Aurore Engelen","url":"https:\/\/w-l-c.be\/fr\/author\/aurore-engelen\/"}]}},"_links":{"self":[{"href":"https:\/\/w-l-c.be\/fr\/wp-json\/wp\/v2\/posts\/231547","targetHints":{"allow":["GET"]}}],"collection":[{"href":"https:\/\/w-l-c.be\/fr\/wp-json\/wp\/v2\/posts"}],"about":[{"href":"https:\/\/w-l-c.be\/fr\/wp-json\/wp\/v2\/types\/post"}],"author":[{"embeddable":true,"href":"https:\/\/w-l-c.be\/fr\/wp-json\/wp\/v2\/users\/343"}],"replies":[{"embeddable":true,"href":"https:\/\/w-l-c.be\/fr\/wp-json\/wp\/v2\/comments?post=231547"}],"version-history":[{"count":0,"href":"https:\/\/w-l-c.be\/fr\/wp-json\/wp\/v2\/posts\/231547\/revisions"}],"wp:featuredmedia":[{"embeddable":true,"href":"https:\/\/w-l-c.be\/fr\/wp-json\/wp\/v2\/media\/231548"}],"wp:attachment":[{"href":"https:\/\/w-l-c.be\/fr\/wp-json\/wp\/v2\/media?parent=231547"}],"wp:term":[{"taxonomy":"category","embeddable":true,"href":"https:\/\/w-l-c.be\/fr\/wp-json\/wp\/v2\/categories?post=231547"},{"taxonomy":"post_tag","embeddable":true,"href":"https:\/\/w-l-c.be\/fr\/wp-json\/wp\/v2\/tags?post=231547"}],"curies":[{"name":"wp","href":"https:\/\/api.w.org\/{rel}","templated":true}]}}