
{"id":232430,"date":"2020-10-12T11:46:27","date_gmt":"2020-10-12T09:46:27","guid":{"rendered":"https:\/\/www.cinevox.be\/?p=232430"},"modified":"2020-10-13T09:39:43","modified_gmt":"2020-10-13T07:39:43","slug":"1-semaine-sur-2-portrait-crache-dune-famille-moderne","status":"publish","type":"post","link":"https:\/\/w-l-c.be\/fr\/1-semaine-sur-2-portrait-crache-dune-famille-moderne\/","title":{"rendered":"\u00ab\u00a01 semaine sur 2\u00a0\u00bb: portrait crach\u00e9 d&rsquo;une famille moderne"},"content":{"rendered":"<p><strong>Lancement ce soir sur la RTBF de la s\u00e9rie humoristique <em>1 Semaine sur deux<\/em>, avec Carole Matagne et Jean-Jacques Rausin, juste avant le JT de La Une!<\/strong><\/p>\n<p>C&rsquo;est bien connu, l&rsquo;enfer, c&rsquo;est les autres. Surtout quand les autres, ce sont des enfants. A moins que&#8230; leurs parents ne soient encore pire?<\/p>\n<p><span class=\"js-truncate\"><em>1 Semaine sur 2<\/em>, c\u2019est l\u2019histoire quotidienne d\u2019une famille recompos\u00e9e dans laquelle chacun essaie de trouver sa place. Carole vient d\u2019emm\u00e9nager avec Jean-Jacques. Ils sont tr\u00e8s amoureux. Le probl\u00e8me, c\u2019est que Jean-Jacques a d\u00e9j\u00e0 3 enfants et Carole, les enfants, ce n\u2019est pas vraiment son truc&#8230;\u00a0 <\/span><\/p>\n<p><em>1 Semaine sur 2<\/em>, c&rsquo;est donc une multitude d&rsquo;instantan\u00e9s de la vie de couple et de la vie de famille qui forme un tout, peinture tr\u00e8s actuelle de nouveaux modes de cohabitation, dressant notamment le portrait d&rsquo;un personnage de fiction mal-aim\u00e9: la belle-m\u00e8re. Attention, pas la belle-m\u00e8re mar\u00e2tre, celle qui au d\u00e9tour d&rsquo;un conte, n&rsquo;h\u00e9site pas \u00e0 abandonner ses beaux-enfants dans la for\u00eat &#8211; encore qu&rsquo;il ne faudrait peut-\u00eatre pas trop la tenter&#8230;<\/p>\n<p><img loading=\"lazy\" decoding=\"async\" class=\"alignnone size-large wp-image-232433\" src=\"https:\/\/www.cinevox.be\/wp-content\/uploads\/2020\/10\/d0096ec6c83575373e3a21d129ff8fef-1601632824-800x450.jpg\" alt=\"1-semaine-sur-2\" width=\"618\" height=\"348\" srcset=\"https:\/\/w-l-c.be\/wp-content\/uploads\/2020\/10\/d0096ec6c83575373e3a21d129ff8fef-1601632824-800x450.jpg 800w, https:\/\/w-l-c.be\/wp-content\/uploads\/2020\/10\/d0096ec6c83575373e3a21d129ff8fef-1601632824-480x270.jpg 480w, https:\/\/w-l-c.be\/wp-content\/uploads\/2020\/10\/d0096ec6c83575373e3a21d129ff8fef-1601632824-200x113.jpg 200w, https:\/\/w-l-c.be\/wp-content\/uploads\/2020\/10\/d0096ec6c83575373e3a21d129ff8fef-1601632824-768x432.jpg 768w, https:\/\/w-l-c.be\/wp-content\/uploads\/2020\/10\/d0096ec6c83575373e3a21d129ff8fef-1601632824-1536x864.jpg 1536w, https:\/\/w-l-c.be\/wp-content\/uploads\/2020\/10\/d0096ec6c83575373e3a21d129ff8fef-1601632824-599x337.jpg 599w, https:\/\/w-l-c.be\/wp-content\/uploads\/2020\/10\/d0096ec6c83575373e3a21d129ff8fef-1601632824.jpg 1920w\" sizes=\"auto, (max-width: 618px) 100vw, 618px\" \/><\/p>\n<p>Non, cette belle-m\u00e8re l\u00e0 est plut\u00f4t comme tout le monde, amoureuse, cool, l\u00e9g\u00e8rement soupe-au-lait. C&rsquo;est aussi une nullipare d\u00e9complex\u00e9e, une femme qui n&rsquo;a pas d&rsquo;enfant et s&rsquo;en porte bien, merci pour elle. Alors quand par amour, elle atterrit dans une maisonn\u00e9e r\u00e9guli\u00e8rement pleine \u00e0 craquer d&rsquo;enfants (3, dont un b\u00e9b\u00e9, c&rsquo;est pas rien quand m\u00eame), pas question de se laisser faire. C&rsquo;est avec une jubilation certaine et une audace rafra\u00eechissante que soudain on entrevoit les rejetons de son amoureux sous leur vrai jour: les enfants&#8230; c&rsquo;est chiant, surtout ceux des autres!<\/p>\n<p>Bien entendu, tout le monde en prend pour son grade. Car si la s\u00e9rie se permet (et elle fait bien) d&rsquo;\u00e9pingler les travers des petits monstres, qui de temps \u00e0 autre, il est vrai, sont aussi de petits amours, elle ne se g\u00eane pas non plus pour rhabiller pour l&rsquo;hiver leurs parents. Ainsi le couple parental, en conflit (ou pas d&rsquo;ailleurs) sur l&rsquo;\u00e9ducation des enfants est \u00e9galement scrut\u00e9 \u00e0 la loupe, tout comme la belle-m\u00e8re, au comportement parfois joyeusement pu\u00e9ril.<\/p>\n<p>On s&rsquo;amuse avec eux de leur mauvaise foi institutionnalis\u00e9e, de leurs gentils et tr\u00e8s imaginatifs coups bas, de leurs petites jalousies, gr\u00e2ce, bien s\u00fbr, \u00e0 l&rsquo;amour et la joie qui inondent leurs relations, aussi complexes soient-elles.<\/p>\n<p><img loading=\"lazy\" decoding=\"async\" class=\"alignnone size-large wp-image-232435\" src=\"https:\/\/www.cinevox.be\/wp-content\/uploads\/2020\/10\/032b2cc936860b03048302d991c3498f-1601632828-800x450.jpg\" alt=\"1-semaine-sur-2\" width=\"618\" height=\"348\" srcset=\"https:\/\/w-l-c.be\/wp-content\/uploads\/2020\/10\/032b2cc936860b03048302d991c3498f-1601632828-800x450.jpg 800w, https:\/\/w-l-c.be\/wp-content\/uploads\/2020\/10\/032b2cc936860b03048302d991c3498f-1601632828-480x270.jpg 480w, https:\/\/w-l-c.be\/wp-content\/uploads\/2020\/10\/032b2cc936860b03048302d991c3498f-1601632828-200x113.jpg 200w, https:\/\/w-l-c.be\/wp-content\/uploads\/2020\/10\/032b2cc936860b03048302d991c3498f-1601632828-768x432.jpg 768w, https:\/\/w-l-c.be\/wp-content\/uploads\/2020\/10\/032b2cc936860b03048302d991c3498f-1601632828-1536x864.jpg 1536w, https:\/\/w-l-c.be\/wp-content\/uploads\/2020\/10\/032b2cc936860b03048302d991c3498f-1601632828-599x337.jpg 599w, https:\/\/w-l-c.be\/wp-content\/uploads\/2020\/10\/032b2cc936860b03048302d991c3498f-1601632828.jpg 1920w\" sizes=\"auto, (max-width: 618px) 100vw, 618px\" \/><\/p>\n<p>Dans le r\u00f4le de Carole, Carole Matagne \u00e9videmment, qui a cr\u00e9\u00e9 le r\u00f4le dans son seule-en-sc\u00e8ne <em>One Belle-M\u00e8re Show<\/em>, co-\u00e9crit avec Mathieu Debaty, qui co-\u00e9crit \u00e9galement la s\u00e9rie, r\u00e9v\u00e8le un temp\u00e9rament comique et une \u00e9nergie hyper communicative. Face \u00e0 elle, ou plut\u00f4t \u00e0 ses c\u00f4t\u00e9s, le com\u00e9diens li\u00e9geois Jean-Jacques Rausin, inoubliable h\u00e9ros hypocondriaque de\u00a0<em>Je me tue \u00e0 le dire<\/em>\u00a0de Xavier Seron (qui lui a d\u2019ailleurs valu le Magritte du Meilleur acteur), et bien connu des spectateurs de la RTBF pour son r\u00f4le de Micha\u00ebl Charlier dans\u00a0<em>Ennemi Public<\/em>, saisons 1 et 2.<\/p>\n<p>Face \u00e0 eux pour de vrai, les enfants, L\u00e9ontine Clerbois et Maxime Clausse sont confondants de naturel. La s\u00e9rie est r\u00e9alis\u00e9e par Gr\u00e9gory Beghin, \u00e0 qui l&rsquo;on doit r\u00e9cemment <em>Losers Revolution<\/em>, co-r\u00e9alis\u00e9 avec Thomas Ancora, et s&rsquo;inscrit dans la droite lign\u00e9e de programmes courts comme <em>Parents mode d&#8217;emploi<\/em> ou <em>1 gars, 1 fille<\/em>. Production 100% belge port\u00e9e par Artemis Productions et la RTBF, <em>1 Semaine sur 2<\/em> sera diffus\u00e9e tous les jours jusqu&rsquo;\u00e0 No\u00ebl juste avant le JT de 19h30.<\/p>\n<p>&nbsp;<\/p>\n","protected":false},"excerpt":{"rendered":"<p>Lancement ce soir sur la RTBF de la s\u00e9rie humoristique 1 Semaine sur deux, avec Carole Matagne et Jean-Jacques Rausin, juste avant le JT de La Une! C&rsquo;est bien connu, l&rsquo;enfer, c&rsquo;est les autres. Surtout quand les autres, ce sont des enfants. A moins que&#8230; leurs parents ne soient encore pire? 1 Semaine sur 2, &hellip;<\/p>\n","protected":false},"author":343,"featured_media":232431,"comment_status":"closed","ping_status":"closed","sticky":false,"template":"","format":"standard","meta":{"ngg_post_thumbnail":0,"footnotes":""},"categories":[12,14],"tags":[5245,5246,4116,4187],"class_list":["post-232430","post","type-post","status-publish","format-standard","has-post-thumbnail","","category-awards","category-home-cinema","tag-1-semaine-sur-2","tag-carole-matagne","tag-jean-jacques-rausin-2","tag-newsletter-fr"],"yoast_head":"<!-- This site is optimized with the Yoast SEO plugin v20.4 - https:\/\/yoast.com\/wordpress\/plugins\/seo\/ -->\n<title>&quot;1 semaine sur 2&quot;: portrait crach\u00e9 d&#039;une famille moderne - w-l-c<\/title>\n<meta name=\"robots\" content=\"noindex, follow, max-snippet:-1, max-image-preview:large, max-video-preview:-1\" \/>\n<meta property=\"og:locale\" content=\"fr_FR\" \/>\n<meta property=\"og:type\" content=\"article\" \/>\n<meta property=\"og:title\" content=\"&quot;1 semaine sur 2&quot;: portrait crach\u00e9 d&#039;une famille moderne - w-l-c\" \/>\n<meta property=\"og:description\" content=\"Lancement ce soir sur la RTBF de la s\u00e9rie humoristique 1 Semaine sur deux, avec Carole Matagne et Jean-Jacques Rausin, juste avant le JT de La Une! C&rsquo;est bien connu, l&rsquo;enfer, c&rsquo;est les autres. Surtout quand les autres, ce sont des enfants. A moins que&#8230; leurs parents ne soient encore pire? 1 Semaine sur 2, &hellip;\" \/>\n<meta property=\"og:url\" content=\"https:\/\/w-l-c.be\/fr\/1-semaine-sur-2-portrait-crache-dune-famille-moderne\/\" \/>\n<meta property=\"og:site_name\" content=\"w-l-c\" \/>\n<meta property=\"article:published_time\" content=\"2020-10-12T09:46:27+00:00\" \/>\n<meta property=\"article:modified_time\" content=\"2020-10-13T07:39:43+00:00\" \/>\n<meta property=\"og:image\" content=\"https:\/\/w-l-c.be\/wp-content\/uploads\/2020\/10\/92fd9fe8-0a04-11eb-9ec5-752e07804cab_original.jpg\" \/>\n\t<meta property=\"og:image:width\" content=\"925\" \/>\n\t<meta property=\"og:image:height\" content=\"607\" \/>\n\t<meta property=\"og:image:type\" content=\"image\/jpeg\" \/>\n<meta name=\"author\" content=\"Aurore Engelen\" \/>\n<meta name=\"twitter:card\" content=\"summary_large_image\" \/>\n<meta name=\"twitter:label1\" content=\"\u00c9crit par\" \/>\n\t<meta name=\"twitter:data1\" content=\"Aurore Engelen\" \/>\n\t<meta name=\"twitter:label2\" content=\"Dur\u00e9e de lecture estim\u00e9e\" \/>\n\t<meta name=\"twitter:data2\" content=\"3 minutes\" \/>\n<script type=\"application\/ld+json\" class=\"yoast-schema-graph\">{\"@context\":\"https:\/\/schema.org\",\"@graph\":[{\"@type\":\"WebPage\",\"@id\":\"https:\/\/w-l-c.be\/fr\/1-semaine-sur-2-portrait-crache-dune-famille-moderne\/\",\"url\":\"https:\/\/w-l-c.be\/fr\/1-semaine-sur-2-portrait-crache-dune-famille-moderne\/\",\"name\":\"\\\"1 semaine sur 2\\\": portrait crach\u00e9 d'une famille moderne - w-l-c\",\"isPartOf\":{\"@id\":\"https:\/\/w-l-c.be\/fr\/#website\"},\"datePublished\":\"2020-10-12T09:46:27+00:00\",\"dateModified\":\"2020-10-13T07:39:43+00:00\",\"author\":{\"@id\":\"https:\/\/w-l-c.be\/fr\/#\/schema\/person\/8084b68c6b176142d073695c654dc7cf\"},\"breadcrumb\":{\"@id\":\"https:\/\/w-l-c.be\/fr\/1-semaine-sur-2-portrait-crache-dune-famille-moderne\/#breadcrumb\"},\"inLanguage\":\"fr-FR\",\"potentialAction\":[{\"@type\":\"ReadAction\",\"target\":[\"https:\/\/w-l-c.be\/fr\/1-semaine-sur-2-portrait-crache-dune-famille-moderne\/\"]}]},{\"@type\":\"BreadcrumbList\",\"@id\":\"https:\/\/w-l-c.be\/fr\/1-semaine-sur-2-portrait-crache-dune-famille-moderne\/#breadcrumb\",\"itemListElement\":[{\"@type\":\"ListItem\",\"position\":1,\"name\":\"Accueil\",\"item\":\"https:\/\/w-l-c.be\/fr\/\"},{\"@type\":\"ListItem\",\"position\":2,\"name\":\"\u00ab\u00a01 semaine sur 2\u00a0\u00bb: portrait crach\u00e9 d&rsquo;une famille moderne\"}]},{\"@type\":\"WebSite\",\"@id\":\"https:\/\/w-l-c.be\/fr\/#website\",\"url\":\"https:\/\/w-l-c.be\/fr\/\",\"name\":\"w-l-c\",\"description\":\"Le cin\u00e9ma vu par les belges\",\"potentialAction\":[{\"@type\":\"SearchAction\",\"target\":{\"@type\":\"EntryPoint\",\"urlTemplate\":\"https:\/\/w-l-c.be\/fr\/?s={search_term_string}\"},\"query-input\":\"required name=search_term_string\"}],\"inLanguage\":\"fr-FR\"},{\"@type\":\"Person\",\"@id\":\"https:\/\/w-l-c.be\/fr\/#\/schema\/person\/8084b68c6b176142d073695c654dc7cf\",\"name\":\"Aurore Engelen\",\"url\":\"https:\/\/w-l-c.be\/fr\/author\/aurore-engelen\/\"}]}<\/script>\n<!-- \/ Yoast SEO plugin. -->","yoast_head_json":{"title":"\"1 semaine sur 2\": portrait crach\u00e9 d'une famille moderne - w-l-c","robots":{"index":"noindex","follow":"follow","max-snippet":"max-snippet:-1","max-image-preview":"max-image-preview:large","max-video-preview":"max-video-preview:-1"},"og_locale":"fr_FR","og_type":"article","og_title":"\"1 semaine sur 2\": portrait crach\u00e9 d'une famille moderne - w-l-c","og_description":"Lancement ce soir sur la RTBF de la s\u00e9rie humoristique 1 Semaine sur deux, avec Carole Matagne et Jean-Jacques Rausin, juste avant le JT de La Une! C&rsquo;est bien connu, l&rsquo;enfer, c&rsquo;est les autres. Surtout quand les autres, ce sont des enfants. A moins que&#8230; leurs parents ne soient encore pire? 1 Semaine sur 2, &hellip;","og_url":"https:\/\/w-l-c.be\/fr\/1-semaine-sur-2-portrait-crache-dune-famille-moderne\/","og_site_name":"w-l-c","article_published_time":"2020-10-12T09:46:27+00:00","article_modified_time":"2020-10-13T07:39:43+00:00","og_image":[{"width":925,"height":607,"url":"https:\/\/w-l-c.be\/wp-content\/uploads\/2020\/10\/92fd9fe8-0a04-11eb-9ec5-752e07804cab_original.jpg","type":"image\/jpeg"}],"author":"Aurore Engelen","twitter_card":"summary_large_image","twitter_misc":{"\u00c9crit par":"Aurore Engelen","Dur\u00e9e de lecture estim\u00e9e":"3 minutes"},"schema":{"@context":"https:\/\/schema.org","@graph":[{"@type":"WebPage","@id":"https:\/\/w-l-c.be\/fr\/1-semaine-sur-2-portrait-crache-dune-famille-moderne\/","url":"https:\/\/w-l-c.be\/fr\/1-semaine-sur-2-portrait-crache-dune-famille-moderne\/","name":"\"1 semaine sur 2\": portrait crach\u00e9 d'une famille moderne - w-l-c","isPartOf":{"@id":"https:\/\/w-l-c.be\/fr\/#website"},"datePublished":"2020-10-12T09:46:27+00:00","dateModified":"2020-10-13T07:39:43+00:00","author":{"@id":"https:\/\/w-l-c.be\/fr\/#\/schema\/person\/8084b68c6b176142d073695c654dc7cf"},"breadcrumb":{"@id":"https:\/\/w-l-c.be\/fr\/1-semaine-sur-2-portrait-crache-dune-famille-moderne\/#breadcrumb"},"inLanguage":"fr-FR","potentialAction":[{"@type":"ReadAction","target":["https:\/\/w-l-c.be\/fr\/1-semaine-sur-2-portrait-crache-dune-famille-moderne\/"]}]},{"@type":"BreadcrumbList","@id":"https:\/\/w-l-c.be\/fr\/1-semaine-sur-2-portrait-crache-dune-famille-moderne\/#breadcrumb","itemListElement":[{"@type":"ListItem","position":1,"name":"Accueil","item":"https:\/\/w-l-c.be\/fr\/"},{"@type":"ListItem","position":2,"name":"\u00ab\u00a01 semaine sur 2\u00a0\u00bb: portrait crach\u00e9 d&rsquo;une famille moderne"}]},{"@type":"WebSite","@id":"https:\/\/w-l-c.be\/fr\/#website","url":"https:\/\/w-l-c.be\/fr\/","name":"w-l-c","description":"Le cin\u00e9ma vu par les belges","potentialAction":[{"@type":"SearchAction","target":{"@type":"EntryPoint","urlTemplate":"https:\/\/w-l-c.be\/fr\/?s={search_term_string}"},"query-input":"required name=search_term_string"}],"inLanguage":"fr-FR"},{"@type":"Person","@id":"https:\/\/w-l-c.be\/fr\/#\/schema\/person\/8084b68c6b176142d073695c654dc7cf","name":"Aurore Engelen","url":"https:\/\/w-l-c.be\/fr\/author\/aurore-engelen\/"}]}},"_links":{"self":[{"href":"https:\/\/w-l-c.be\/fr\/wp-json\/wp\/v2\/posts\/232430","targetHints":{"allow":["GET"]}}],"collection":[{"href":"https:\/\/w-l-c.be\/fr\/wp-json\/wp\/v2\/posts"}],"about":[{"href":"https:\/\/w-l-c.be\/fr\/wp-json\/wp\/v2\/types\/post"}],"author":[{"embeddable":true,"href":"https:\/\/w-l-c.be\/fr\/wp-json\/wp\/v2\/users\/343"}],"replies":[{"embeddable":true,"href":"https:\/\/w-l-c.be\/fr\/wp-json\/wp\/v2\/comments?post=232430"}],"version-history":[{"count":0,"href":"https:\/\/w-l-c.be\/fr\/wp-json\/wp\/v2\/posts\/232430\/revisions"}],"wp:featuredmedia":[{"embeddable":true,"href":"https:\/\/w-l-c.be\/fr\/wp-json\/wp\/v2\/media\/232431"}],"wp:attachment":[{"href":"https:\/\/w-l-c.be\/fr\/wp-json\/wp\/v2\/media?parent=232430"}],"wp:term":[{"taxonomy":"category","embeddable":true,"href":"https:\/\/w-l-c.be\/fr\/wp-json\/wp\/v2\/categories?post=232430"},{"taxonomy":"post_tag","embeddable":true,"href":"https:\/\/w-l-c.be\/fr\/wp-json\/wp\/v2\/tags?post=232430"}],"curies":[{"name":"wp","href":"https:\/\/api.w.org\/{rel}","templated":true}]}}