
{"id":232578,"date":"2020-10-19T09:47:57","date_gmt":"2020-10-19T07:47:57","guid":{"rendered":"https:\/\/www.cinevox.be\/?p=232578"},"modified":"2020-10-20T12:02:26","modified_gmt":"2020-10-20T10:02:26","slug":"jean-pierre-et-luc-dardenne-prix-lumiere-2020","status":"publish","type":"post","link":"https:\/\/w-l-c.be\/fr\/jean-pierre-et-luc-dardenne-prix-lumiere-2020\/","title":{"rendered":"Jean-Pierre et Luc Dardenne, Prix Lumi\u00e8re 2020"},"content":{"rendered":"<p><strong>Les fr\u00e8res Dardenne ont re\u00e7u ce week-end \u00e0 Lyon le prestigieux Prix Lumi\u00e8re, sorte de Prix Nobel du Cin\u00e9ma, remis dans le cadre du Grand Lyon Film Festival, un prix inspir\u00e9 de deux autres fr\u00e8res, les fr\u00e8res Lumi\u00e8re. Il s\u2019agit des premiers cin\u00e9astes francophones \u00e0 recevoir cette distinction, ils succ\u00e8dent ainsi \u00e0 Francis Ford Coppola, Jane Fonda, Wong Kar Wa\u00ef, Catherine Deneuve, Martin Scorsese, Pedro Almodovar, Quentin Tarantino, Ken Loach, G\u00e9rard Depardieu, Milos Forman et Clint Eastwood\u00a0<\/strong><\/p>\n<p>\u00ab\u00a0Metteurs en sc\u00e8ne au style et \u00e0 la pr\u00e9cision incomparables, grands d\u00e9couvreurs d\u2019acteurs, les fr\u00e8res Dardenne ont empreint le cin\u00e9ma contemporain de leur regard puissant. Une po\u00e9tique de la r\u00e9alit\u00e9 pouss\u00e9e \u00e0 son paroxysme, qui fait \u00e9cho \u00e0 leur origine de documentaristes. C\u00e9l\u00e9br\u00e9s sur la sc\u00e8ne internationale et admir\u00e9s de leurs pairs, ils sont laur\u00e9ats de deux Palmes d\u2019Or et de nombreux autres prix au Festival de Cannes.\u00a0\u00bb<\/p>\n<p>Outre l&rsquo;exhaustive r\u00e9trospective qui a permis aux spectateurs lyonnais de revoir l&rsquo;int\u00e9gralit\u00e9 de l&rsquo;oeuvre des cin\u00e9astes belges, inclus les nombreux documentaires r\u00e9alis\u00e9s entre 1978 et 1983, le public \u00e9tait \u00e9galement convi\u00e9 \u00e0 une soir\u00e9e exceptionnel, r\u00e9unissant de prestigieux invit\u00e9s, avant la projection de la copie restaur\u00e9e de <em>Rosetta<\/em>.<\/p>\n<p><img loading=\"lazy\" decoding=\"async\" class=\"alignnone size-large wp-image-204363\" src=\"https:\/\/www.cinevox.be\/wp-content\/uploads\/2017\/11\/VisageRosetta-800x450.jpg\" alt=\"\" width=\"618\" height=\"348\" srcset=\"https:\/\/w-l-c.be\/wp-content\/uploads\/2017\/11\/VisageRosetta-800x450.jpg 800w, https:\/\/w-l-c.be\/wp-content\/uploads\/2017\/11\/VisageRosetta-200x113.jpg 200w, https:\/\/w-l-c.be\/wp-content\/uploads\/2017\/11\/VisageRosetta-480x270.jpg 480w, https:\/\/w-l-c.be\/wp-content\/uploads\/2017\/11\/VisageRosetta-768x432.jpg 768w, https:\/\/w-l-c.be\/wp-content\/uploads\/2017\/11\/VisageRosetta.jpg 1920w\" sizes=\"auto, (max-width: 618px) 100vw, 618px\" \/><\/p>\n<p>Le Prix Lumi\u00e8re a \u00e9t\u00e9 cr\u00e9\u00e9 par Thierry Fr\u00e9maux, d\u00e9l\u00e9gu\u00e9 g\u00e9n\u00e9ral du Festival de Cannes, dont on conna\u00eet la fid\u00e9lit\u00e9 et l&rsquo;admiration qu&rsquo;il voue aux cin\u00e9astes belges. \u00ab\u00a0C<em>&lsquo;est l&rsquo;un des plus beaux surgissements du cin\u00e9ma contemporain. C&rsquo;est une vision du monde, un style et une conviction. Un peu comme les Lumi\u00e8re d&rsquo;ailleurs, dont ils sont, de ce point de vue, parmi les plus beaux descendants<\/em>\u00ab\u00a0, a-t-il confi\u00e9 \u00e0 l&rsquo;AFP.<\/p>\n<p>Bertrand Tavernier, Pr\u00e9sident de l&rsquo;Institut Lumi\u00e8re, a lui aussi t\u00e9moign\u00e9 de son enthousiasme, avec le sens de la formule qu&rsquo;on lui connait: <em>\u00ab Le cin\u00e9ma fabrique des armes de construction massive et celles des fr\u00e8res Dardenne sont foudroyantes. C\u2019est une immense joie que de d\u00e9cerner ce Prix Lumi\u00e8re aux fr\u00e8res Dardenne, c\u2019est aussi une \u00e9vidence dans l\u2019\u00e9poque que nous traversons. Avec passion, une constance qui fait penser \u00e0 celle d&rsquo;Orwell, une formidable empathie pour les \u00e9clop\u00e9s, \u00e0 l\u2019\u00e9cart des diktats de la mode ou du box-office, les films de Jean-Pierre et Luc Dardenne explorent la vie de ceux qui d\u00e9gustent, victimes des crises, de la mondialisation, prisonniers de l\u2019intol\u00e9rance religieuse, de ces \u201cmis\u00e9rables\u201d sur lesquels s\u2019\u00e9taient pench\u00e9 Hugo. Et qui r\u00e9sistent \u00e0 leur mani\u00e8re, violemment, maladroitement, tendrement. Les deux fr\u00e8res cin\u00e9astes le font avec brio, avec talent, avec une attention \u00e0 la morale des choses, nous faisant d\u00e9couvrir d\u2019immenses acteurs et nous prouver que ce que l\u2019on regarde, surtout si on le fait avec cette humanit\u00e9, compte autant que le regard lui-m\u00eame. \u00bb<\/em><\/p>\n<p>Bertrand Tavernier, Pr\u00e9sident de l&rsquo;Institut Lumi\u00e8re qui organise le festival<\/p>\n<p>Se sont donc succ\u00e9d\u00e9s sur sc\u00e8ne, aux c\u00f4t\u00e9s des cin\u00e9astes, Emilie Dequenne, bien s\u00fbr, leur Rosetta, mais aussi le compositeur Gabriel Yared, les musicien\u00b7nes Jeanne Cherhal et Thomas Dutronc, leur fid\u00e8le photographe de plateau, Christine Pl\u00e9nus, ainsi que leurs producteur\u00b7rices et distributeur\u00b7rices.<\/p>\n<p><em>\u00ab\u00a0Ce Prix symbolise l\u2019h\u00e9ritage des fr\u00e8res Lumi\u00e8re,<\/em> ont d\u00e9clar\u00e9 Jean-Pierre et Luc Dardenne. <em>Filmer la vie, son intensit\u00e9, sa mobilit\u00e9. Lorsque l\u2019on filme Rosetta, on essaie de faire en sorte qu\u2019elle soit vivante.\u00a0\u00bb<\/em><\/p>\n","protected":false},"excerpt":{"rendered":"<p>Les fr\u00e8res Dardenne ont re\u00e7u ce week-end \u00e0 Lyon le prestigieux Prix Lumi\u00e8re, sorte de Prix Nobel du Cin\u00e9ma, remis dans le cadre du Grand Lyon Film Festival, un prix inspir\u00e9 de deux autres fr\u00e8res, les fr\u00e8res Lumi\u00e8re. Il s\u2019agit des premiers cin\u00e9astes francophones \u00e0 recevoir cette distinction, ils succ\u00e8dent ainsi \u00e0 Francis Ford Coppola, &hellip;<\/p>\n","protected":false},"author":343,"featured_media":232579,"comment_status":"closed","ping_status":"closed","sticky":false,"template":"","format":"standard","meta":{"ngg_post_thumbnail":0,"footnotes":""},"categories":[12],"tags":[5137,4187],"class_list":["post-232578","post","type-post","status-publish","format-standard","has-post-thumbnail","","category-awards","tag-dardenne-2","tag-newsletter-fr"],"yoast_head":"<!-- This site is optimized with the Yoast SEO plugin v20.4 - https:\/\/yoast.com\/wordpress\/plugins\/seo\/ -->\n<title>Jean-Pierre et Luc Dardenne, Prix Lumi\u00e8re 2020 - w-l-c<\/title>\n<meta name=\"robots\" content=\"noindex, follow, max-snippet:-1, max-image-preview:large, max-video-preview:-1\" \/>\n<meta property=\"og:locale\" content=\"fr_FR\" \/>\n<meta property=\"og:type\" content=\"article\" \/>\n<meta property=\"og:title\" content=\"Jean-Pierre et Luc Dardenne, Prix Lumi\u00e8re 2020 - w-l-c\" \/>\n<meta property=\"og:description\" content=\"Les fr\u00e8res Dardenne ont re\u00e7u ce week-end \u00e0 Lyon le prestigieux Prix Lumi\u00e8re, sorte de Prix Nobel du Cin\u00e9ma, remis dans le cadre du Grand Lyon Film Festival, un prix inspir\u00e9 de deux autres fr\u00e8res, les fr\u00e8res Lumi\u00e8re. Il s\u2019agit des premiers cin\u00e9astes francophones \u00e0 recevoir cette distinction, ils succ\u00e8dent ainsi \u00e0 Francis Ford Coppola, &hellip;\" \/>\n<meta property=\"og:url\" content=\"https:\/\/w-l-c.be\/fr\/jean-pierre-et-luc-dardenne-prix-lumiere-2020\/\" \/>\n<meta property=\"og:site_name\" content=\"w-l-c\" \/>\n<meta property=\"article:published_time\" content=\"2020-10-19T07:47:57+00:00\" \/>\n<meta property=\"article:modified_time\" content=\"2020-10-20T10:02:26+00:00\" \/>\n<meta property=\"og:image\" content=\"https:\/\/w-l-c.be\/wp-content\/uploads\/2020\/10\/DardenneLumiere.jpg\" \/>\n\t<meta property=\"og:image:width\" content=\"590\" \/>\n\t<meta property=\"og:image:height\" content=\"393\" \/>\n\t<meta property=\"og:image:type\" content=\"image\/jpeg\" \/>\n<meta name=\"author\" content=\"Aurore Engelen\" \/>\n<meta name=\"twitter:card\" content=\"summary_large_image\" \/>\n<meta name=\"twitter:label1\" content=\"\u00c9crit par\" \/>\n\t<meta name=\"twitter:data1\" content=\"Aurore Engelen\" \/>\n\t<meta name=\"twitter:label2\" content=\"Dur\u00e9e de lecture estim\u00e9e\" \/>\n\t<meta name=\"twitter:data2\" content=\"3 minutes\" \/>\n<script type=\"application\/ld+json\" class=\"yoast-schema-graph\">{\"@context\":\"https:\/\/schema.org\",\"@graph\":[{\"@type\":\"WebPage\",\"@id\":\"https:\/\/w-l-c.be\/fr\/jean-pierre-et-luc-dardenne-prix-lumiere-2020\/\",\"url\":\"https:\/\/w-l-c.be\/fr\/jean-pierre-et-luc-dardenne-prix-lumiere-2020\/\",\"name\":\"Jean-Pierre et Luc Dardenne, Prix Lumi\u00e8re 2020 - w-l-c\",\"isPartOf\":{\"@id\":\"https:\/\/w-l-c.be\/fr\/#website\"},\"datePublished\":\"2020-10-19T07:47:57+00:00\",\"dateModified\":\"2020-10-20T10:02:26+00:00\",\"author\":{\"@id\":\"https:\/\/w-l-c.be\/fr\/#\/schema\/person\/8084b68c6b176142d073695c654dc7cf\"},\"breadcrumb\":{\"@id\":\"https:\/\/w-l-c.be\/fr\/jean-pierre-et-luc-dardenne-prix-lumiere-2020\/#breadcrumb\"},\"inLanguage\":\"fr-FR\",\"potentialAction\":[{\"@type\":\"ReadAction\",\"target\":[\"https:\/\/w-l-c.be\/fr\/jean-pierre-et-luc-dardenne-prix-lumiere-2020\/\"]}]},{\"@type\":\"BreadcrumbList\",\"@id\":\"https:\/\/w-l-c.be\/fr\/jean-pierre-et-luc-dardenne-prix-lumiere-2020\/#breadcrumb\",\"itemListElement\":[{\"@type\":\"ListItem\",\"position\":1,\"name\":\"Accueil\",\"item\":\"https:\/\/w-l-c.be\/fr\/\"},{\"@type\":\"ListItem\",\"position\":2,\"name\":\"Jean-Pierre et Luc Dardenne, Prix Lumi\u00e8re 2020\"}]},{\"@type\":\"WebSite\",\"@id\":\"https:\/\/w-l-c.be\/fr\/#website\",\"url\":\"https:\/\/w-l-c.be\/fr\/\",\"name\":\"w-l-c\",\"description\":\"Le cin\u00e9ma vu par les belges\",\"potentialAction\":[{\"@type\":\"SearchAction\",\"target\":{\"@type\":\"EntryPoint\",\"urlTemplate\":\"https:\/\/w-l-c.be\/fr\/?s={search_term_string}\"},\"query-input\":\"required name=search_term_string\"}],\"inLanguage\":\"fr-FR\"},{\"@type\":\"Person\",\"@id\":\"https:\/\/w-l-c.be\/fr\/#\/schema\/person\/8084b68c6b176142d073695c654dc7cf\",\"name\":\"Aurore Engelen\",\"url\":\"https:\/\/w-l-c.be\/fr\/author\/aurore-engelen\/\"}]}<\/script>\n<!-- \/ Yoast SEO plugin. -->","yoast_head_json":{"title":"Jean-Pierre et Luc Dardenne, Prix Lumi\u00e8re 2020 - w-l-c","robots":{"index":"noindex","follow":"follow","max-snippet":"max-snippet:-1","max-image-preview":"max-image-preview:large","max-video-preview":"max-video-preview:-1"},"og_locale":"fr_FR","og_type":"article","og_title":"Jean-Pierre et Luc Dardenne, Prix Lumi\u00e8re 2020 - w-l-c","og_description":"Les fr\u00e8res Dardenne ont re\u00e7u ce week-end \u00e0 Lyon le prestigieux Prix Lumi\u00e8re, sorte de Prix Nobel du Cin\u00e9ma, remis dans le cadre du Grand Lyon Film Festival, un prix inspir\u00e9 de deux autres fr\u00e8res, les fr\u00e8res Lumi\u00e8re. Il s\u2019agit des premiers cin\u00e9astes francophones \u00e0 recevoir cette distinction, ils succ\u00e8dent ainsi \u00e0 Francis Ford Coppola, &hellip;","og_url":"https:\/\/w-l-c.be\/fr\/jean-pierre-et-luc-dardenne-prix-lumiere-2020\/","og_site_name":"w-l-c","article_published_time":"2020-10-19T07:47:57+00:00","article_modified_time":"2020-10-20T10:02:26+00:00","og_image":[{"width":590,"height":393,"url":"https:\/\/w-l-c.be\/wp-content\/uploads\/2020\/10\/DardenneLumiere.jpg","type":"image\/jpeg"}],"author":"Aurore Engelen","twitter_card":"summary_large_image","twitter_misc":{"\u00c9crit par":"Aurore Engelen","Dur\u00e9e de lecture estim\u00e9e":"3 minutes"},"schema":{"@context":"https:\/\/schema.org","@graph":[{"@type":"WebPage","@id":"https:\/\/w-l-c.be\/fr\/jean-pierre-et-luc-dardenne-prix-lumiere-2020\/","url":"https:\/\/w-l-c.be\/fr\/jean-pierre-et-luc-dardenne-prix-lumiere-2020\/","name":"Jean-Pierre et Luc Dardenne, Prix Lumi\u00e8re 2020 - w-l-c","isPartOf":{"@id":"https:\/\/w-l-c.be\/fr\/#website"},"datePublished":"2020-10-19T07:47:57+00:00","dateModified":"2020-10-20T10:02:26+00:00","author":{"@id":"https:\/\/w-l-c.be\/fr\/#\/schema\/person\/8084b68c6b176142d073695c654dc7cf"},"breadcrumb":{"@id":"https:\/\/w-l-c.be\/fr\/jean-pierre-et-luc-dardenne-prix-lumiere-2020\/#breadcrumb"},"inLanguage":"fr-FR","potentialAction":[{"@type":"ReadAction","target":["https:\/\/w-l-c.be\/fr\/jean-pierre-et-luc-dardenne-prix-lumiere-2020\/"]}]},{"@type":"BreadcrumbList","@id":"https:\/\/w-l-c.be\/fr\/jean-pierre-et-luc-dardenne-prix-lumiere-2020\/#breadcrumb","itemListElement":[{"@type":"ListItem","position":1,"name":"Accueil","item":"https:\/\/w-l-c.be\/fr\/"},{"@type":"ListItem","position":2,"name":"Jean-Pierre et Luc Dardenne, Prix Lumi\u00e8re 2020"}]},{"@type":"WebSite","@id":"https:\/\/w-l-c.be\/fr\/#website","url":"https:\/\/w-l-c.be\/fr\/","name":"w-l-c","description":"Le cin\u00e9ma vu par les belges","potentialAction":[{"@type":"SearchAction","target":{"@type":"EntryPoint","urlTemplate":"https:\/\/w-l-c.be\/fr\/?s={search_term_string}"},"query-input":"required name=search_term_string"}],"inLanguage":"fr-FR"},{"@type":"Person","@id":"https:\/\/w-l-c.be\/fr\/#\/schema\/person\/8084b68c6b176142d073695c654dc7cf","name":"Aurore Engelen","url":"https:\/\/w-l-c.be\/fr\/author\/aurore-engelen\/"}]}},"_links":{"self":[{"href":"https:\/\/w-l-c.be\/fr\/wp-json\/wp\/v2\/posts\/232578","targetHints":{"allow":["GET"]}}],"collection":[{"href":"https:\/\/w-l-c.be\/fr\/wp-json\/wp\/v2\/posts"}],"about":[{"href":"https:\/\/w-l-c.be\/fr\/wp-json\/wp\/v2\/types\/post"}],"author":[{"embeddable":true,"href":"https:\/\/w-l-c.be\/fr\/wp-json\/wp\/v2\/users\/343"}],"replies":[{"embeddable":true,"href":"https:\/\/w-l-c.be\/fr\/wp-json\/wp\/v2\/comments?post=232578"}],"version-history":[{"count":0,"href":"https:\/\/w-l-c.be\/fr\/wp-json\/wp\/v2\/posts\/232578\/revisions"}],"wp:featuredmedia":[{"embeddable":true,"href":"https:\/\/w-l-c.be\/fr\/wp-json\/wp\/v2\/media\/232579"}],"wp:attachment":[{"href":"https:\/\/w-l-c.be\/fr\/wp-json\/wp\/v2\/media?parent=232578"}],"wp:term":[{"taxonomy":"category","embeddable":true,"href":"https:\/\/w-l-c.be\/fr\/wp-json\/wp\/v2\/categories?post=232578"},{"taxonomy":"post_tag","embeddable":true,"href":"https:\/\/w-l-c.be\/fr\/wp-json\/wp\/v2\/tags?post=232578"}],"curies":[{"name":"wp","href":"https:\/\/api.w.org\/{rel}","templated":true}]}}