
{"id":232582,"date":"2020-10-19T12:00:21","date_gmt":"2020-10-19T10:00:21","guid":{"rendered":"https:\/\/www.cinevox.be\/?p=232582"},"modified":"2020-10-19T12:02:00","modified_gmt":"2020-10-19T10:02:00","slug":"nos-jeunesses-perdues-deric-dagostino","status":"publish","type":"post","link":"https:\/\/w-l-c.be\/fr\/nos-jeunesses-perdues-deric-dagostino\/","title":{"rendered":"\u00ab\u00a0Nos jeunesses perdues\u00a0\u00bb d&rsquo;Eric D&rsquo;Agostino"},"content":{"rendered":"<p><strong>Diffusion ce lundi soir \u00e0 21h05 sur La Trois de <em>Nos jeunesses perdues<\/em> d&rsquo;Eric D&rsquo;Agostino.<\/strong><\/p>\n<p>Ce film est une immersion au coeur d\u2019une prison de jeunes d\u00e9linquants. Il nous plonge dans un huis clos p\u00e9nitentiaire et nous entra\u00eene \u00e0 la rencontre d\u2019une dizaine d\u2019adolescents incarc\u00e9r\u00e9s pour des peines de longues dur\u00e9es, ainsi que du personnel qui les encadre. Le film relate une ann\u00e9e de vie dans cet univers confin\u00e9 et suit la mise en place d\u2019un nouveau projet p\u00e9dagogique d\u2019accompagnement intensif. Le film aborde de mani\u00e8re unique et exceptionnelle la probl\u00e9matique de l\u2019incarc\u00e9ration des mineurs et la possibilit\u00e9 de r\u00e9insertion sociale.<\/p>\n","protected":false},"excerpt":{"rendered":"<p>Diffusion ce lundi soir \u00e0 21h05 sur La Trois de Nos jeunesses perdues d&rsquo;Eric D&rsquo;Agostino. Ce film est une immersion au coeur d\u2019une prison de jeunes d\u00e9linquants. Il nous plonge dans un huis clos p\u00e9nitentiaire et nous entra\u00eene \u00e0 la rencontre d\u2019une dizaine d\u2019adolescents incarc\u00e9r\u00e9s pour des peines de longues dur\u00e9es, ainsi que du personnel &hellip;<\/p>\n","protected":false},"author":343,"featured_media":232586,"comment_status":"closed","ping_status":"closed","sticky":false,"template":"","format":"standard","meta":{"ngg_post_thumbnail":0,"footnotes":""},"categories":[14],"tags":[],"class_list":["post-232582","post","type-post","status-publish","format-standard","has-post-thumbnail","","category-home-cinema"],"yoast_head":"<!-- This site is optimized with the Yoast SEO plugin v20.4 - https:\/\/yoast.com\/wordpress\/plugins\/seo\/ -->\n<title>&quot;Nos jeunesses perdues&quot; d&#039;Eric D&#039;Agostino - w-l-c<\/title>\n<meta name=\"robots\" content=\"noindex, follow, max-snippet:-1, max-image-preview:large, max-video-preview:-1\" \/>\n<meta property=\"og:locale\" content=\"fr_FR\" \/>\n<meta property=\"og:type\" content=\"article\" \/>\n<meta property=\"og:title\" content=\"&quot;Nos jeunesses perdues&quot; d&#039;Eric D&#039;Agostino - w-l-c\" \/>\n<meta property=\"og:description\" content=\"Diffusion ce lundi soir \u00e0 21h05 sur La Trois de Nos jeunesses perdues d&rsquo;Eric D&rsquo;Agostino. Ce film est une immersion au coeur d\u2019une prison de jeunes d\u00e9linquants. Il nous plonge dans un huis clos p\u00e9nitentiaire et nous entra\u00eene \u00e0 la rencontre d\u2019une dizaine d\u2019adolescents incarc\u00e9r\u00e9s pour des peines de longues dur\u00e9es, ainsi que du personnel &hellip;\" \/>\n<meta property=\"og:url\" content=\"https:\/\/w-l-c.be\/fr\/nos-jeunesses-perdues-deric-dagostino\/\" \/>\n<meta property=\"og:site_name\" content=\"w-l-c\" \/>\n<meta property=\"article:published_time\" content=\"2020-10-19T10:00:21+00:00\" \/>\n<meta property=\"article:modified_time\" content=\"2020-10-19T10:02:00+00:00\" \/>\n<meta property=\"og:image\" content=\"https:\/\/w-l-c.be\/wp-content\/uploads\/2020\/10\/ng_c6835ce44bf75874e63c-324x183@2x-1.jpg\" \/>\n\t<meta property=\"og:image:width\" content=\"648\" \/>\n\t<meta property=\"og:image:height\" content=\"366\" \/>\n\t<meta property=\"og:image:type\" content=\"image\/jpeg\" \/>\n<meta name=\"author\" content=\"Aurore Engelen\" \/>\n<meta name=\"twitter:card\" content=\"summary_large_image\" \/>\n<meta name=\"twitter:label1\" content=\"\u00c9crit par\" \/>\n\t<meta name=\"twitter:data1\" content=\"Aurore Engelen\" \/>\n\t<meta name=\"twitter:label2\" content=\"Dur\u00e9e de lecture estim\u00e9e\" \/>\n\t<meta name=\"twitter:data2\" content=\"1 minute\" \/>\n<script type=\"application\/ld+json\" class=\"yoast-schema-graph\">{\"@context\":\"https:\/\/schema.org\",\"@graph\":[{\"@type\":\"WebPage\",\"@id\":\"https:\/\/w-l-c.be\/fr\/nos-jeunesses-perdues-deric-dagostino\/\",\"url\":\"https:\/\/w-l-c.be\/fr\/nos-jeunesses-perdues-deric-dagostino\/\",\"name\":\"\\\"Nos jeunesses perdues\\\" d'Eric D'Agostino - w-l-c\",\"isPartOf\":{\"@id\":\"https:\/\/w-l-c.be\/fr\/#website\"},\"datePublished\":\"2020-10-19T10:00:21+00:00\",\"dateModified\":\"2020-10-19T10:02:00+00:00\",\"author\":{\"@id\":\"https:\/\/w-l-c.be\/fr\/#\/schema\/person\/8084b68c6b176142d073695c654dc7cf\"},\"breadcrumb\":{\"@id\":\"https:\/\/w-l-c.be\/fr\/nos-jeunesses-perdues-deric-dagostino\/#breadcrumb\"},\"inLanguage\":\"fr-FR\",\"potentialAction\":[{\"@type\":\"ReadAction\",\"target\":[\"https:\/\/w-l-c.be\/fr\/nos-jeunesses-perdues-deric-dagostino\/\"]}]},{\"@type\":\"BreadcrumbList\",\"@id\":\"https:\/\/w-l-c.be\/fr\/nos-jeunesses-perdues-deric-dagostino\/#breadcrumb\",\"itemListElement\":[{\"@type\":\"ListItem\",\"position\":1,\"name\":\"Accueil\",\"item\":\"https:\/\/w-l-c.be\/fr\/\"},{\"@type\":\"ListItem\",\"position\":2,\"name\":\"\u00ab\u00a0Nos jeunesses perdues\u00a0\u00bb d&rsquo;Eric D&rsquo;Agostino\"}]},{\"@type\":\"WebSite\",\"@id\":\"https:\/\/w-l-c.be\/fr\/#website\",\"url\":\"https:\/\/w-l-c.be\/fr\/\",\"name\":\"w-l-c\",\"description\":\"Le cin\u00e9ma vu par les belges\",\"potentialAction\":[{\"@type\":\"SearchAction\",\"target\":{\"@type\":\"EntryPoint\",\"urlTemplate\":\"https:\/\/w-l-c.be\/fr\/?s={search_term_string}\"},\"query-input\":\"required name=search_term_string\"}],\"inLanguage\":\"fr-FR\"},{\"@type\":\"Person\",\"@id\":\"https:\/\/w-l-c.be\/fr\/#\/schema\/person\/8084b68c6b176142d073695c654dc7cf\",\"name\":\"Aurore Engelen\",\"url\":\"https:\/\/w-l-c.be\/fr\/author\/aurore-engelen\/\"}]}<\/script>\n<!-- \/ Yoast SEO plugin. -->","yoast_head_json":{"title":"\"Nos jeunesses perdues\" d'Eric D'Agostino - w-l-c","robots":{"index":"noindex","follow":"follow","max-snippet":"max-snippet:-1","max-image-preview":"max-image-preview:large","max-video-preview":"max-video-preview:-1"},"og_locale":"fr_FR","og_type":"article","og_title":"\"Nos jeunesses perdues\" d'Eric D'Agostino - w-l-c","og_description":"Diffusion ce lundi soir \u00e0 21h05 sur La Trois de Nos jeunesses perdues d&rsquo;Eric D&rsquo;Agostino. Ce film est une immersion au coeur d\u2019une prison de jeunes d\u00e9linquants. Il nous plonge dans un huis clos p\u00e9nitentiaire et nous entra\u00eene \u00e0 la rencontre d\u2019une dizaine d\u2019adolescents incarc\u00e9r\u00e9s pour des peines de longues dur\u00e9es, ainsi que du personnel &hellip;","og_url":"https:\/\/w-l-c.be\/fr\/nos-jeunesses-perdues-deric-dagostino\/","og_site_name":"w-l-c","article_published_time":"2020-10-19T10:00:21+00:00","article_modified_time":"2020-10-19T10:02:00+00:00","og_image":[{"width":648,"height":366,"url":"https:\/\/w-l-c.be\/wp-content\/uploads\/2020\/10\/ng_c6835ce44bf75874e63c-324x183@2x-1.jpg","type":"image\/jpeg"}],"author":"Aurore Engelen","twitter_card":"summary_large_image","twitter_misc":{"\u00c9crit par":"Aurore Engelen","Dur\u00e9e de lecture estim\u00e9e":"1 minute"},"schema":{"@context":"https:\/\/schema.org","@graph":[{"@type":"WebPage","@id":"https:\/\/w-l-c.be\/fr\/nos-jeunesses-perdues-deric-dagostino\/","url":"https:\/\/w-l-c.be\/fr\/nos-jeunesses-perdues-deric-dagostino\/","name":"\"Nos jeunesses perdues\" d'Eric D'Agostino - w-l-c","isPartOf":{"@id":"https:\/\/w-l-c.be\/fr\/#website"},"datePublished":"2020-10-19T10:00:21+00:00","dateModified":"2020-10-19T10:02:00+00:00","author":{"@id":"https:\/\/w-l-c.be\/fr\/#\/schema\/person\/8084b68c6b176142d073695c654dc7cf"},"breadcrumb":{"@id":"https:\/\/w-l-c.be\/fr\/nos-jeunesses-perdues-deric-dagostino\/#breadcrumb"},"inLanguage":"fr-FR","potentialAction":[{"@type":"ReadAction","target":["https:\/\/w-l-c.be\/fr\/nos-jeunesses-perdues-deric-dagostino\/"]}]},{"@type":"BreadcrumbList","@id":"https:\/\/w-l-c.be\/fr\/nos-jeunesses-perdues-deric-dagostino\/#breadcrumb","itemListElement":[{"@type":"ListItem","position":1,"name":"Accueil","item":"https:\/\/w-l-c.be\/fr\/"},{"@type":"ListItem","position":2,"name":"\u00ab\u00a0Nos jeunesses perdues\u00a0\u00bb d&rsquo;Eric D&rsquo;Agostino"}]},{"@type":"WebSite","@id":"https:\/\/w-l-c.be\/fr\/#website","url":"https:\/\/w-l-c.be\/fr\/","name":"w-l-c","description":"Le cin\u00e9ma vu par les belges","potentialAction":[{"@type":"SearchAction","target":{"@type":"EntryPoint","urlTemplate":"https:\/\/w-l-c.be\/fr\/?s={search_term_string}"},"query-input":"required name=search_term_string"}],"inLanguage":"fr-FR"},{"@type":"Person","@id":"https:\/\/w-l-c.be\/fr\/#\/schema\/person\/8084b68c6b176142d073695c654dc7cf","name":"Aurore Engelen","url":"https:\/\/w-l-c.be\/fr\/author\/aurore-engelen\/"}]}},"_links":{"self":[{"href":"https:\/\/w-l-c.be\/fr\/wp-json\/wp\/v2\/posts\/232582","targetHints":{"allow":["GET"]}}],"collection":[{"href":"https:\/\/w-l-c.be\/fr\/wp-json\/wp\/v2\/posts"}],"about":[{"href":"https:\/\/w-l-c.be\/fr\/wp-json\/wp\/v2\/types\/post"}],"author":[{"embeddable":true,"href":"https:\/\/w-l-c.be\/fr\/wp-json\/wp\/v2\/users\/343"}],"replies":[{"embeddable":true,"href":"https:\/\/w-l-c.be\/fr\/wp-json\/wp\/v2\/comments?post=232582"}],"version-history":[{"count":0,"href":"https:\/\/w-l-c.be\/fr\/wp-json\/wp\/v2\/posts\/232582\/revisions"}],"wp:featuredmedia":[{"embeddable":true,"href":"https:\/\/w-l-c.be\/fr\/wp-json\/wp\/v2\/media\/232586"}],"wp:attachment":[{"href":"https:\/\/w-l-c.be\/fr\/wp-json\/wp\/v2\/media?parent=232582"}],"wp:term":[{"taxonomy":"category","embeddable":true,"href":"https:\/\/w-l-c.be\/fr\/wp-json\/wp\/v2\/categories?post=232582"},{"taxonomy":"post_tag","embeddable":true,"href":"https:\/\/w-l-c.be\/fr\/wp-json\/wp\/v2\/tags?post=232582"}],"curies":[{"name":"wp","href":"https:\/\/api.w.org\/{rel}","templated":true}]}}