
{"id":232588,"date":"2020-10-19T14:14:23","date_gmt":"2020-10-19T12:14:23","guid":{"rendered":"https:\/\/www.cinevox.be\/?p=232588"},"modified":"2020-10-19T14:15:00","modified_gmt":"2020-10-19T12:15:00","slug":"festival-en-ligne-10-ans-de-magritte-du-cinema","status":"publish","type":"post","link":"https:\/\/w-l-c.be\/fr\/festival-en-ligne-10-ans-de-magritte-du-cinema\/","title":{"rendered":"Festival en ligne: 10 ans de Magritte du cin\u00e9ma"},"content":{"rendered":"<p><strong>Wallonie Bruxelles International en partenariat avec Les Magritte du Cin\u00e9ma et Wallonie Bruxelles Image vous invite \u00e0 c\u00e9l\u00e9brer les 10 ans des Magritte \u00e0 travers une s\u00e9lection de longs m\u00e9trages, documentaires et courts m\u00e9trages prim\u00e9s lors de l\u2019une des \u00e9ditions des Magritte!<\/strong><\/p>\n<p>Disponible gratuitement dans de nombreux territoires francophones \u00e0 travers le monde, cette initiative prend pied \u00e9galement en Belgique, o\u00f9 les internautes ont jusqu\u2019au 21 octobre pour visionner les films suivants <a href=\"https:\/\/www.festivalscope.com\/page\/wbi\/?fbclid=IwAR3qOF5LLsVjNbecSMRPoIOCoJ5dEeyYOjoiFvIGm4KKl5k0096rfKcMba4\">ici<\/a>:<\/p>\n<ul>\n<li><em>A perdre la raison<\/em> de Joachim Lafosse, Magritte du Meilleur film, du Meilleur r\u00e9alisateur, de la Meilleure actrice et du Meilleur montage en 2013<\/li>\n<li><em>Amer<\/em> d&rsquo;H\u00e9l\u00e8ne Cattet &amp; Bruno Forzani, nomination pour le Magritte du Meilleur film et de la Meilleure image en 2011<\/li>\n<li><em>Les G\u00e9ants<\/em> de Bouli Lanners, Magritte du Meilleur film, du Meilleur r\u00e9alisateur, de la Meilleure image, de la Meilleure musique originale et de la Meilleure actrice dans un second r\u00f4le en 2011<\/li>\n<li><em>Burning Out<\/em> de J\u00e9r\u00f4me Le Maire, Magritte du Meilleur documentaire en 2018<\/li>\n<li><em>En bataille, portrait d&rsquo;une directrice de prison<\/em> d&rsquo;Eve Duchemin, Magritte du Meilleur documentaire en 2017<\/li>\n<li><em>L&rsquo;Homme qui r\u00e9pare les femmes<\/em> de Thierry Michel et Colette Braekcman, Magritte du Meilleur documentaire en 2016<\/li>\n<li><em>Derni\u00e8re porte au Sud<\/em> de Sacha Feiner, Magritte du Meilleur court m\u00e9trage d&rsquo;animation en 2016<\/li>\n<li><em>Dimanches<\/em> de Val\u00e9ry Rosier, Magritte du Meilleur court m\u00e9trage en 2012<\/li>\n<li><em>Le Plombier<\/em> de M\u00e9ryl Fortunat-Rossi &amp; Xavier Seron, Magritte du Meilleur court m\u00e9trage de fiction en 2017<\/li>\n<li><em>Matriochkas<\/em> de B\u00e9rang\u00e8re Mc Neese, Magritte du Meilleur court m\u00e9trage de fiction en 2020<\/li>\n<\/ul>\n<p>Attention, d\u00e9p\u00eachez, le nombre d&rsquo;inscriptions est limit\u00e9!<\/p>\n<p>A noter \u00e9galement que WBI recevra demain mardi 20 octobre \u00e0 15h le cin\u00e9aste belge <a href=\"https:\/\/www.facebook.com\/wallonie.bruxelles.international\/posts\/3639199322809732\">Joachim Lafosse pour une rencontre<\/a> avec les festivaliers \u00e0 propos de son film, <em>A perdre la raison<\/em>. Cette discussion sera retransmise en direct sur les comptes Youtube et Facebook de Wallonie Bruxelles International.<\/p>\n","protected":false},"excerpt":{"rendered":"<p>Wallonie Bruxelles International en partenariat avec Les Magritte du Cin\u00e9ma et Wallonie Bruxelles Image vous invite \u00e0 c\u00e9l\u00e9brer les 10 ans des Magritte \u00e0 travers une s\u00e9lection de longs m\u00e9trages, documentaires et courts m\u00e9trages prim\u00e9s lors de l\u2019une des \u00e9ditions des Magritte! Disponible gratuitement dans de nombreux territoires francophones \u00e0 travers le monde, cette initiative &hellip;<\/p>\n","protected":false},"author":343,"featured_media":232592,"comment_status":"closed","ping_status":"closed","sticky":false,"template":"","format":"standard","meta":{"ngg_post_thumbnail":0,"footnotes":""},"categories":[12],"tags":[],"class_list":["post-232588","post","type-post","status-publish","format-standard","has-post-thumbnail","","category-awards"],"yoast_head":"<!-- This site is optimized with the Yoast SEO plugin v20.4 - https:\/\/yoast.com\/wordpress\/plugins\/seo\/ -->\n<title>Festival en ligne: 10 ans de Magritte du cin\u00e9ma - w-l-c<\/title>\n<meta name=\"robots\" content=\"noindex, follow, max-snippet:-1, max-image-preview:large, max-video-preview:-1\" \/>\n<meta property=\"og:locale\" content=\"fr_FR\" \/>\n<meta property=\"og:type\" content=\"article\" \/>\n<meta property=\"og:title\" content=\"Festival en ligne: 10 ans de Magritte du cin\u00e9ma - w-l-c\" \/>\n<meta property=\"og:description\" content=\"Wallonie Bruxelles International en partenariat avec Les Magritte du Cin\u00e9ma et Wallonie Bruxelles Image vous invite \u00e0 c\u00e9l\u00e9brer les 10 ans des Magritte \u00e0 travers une s\u00e9lection de longs m\u00e9trages, documentaires et courts m\u00e9trages prim\u00e9s lors de l\u2019une des \u00e9ditions des Magritte! Disponible gratuitement dans de nombreux territoires francophones \u00e0 travers le monde, cette initiative &hellip;\" \/>\n<meta property=\"og:url\" content=\"https:\/\/w-l-c.be\/fr\/festival-en-ligne-10-ans-de-magritte-du-cinema\/\" \/>\n<meta property=\"og:site_name\" content=\"w-l-c\" \/>\n<meta property=\"article:published_time\" content=\"2020-10-19T12:14:23+00:00\" \/>\n<meta property=\"article:modified_time\" content=\"2020-10-19T12:15:00+00:00\" \/>\n<meta property=\"og:image\" content=\"https:\/\/w-l-c.be\/wp-content\/uploads\/2020\/10\/Sans-titre.png\" \/>\n\t<meta property=\"og:image:width\" content=\"1200\" \/>\n\t<meta property=\"og:image:height\" content=\"658\" \/>\n\t<meta property=\"og:image:type\" content=\"image\/png\" \/>\n<meta name=\"author\" content=\"Aurore Engelen\" \/>\n<meta name=\"twitter:card\" content=\"summary_large_image\" \/>\n<meta name=\"twitter:label1\" content=\"\u00c9crit par\" \/>\n\t<meta name=\"twitter:data1\" content=\"Aurore Engelen\" \/>\n\t<meta name=\"twitter:label2\" content=\"Dur\u00e9e de lecture estim\u00e9e\" \/>\n\t<meta name=\"twitter:data2\" content=\"2 minutes\" \/>\n<script type=\"application\/ld+json\" class=\"yoast-schema-graph\">{\"@context\":\"https:\/\/schema.org\",\"@graph\":[{\"@type\":\"WebPage\",\"@id\":\"https:\/\/w-l-c.be\/fr\/festival-en-ligne-10-ans-de-magritte-du-cinema\/\",\"url\":\"https:\/\/w-l-c.be\/fr\/festival-en-ligne-10-ans-de-magritte-du-cinema\/\",\"name\":\"Festival en ligne: 10 ans de Magritte du cin\u00e9ma - w-l-c\",\"isPartOf\":{\"@id\":\"https:\/\/w-l-c.be\/fr\/#website\"},\"datePublished\":\"2020-10-19T12:14:23+00:00\",\"dateModified\":\"2020-10-19T12:15:00+00:00\",\"author\":{\"@id\":\"https:\/\/w-l-c.be\/fr\/#\/schema\/person\/8084b68c6b176142d073695c654dc7cf\"},\"breadcrumb\":{\"@id\":\"https:\/\/w-l-c.be\/fr\/festival-en-ligne-10-ans-de-magritte-du-cinema\/#breadcrumb\"},\"inLanguage\":\"fr-FR\",\"potentialAction\":[{\"@type\":\"ReadAction\",\"target\":[\"https:\/\/w-l-c.be\/fr\/festival-en-ligne-10-ans-de-magritte-du-cinema\/\"]}]},{\"@type\":\"BreadcrumbList\",\"@id\":\"https:\/\/w-l-c.be\/fr\/festival-en-ligne-10-ans-de-magritte-du-cinema\/#breadcrumb\",\"itemListElement\":[{\"@type\":\"ListItem\",\"position\":1,\"name\":\"Accueil\",\"item\":\"https:\/\/w-l-c.be\/fr\/\"},{\"@type\":\"ListItem\",\"position\":2,\"name\":\"Festival en ligne: 10 ans de Magritte du cin\u00e9ma\"}]},{\"@type\":\"WebSite\",\"@id\":\"https:\/\/w-l-c.be\/fr\/#website\",\"url\":\"https:\/\/w-l-c.be\/fr\/\",\"name\":\"w-l-c\",\"description\":\"Le cin\u00e9ma vu par les belges\",\"potentialAction\":[{\"@type\":\"SearchAction\",\"target\":{\"@type\":\"EntryPoint\",\"urlTemplate\":\"https:\/\/w-l-c.be\/fr\/?s={search_term_string}\"},\"query-input\":\"required name=search_term_string\"}],\"inLanguage\":\"fr-FR\"},{\"@type\":\"Person\",\"@id\":\"https:\/\/w-l-c.be\/fr\/#\/schema\/person\/8084b68c6b176142d073695c654dc7cf\",\"name\":\"Aurore Engelen\",\"url\":\"https:\/\/w-l-c.be\/fr\/author\/aurore-engelen\/\"}]}<\/script>\n<!-- \/ Yoast SEO plugin. -->","yoast_head_json":{"title":"Festival en ligne: 10 ans de Magritte du cin\u00e9ma - w-l-c","robots":{"index":"noindex","follow":"follow","max-snippet":"max-snippet:-1","max-image-preview":"max-image-preview:large","max-video-preview":"max-video-preview:-1"},"og_locale":"fr_FR","og_type":"article","og_title":"Festival en ligne: 10 ans de Magritte du cin\u00e9ma - w-l-c","og_description":"Wallonie Bruxelles International en partenariat avec Les Magritte du Cin\u00e9ma et Wallonie Bruxelles Image vous invite \u00e0 c\u00e9l\u00e9brer les 10 ans des Magritte \u00e0 travers une s\u00e9lection de longs m\u00e9trages, documentaires et courts m\u00e9trages prim\u00e9s lors de l\u2019une des \u00e9ditions des Magritte! Disponible gratuitement dans de nombreux territoires francophones \u00e0 travers le monde, cette initiative &hellip;","og_url":"https:\/\/w-l-c.be\/fr\/festival-en-ligne-10-ans-de-magritte-du-cinema\/","og_site_name":"w-l-c","article_published_time":"2020-10-19T12:14:23+00:00","article_modified_time":"2020-10-19T12:15:00+00:00","og_image":[{"width":1200,"height":658,"url":"https:\/\/w-l-c.be\/wp-content\/uploads\/2020\/10\/Sans-titre.png","type":"image\/png"}],"author":"Aurore Engelen","twitter_card":"summary_large_image","twitter_misc":{"\u00c9crit par":"Aurore Engelen","Dur\u00e9e de lecture estim\u00e9e":"2 minutes"},"schema":{"@context":"https:\/\/schema.org","@graph":[{"@type":"WebPage","@id":"https:\/\/w-l-c.be\/fr\/festival-en-ligne-10-ans-de-magritte-du-cinema\/","url":"https:\/\/w-l-c.be\/fr\/festival-en-ligne-10-ans-de-magritte-du-cinema\/","name":"Festival en ligne: 10 ans de Magritte du cin\u00e9ma - w-l-c","isPartOf":{"@id":"https:\/\/w-l-c.be\/fr\/#website"},"datePublished":"2020-10-19T12:14:23+00:00","dateModified":"2020-10-19T12:15:00+00:00","author":{"@id":"https:\/\/w-l-c.be\/fr\/#\/schema\/person\/8084b68c6b176142d073695c654dc7cf"},"breadcrumb":{"@id":"https:\/\/w-l-c.be\/fr\/festival-en-ligne-10-ans-de-magritte-du-cinema\/#breadcrumb"},"inLanguage":"fr-FR","potentialAction":[{"@type":"ReadAction","target":["https:\/\/w-l-c.be\/fr\/festival-en-ligne-10-ans-de-magritte-du-cinema\/"]}]},{"@type":"BreadcrumbList","@id":"https:\/\/w-l-c.be\/fr\/festival-en-ligne-10-ans-de-magritte-du-cinema\/#breadcrumb","itemListElement":[{"@type":"ListItem","position":1,"name":"Accueil","item":"https:\/\/w-l-c.be\/fr\/"},{"@type":"ListItem","position":2,"name":"Festival en ligne: 10 ans de Magritte du cin\u00e9ma"}]},{"@type":"WebSite","@id":"https:\/\/w-l-c.be\/fr\/#website","url":"https:\/\/w-l-c.be\/fr\/","name":"w-l-c","description":"Le cin\u00e9ma vu par les belges","potentialAction":[{"@type":"SearchAction","target":{"@type":"EntryPoint","urlTemplate":"https:\/\/w-l-c.be\/fr\/?s={search_term_string}"},"query-input":"required name=search_term_string"}],"inLanguage":"fr-FR"},{"@type":"Person","@id":"https:\/\/w-l-c.be\/fr\/#\/schema\/person\/8084b68c6b176142d073695c654dc7cf","name":"Aurore Engelen","url":"https:\/\/w-l-c.be\/fr\/author\/aurore-engelen\/"}]}},"_links":{"self":[{"href":"https:\/\/w-l-c.be\/fr\/wp-json\/wp\/v2\/posts\/232588","targetHints":{"allow":["GET"]}}],"collection":[{"href":"https:\/\/w-l-c.be\/fr\/wp-json\/wp\/v2\/posts"}],"about":[{"href":"https:\/\/w-l-c.be\/fr\/wp-json\/wp\/v2\/types\/post"}],"author":[{"embeddable":true,"href":"https:\/\/w-l-c.be\/fr\/wp-json\/wp\/v2\/users\/343"}],"replies":[{"embeddable":true,"href":"https:\/\/w-l-c.be\/fr\/wp-json\/wp\/v2\/comments?post=232588"}],"version-history":[{"count":0,"href":"https:\/\/w-l-c.be\/fr\/wp-json\/wp\/v2\/posts\/232588\/revisions"}],"wp:featuredmedia":[{"embeddable":true,"href":"https:\/\/w-l-c.be\/fr\/wp-json\/wp\/v2\/media\/232592"}],"wp:attachment":[{"href":"https:\/\/w-l-c.be\/fr\/wp-json\/wp\/v2\/media?parent=232588"}],"wp:term":[{"taxonomy":"category","embeddable":true,"href":"https:\/\/w-l-c.be\/fr\/wp-json\/wp\/v2\/categories?post=232588"},{"taxonomy":"post_tag","embeddable":true,"href":"https:\/\/w-l-c.be\/fr\/wp-json\/wp\/v2\/tags?post=232588"}],"curies":[{"name":"wp","href":"https:\/\/api.w.org\/{rel}","templated":true}]}}