
{"id":232597,"date":"2020-10-22T13:55:19","date_gmt":"2020-10-22T11:55:19","guid":{"rendered":"https:\/\/www.cinevox.be\/?p=232597"},"modified":"2020-10-22T14:47:07","modified_gmt":"2020-10-22T12:47:07","slug":"marie-mc-court-planter-les-graines-dun-monde-dans-lequel-on-aimerait-vivre","status":"publish","type":"post","link":"https:\/\/w-l-c.be\/fr\/marie-mc-court-planter-les-graines-dun-monde-dans-lequel-on-aimerait-vivre\/","title":{"rendered":"Rencontre avec Marie Mc Court, laur\u00e9ate d&rsquo;un Oscar \u00e9tudiant pour \u00ab\u00a0I Was Still There When You Left Me\u00a0\u00bb"},"content":{"rendered":"<p><strong>Nous avons discut\u00e9 avec la jeune cin\u00e9aste Marie Mc Court, \u00e0 quelques heures de la C\u00e9r\u00e9monie \u00e0 l&rsquo;occasion de laquelle elle recevra un Oscar \u00e9tudiant pour son film de fin d&rsquo;\u00e9tudes \u00e0 l&rsquo;IAD, <em>I Was Still There When You Left Me<\/em>, film que vous pourrez d&rsquo;ailleurs retrouver demain soir dans &lsquo;Tout Court\u00a0\u00bb sur La Trois, et sur Auvio bien s\u00fbr. Elle revient pour nous sur son parcours, et ce premier film fort et visc\u00e9ral.<\/strong><\/p>\n<p>Le film, port\u00e9 par deux com\u00e9dien\u00b7nes d\u00e9butant\u00b7es, Jo\u00ebl Bunganga et Ana\u00e9 Romyns, conclut ainsi une belle carri\u00e8re nationale et internationale, apr\u00e8s de belles s\u00e9lections \u00e0 San Sebastian notamment, ou encore un prix au FIDEC de Huy. C\u2019est la premi\u00e8re fois qu\u2019un\u00b7e \u00e9tudiant\u00b7e de l\u2019IAD remporte un Student Academy Award! Dans la liste des laur\u00e9at\u00b7es pass\u00e9\u00b7es, on retrouve notamment Spike Lee, Robert Zemeckis ou Patricia Cardoso.<\/p>\n<p><strong>D&rsquo;o\u00f9 venez-vous Marie?<\/strong><\/p>\n<p>J&rsquo;ai 29 ans, je suis n\u00e9e \u00e0 Paris, j&rsquo;y ai v\u00e9cu toute ma vie. Ma m\u00e8re est danoise, mon p\u00e8re est franco-am\u00e9ricain. J&rsquo;ai quitt\u00e9 la France pour venir faire mes \u00e9tudes en Belgique, le master en r\u00e9alisation \u00e0 l&rsquo;IAD.<\/p>\n<p><strong>D&rsquo;o\u00f9 est venue l&rsquo;envie de faire du cin\u00e9ma?<\/strong><\/p>\n<p>Ce n&rsquo;est pas tr\u00e8s clair pour moi, je ne pense pas qu&rsquo;il y ait une raison particuli\u00e8re, mais plut\u00f4t une multitude de petites choses. A l&rsquo;\u00e2ge de 22 ans, apr\u00e8s avoir fait des \u00e9tudes de graphisme qui ne m&rsquo;on pas vraiment plus, c&rsquo;\u00e9tait trop concret et je me sentais trop seule dans cette pratique, j&rsquo;ai travaill\u00e9 pendant un an et demi dans une boutique de v\u00eatements pour \u00e9conomiser et pouvoir partir en voyage. Comme je voyageais seule, j&rsquo;ai cherch\u00e9 un moyen de rentrer en contact avec les gens, et j&rsquo;ai achet\u00e9 une petite cam\u00e9ra, en l&rsquo;utilisant comme une excuse pour me rapprocher des autres. Il me semble que c&rsquo;est assez symptomatique de la raison pour laquelle j&rsquo;ai voulu faire du cin\u00e9ma en fait, cr\u00e9er du lien avec le monde, faire en sorte que mes histoires soient li\u00e9es au monde dans lequel je vis.<\/p>\n<p><img loading=\"lazy\" decoding=\"async\" class=\"alignnone size-large wp-image-231779\" src=\"https:\/\/www.cinevox.be\/wp-content\/uploads\/2020\/09\/image-w1280-800x450.jpg\" alt=\"I-Was-Still-There-When-You-Left-Me\" width=\"618\" height=\"348\" srcset=\"https:\/\/w-l-c.be\/wp-content\/uploads\/2020\/09\/image-w1280-800x450.jpg 800w, https:\/\/w-l-c.be\/wp-content\/uploads\/2020\/09\/image-w1280-480x270.jpg 480w, https:\/\/w-l-c.be\/wp-content\/uploads\/2020\/09\/image-w1280-200x113.jpg 200w, https:\/\/w-l-c.be\/wp-content\/uploads\/2020\/09\/image-w1280-768x432.jpg 768w, https:\/\/w-l-c.be\/wp-content\/uploads\/2020\/09\/image-w1280-599x337.jpg 599w, https:\/\/w-l-c.be\/wp-content\/uploads\/2020\/09\/image-w1280.jpg 1280w\" sizes=\"auto, (max-width: 618px) 100vw, 618px\" \/><\/p>\n<p><strong>D&rsquo;o\u00f9 vient l&rsquo;envie de raconter cette histoire, celle d&rsquo;une petite fille secourue d&rsquo;un immeuble en flamme par un jeune gar\u00e7on avec lequel elle va tisser une relation particuli\u00e8re?<\/strong><\/p>\n<p>Au tout d\u00e9but, je voulais \u00e9crire un film sur un groupe de mecs, vu \u00e0 travers le regard d&rsquo;une enfant, parler d&rsquo;une relation privil\u00e9gi\u00e9e entre eux, mais je n&rsquo;arrivais pas \u00e0 en trouver le cadre. Et en fait \u00e0 ce moment-l\u00e0, des immeubles se sont effondr\u00e9s \u00e0 Marseille, rue d&rsquo;Aubagne, ce qui m&rsquo;a rappel\u00e9 ce qui c&rsquo;\u00e9tait pass\u00e9 \u00e0 la Grenfell Tower \u00e0 Londres. Je me suis dit qu&rsquo;il fallait que je parle de \u00e7a.<\/p>\n<p>Ce qui s&rsquo;est pass\u00e9 \u00e0 la Grenfell Tower est assez symptomatique de l&rsquo;impact que peut avoir la gentrification sur certains quartiers. En fait des travaux avaient \u00e9t\u00e9 fait \u00e0 l&rsquo;ext\u00e9rieur de la tour, pour des raisons esth\u00e9tiques donc, qui ne concernaient pas directement ses habitants, et ce sont ces travaux qui ont pr\u00e9cipit\u00e9 le drame. Moi j&rsquo;ai grandi dans un quartier populaire, et mes parents sont des gentrificateurs, ce sont des sujets qui me parlent depuis longtemps.<\/p>\n<p>Je me demandais comment parler de \u00e7a, sachant que c&rsquo;est li\u00e9 \u00e0 un syst\u00e8me, et qu&rsquo;un syst\u00e8me, ce n&rsquo;est pas un personnage \u00e9vident \u00e0 identifier dans un film. Or, en choisissant de d\u00e9signer une enfant comme responsable de l&rsquo;incendie, je mettais de c\u00f4t\u00e9 toute question de responsabilit\u00e9 individuelle, ce qui permettait de se demander o\u00f9 \u00e9tait la vraie responsabilit\u00e9. Cela ne m&rsquo;int\u00e9ressait pas de faire frontalement un film sur un sujet social, \u00e7a cr\u00e9e trop de distance avec le spectateur. Et l\u00e0, j&rsquo;avais trouv\u00e9 mes personnages, et le point d&rsquo;entr\u00e9e pour le spectateur.<\/p>\n<p><strong>D&rsquo;o\u00f9 venait l&rsquo;envie de mettre en sc\u00e8ne cette relation entre une petite fille et de jeunes gar\u00e7ons, c&rsquo;\u00e9tait aussi une fa\u00e7on d&rsquo;interroger des questions de genre?<\/strong><\/p>\n<p>Je voulais parler de masculinit\u00e9, et je trouvais que le faire du point de vue d&rsquo;une enfant, cela permettait plus de choses. Je pense que la lib\u00e9ration des femmes passe aussi par la lib\u00e9ration des hommes. Plus on cr\u00e9e des images o\u00f9 les hommes peuvent se permettre d&rsquo;\u00eatre vuln\u00e9rables, et peuvent laisser de c\u00f4t\u00e9 une certaine masculinit\u00e9 toxique, plus cela permettra aux hommes de l&rsquo;\u00eatre dans la vraie vie. Je crois que le cin\u00e9ma, \u00e7a sert aussi \u00e0 \u00e7a, planter les graines d&rsquo;un monde dans lequel on aimerait vivre.<\/p>\n<p><img loading=\"lazy\" decoding=\"async\" class=\"alignnone size-large wp-image-232600\" src=\"https:\/\/www.cinevox.be\/wp-content\/uploads\/2020\/10\/68317271_111695160174469_7972518659354525696_o-800x500.jpg\" alt=\"I-Was-Still-There-When-You-Left-Me\" width=\"618\" height=\"386\" srcset=\"https:\/\/w-l-c.be\/wp-content\/uploads\/2020\/10\/68317271_111695160174469_7972518659354525696_o-800x500.jpg 800w, https:\/\/w-l-c.be\/wp-content\/uploads\/2020\/10\/68317271_111695160174469_7972518659354525696_o-432x270.jpg 432w, https:\/\/w-l-c.be\/wp-content\/uploads\/2020\/10\/68317271_111695160174469_7972518659354525696_o-768x480.jpg 768w, https:\/\/w-l-c.be\/wp-content\/uploads\/2020\/10\/68317271_111695160174469_7972518659354525696_o-1536x960.jpg 1536w, https:\/\/w-l-c.be\/wp-content\/uploads\/2020\/10\/68317271_111695160174469_7972518659354525696_o.jpg 1920w\" sizes=\"auto, (max-width: 618px) 100vw, 618px\" \/><\/p>\n<p><strong>Pouvez-vous nous parler du casting, et du choix de ces personnages?<\/strong><\/p>\n<p>J&rsquo;ai d\u00e9cid\u00e9 de travailler avec des acteurs non professionnels parce que j&rsquo;ai pu constater pendant mes \u00e9tudes que c&rsquo;\u00e9tait toujours les m\u00eames profils que l&rsquo;on retrouvait dans les agences de casting, de m\u00eame que dans mon \u00e9cole d&rsquo;ailleurs. J&rsquo;avais moi-m\u00eame du mal \u00e0 me reconna\u00eetre dans ces profils, et je trouvais que ce n&rsquo;\u00e9tait vraiment pas repr\u00e9sentatif du monde dans lequel on vit. Je me rends compte aussi que le casting fait intens\u00e9ment partie de mon processus cr\u00e9atif. D&rsquo;ailleurs pour mon nouveau court m\u00e9trage, j&rsquo;ai commenc\u00e9 le casting avant m\u00eame d&rsquo;avoir fini l&rsquo;\u00e9criture. Transmettre l&rsquo;authenticit\u00e9 des personnes me permet de cr\u00e9er mes personnages.<\/p>\n<p>Dans <em>I Was Still There When You Left Me<\/em>, la sc\u00e8ne d&rsquo;ouverture o\u00f9 Ana\u00e9 danse au milieu du groupe, je n&rsquo;y aurai jamais pens\u00e9 sans elle. Quand je l&rsquo;ai vu danser avec des adultes, \u00e7a m&rsquo;a procur\u00e9 tellement d&rsquo;\u00e9motions, que je me suis demand\u00e9 comment les transformer en histoire, pour que \u00e7a raconte quelque chose.<\/p>\n<p>Ana\u00e9, je l&rsquo;ai rencontr\u00e9e dans un festival de danse, et les jeunes gar\u00e7ons du groupe, on les a rencontr\u00e9s lors de castings de rue, sur Instagram, dans des maisons de jeune. Je voulais aller chercher d&rsquo;autres visages, d&rsquo;autres personnalit\u00e9s, des gens venus de milieux diff\u00e9rents, et qui du coup avaient d&rsquo;autres choses \u00e0 raconter, forc\u00e9ment.<\/p>\n<p>Ca m&rsquo;int\u00e9resse de me laisser inspirer par leurs particularit\u00e9s.\u00a0D&rsquo;en faire des personnages moins construits, auxquels on peut s&rsquo;identifier. La mani\u00e8re dont la cin\u00e9aste Lynne Ramsay filme des d\u00e9tails, des corps, son regard sur l&rsquo;humain m&rsquo;inspire beaucoup. Ce sont de vraies personnes qui m&rsquo;inspirent mes personnages et me permettent de les pr\u00e9ciser et les incarner encore plus \u00e0 l&rsquo;\u00e9cran.<\/p>\n<p><strong>Sur le papier, tourner un film de fin d&rsquo;\u00e9tudes qui raconte l&rsquo;incendie d&rsquo;une gigantesque tour d&rsquo;habitation, cela peut faire peur. Comment avez-vous abord\u00e9 ce d\u00e9fi en termes d&rsquo;\u00e9criture et de mise-en-sc\u00e8ne?<\/strong><\/p>\n<p>C&rsquo;est vrai que \u00e7a a \u00e9t\u00e9 assez compliqu\u00e9 \u00e0 faire passer \u00e0 la commission de l&rsquo;IAD \u00e0 l&rsquo;origine. J&rsquo;ai beaucoup tourn\u00e9 autour de ces questions \u00e0 l&rsquo;\u00e9criture, mais finalement, je pense que cette contrainte a beaucoup servi ma fa\u00e7on d&rsquo;aborder le r\u00e9cit. On a \u00e9norm\u00e9ment r\u00e9\u00e9crit au montage. Je voulais faire un film immersif pour d\u00e9construire les questions li\u00e9es au syst\u00e8me et \u00e0 la soci\u00e9t\u00e9, et \u00e7a a fini par motiver tout mon processus d&rsquo;\u00e9criture et de r\u00e9alisation. C&rsquo;\u00e9tait tr\u00e8s intuitif, mais cette volont\u00e9 immersive a permis de faire \u00e9clore l&rsquo;histoire.<\/p>\n<p>Et puis \u00e7a ne m&rsquo;int\u00e9ressait pas de faire un film sur un sujet. Pour parler d&rsquo;un contexte, en fait le mieux est encore de parler des gens qui vivent ce contexte. Qui vivent l&rsquo;\u00e9v\u00e8nement et l&rsquo;environnement, plut\u00f4t que de se mettre \u00e0 distance. Ca peut para\u00eetre un peu primaire, mais du coup c&rsquo;est vrai que je me suis sentie \u00e0 l&rsquo;aise en restant tr\u00e8s proche des personnages, d\u00e8s l&rsquo;image.<\/p>\n<p><img loading=\"lazy\" decoding=\"async\" class=\"alignnone size-large wp-image-232602\" src=\"https:\/\/www.cinevox.be\/wp-content\/uploads\/2020\/10\/67482512_111678983509420_452394475860262912_o-800x450.jpg\" alt=\"I-Was-Still-There-When-You-Left-Me\" width=\"618\" height=\"348\" srcset=\"https:\/\/w-l-c.be\/wp-content\/uploads\/2020\/10\/67482512_111678983509420_452394475860262912_o-800x450.jpg 800w, https:\/\/w-l-c.be\/wp-content\/uploads\/2020\/10\/67482512_111678983509420_452394475860262912_o-480x270.jpg 480w, https:\/\/w-l-c.be\/wp-content\/uploads\/2020\/10\/67482512_111678983509420_452394475860262912_o-200x113.jpg 200w, https:\/\/w-l-c.be\/wp-content\/uploads\/2020\/10\/67482512_111678983509420_452394475860262912_o-768x432.jpg 768w, https:\/\/w-l-c.be\/wp-content\/uploads\/2020\/10\/67482512_111678983509420_452394475860262912_o-1536x864.jpg 1536w, https:\/\/w-l-c.be\/wp-content\/uploads\/2020\/10\/67482512_111678983509420_452394475860262912_o-599x337.jpg 599w, https:\/\/w-l-c.be\/wp-content\/uploads\/2020\/10\/67482512_111678983509420_452394475860262912_o.jpg 2048w\" sizes=\"auto, (max-width: 618px) 100vw, 618px\" \/><\/p>\n<p><strong>Quelles sont les cin\u00e9astes ou les oeuvres qui vous nourrissent et vous inspirent?<\/strong><\/p>\n<p>Et il y a le cin\u00e9ma de Lynne Ramsay dont je parlais tout \u00e0 l&rsquo;heure, ce sont surtout des cin\u00e9astes actuels, Ruben Ostlund, les fr\u00e8res Safdie. J&rsquo;aime beaucoup les oeuvres de Toni Morrison aussi, et les disques de James Blake. J&rsquo;\u00e9cris beaucoup avec de la musique, le titre du film vient d&rsquo;ailleurs d&rsquo;une chanson. J&rsquo;avais le titre avant m\u00eame de savoir de quoi le film allait parler, et \u00e7a a un peu servi de guide pendant l&rsquo;\u00e9criture et la r\u00e9alisation.<\/p>\n<p><strong>Que repr\u00e9sente pour vous cet Oscar \u00e9tudiant?<\/strong><\/p>\n<p>C&rsquo;est un peu dur \u00e0 r\u00e9aliser, car comme tout se fait en ligne, je vis tout de ma chambre, c&rsquo;est tr\u00e8s irr\u00e9el! Il y a deux ans, je n&rsquo;aurais jamais os\u00e9 l&rsquo;imaginer, mais \u00e7a m&rsquo;a donn\u00e9 pas mal de force pour continuer, \u00e0 un moment o\u00f9 je termine mes \u00e9tudes, en plein crise sanitaire&#8230; Ca me donne du courage, et j&rsquo;esp\u00e8re aussi que ce sera motivant pour les jeunes professionnels qui me sont proches.<\/p>\n<p>C&rsquo;est une chance incroyable, et beaucoup de choses sont mises en place pour nous accompagner. Il y a notamment un tuteur qui va nous suivre pendant 8 mois. Ca donne finalement du sens \u00e0 mes 5 ans d&rsquo;\u00e9tudes. Et puis ce prix nous donne la possibilit\u00e9 de nous inscrire pour les Oscars, ce qui implique de faire campagne pour \u00eatre s\u00e9lectionn\u00e9. Ca ouvre le champ des possibles, c&rsquo;est assez excitant.<\/p>\n<p><strong>Quels sont vos projets?<\/strong><\/p>\n<p>Parall\u00e8lement \u00e0 mes projets personnels, je fais des castings pour un long m\u00e9trage et une web s\u00e9rie.<\/p>\n<p>J&rsquo;ai commenc\u00e9 l&rsquo;\u00e9criture d&rsquo;un court m\u00e9trage \u00e0 la fin du confinement. Ca part d&rsquo;une situation qui se passe dans en banlieue parisienne, o\u00f9 une Maire a d\u00e9cid\u00e9 de d\u00e9truire un terrain de foot au milieu d&rsquo;une cit\u00e9, car il s&rsquo;\u00e9tait vu trop r\u00e9-approprier par les jeunes du quartier. J&rsquo;ai pass\u00e9 du temps avec ces jeunes, et j&rsquo;ai commenc\u00e9 les castings avec eux.<\/p>\n<p>Je suis aussi en train de monter un documentaire que j&rsquo;ai tourn\u00e9 il y a deux ans, et j&rsquo;ai commenc\u00e9 l&rsquo;\u00e9criture de mon premier long m\u00e9trage. Les th\u00e8mes tournent \u00e0 nouveau autour de la gentrification, c&rsquo;est assez inspir\u00e9 de mon histoire, de l&rsquo;immeuble o\u00f9 j&rsquo;ai grandi dans le 18e arrondissement. Je vais pouvoir b\u00e9n\u00e9ficier du tutorat des Oscars, et j&rsquo;aimerais bien pouvoir dans 6 mois envoyer le sc\u00e9nario dans diff\u00e9rents ateliers et lab, et tourner mon court m\u00e9trage au d\u00e9but de l&rsquo;ann\u00e9e prochaine. Ca me manque trop de tourner!<\/p>\n<p>&nbsp;<\/p>\n<p><strong><em>I Was Still There When You Left Me<\/em> est \u00e0 retrouver d\u00e8s le 21 octobre <a href=\"https:\/\/www.rtbf.be\/auvio\/detail_tout-court?lid=266449\">ici<\/a> sur Auvio. Et pour en savoir plus sur le parcours de Marie Mc Court et son actualit\u00e9, rendez-vous sur <a href=\"https:\/\/www.mariemccourt.com\/?fbclid=IwAR0tA0RoxIakDVVfY5ouVLcpG_1ZNjq_0YhX60seW-x7kHWnNHayATV6jL8\">son site<\/a>.\u00a0<\/strong><\/p>\n<p>&nbsp;<\/p>\n<p>&nbsp;<\/p>\n<p>&nbsp;<\/p>\n","protected":false},"excerpt":{"rendered":"<p>Nous avons discut\u00e9 avec la jeune cin\u00e9aste Marie Mc Court, \u00e0 quelques heures de la C\u00e9r\u00e9monie \u00e0 l&rsquo;occasion de laquelle elle recevra un Oscar \u00e9tudiant pour son film de fin d&rsquo;\u00e9tudes \u00e0 l&rsquo;IAD, I Was Still There When You Left Me, film que vous pourrez d&rsquo;ailleurs retrouver demain soir dans &lsquo;Tout Court\u00a0\u00bb sur La Trois, &hellip;<\/p>\n","protected":false},"author":343,"featured_media":232598,"comment_status":"closed","ping_status":"closed","sticky":false,"template":"","format":"standard","meta":{"ngg_post_thumbnail":0,"footnotes":""},"categories":[1978],"tags":[5455,4187],"class_list":["post-232597","post","type-post","status-publish","format-standard","has-post-thumbnail","","category-interviews","tag-mary-mc-court","tag-newsletter-fr"],"yoast_head":"<!-- This site is optimized with the Yoast SEO plugin v20.4 - https:\/\/yoast.com\/wordpress\/plugins\/seo\/ -->\n<title>Rencontre avec Marie Mc Court, laur\u00e9ate d&#039;un Oscar \u00e9tudiant pour &quot;I Was Still There When You Left Me&quot; - w-l-c<\/title>\n<meta name=\"robots\" content=\"noindex, follow, max-snippet:-1, max-image-preview:large, max-video-preview:-1\" \/>\n<meta property=\"og:locale\" content=\"fr_FR\" \/>\n<meta property=\"og:type\" content=\"article\" \/>\n<meta property=\"og:title\" content=\"Rencontre avec Marie Mc Court, laur\u00e9ate d&#039;un Oscar \u00e9tudiant pour &quot;I Was Still There When You Left Me&quot; - w-l-c\" \/>\n<meta property=\"og:description\" content=\"Nous avons discut\u00e9 avec la jeune cin\u00e9aste Marie Mc Court, \u00e0 quelques heures de la C\u00e9r\u00e9monie \u00e0 l&rsquo;occasion de laquelle elle recevra un Oscar \u00e9tudiant pour son film de fin d&rsquo;\u00e9tudes \u00e0 l&rsquo;IAD, I Was Still There When You Left Me, film que vous pourrez d&rsquo;ailleurs retrouver demain soir dans &lsquo;Tout Court\u00a0\u00bb sur La Trois, &hellip;\" \/>\n<meta property=\"og:url\" content=\"https:\/\/w-l-c.be\/fr\/marie-mc-court-planter-les-graines-dun-monde-dans-lequel-on-aimerait-vivre\/\" \/>\n<meta property=\"og:site_name\" content=\"w-l-c\" \/>\n<meta property=\"article:published_time\" content=\"2020-10-22T11:55:19+00:00\" \/>\n<meta property=\"article:modified_time\" content=\"2020-10-22T12:47:07+00:00\" \/>\n<meta property=\"og:image\" content=\"https:\/\/w-l-c.be\/wp-content\/uploads\/2020\/10\/Sans-titre-1.png\" \/>\n\t<meta property=\"og:image:width\" content=\"1200\" \/>\n\t<meta property=\"og:image:height\" content=\"658\" \/>\n\t<meta property=\"og:image:type\" content=\"image\/png\" \/>\n<meta name=\"author\" content=\"Aurore Engelen\" \/>\n<meta name=\"twitter:card\" content=\"summary_large_image\" \/>\n<meta name=\"twitter:label1\" content=\"\u00c9crit par\" \/>\n\t<meta name=\"twitter:data1\" content=\"Aurore Engelen\" \/>\n\t<meta name=\"twitter:label2\" content=\"Dur\u00e9e de lecture estim\u00e9e\" \/>\n\t<meta name=\"twitter:data2\" content=\"9 minutes\" \/>\n<script type=\"application\/ld+json\" class=\"yoast-schema-graph\">{\"@context\":\"https:\/\/schema.org\",\"@graph\":[{\"@type\":\"WebPage\",\"@id\":\"https:\/\/w-l-c.be\/fr\/marie-mc-court-planter-les-graines-dun-monde-dans-lequel-on-aimerait-vivre\/\",\"url\":\"https:\/\/w-l-c.be\/fr\/marie-mc-court-planter-les-graines-dun-monde-dans-lequel-on-aimerait-vivre\/\",\"name\":\"Rencontre avec Marie Mc Court, laur\u00e9ate d'un Oscar \u00e9tudiant pour \\\"I Was Still There When You Left Me\\\" - w-l-c\",\"isPartOf\":{\"@id\":\"https:\/\/w-l-c.be\/fr\/#website\"},\"datePublished\":\"2020-10-22T11:55:19+00:00\",\"dateModified\":\"2020-10-22T12:47:07+00:00\",\"author\":{\"@id\":\"https:\/\/w-l-c.be\/fr\/#\/schema\/person\/8084b68c6b176142d073695c654dc7cf\"},\"breadcrumb\":{\"@id\":\"https:\/\/w-l-c.be\/fr\/marie-mc-court-planter-les-graines-dun-monde-dans-lequel-on-aimerait-vivre\/#breadcrumb\"},\"inLanguage\":\"fr-FR\",\"potentialAction\":[{\"@type\":\"ReadAction\",\"target\":[\"https:\/\/w-l-c.be\/fr\/marie-mc-court-planter-les-graines-dun-monde-dans-lequel-on-aimerait-vivre\/\"]}]},{\"@type\":\"BreadcrumbList\",\"@id\":\"https:\/\/w-l-c.be\/fr\/marie-mc-court-planter-les-graines-dun-monde-dans-lequel-on-aimerait-vivre\/#breadcrumb\",\"itemListElement\":[{\"@type\":\"ListItem\",\"position\":1,\"name\":\"Accueil\",\"item\":\"https:\/\/w-l-c.be\/fr\/\"},{\"@type\":\"ListItem\",\"position\":2,\"name\":\"Rencontre avec Marie Mc Court, laur\u00e9ate d&rsquo;un Oscar \u00e9tudiant pour \u00ab\u00a0I Was Still There When You Left Me\u00a0\u00bb\"}]},{\"@type\":\"WebSite\",\"@id\":\"https:\/\/w-l-c.be\/fr\/#website\",\"url\":\"https:\/\/w-l-c.be\/fr\/\",\"name\":\"w-l-c\",\"description\":\"Le cin\u00e9ma vu par les belges\",\"potentialAction\":[{\"@type\":\"SearchAction\",\"target\":{\"@type\":\"EntryPoint\",\"urlTemplate\":\"https:\/\/w-l-c.be\/fr\/?s={search_term_string}\"},\"query-input\":\"required name=search_term_string\"}],\"inLanguage\":\"fr-FR\"},{\"@type\":\"Person\",\"@id\":\"https:\/\/w-l-c.be\/fr\/#\/schema\/person\/8084b68c6b176142d073695c654dc7cf\",\"name\":\"Aurore Engelen\",\"url\":\"https:\/\/w-l-c.be\/fr\/author\/aurore-engelen\/\"}]}<\/script>\n<!-- \/ Yoast SEO plugin. -->","yoast_head_json":{"title":"Rencontre avec Marie Mc Court, laur\u00e9ate d'un Oscar \u00e9tudiant pour \"I Was Still There When You Left Me\" - w-l-c","robots":{"index":"noindex","follow":"follow","max-snippet":"max-snippet:-1","max-image-preview":"max-image-preview:large","max-video-preview":"max-video-preview:-1"},"og_locale":"fr_FR","og_type":"article","og_title":"Rencontre avec Marie Mc Court, laur\u00e9ate d'un Oscar \u00e9tudiant pour \"I Was Still There When You Left Me\" - w-l-c","og_description":"Nous avons discut\u00e9 avec la jeune cin\u00e9aste Marie Mc Court, \u00e0 quelques heures de la C\u00e9r\u00e9monie \u00e0 l&rsquo;occasion de laquelle elle recevra un Oscar \u00e9tudiant pour son film de fin d&rsquo;\u00e9tudes \u00e0 l&rsquo;IAD, I Was Still There When You Left Me, film que vous pourrez d&rsquo;ailleurs retrouver demain soir dans &lsquo;Tout Court\u00a0\u00bb sur La Trois, &hellip;","og_url":"https:\/\/w-l-c.be\/fr\/marie-mc-court-planter-les-graines-dun-monde-dans-lequel-on-aimerait-vivre\/","og_site_name":"w-l-c","article_published_time":"2020-10-22T11:55:19+00:00","article_modified_time":"2020-10-22T12:47:07+00:00","og_image":[{"width":1200,"height":658,"url":"https:\/\/w-l-c.be\/wp-content\/uploads\/2020\/10\/Sans-titre-1.png","type":"image\/png"}],"author":"Aurore Engelen","twitter_card":"summary_large_image","twitter_misc":{"\u00c9crit par":"Aurore Engelen","Dur\u00e9e de lecture estim\u00e9e":"9 minutes"},"schema":{"@context":"https:\/\/schema.org","@graph":[{"@type":"WebPage","@id":"https:\/\/w-l-c.be\/fr\/marie-mc-court-planter-les-graines-dun-monde-dans-lequel-on-aimerait-vivre\/","url":"https:\/\/w-l-c.be\/fr\/marie-mc-court-planter-les-graines-dun-monde-dans-lequel-on-aimerait-vivre\/","name":"Rencontre avec Marie Mc Court, laur\u00e9ate d'un Oscar \u00e9tudiant pour \"I Was Still There When You Left Me\" - w-l-c","isPartOf":{"@id":"https:\/\/w-l-c.be\/fr\/#website"},"datePublished":"2020-10-22T11:55:19+00:00","dateModified":"2020-10-22T12:47:07+00:00","author":{"@id":"https:\/\/w-l-c.be\/fr\/#\/schema\/person\/8084b68c6b176142d073695c654dc7cf"},"breadcrumb":{"@id":"https:\/\/w-l-c.be\/fr\/marie-mc-court-planter-les-graines-dun-monde-dans-lequel-on-aimerait-vivre\/#breadcrumb"},"inLanguage":"fr-FR","potentialAction":[{"@type":"ReadAction","target":["https:\/\/w-l-c.be\/fr\/marie-mc-court-planter-les-graines-dun-monde-dans-lequel-on-aimerait-vivre\/"]}]},{"@type":"BreadcrumbList","@id":"https:\/\/w-l-c.be\/fr\/marie-mc-court-planter-les-graines-dun-monde-dans-lequel-on-aimerait-vivre\/#breadcrumb","itemListElement":[{"@type":"ListItem","position":1,"name":"Accueil","item":"https:\/\/w-l-c.be\/fr\/"},{"@type":"ListItem","position":2,"name":"Rencontre avec Marie Mc Court, laur\u00e9ate d&rsquo;un Oscar \u00e9tudiant pour \u00ab\u00a0I Was Still There When You Left Me\u00a0\u00bb"}]},{"@type":"WebSite","@id":"https:\/\/w-l-c.be\/fr\/#website","url":"https:\/\/w-l-c.be\/fr\/","name":"w-l-c","description":"Le cin\u00e9ma vu par les belges","potentialAction":[{"@type":"SearchAction","target":{"@type":"EntryPoint","urlTemplate":"https:\/\/w-l-c.be\/fr\/?s={search_term_string}"},"query-input":"required name=search_term_string"}],"inLanguage":"fr-FR"},{"@type":"Person","@id":"https:\/\/w-l-c.be\/fr\/#\/schema\/person\/8084b68c6b176142d073695c654dc7cf","name":"Aurore Engelen","url":"https:\/\/w-l-c.be\/fr\/author\/aurore-engelen\/"}]}},"_links":{"self":[{"href":"https:\/\/w-l-c.be\/fr\/wp-json\/wp\/v2\/posts\/232597","targetHints":{"allow":["GET"]}}],"collection":[{"href":"https:\/\/w-l-c.be\/fr\/wp-json\/wp\/v2\/posts"}],"about":[{"href":"https:\/\/w-l-c.be\/fr\/wp-json\/wp\/v2\/types\/post"}],"author":[{"embeddable":true,"href":"https:\/\/w-l-c.be\/fr\/wp-json\/wp\/v2\/users\/343"}],"replies":[{"embeddable":true,"href":"https:\/\/w-l-c.be\/fr\/wp-json\/wp\/v2\/comments?post=232597"}],"version-history":[{"count":0,"href":"https:\/\/w-l-c.be\/fr\/wp-json\/wp\/v2\/posts\/232597\/revisions"}],"wp:featuredmedia":[{"embeddable":true,"href":"https:\/\/w-l-c.be\/fr\/wp-json\/wp\/v2\/media\/232598"}],"wp:attachment":[{"href":"https:\/\/w-l-c.be\/fr\/wp-json\/wp\/v2\/media?parent=232597"}],"wp:term":[{"taxonomy":"category","embeddable":true,"href":"https:\/\/w-l-c.be\/fr\/wp-json\/wp\/v2\/categories?post=232597"},{"taxonomy":"post_tag","embeddable":true,"href":"https:\/\/w-l-c.be\/fr\/wp-json\/wp\/v2\/tags?post=232597"}],"curies":[{"name":"wp","href":"https:\/\/api.w.org\/{rel}","templated":true}]}}