
{"id":233089,"date":"2020-11-11T10:54:22","date_gmt":"2020-11-11T09:54:22","guid":{"rendered":"https:\/\/www.cinevox.be\/?p=233089"},"modified":"2020-11-11T10:54:22","modified_gmt":"2020-11-11T09:54:22","slug":"qui-vive-et-nuit-cherie-au-programme-de-tout-court","status":"publish","type":"post","link":"https:\/\/w-l-c.be\/fr\/qui-vive-et-nuit-cherie-au-programme-de-tout-court\/","title":{"rendered":"\u00ab\u00a0Qui vive\u00a0\u00bb et \u00ab\u00a0Nuit Ch\u00e9rie\u00a0\u00bb au programme de Tout Court"},"content":{"rendered":"Au programme de Tout Court ce soir, le programme de La Trois consacr\u00e9 aux courts m\u00e9trages belges, on retrouve Qui Vive et Nuit Ch\u00e9rie de Lia Bertels.\r\n\r\n<hr \/>\r\n\r\n<h4><em>Qui vive<\/em> d&rsquo;Ana\u00efs Debus \u00e0 22h45<\/h4>\r\nAo\u00fbt 1914. L\u2019Allemagne envahit la Belgique et terrorise la population. Malgr\u00e9 sa grossesse, Louise s\u2019occupe seule de la ferme, de son petit gar\u00e7on et des moissons. A quelques kilom\u00e8tres de son foyer, Jules, son mari, se bat aux c\u00f4t\u00e9s des alli\u00e9s sur le front mouvant. Dans la nuit du 22 au 23 ao\u00fbt, un individu s\u2019introduit dans sa ferme\u2026\r\n\r\n<em>Avec Laura Fautr\u00e9 et Mohammed Sanouji<\/em>\r\n\r\n<iframe loading=\"lazy\" title=\"Qui vive (On the Lookout) - Trailer\" src=\"https:\/\/player.vimeo.com\/video\/346379737?dnt=1&amp;app_id=122963\" width=\"618\" height=\"348\" frameborder=\"0\" allow=\"autoplay; fullscreen; picture-in-picture; clipboard-write; encrypted-media\"><\/iframe>\r\n\r\n<hr \/>\r\n\r\n<h4><\/h4>\r\n<h4><em>Nuit ch\u00e9rie<\/em> de Lia Bertels \u00e0 23h<\/h4>\r\n<h4><strong><!-- \/wp:heading --><!-- wp:paragraph --><\/strong><\/h4>\r\nEn plein hiver, dans les hautes montagnes de l\u2019Himalaya, un ours n\u2019arrive pas \u00e0 s\u2019endormir. Il pense trop et broie du noir. Lorsqu\u2019un singe blanc lui propose d\u2019aller manger du miel chez sa tante pour lui changer les id\u00e9es. Une belle et \u00e9trange nuit d\u2019hiver s\u2019ouvre alors a eux et l\u2019ours r\u00e9alise qu\u2019il a bien fait, de ne pas s\u2019endormir.\r\n<h4><strong><!-- \/wp:paragraph --><!-- wp:paragraph --><\/strong><\/h4>\r\n<em>Animation<\/em>\r\n\r\n<iframe loading=\"lazy\" src=\"https:\/\/player.vimeo.com\/video\/296010815\" width=\"640\" height=\"345\" frameborder=\"0\" allowfullscreen=\"allowfullscreen\" data-mce-fragment=\"1\"><\/iframe>","protected":false},"excerpt":{"rendered":"<p>Au programme de Tout Court ce soir, le programme de La Trois consacr\u00e9 aux courts m\u00e9trages belges, on retrouve Qui Vive et Nuit Ch\u00e9rie de Lia Bertels. Qui vive d&rsquo;Ana\u00efs Debus \u00e0 22h45 Ao\u00fbt 1914. L\u2019Allemagne envahit la Belgique et terrorise la population. Malgr\u00e9 sa grossesse, Louise s\u2019occupe seule de la ferme, de son petit &hellip;<\/p>\n","protected":false},"author":343,"featured_media":233090,"comment_status":"closed","ping_status":"closed","sticky":false,"template":"","format":"standard","meta":{"ngg_post_thumbnail":0,"footnotes":""},"categories":[14],"tags":[4187],"class_list":["post-233089","post","type-post","status-publish","format-standard","has-post-thumbnail","","category-home-cinema","tag-newsletter-fr"],"yoast_head":"<!-- This site is optimized with the Yoast SEO plugin v20.4 - https:\/\/yoast.com\/wordpress\/plugins\/seo\/ -->\n<title>&quot;Qui vive&quot; et &quot;Nuit Ch\u00e9rie&quot; au programme de Tout Court - w-l-c<\/title>\n<meta name=\"robots\" content=\"noindex, follow, max-snippet:-1, max-image-preview:large, max-video-preview:-1\" \/>\n<meta property=\"og:locale\" content=\"fr_FR\" \/>\n<meta property=\"og:type\" content=\"article\" \/>\n<meta property=\"og:title\" content=\"&quot;Qui vive&quot; et &quot;Nuit Ch\u00e9rie&quot; au programme de Tout Court - w-l-c\" \/>\n<meta property=\"og:description\" content=\"Au programme de Tout Court ce soir, le programme de La Trois consacr\u00e9 aux courts m\u00e9trages belges, on retrouve Qui Vive et Nuit Ch\u00e9rie de Lia Bertels. Qui vive d&rsquo;Ana\u00efs Debus \u00e0 22h45 Ao\u00fbt 1914. L\u2019Allemagne envahit la Belgique et terrorise la population. Malgr\u00e9 sa grossesse, Louise s\u2019occupe seule de la ferme, de son petit &hellip;\" \/>\n<meta property=\"og:url\" content=\"https:\/\/w-l-c.be\/fr\/qui-vive-et-nuit-cherie-au-programme-de-tout-court\/\" \/>\n<meta property=\"og:site_name\" content=\"w-l-c\" \/>\n<meta property=\"article:published_time\" content=\"2020-11-11T09:54:22+00:00\" \/>\n<meta property=\"og:image\" content=\"https:\/\/w-l-c.be\/wp-content\/uploads\/2020\/11\/FotoJet-1.jpg\" \/>\n\t<meta property=\"og:image:width\" content=\"1200\" \/>\n\t<meta property=\"og:image:height\" content=\"600\" \/>\n\t<meta property=\"og:image:type\" content=\"image\/jpeg\" \/>\n<meta name=\"author\" content=\"Aurore Engelen\" \/>\n<meta name=\"twitter:card\" content=\"summary_large_image\" \/>\n<meta name=\"twitter:label1\" content=\"\u00c9crit par\" \/>\n\t<meta name=\"twitter:data1\" content=\"Aurore Engelen\" \/>\n\t<meta name=\"twitter:label2\" content=\"Dur\u00e9e de lecture estim\u00e9e\" \/>\n\t<meta name=\"twitter:data2\" content=\"1 minute\" \/>\n<script type=\"application\/ld+json\" class=\"yoast-schema-graph\">{\"@context\":\"https:\/\/schema.org\",\"@graph\":[{\"@type\":\"WebPage\",\"@id\":\"https:\/\/w-l-c.be\/fr\/qui-vive-et-nuit-cherie-au-programme-de-tout-court\/\",\"url\":\"https:\/\/w-l-c.be\/fr\/qui-vive-et-nuit-cherie-au-programme-de-tout-court\/\",\"name\":\"\\\"Qui vive\\\" et \\\"Nuit Ch\u00e9rie\\\" au programme de Tout Court - w-l-c\",\"isPartOf\":{\"@id\":\"https:\/\/w-l-c.be\/fr\/#website\"},\"datePublished\":\"2020-11-11T09:54:22+00:00\",\"dateModified\":\"2020-11-11T09:54:22+00:00\",\"author\":{\"@id\":\"https:\/\/w-l-c.be\/fr\/#\/schema\/person\/8084b68c6b176142d073695c654dc7cf\"},\"breadcrumb\":{\"@id\":\"https:\/\/w-l-c.be\/fr\/qui-vive-et-nuit-cherie-au-programme-de-tout-court\/#breadcrumb\"},\"inLanguage\":\"fr-FR\",\"potentialAction\":[{\"@type\":\"ReadAction\",\"target\":[\"https:\/\/w-l-c.be\/fr\/qui-vive-et-nuit-cherie-au-programme-de-tout-court\/\"]}]},{\"@type\":\"BreadcrumbList\",\"@id\":\"https:\/\/w-l-c.be\/fr\/qui-vive-et-nuit-cherie-au-programme-de-tout-court\/#breadcrumb\",\"itemListElement\":[{\"@type\":\"ListItem\",\"position\":1,\"name\":\"Accueil\",\"item\":\"https:\/\/w-l-c.be\/fr\/\"},{\"@type\":\"ListItem\",\"position\":2,\"name\":\"\u00ab\u00a0Qui vive\u00a0\u00bb et \u00ab\u00a0Nuit Ch\u00e9rie\u00a0\u00bb au programme de Tout Court\"}]},{\"@type\":\"WebSite\",\"@id\":\"https:\/\/w-l-c.be\/fr\/#website\",\"url\":\"https:\/\/w-l-c.be\/fr\/\",\"name\":\"w-l-c\",\"description\":\"Le cin\u00e9ma vu par les belges\",\"potentialAction\":[{\"@type\":\"SearchAction\",\"target\":{\"@type\":\"EntryPoint\",\"urlTemplate\":\"https:\/\/w-l-c.be\/fr\/?s={search_term_string}\"},\"query-input\":\"required name=search_term_string\"}],\"inLanguage\":\"fr-FR\"},{\"@type\":\"Person\",\"@id\":\"https:\/\/w-l-c.be\/fr\/#\/schema\/person\/8084b68c6b176142d073695c654dc7cf\",\"name\":\"Aurore Engelen\",\"url\":\"https:\/\/w-l-c.be\/fr\/author\/aurore-engelen\/\"}]}<\/script>\n<!-- \/ Yoast SEO plugin. -->","yoast_head_json":{"title":"\"Qui vive\" et \"Nuit Ch\u00e9rie\" au programme de Tout Court - w-l-c","robots":{"index":"noindex","follow":"follow","max-snippet":"max-snippet:-1","max-image-preview":"max-image-preview:large","max-video-preview":"max-video-preview:-1"},"og_locale":"fr_FR","og_type":"article","og_title":"\"Qui vive\" et \"Nuit Ch\u00e9rie\" au programme de Tout Court - w-l-c","og_description":"Au programme de Tout Court ce soir, le programme de La Trois consacr\u00e9 aux courts m\u00e9trages belges, on retrouve Qui Vive et Nuit Ch\u00e9rie de Lia Bertels. Qui vive d&rsquo;Ana\u00efs Debus \u00e0 22h45 Ao\u00fbt 1914. L\u2019Allemagne envahit la Belgique et terrorise la population. Malgr\u00e9 sa grossesse, Louise s\u2019occupe seule de la ferme, de son petit &hellip;","og_url":"https:\/\/w-l-c.be\/fr\/qui-vive-et-nuit-cherie-au-programme-de-tout-court\/","og_site_name":"w-l-c","article_published_time":"2020-11-11T09:54:22+00:00","og_image":[{"width":1200,"height":600,"url":"https:\/\/w-l-c.be\/wp-content\/uploads\/2020\/11\/FotoJet-1.jpg","type":"image\/jpeg"}],"author":"Aurore Engelen","twitter_card":"summary_large_image","twitter_misc":{"\u00c9crit par":"Aurore Engelen","Dur\u00e9e de lecture estim\u00e9e":"1 minute"},"schema":{"@context":"https:\/\/schema.org","@graph":[{"@type":"WebPage","@id":"https:\/\/w-l-c.be\/fr\/qui-vive-et-nuit-cherie-au-programme-de-tout-court\/","url":"https:\/\/w-l-c.be\/fr\/qui-vive-et-nuit-cherie-au-programme-de-tout-court\/","name":"\"Qui vive\" et \"Nuit Ch\u00e9rie\" au programme de Tout Court - w-l-c","isPartOf":{"@id":"https:\/\/w-l-c.be\/fr\/#website"},"datePublished":"2020-11-11T09:54:22+00:00","dateModified":"2020-11-11T09:54:22+00:00","author":{"@id":"https:\/\/w-l-c.be\/fr\/#\/schema\/person\/8084b68c6b176142d073695c654dc7cf"},"breadcrumb":{"@id":"https:\/\/w-l-c.be\/fr\/qui-vive-et-nuit-cherie-au-programme-de-tout-court\/#breadcrumb"},"inLanguage":"fr-FR","potentialAction":[{"@type":"ReadAction","target":["https:\/\/w-l-c.be\/fr\/qui-vive-et-nuit-cherie-au-programme-de-tout-court\/"]}]},{"@type":"BreadcrumbList","@id":"https:\/\/w-l-c.be\/fr\/qui-vive-et-nuit-cherie-au-programme-de-tout-court\/#breadcrumb","itemListElement":[{"@type":"ListItem","position":1,"name":"Accueil","item":"https:\/\/w-l-c.be\/fr\/"},{"@type":"ListItem","position":2,"name":"\u00ab\u00a0Qui vive\u00a0\u00bb et \u00ab\u00a0Nuit Ch\u00e9rie\u00a0\u00bb au programme de Tout Court"}]},{"@type":"WebSite","@id":"https:\/\/w-l-c.be\/fr\/#website","url":"https:\/\/w-l-c.be\/fr\/","name":"w-l-c","description":"Le cin\u00e9ma vu par les belges","potentialAction":[{"@type":"SearchAction","target":{"@type":"EntryPoint","urlTemplate":"https:\/\/w-l-c.be\/fr\/?s={search_term_string}"},"query-input":"required name=search_term_string"}],"inLanguage":"fr-FR"},{"@type":"Person","@id":"https:\/\/w-l-c.be\/fr\/#\/schema\/person\/8084b68c6b176142d073695c654dc7cf","name":"Aurore Engelen","url":"https:\/\/w-l-c.be\/fr\/author\/aurore-engelen\/"}]}},"_links":{"self":[{"href":"https:\/\/w-l-c.be\/fr\/wp-json\/wp\/v2\/posts\/233089","targetHints":{"allow":["GET"]}}],"collection":[{"href":"https:\/\/w-l-c.be\/fr\/wp-json\/wp\/v2\/posts"}],"about":[{"href":"https:\/\/w-l-c.be\/fr\/wp-json\/wp\/v2\/types\/post"}],"author":[{"embeddable":true,"href":"https:\/\/w-l-c.be\/fr\/wp-json\/wp\/v2\/users\/343"}],"replies":[{"embeddable":true,"href":"https:\/\/w-l-c.be\/fr\/wp-json\/wp\/v2\/comments?post=233089"}],"version-history":[{"count":0,"href":"https:\/\/w-l-c.be\/fr\/wp-json\/wp\/v2\/posts\/233089\/revisions"}],"wp:featuredmedia":[{"embeddable":true,"href":"https:\/\/w-l-c.be\/fr\/wp-json\/wp\/v2\/media\/233090"}],"wp:attachment":[{"href":"https:\/\/w-l-c.be\/fr\/wp-json\/wp\/v2\/media?parent=233089"}],"wp:term":[{"taxonomy":"category","embeddable":true,"href":"https:\/\/w-l-c.be\/fr\/wp-json\/wp\/v2\/categories?post=233089"},{"taxonomy":"post_tag","embeddable":true,"href":"https:\/\/w-l-c.be\/fr\/wp-json\/wp\/v2\/tags?post=233089"}],"curies":[{"name":"wp","href":"https:\/\/api.w.org\/{rel}","templated":true}]}}