
{"id":233173,"date":"2020-11-16T10:19:25","date_gmt":"2020-11-16T09:19:25","guid":{"rendered":"https:\/\/www.cinevox.be\/?p=233173"},"modified":"2020-11-17T10:32:09","modified_gmt":"2020-11-17T09:32:09","slug":"premiere-internationale-a-tallinn-pour-une-vie-demente","status":"publish","type":"post","link":"https:\/\/w-l-c.be\/fr\/premiere-internationale-a-tallinn-pour-une-vie-demente\/","title":{"rendered":"Premi\u00e8re internationale \u00e0 Tallinn pour \u00ab\u00a0Une vie d\u00e9mente\u00a0\u00bb"},"content":{"rendered":"<p><strong>Une vie d\u00e9mente, le premier long m\u00e9trage d&rsquo;Ann Sirot et Rapha\u00ebl Balboni dont la sortie pr\u00e9vue au 4 novembre dernier a d\u00fb \u00eatre report\u00e9e, \u00e9tait d\u00e9voil\u00e9 ce week-end en premi\u00e8re international \u00e0 l&rsquo;occasion du tr\u00e8s trendy Black Nights Tallinn Film Festival, qui se d\u00e9roule en partie en pr\u00e9sentiel, et auquel assistait la r\u00e9alisatrice et autrice du film Ann Sirot.<\/strong><\/p>\n<p>Ce tr\u00e8s beau premier long du duo belge est pr\u00e9sent\u00e9 dans le cadre de la comp\u00e9tition Premier Film. Il \u00e9tait donc projet\u00e9 samedi soir. D\u00e9voil\u00e9 en avant-premi\u00e8re mondiale le 2 octobre dernier en ouverture du Festival International du Film Francophone de Namur, le film voit sa carri\u00e8re mise en suspens par le retour du confinement. La sortie pr\u00e9vue d\u00e9but novembre est d\u00e9sormais report\u00e9e, en attendant que la situation \u00e9volue, tout comme le Cinevox Happening consacr\u00e9 au film qui devait avoir lieu le 4 novembre, et auquel nous \u00e9tions tellement heureux de vous convier.<\/p>\n<p>Cette projection estonienne est donc une belle \u00e9claircie pour la visibilit\u00e9 du film, notamment sur le march\u00e9 international o\u00f9 il peut donc d\u00e9buter avec une \u00ab\u00a0vraie\u00a0\u00bb projection.<\/p>\n<p>On notera \u00e9galement que le festival proposait d&rsquo;autres films belges, et notamment l&rsquo;avant-premi\u00e8re de <em>Bula<\/em> de Boris Baum (on vous en reparle tr\u00e8s vite), dans la section Rebels with a Cause, <em>Jumbo<\/em> de Zo\u00e9 Wittock dans la section Current Waves, et <em>Lola vers la mer<\/em> de Laurent Micheli au sein du 20e Youth and Children Festival.<\/p>\n<p><img loading=\"lazy\" decoding=\"async\" class=\"alignnone size-large wp-image-230904\" src=\"https:\/\/www.cinevox.be\/wp-content\/uploads\/2020\/08\/Une-Vie-Demente-bis-800x335.jpg\" alt=\"Une-Vie-Demente-bis\" width=\"618\" height=\"259\" srcset=\"https:\/\/w-l-c.be\/wp-content\/uploads\/2020\/08\/Une-Vie-Demente-bis-800x335.jpg 800w, https:\/\/w-l-c.be\/wp-content\/uploads\/2020\/08\/Une-Vie-Demente-bis-480x201.jpg 480w, https:\/\/w-l-c.be\/wp-content\/uploads\/2020\/08\/Une-Vie-Demente-bis-768x322.jpg 768w, https:\/\/w-l-c.be\/wp-content\/uploads\/2020\/08\/Une-Vie-Demente-bis-1536x644.jpg 1536w, https:\/\/w-l-c.be\/wp-content\/uploads\/2020\/08\/Une-Vie-Demente-bis.jpg 2048w\" sizes=\"auto, (max-width: 618px) 100vw, 618px\" \/><\/p>\n<p>Avec\u00a0<em>Une vie d\u00e9mente<\/em>, Rapha\u00ebl Balboni et Ann Sirot marchent avec l\u00e9g\u00e8ret\u00e9 sur un fil tendu dans le vide, trouvant un \u00e9quilibre d\u2019autant plus beau qu\u2019il est fragile entre humour et \u00e9motion, gravit\u00e9 et l\u00e9g\u00e8ret\u00e9. Ils abordent avec d\u00e9termination et fantaisie la question de la maladie, la tirant du c\u00f4t\u00e9 de la vie:\u00a0que fait-on quand nos parents retombent en enfance? Doit-on mettre sa vie entre parenth\u00e8ses en attendant?<\/p>\n<p>Alex et No\u00e9mie, la trentaine, voudraient avoir un enfant. Mais leurs plans sont chamboul\u00e9s quand Suzanne, la m\u00e8re d\u2019Alex, se met \u00e0 faire de sacr\u00e9es conneries. C\u2019est parce qu\u2019elle a contract\u00e9 une \u00ab\u00a0d\u00e9mence s\u00e9mantique\u00a0\u00bb, maladie neurod\u00e9g\u00e9n\u00e9rative qui affecte son comportement. Elle d\u00e9pense sans compter, rend des visites nocturnes \u00e0 ses voisins pour manger des tartines, se fabrique un faux permis de conduire avec de la colle et des ciseaux. Suzanne la maman devient Suzanne l\u2019enfant ing\u00e9rable. Dr\u00f4le d\u2019\u00e9cole de la parentalit\u00e9 pour No\u00e9mie et Alex !<\/p>\n<p>Au casting, on retrouve Jo Deseure, aussi sublime que bouleversante dans le r\u00f4le de Suzanne, Jean Le Peltier, qui incarne avec une \u00e9mouvante candeur un jeune homme d\u00e9pass\u00e9 par les femmes de sa vie, Lucie Debay, qui excelle dans le r\u00f4le de No\u00e9mie \u00e0 garder les pieds sur terre tout en r\u00eavant d\u2019avoir la t\u00eate dans les nuages, et enfin Gilles Remiche, qui incarne Kevin, aide-soignant g\u00e9n\u00e9reux et inventif.<\/p>\n<p>Rendez-vous dans quelques semaines, en salles, pour d\u00e9couvrir ce premier film rare et pr\u00e9cieux.<\/p>\n","protected":false},"excerpt":{"rendered":"<p>Une vie d\u00e9mente, le premier long m\u00e9trage d&rsquo;Ann Sirot et Rapha\u00ebl Balboni dont la sortie pr\u00e9vue au 4 novembre dernier a d\u00fb \u00eatre report\u00e9e, \u00e9tait d\u00e9voil\u00e9 ce week-end en premi\u00e8re international \u00e0 l&rsquo;occasion du tr\u00e8s trendy Black Nights Tallinn Film Festival, qui se d\u00e9roule en partie en pr\u00e9sentiel, et auquel assistait la r\u00e9alisatrice et autrice &hellip;<\/p>\n","protected":false},"author":343,"featured_media":233174,"comment_status":"closed","ping_status":"closed","sticky":false,"template":"","format":"standard","meta":{"ngg_post_thumbnail":0,"footnotes":""},"categories":[12],"tags":[2490,4187,2491,4410],"class_list":["post-233173","post","type-post","status-publish","format-standard","has-post-thumbnail","","category-awards","tag-ann-sirot","tag-newsletter-fr","tag-raphael-balboni","tag-une-vie-demente"],"yoast_head":"<!-- This site is optimized with the Yoast SEO plugin v20.4 - https:\/\/yoast.com\/wordpress\/plugins\/seo\/ -->\n<title>Premi\u00e8re internationale \u00e0 Tallinn pour &quot;Une vie d\u00e9mente&quot; - w-l-c<\/title>\n<meta name=\"robots\" content=\"noindex, follow, max-snippet:-1, max-image-preview:large, max-video-preview:-1\" \/>\n<meta property=\"og:locale\" content=\"fr_FR\" \/>\n<meta property=\"og:type\" content=\"article\" \/>\n<meta property=\"og:title\" content=\"Premi\u00e8re internationale \u00e0 Tallinn pour &quot;Une vie d\u00e9mente&quot; - w-l-c\" \/>\n<meta property=\"og:description\" content=\"Une vie d\u00e9mente, le premier long m\u00e9trage d&rsquo;Ann Sirot et Rapha\u00ebl Balboni dont la sortie pr\u00e9vue au 4 novembre dernier a d\u00fb \u00eatre report\u00e9e, \u00e9tait d\u00e9voil\u00e9 ce week-end en premi\u00e8re international \u00e0 l&rsquo;occasion du tr\u00e8s trendy Black Nights Tallinn Film Festival, qui se d\u00e9roule en partie en pr\u00e9sentiel, et auquel assistait la r\u00e9alisatrice et autrice &hellip;\" \/>\n<meta property=\"og:url\" content=\"https:\/\/w-l-c.be\/fr\/premiere-internationale-a-tallinn-pour-une-vie-demente\/\" \/>\n<meta property=\"og:site_name\" content=\"w-l-c\" \/>\n<meta property=\"article:published_time\" content=\"2020-11-16T09:19:25+00:00\" \/>\n<meta property=\"article:modified_time\" content=\"2020-11-17T09:32:09+00:00\" \/>\n<meta property=\"og:image\" content=\"https:\/\/w-l-c.be\/wp-content\/uploads\/2020\/11\/50594838167_732ac82065_k.jpg\" \/>\n\t<meta property=\"og:image:width\" content=\"1403\" \/>\n\t<meta property=\"og:image:height\" content=\"703\" \/>\n\t<meta property=\"og:image:type\" content=\"image\/jpeg\" \/>\n<meta name=\"author\" content=\"Aurore Engelen\" \/>\n<meta name=\"twitter:card\" content=\"summary_large_image\" \/>\n<meta name=\"twitter:label1\" content=\"\u00c9crit par\" \/>\n\t<meta name=\"twitter:data1\" content=\"Aurore Engelen\" \/>\n\t<meta name=\"twitter:label2\" content=\"Dur\u00e9e de lecture estim\u00e9e\" \/>\n\t<meta name=\"twitter:data2\" content=\"3 minutes\" \/>\n<script type=\"application\/ld+json\" class=\"yoast-schema-graph\">{\"@context\":\"https:\/\/schema.org\",\"@graph\":[{\"@type\":\"WebPage\",\"@id\":\"https:\/\/w-l-c.be\/fr\/premiere-internationale-a-tallinn-pour-une-vie-demente\/\",\"url\":\"https:\/\/w-l-c.be\/fr\/premiere-internationale-a-tallinn-pour-une-vie-demente\/\",\"name\":\"Premi\u00e8re internationale \u00e0 Tallinn pour \\\"Une vie d\u00e9mente\\\" - w-l-c\",\"isPartOf\":{\"@id\":\"https:\/\/w-l-c.be\/fr\/#website\"},\"datePublished\":\"2020-11-16T09:19:25+00:00\",\"dateModified\":\"2020-11-17T09:32:09+00:00\",\"author\":{\"@id\":\"https:\/\/w-l-c.be\/fr\/#\/schema\/person\/8084b68c6b176142d073695c654dc7cf\"},\"breadcrumb\":{\"@id\":\"https:\/\/w-l-c.be\/fr\/premiere-internationale-a-tallinn-pour-une-vie-demente\/#breadcrumb\"},\"inLanguage\":\"fr-FR\",\"potentialAction\":[{\"@type\":\"ReadAction\",\"target\":[\"https:\/\/w-l-c.be\/fr\/premiere-internationale-a-tallinn-pour-une-vie-demente\/\"]}]},{\"@type\":\"BreadcrumbList\",\"@id\":\"https:\/\/w-l-c.be\/fr\/premiere-internationale-a-tallinn-pour-une-vie-demente\/#breadcrumb\",\"itemListElement\":[{\"@type\":\"ListItem\",\"position\":1,\"name\":\"Accueil\",\"item\":\"https:\/\/w-l-c.be\/fr\/\"},{\"@type\":\"ListItem\",\"position\":2,\"name\":\"Premi\u00e8re internationale \u00e0 Tallinn pour \u00ab\u00a0Une vie d\u00e9mente\u00a0\u00bb\"}]},{\"@type\":\"WebSite\",\"@id\":\"https:\/\/w-l-c.be\/fr\/#website\",\"url\":\"https:\/\/w-l-c.be\/fr\/\",\"name\":\"w-l-c\",\"description\":\"Le cin\u00e9ma vu par les belges\",\"potentialAction\":[{\"@type\":\"SearchAction\",\"target\":{\"@type\":\"EntryPoint\",\"urlTemplate\":\"https:\/\/w-l-c.be\/fr\/?s={search_term_string}\"},\"query-input\":\"required name=search_term_string\"}],\"inLanguage\":\"fr-FR\"},{\"@type\":\"Person\",\"@id\":\"https:\/\/w-l-c.be\/fr\/#\/schema\/person\/8084b68c6b176142d073695c654dc7cf\",\"name\":\"Aurore Engelen\",\"url\":\"https:\/\/w-l-c.be\/fr\/author\/aurore-engelen\/\"}]}<\/script>\n<!-- \/ Yoast SEO plugin. -->","yoast_head_json":{"title":"Premi\u00e8re internationale \u00e0 Tallinn pour \"Une vie d\u00e9mente\" - w-l-c","robots":{"index":"noindex","follow":"follow","max-snippet":"max-snippet:-1","max-image-preview":"max-image-preview:large","max-video-preview":"max-video-preview:-1"},"og_locale":"fr_FR","og_type":"article","og_title":"Premi\u00e8re internationale \u00e0 Tallinn pour \"Une vie d\u00e9mente\" - w-l-c","og_description":"Une vie d\u00e9mente, le premier long m\u00e9trage d&rsquo;Ann Sirot et Rapha\u00ebl Balboni dont la sortie pr\u00e9vue au 4 novembre dernier a d\u00fb \u00eatre report\u00e9e, \u00e9tait d\u00e9voil\u00e9 ce week-end en premi\u00e8re international \u00e0 l&rsquo;occasion du tr\u00e8s trendy Black Nights Tallinn Film Festival, qui se d\u00e9roule en partie en pr\u00e9sentiel, et auquel assistait la r\u00e9alisatrice et autrice &hellip;","og_url":"https:\/\/w-l-c.be\/fr\/premiere-internationale-a-tallinn-pour-une-vie-demente\/","og_site_name":"w-l-c","article_published_time":"2020-11-16T09:19:25+00:00","article_modified_time":"2020-11-17T09:32:09+00:00","og_image":[{"width":1403,"height":703,"url":"https:\/\/w-l-c.be\/wp-content\/uploads\/2020\/11\/50594838167_732ac82065_k.jpg","type":"image\/jpeg"}],"author":"Aurore Engelen","twitter_card":"summary_large_image","twitter_misc":{"\u00c9crit par":"Aurore Engelen","Dur\u00e9e de lecture estim\u00e9e":"3 minutes"},"schema":{"@context":"https:\/\/schema.org","@graph":[{"@type":"WebPage","@id":"https:\/\/w-l-c.be\/fr\/premiere-internationale-a-tallinn-pour-une-vie-demente\/","url":"https:\/\/w-l-c.be\/fr\/premiere-internationale-a-tallinn-pour-une-vie-demente\/","name":"Premi\u00e8re internationale \u00e0 Tallinn pour \"Une vie d\u00e9mente\" - w-l-c","isPartOf":{"@id":"https:\/\/w-l-c.be\/fr\/#website"},"datePublished":"2020-11-16T09:19:25+00:00","dateModified":"2020-11-17T09:32:09+00:00","author":{"@id":"https:\/\/w-l-c.be\/fr\/#\/schema\/person\/8084b68c6b176142d073695c654dc7cf"},"breadcrumb":{"@id":"https:\/\/w-l-c.be\/fr\/premiere-internationale-a-tallinn-pour-une-vie-demente\/#breadcrumb"},"inLanguage":"fr-FR","potentialAction":[{"@type":"ReadAction","target":["https:\/\/w-l-c.be\/fr\/premiere-internationale-a-tallinn-pour-une-vie-demente\/"]}]},{"@type":"BreadcrumbList","@id":"https:\/\/w-l-c.be\/fr\/premiere-internationale-a-tallinn-pour-une-vie-demente\/#breadcrumb","itemListElement":[{"@type":"ListItem","position":1,"name":"Accueil","item":"https:\/\/w-l-c.be\/fr\/"},{"@type":"ListItem","position":2,"name":"Premi\u00e8re internationale \u00e0 Tallinn pour \u00ab\u00a0Une vie d\u00e9mente\u00a0\u00bb"}]},{"@type":"WebSite","@id":"https:\/\/w-l-c.be\/fr\/#website","url":"https:\/\/w-l-c.be\/fr\/","name":"w-l-c","description":"Le cin\u00e9ma vu par les belges","potentialAction":[{"@type":"SearchAction","target":{"@type":"EntryPoint","urlTemplate":"https:\/\/w-l-c.be\/fr\/?s={search_term_string}"},"query-input":"required name=search_term_string"}],"inLanguage":"fr-FR"},{"@type":"Person","@id":"https:\/\/w-l-c.be\/fr\/#\/schema\/person\/8084b68c6b176142d073695c654dc7cf","name":"Aurore Engelen","url":"https:\/\/w-l-c.be\/fr\/author\/aurore-engelen\/"}]}},"_links":{"self":[{"href":"https:\/\/w-l-c.be\/fr\/wp-json\/wp\/v2\/posts\/233173","targetHints":{"allow":["GET"]}}],"collection":[{"href":"https:\/\/w-l-c.be\/fr\/wp-json\/wp\/v2\/posts"}],"about":[{"href":"https:\/\/w-l-c.be\/fr\/wp-json\/wp\/v2\/types\/post"}],"author":[{"embeddable":true,"href":"https:\/\/w-l-c.be\/fr\/wp-json\/wp\/v2\/users\/343"}],"replies":[{"embeddable":true,"href":"https:\/\/w-l-c.be\/fr\/wp-json\/wp\/v2\/comments?post=233173"}],"version-history":[{"count":0,"href":"https:\/\/w-l-c.be\/fr\/wp-json\/wp\/v2\/posts\/233173\/revisions"}],"wp:featuredmedia":[{"embeddable":true,"href":"https:\/\/w-l-c.be\/fr\/wp-json\/wp\/v2\/media\/233174"}],"wp:attachment":[{"href":"https:\/\/w-l-c.be\/fr\/wp-json\/wp\/v2\/media?parent=233173"}],"wp:term":[{"taxonomy":"category","embeddable":true,"href":"https:\/\/w-l-c.be\/fr\/wp-json\/wp\/v2\/categories?post=233173"},{"taxonomy":"post_tag","embeddable":true,"href":"https:\/\/w-l-c.be\/fr\/wp-json\/wp\/v2\/tags?post=233173"}],"curies":[{"name":"wp","href":"https:\/\/api.w.org\/{rel}","templated":true}]}}