
{"id":233189,"date":"2020-11-17T10:50:28","date_gmt":"2020-11-17T09:50:28","guid":{"rendered":"https:\/\/www.cinevox.be\/?p=233189"},"modified":"2020-11-18T14:51:10","modified_gmt":"2020-11-18T13:51:10","slug":"cinepilou-seances-en-famille-sur-canape","status":"publish","type":"post","link":"https:\/\/w-l-c.be\/fr\/cinepilou-seances-en-famille-sur-canape\/","title":{"rendered":"Cine\u0301pilou, se\u0301ances en famille&#8230; sur canape\u0301 !"},"content":{"rendered":"<div class=\"page\" title=\"Page 1\">\n<div class=\"layoutArea\">\n<div class=\"column\">\n<p><strong>A \u00e9poque extraordinaire, mesures extraordinaires! Et exceptionnellement, vendredi soir, vous pourrez aller au cin\u00e9ma&#8230; en pyjamas!<\/strong><\/p>\n<p>C&rsquo;est ce que propose avec malice Cin\u00e9pilou, une initiative lanc\u00e9e par Ecran Large sur Tableau Noir et Le Parc Distribution, qui proposent un rendez-vous cine\u0301ma pour les familles, en soutien aux cine\u0301mas ferme\u0301s pendant le confinement.<\/p>\n<p>Le vendredi soir, entre 18 h et 21 h, vivez une se\u0301ance de cine\u0301ma a\u0300 la maison pour toute la famille.Vous d\u00e9couvrirez sur vos \u00e9crans un film court et de qualit\u00e9 \u00e0 voir en famille. \u00c0 l\u2019achat de votre ticket familial, vous b\u00e9n\u00e9ficiez \u00e9galement d\u2019activit\u00e9s\u00a0pour prolonger le film durant tout le week-end : bricolages, recettes, lectures, et tant d\u2019autres chouettes animations parents-enfants.<\/p>\n<p>L\u2019achat se fait en ligne sur le site Web de votre cine\u0301ma pre\u0301fe\u0301re\u0301 (toutes les infos sont disponibles sur le site de <a href=\"http:\/\/www.cinepilou.be\">Cin\u00e9pilou<\/a>), au prix de 5 \u20ac la se\u0301ance (tarif normal) ou 7 \u20ac (tarif soutien). Vous recevez par mail les informations de connexion.<\/p>\n<p>Alors le vendredi soir, sortez vos plus beaux pyjamas pilou, vos plaids et autres couvertures, lancez le film au me\u0302me moment que les autres familles et e\u0301vadez-vous tous ensemble !<\/p>\n<p><strong>Au programme ?<\/strong><\/p>\n<p>Pour d\u00e9buter ce vendredi 20 novembre <em>La Chouette entre veille et sommeil,<\/em> pour les re\u0302veurs de 3 a\u0300 6 ans<\/p>\n<p>Par une soir\u00e9e de pleine lune, la Chouette du cin\u00e9ma se pose sur sa branche et salue les enfants. Elle se pr\u00e9sente comme une voyageuse qui r\u00e9colte, en \u00e9coutant le soir aux fen\u00eatres des maisons, les histoires que les parents racontent \u00e0 leurs enfants. Elle vient ici les pr\u00e9senter sous la forme de courts m\u00e9trages, ces petits films qui permettent de vivre plein d\u2019aventures en une seule s\u00e9ance de cin\u00e9ma.<\/p>\n<p>Vie nocturne entre voisins, bisou du soir, vision onirique\u2026 autant de th\u00e9matiques \u00e0 retrouver dans le programme de\u00a0<em>La Chouette entre veille et sommeil<\/em>, et qui toucheront les enfants comme les parents.<\/p>\n<p>R\u00e9alis\u00e9 par\u00a0Arnaud Demuynck, Frits Standard, Samuel Gu\u00e9nol\u00e9, Cl\u00e9mentine Robach, Pascale Hecquet, France\/Belgique, 2016, 40 mn.<\/p>\n<p><iframe loading=\"lazy\" title=\"La Chouette entre veille et sommeil -- BA\" width=\"618\" height=\"348\" src=\"https:\/\/www.youtube.com\/embed\/XAQtZXdqmJw?feature=oembed\" frameborder=\"0\" allow=\"accelerometer; autoplay; clipboard-write; encrypted-media; gyroscope; picture-in-picture; web-share\" referrerpolicy=\"strict-origin-when-cross-origin\" allowfullscreen><\/iframe><\/p>\n<\/div>\n<\/div>\n<\/div>\n","protected":false},"excerpt":{"rendered":"<p>A \u00e9poque extraordinaire, mesures extraordinaires! Et exceptionnellement, vendredi soir, vous pourrez aller au cin\u00e9ma&#8230; en pyjamas! C&rsquo;est ce que propose avec malice Cin\u00e9pilou, une initiative lanc\u00e9e par Ecran Large sur Tableau Noir et Le Parc Distribution, qui proposent un rendez-vous cine\u0301ma pour les familles, en soutien aux cine\u0301mas ferme\u0301s pendant le confinement. Le vendredi soir, &hellip;<\/p>\n","protected":false},"author":343,"featured_media":233191,"comment_status":"closed","ping_status":"closed","sticky":false,"template":"","format":"standard","meta":{"ngg_post_thumbnail":0,"footnotes":""},"categories":[53],"tags":[4187],"class_list":["post-233189","post","type-post","status-publish","format-standard","has-post-thumbnail","","category-coming-soon","tag-newsletter-fr"],"yoast_head":"<!-- This site is optimized with the Yoast SEO plugin v20.4 - https:\/\/yoast.com\/wordpress\/plugins\/seo\/ -->\n<title>Cine\u0301pilou, se\u0301ances en famille... sur canape\u0301 ! - w-l-c<\/title>\n<meta name=\"robots\" content=\"noindex, follow, max-snippet:-1, max-image-preview:large, max-video-preview:-1\" \/>\n<meta property=\"og:locale\" content=\"fr_FR\" \/>\n<meta property=\"og:type\" content=\"article\" \/>\n<meta property=\"og:title\" content=\"Cine\u0301pilou, se\u0301ances en famille... sur canape\u0301 ! - w-l-c\" \/>\n<meta property=\"og:description\" content=\"A \u00e9poque extraordinaire, mesures extraordinaires! Et exceptionnellement, vendredi soir, vous pourrez aller au cin\u00e9ma&#8230; en pyjamas! C&rsquo;est ce que propose avec malice Cin\u00e9pilou, une initiative lanc\u00e9e par Ecran Large sur Tableau Noir et Le Parc Distribution, qui proposent un rendez-vous cine\u0301ma pour les familles, en soutien aux cine\u0301mas ferme\u0301s pendant le confinement. Le vendredi soir, &hellip;\" \/>\n<meta property=\"og:url\" content=\"https:\/\/w-l-c.be\/fr\/cinepilou-seances-en-famille-sur-canape\/\" \/>\n<meta property=\"og:site_name\" content=\"w-l-c\" \/>\n<meta property=\"article:published_time\" content=\"2020-11-17T09:50:28+00:00\" \/>\n<meta property=\"article:modified_time\" content=\"2020-11-18T13:51:10+00:00\" \/>\n<meta property=\"og:image\" content=\"https:\/\/w-l-c.be\/wp-content\/uploads\/2020\/11\/Capture-d\u2019e\u0301cran-2020-11-17-a\u0300-10.49.48.png\" \/>\n\t<meta property=\"og:image:width\" content=\"3298\" \/>\n\t<meta property=\"og:image:height\" content=\"1598\" \/>\n\t<meta property=\"og:image:type\" content=\"image\/png\" \/>\n<meta name=\"author\" content=\"Aurore Engelen\" \/>\n<meta name=\"twitter:card\" content=\"summary_large_image\" \/>\n<meta name=\"twitter:label1\" content=\"\u00c9crit par\" \/>\n\t<meta name=\"twitter:data1\" content=\"Aurore Engelen\" \/>\n\t<meta name=\"twitter:label2\" content=\"Dur\u00e9e de lecture estim\u00e9e\" \/>\n\t<meta name=\"twitter:data2\" content=\"2 minutes\" \/>\n<script type=\"application\/ld+json\" class=\"yoast-schema-graph\">{\"@context\":\"https:\/\/schema.org\",\"@graph\":[{\"@type\":\"WebPage\",\"@id\":\"https:\/\/w-l-c.be\/fr\/cinepilou-seances-en-famille-sur-canape\/\",\"url\":\"https:\/\/w-l-c.be\/fr\/cinepilou-seances-en-famille-sur-canape\/\",\"name\":\"Cine\u0301pilou, se\u0301ances en famille... sur canape\u0301 ! - w-l-c\",\"isPartOf\":{\"@id\":\"https:\/\/w-l-c.be\/fr\/#website\"},\"datePublished\":\"2020-11-17T09:50:28+00:00\",\"dateModified\":\"2020-11-18T13:51:10+00:00\",\"author\":{\"@id\":\"https:\/\/w-l-c.be\/fr\/#\/schema\/person\/8084b68c6b176142d073695c654dc7cf\"},\"breadcrumb\":{\"@id\":\"https:\/\/w-l-c.be\/fr\/cinepilou-seances-en-famille-sur-canape\/#breadcrumb\"},\"inLanguage\":\"fr-FR\",\"potentialAction\":[{\"@type\":\"ReadAction\",\"target\":[\"https:\/\/w-l-c.be\/fr\/cinepilou-seances-en-famille-sur-canape\/\"]}]},{\"@type\":\"BreadcrumbList\",\"@id\":\"https:\/\/w-l-c.be\/fr\/cinepilou-seances-en-famille-sur-canape\/#breadcrumb\",\"itemListElement\":[{\"@type\":\"ListItem\",\"position\":1,\"name\":\"Accueil\",\"item\":\"https:\/\/w-l-c.be\/fr\/\"},{\"@type\":\"ListItem\",\"position\":2,\"name\":\"Cine\u0301pilou, se\u0301ances en famille&#8230; sur canape\u0301 !\"}]},{\"@type\":\"WebSite\",\"@id\":\"https:\/\/w-l-c.be\/fr\/#website\",\"url\":\"https:\/\/w-l-c.be\/fr\/\",\"name\":\"w-l-c\",\"description\":\"Le cin\u00e9ma vu par les belges\",\"potentialAction\":[{\"@type\":\"SearchAction\",\"target\":{\"@type\":\"EntryPoint\",\"urlTemplate\":\"https:\/\/w-l-c.be\/fr\/?s={search_term_string}\"},\"query-input\":\"required name=search_term_string\"}],\"inLanguage\":\"fr-FR\"},{\"@type\":\"Person\",\"@id\":\"https:\/\/w-l-c.be\/fr\/#\/schema\/person\/8084b68c6b176142d073695c654dc7cf\",\"name\":\"Aurore Engelen\",\"url\":\"https:\/\/w-l-c.be\/fr\/author\/aurore-engelen\/\"}]}<\/script>\n<!-- \/ Yoast SEO plugin. -->","yoast_head_json":{"title":"Cine\u0301pilou, se\u0301ances en famille... sur canape\u0301 ! - w-l-c","robots":{"index":"noindex","follow":"follow","max-snippet":"max-snippet:-1","max-image-preview":"max-image-preview:large","max-video-preview":"max-video-preview:-1"},"og_locale":"fr_FR","og_type":"article","og_title":"Cine\u0301pilou, se\u0301ances en famille... sur canape\u0301 ! - w-l-c","og_description":"A \u00e9poque extraordinaire, mesures extraordinaires! Et exceptionnellement, vendredi soir, vous pourrez aller au cin\u00e9ma&#8230; en pyjamas! C&rsquo;est ce que propose avec malice Cin\u00e9pilou, une initiative lanc\u00e9e par Ecran Large sur Tableau Noir et Le Parc Distribution, qui proposent un rendez-vous cine\u0301ma pour les familles, en soutien aux cine\u0301mas ferme\u0301s pendant le confinement. Le vendredi soir, &hellip;","og_url":"https:\/\/w-l-c.be\/fr\/cinepilou-seances-en-famille-sur-canape\/","og_site_name":"w-l-c","article_published_time":"2020-11-17T09:50:28+00:00","article_modified_time":"2020-11-18T13:51:10+00:00","og_image":[{"width":3298,"height":1598,"url":"https:\/\/w-l-c.be\/wp-content\/uploads\/2020\/11\/Capture-d\u2019e\u0301cran-2020-11-17-a\u0300-10.49.48.png","type":"image\/png"}],"author":"Aurore Engelen","twitter_card":"summary_large_image","twitter_misc":{"\u00c9crit par":"Aurore Engelen","Dur\u00e9e de lecture estim\u00e9e":"2 minutes"},"schema":{"@context":"https:\/\/schema.org","@graph":[{"@type":"WebPage","@id":"https:\/\/w-l-c.be\/fr\/cinepilou-seances-en-famille-sur-canape\/","url":"https:\/\/w-l-c.be\/fr\/cinepilou-seances-en-famille-sur-canape\/","name":"Cine\u0301pilou, se\u0301ances en famille... sur canape\u0301 ! - w-l-c","isPartOf":{"@id":"https:\/\/w-l-c.be\/fr\/#website"},"datePublished":"2020-11-17T09:50:28+00:00","dateModified":"2020-11-18T13:51:10+00:00","author":{"@id":"https:\/\/w-l-c.be\/fr\/#\/schema\/person\/8084b68c6b176142d073695c654dc7cf"},"breadcrumb":{"@id":"https:\/\/w-l-c.be\/fr\/cinepilou-seances-en-famille-sur-canape\/#breadcrumb"},"inLanguage":"fr-FR","potentialAction":[{"@type":"ReadAction","target":["https:\/\/w-l-c.be\/fr\/cinepilou-seances-en-famille-sur-canape\/"]}]},{"@type":"BreadcrumbList","@id":"https:\/\/w-l-c.be\/fr\/cinepilou-seances-en-famille-sur-canape\/#breadcrumb","itemListElement":[{"@type":"ListItem","position":1,"name":"Accueil","item":"https:\/\/w-l-c.be\/fr\/"},{"@type":"ListItem","position":2,"name":"Cine\u0301pilou, se\u0301ances en famille&#8230; sur canape\u0301 !"}]},{"@type":"WebSite","@id":"https:\/\/w-l-c.be\/fr\/#website","url":"https:\/\/w-l-c.be\/fr\/","name":"w-l-c","description":"Le cin\u00e9ma vu par les belges","potentialAction":[{"@type":"SearchAction","target":{"@type":"EntryPoint","urlTemplate":"https:\/\/w-l-c.be\/fr\/?s={search_term_string}"},"query-input":"required name=search_term_string"}],"inLanguage":"fr-FR"},{"@type":"Person","@id":"https:\/\/w-l-c.be\/fr\/#\/schema\/person\/8084b68c6b176142d073695c654dc7cf","name":"Aurore Engelen","url":"https:\/\/w-l-c.be\/fr\/author\/aurore-engelen\/"}]}},"_links":{"self":[{"href":"https:\/\/w-l-c.be\/fr\/wp-json\/wp\/v2\/posts\/233189","targetHints":{"allow":["GET"]}}],"collection":[{"href":"https:\/\/w-l-c.be\/fr\/wp-json\/wp\/v2\/posts"}],"about":[{"href":"https:\/\/w-l-c.be\/fr\/wp-json\/wp\/v2\/types\/post"}],"author":[{"embeddable":true,"href":"https:\/\/w-l-c.be\/fr\/wp-json\/wp\/v2\/users\/343"}],"replies":[{"embeddable":true,"href":"https:\/\/w-l-c.be\/fr\/wp-json\/wp\/v2\/comments?post=233189"}],"version-history":[{"count":0,"href":"https:\/\/w-l-c.be\/fr\/wp-json\/wp\/v2\/posts\/233189\/revisions"}],"wp:featuredmedia":[{"embeddable":true,"href":"https:\/\/w-l-c.be\/fr\/wp-json\/wp\/v2\/media\/233191"}],"wp:attachment":[{"href":"https:\/\/w-l-c.be\/fr\/wp-json\/wp\/v2\/media?parent=233189"}],"wp:term":[{"taxonomy":"category","embeddable":true,"href":"https:\/\/w-l-c.be\/fr\/wp-json\/wp\/v2\/categories?post=233189"},{"taxonomy":"post_tag","embeddable":true,"href":"https:\/\/w-l-c.be\/fr\/wp-json\/wp\/v2\/tags?post=233189"}],"curies":[{"name":"wp","href":"https:\/\/api.w.org\/{rel}","templated":true}]}}