
{"id":233218,"date":"2020-11-18T09:33:20","date_gmt":"2020-11-18T08:33:20","guid":{"rendered":"https:\/\/www.cinevox.be\/?p=233218"},"modified":"2020-11-23T13:07:37","modified_gmt":"2020-11-23T12:07:37","slug":"rencontre-avec-elisa-echevarria-a-laffiche-dinvisible-ok","status":"publish","type":"post","link":"https:\/\/w-l-c.be\/fr\/rencontre-avec-elisa-echevarria-a-laffiche-dinvisible-ok\/","title":{"rendered":"Rencontre avec Elisa Echevarria, \u00e0 l&rsquo;affiche d&rsquo;Invisible"},"content":{"rendered":"<p><strong>Rencontre aujourd&rsquo;hui avec Elisa Echevarria, la jeune h\u00e9ro\u00efne de la nouvelle s\u00e9rie de la RTBF, Invisible, dont la diffusion d\u00e9bute dimanche soir. Elle y incarne Lily, une jeune fille d\u00e9termin\u00e9e et volontaire, qui apr\u00e8s avoir \u00e9t\u00e9 pi\u00e9g\u00e9e sur les r\u00e9seaux sociaux, envisage l&rsquo;invisibilit\u00e9 comme un pouvoir lui permettant d&rsquo;\u00e9chapper \u00e0 son quotidien.\u00a0<\/strong><\/p>\n<p><em><strong>Bonjour Elisa, pouvez-vous nous pr\u00e9senter votre personnage?<\/strong><\/em><\/p>\n<p class=\"p1\">Lily est une ado de 16 ans. Elle est sensible, courageuse, et assez d\u00e9termin\u00e9e. Elle prend en charge son destin, m\u00eame si elle peut se r\u00e9v\u00e9ler tr\u00e8s na\u00efve. J\u2019ai beaucoup de points communs avec Lily, je me sens tr\u00e8s proche d\u2019elle, de ses traits de caract\u00e8re.<\/p>\n<p><img loading=\"lazy\" decoding=\"async\" class=\"alignnone size-large wp-image-233221\" src=\"https:\/\/www.cinevox.be\/wp-content\/uploads\/2020\/11\/ElisaTer-800x401.jpg\" alt=\"\" width=\"618\" height=\"310\" srcset=\"https:\/\/w-l-c.be\/wp-content\/uploads\/2020\/11\/ElisaTer-800x401.jpg 800w, https:\/\/w-l-c.be\/wp-content\/uploads\/2020\/11\/ElisaTer-480x240.jpg 480w, https:\/\/w-l-c.be\/wp-content\/uploads\/2020\/11\/ElisaTer-768x385.jpg 768w, https:\/\/w-l-c.be\/wp-content\/uploads\/2020\/11\/ElisaTer-1536x769.jpg 1536w, https:\/\/w-l-c.be\/wp-content\/uploads\/2020\/11\/ElisaTer-660x330.jpg 660w, https:\/\/w-l-c.be\/wp-content\/uploads\/2020\/11\/ElisaTer-1050x525.jpg 1050w, https:\/\/w-l-c.be\/wp-content\/uploads\/2020\/11\/ElisaTer.jpg 1609w\" sizes=\"auto, (max-width: 618px) 100vw, 618px\" \/><\/p>\n<p class=\"p1\"><em><strong>Au d\u00e9but de la s\u00e9rie, Lily souffre d\u2019\u00eatre trop visible, notamment sur les r\u00e9seaux sociaux?<\/strong><\/em><\/p>\n<p class=\"p1\">Ce qui arrive \u00e0 Lily, voir une vid\u00e9o intime d&rsquo;elle publi\u00e9e en ligne, c\u2019est le pire cauchemar qui puisse arriver \u00e0 une adolescente. Elle a l\u2019impression que son monde s\u2019\u00e9croule. Et c\u2019est d\u2019autant plus horrible pour elle qu\u2019elle \u00e9tait amoureuse du gar\u00e7on avec lequel on la voit, et qu\u2019on a trahi sa confiance. Ce n\u2019est pas \u00e0 elle d\u2019avoir honte, mais malheureusement, dans ces cas-l\u00e0, la honte est trop souvent dans le mauvais camp. Mais mon personnage a tellement honte, que l\u2019id\u00e9e de s\u2019effacer du monde est irr\u00e9sistible pour elle.<\/p>\n<p class=\"p1\"><em><strong>Comment jouer face \u00e0 des invisibles?<\/strong><\/em><\/p>\n<p class=\"p1\">Tant que mon ou ma partenaire est vraiment invisible, pour moi comme pour le public, il suffit de regarder dans le vide, avec un peu de conviction. Mais quand il s\u2019agit de jouer face \u00e0 quelqu\u2019un, qui est tout nu face \u00e0 nous, et que l\u2019on n\u2019est pas cens\u00e9 voir, \u00e7a se corse! Il faut ma\u00eetriser son regard. Parfois, j\u2019avais besoin de marquer un point de regard pour me concentrer, \u00e9viter de regarder ma partenaire.<\/p>\n<p class=\"p1\">J\u2019ai aussi d\u00fb faire beaucoup de sc\u00e8nes o\u00f9 je mimais un contact avec une invisible. Et c\u2019est tr\u00e8s compliqu\u00e9, car il faut imaginer l\u2019occupation de l\u2019espace de l\u2019\u00eatre invisible. Faire semblant qu\u2019on a quelqu\u2019un sur le dos, c\u2019est un vrai d\u00e9fi technique. Je ne sais pas si vous avez d\u00e9j\u00e0 essay\u00e9 de mimer une bagarre, mais c\u2019est assez dur!<\/p>\n<p><img loading=\"lazy\" decoding=\"async\" class=\"alignnone size-large wp-image-233223\" src=\"https:\/\/www.cinevox.be\/wp-content\/uploads\/2020\/11\/ElisaBis-800x450.jpg\" alt=\"\" width=\"618\" height=\"348\" srcset=\"https:\/\/w-l-c.be\/wp-content\/uploads\/2020\/11\/ElisaBis-800x450.jpg 800w, https:\/\/w-l-c.be\/wp-content\/uploads\/2020\/11\/ElisaBis-480x270.jpg 480w, https:\/\/w-l-c.be\/wp-content\/uploads\/2020\/11\/ElisaBis-200x113.jpg 200w, https:\/\/w-l-c.be\/wp-content\/uploads\/2020\/11\/ElisaBis-768x432.jpg 768w, https:\/\/w-l-c.be\/wp-content\/uploads\/2020\/11\/ElisaBis-1536x864.jpg 1536w, https:\/\/w-l-c.be\/wp-content\/uploads\/2020\/11\/ElisaBis-599x337.jpg 599w, https:\/\/w-l-c.be\/wp-content\/uploads\/2020\/11\/ElisaBis.jpg 2048w\" sizes=\"auto, (max-width: 618px) 100vw, 618px\" \/><\/p>\n<p class=\"p1\"><em><strong>Quel est votre parcours, et comment s\u2019est pass\u00e9 le casting?<\/strong><\/em><\/p>\n<p class=\"p1\">J\u2019avais d\u00e9j\u00e0 eu quelques r\u00f4les, j\u2019ai jou\u00e9 notamment dans <em>Le Tout Nouveau Testament<\/em>, dans quelques courts m\u00e9trages, dont <em>Les Dauphines<\/em> de Juliette Klinke, et quelques pubs. Mais \u00e7a faisait un moment que je n\u2019avais plus jou\u00e9.<\/p>\n<p class=\"p1\">Quand Micha\u00ebl Bier m\u2019a fait passer le casting, il m\u2019a demand\u00e9 si \u00e7a me d\u00e9rangeait de tourner nue, j\u2019ai fait comme si de rien n\u2019\u00e9tait, genre: <em>\u00ab Ah mais non, pas du tout, pas de probl\u00e8me! \u00bb M<\/em>ais dans ma t\u00eate, \u00e7a carburait dans tous les sens, je me disais: <em>\u00ab Mais jamais, jamais je ne pourrai tourner nue! \u00bb<\/em> Et puis j\u2019ai fait le casting, et je suis sortie en disant \u00e0 mon p\u00e8re que j\u2019avais \u00e9t\u00e9 nulle. Je ne m\u2019attendais pas du tout \u00e0 \u00eatre s\u00e9lectionn\u00e9e, alors que j&rsquo;ai su que j&rsquo;avais \u00e9t\u00e9 retenue, j\u2019\u00e9tais tellement heureuse. Et il a bien fallu affronter mes craintes!<\/p>\n<p class=\"p1\"><em><strong>Qu\u2019est-ce que vous pr\u00e9f\u00e9rez dans la s\u00e9rie?<\/strong><\/em><\/p>\n<p class=\"p1\">Je trouve que les com\u00e9diens et les com\u00e9diennes sont absolument excellent\u00b7es, le casting est dingue. Et puis les effets sp\u00e9ciaux sont extr\u00eamement r\u00e9ussis, cela m\u2019a vraiment surprise quand j\u2019ai d\u00e9couvert les deux premiers \u00e9pisodes. Sans compter que le rythme est vraiment haletant, on a envie de voir la suite!<\/p>\n","protected":false},"excerpt":{"rendered":"<p>Rencontre aujourd&rsquo;hui avec Elisa Echevarria, la jeune h\u00e9ro\u00efne de la nouvelle s\u00e9rie de la RTBF, Invisible, dont la diffusion d\u00e9bute dimanche soir. Elle y incarne Lily, une jeune fille d\u00e9termin\u00e9e et volontaire, qui apr\u00e8s avoir \u00e9t\u00e9 pi\u00e9g\u00e9e sur les r\u00e9seaux sociaux, envisage l&rsquo;invisibilit\u00e9 comme un pouvoir lui permettant d&rsquo;\u00e9chapper \u00e0 son quotidien.\u00a0 Bonjour Elisa, pouvez-vous &hellip;<\/p>\n","protected":false},"author":343,"featured_media":233219,"comment_status":"closed","ping_status":"closed","sticky":false,"template":"","format":"standard","meta":{"ngg_post_thumbnail":0,"footnotes":""},"categories":[1978],"tags":[5514,4789,4187,2984],"class_list":["post-233218","post","type-post","status-publish","format-standard","has-post-thumbnail","","category-interviews","tag-elisa-echevarria","tag-invisible","tag-newsletter-fr","tag-serie"],"yoast_head":"<!-- This site is optimized with the Yoast SEO plugin v20.4 - https:\/\/yoast.com\/wordpress\/plugins\/seo\/ -->\n<title>Rencontre avec Elisa Echevarria, \u00e0 l&#039;affiche d&#039;Invisible - w-l-c<\/title>\n<meta name=\"robots\" content=\"noindex, follow, max-snippet:-1, max-image-preview:large, max-video-preview:-1\" \/>\n<meta property=\"og:locale\" content=\"fr_FR\" \/>\n<meta property=\"og:type\" content=\"article\" \/>\n<meta property=\"og:title\" content=\"Rencontre avec Elisa Echevarria, \u00e0 l&#039;affiche d&#039;Invisible - w-l-c\" \/>\n<meta property=\"og:description\" content=\"Rencontre aujourd&rsquo;hui avec Elisa Echevarria, la jeune h\u00e9ro\u00efne de la nouvelle s\u00e9rie de la RTBF, Invisible, dont la diffusion d\u00e9bute dimanche soir. Elle y incarne Lily, une jeune fille d\u00e9termin\u00e9e et volontaire, qui apr\u00e8s avoir \u00e9t\u00e9 pi\u00e9g\u00e9e sur les r\u00e9seaux sociaux, envisage l&rsquo;invisibilit\u00e9 comme un pouvoir lui permettant d&rsquo;\u00e9chapper \u00e0 son quotidien.\u00a0 Bonjour Elisa, pouvez-vous &hellip;\" \/>\n<meta property=\"og:url\" content=\"https:\/\/w-l-c.be\/fr\/rencontre-avec-elisa-echevarria-a-laffiche-dinvisible-ok\/\" \/>\n<meta property=\"og:site_name\" content=\"w-l-c\" \/>\n<meta property=\"article:published_time\" content=\"2020-11-18T08:33:20+00:00\" \/>\n<meta property=\"article:modified_time\" content=\"2020-11-23T12:07:37+00:00\" \/>\n<meta property=\"og:image\" content=\"https:\/\/w-l-c.be\/wp-content\/uploads\/2020\/11\/Elisa-scaled.jpg\" \/>\n\t<meta property=\"og:image:width\" content=\"2560\" \/>\n\t<meta property=\"og:image:height\" content=\"1281\" \/>\n\t<meta property=\"og:image:type\" content=\"image\/jpeg\" \/>\n<meta name=\"author\" content=\"Aurore Engelen\" \/>\n<meta name=\"twitter:card\" content=\"summary_large_image\" \/>\n<meta name=\"twitter:label1\" content=\"\u00c9crit par\" \/>\n\t<meta name=\"twitter:data1\" content=\"Aurore Engelen\" \/>\n\t<meta name=\"twitter:label2\" content=\"Dur\u00e9e de lecture estim\u00e9e\" \/>\n\t<meta name=\"twitter:data2\" content=\"3 minutes\" \/>\n<script type=\"application\/ld+json\" class=\"yoast-schema-graph\">{\"@context\":\"https:\/\/schema.org\",\"@graph\":[{\"@type\":\"WebPage\",\"@id\":\"https:\/\/w-l-c.be\/fr\/rencontre-avec-elisa-echevarria-a-laffiche-dinvisible-ok\/\",\"url\":\"https:\/\/w-l-c.be\/fr\/rencontre-avec-elisa-echevarria-a-laffiche-dinvisible-ok\/\",\"name\":\"Rencontre avec Elisa Echevarria, \u00e0 l'affiche d'Invisible - w-l-c\",\"isPartOf\":{\"@id\":\"https:\/\/w-l-c.be\/fr\/#website\"},\"datePublished\":\"2020-11-18T08:33:20+00:00\",\"dateModified\":\"2020-11-23T12:07:37+00:00\",\"author\":{\"@id\":\"https:\/\/w-l-c.be\/fr\/#\/schema\/person\/8084b68c6b176142d073695c654dc7cf\"},\"breadcrumb\":{\"@id\":\"https:\/\/w-l-c.be\/fr\/rencontre-avec-elisa-echevarria-a-laffiche-dinvisible-ok\/#breadcrumb\"},\"inLanguage\":\"fr-FR\",\"potentialAction\":[{\"@type\":\"ReadAction\",\"target\":[\"https:\/\/w-l-c.be\/fr\/rencontre-avec-elisa-echevarria-a-laffiche-dinvisible-ok\/\"]}]},{\"@type\":\"BreadcrumbList\",\"@id\":\"https:\/\/w-l-c.be\/fr\/rencontre-avec-elisa-echevarria-a-laffiche-dinvisible-ok\/#breadcrumb\",\"itemListElement\":[{\"@type\":\"ListItem\",\"position\":1,\"name\":\"Accueil\",\"item\":\"https:\/\/w-l-c.be\/fr\/\"},{\"@type\":\"ListItem\",\"position\":2,\"name\":\"Rencontre avec Elisa Echevarria, \u00e0 l&rsquo;affiche d&rsquo;Invisible\"}]},{\"@type\":\"WebSite\",\"@id\":\"https:\/\/w-l-c.be\/fr\/#website\",\"url\":\"https:\/\/w-l-c.be\/fr\/\",\"name\":\"w-l-c\",\"description\":\"Le cin\u00e9ma vu par les belges\",\"potentialAction\":[{\"@type\":\"SearchAction\",\"target\":{\"@type\":\"EntryPoint\",\"urlTemplate\":\"https:\/\/w-l-c.be\/fr\/?s={search_term_string}\"},\"query-input\":\"required name=search_term_string\"}],\"inLanguage\":\"fr-FR\"},{\"@type\":\"Person\",\"@id\":\"https:\/\/w-l-c.be\/fr\/#\/schema\/person\/8084b68c6b176142d073695c654dc7cf\",\"name\":\"Aurore Engelen\",\"url\":\"https:\/\/w-l-c.be\/fr\/author\/aurore-engelen\/\"}]}<\/script>\n<!-- \/ Yoast SEO plugin. -->","yoast_head_json":{"title":"Rencontre avec Elisa Echevarria, \u00e0 l'affiche d'Invisible - w-l-c","robots":{"index":"noindex","follow":"follow","max-snippet":"max-snippet:-1","max-image-preview":"max-image-preview:large","max-video-preview":"max-video-preview:-1"},"og_locale":"fr_FR","og_type":"article","og_title":"Rencontre avec Elisa Echevarria, \u00e0 l'affiche d'Invisible - w-l-c","og_description":"Rencontre aujourd&rsquo;hui avec Elisa Echevarria, la jeune h\u00e9ro\u00efne de la nouvelle s\u00e9rie de la RTBF, Invisible, dont la diffusion d\u00e9bute dimanche soir. Elle y incarne Lily, une jeune fille d\u00e9termin\u00e9e et volontaire, qui apr\u00e8s avoir \u00e9t\u00e9 pi\u00e9g\u00e9e sur les r\u00e9seaux sociaux, envisage l&rsquo;invisibilit\u00e9 comme un pouvoir lui permettant d&rsquo;\u00e9chapper \u00e0 son quotidien.\u00a0 Bonjour Elisa, pouvez-vous &hellip;","og_url":"https:\/\/w-l-c.be\/fr\/rencontre-avec-elisa-echevarria-a-laffiche-dinvisible-ok\/","og_site_name":"w-l-c","article_published_time":"2020-11-18T08:33:20+00:00","article_modified_time":"2020-11-23T12:07:37+00:00","og_image":[{"width":2560,"height":1281,"url":"https:\/\/w-l-c.be\/wp-content\/uploads\/2020\/11\/Elisa-scaled.jpg","type":"image\/jpeg"}],"author":"Aurore Engelen","twitter_card":"summary_large_image","twitter_misc":{"\u00c9crit par":"Aurore Engelen","Dur\u00e9e de lecture estim\u00e9e":"3 minutes"},"schema":{"@context":"https:\/\/schema.org","@graph":[{"@type":"WebPage","@id":"https:\/\/w-l-c.be\/fr\/rencontre-avec-elisa-echevarria-a-laffiche-dinvisible-ok\/","url":"https:\/\/w-l-c.be\/fr\/rencontre-avec-elisa-echevarria-a-laffiche-dinvisible-ok\/","name":"Rencontre avec Elisa Echevarria, \u00e0 l'affiche d'Invisible - w-l-c","isPartOf":{"@id":"https:\/\/w-l-c.be\/fr\/#website"},"datePublished":"2020-11-18T08:33:20+00:00","dateModified":"2020-11-23T12:07:37+00:00","author":{"@id":"https:\/\/w-l-c.be\/fr\/#\/schema\/person\/8084b68c6b176142d073695c654dc7cf"},"breadcrumb":{"@id":"https:\/\/w-l-c.be\/fr\/rencontre-avec-elisa-echevarria-a-laffiche-dinvisible-ok\/#breadcrumb"},"inLanguage":"fr-FR","potentialAction":[{"@type":"ReadAction","target":["https:\/\/w-l-c.be\/fr\/rencontre-avec-elisa-echevarria-a-laffiche-dinvisible-ok\/"]}]},{"@type":"BreadcrumbList","@id":"https:\/\/w-l-c.be\/fr\/rencontre-avec-elisa-echevarria-a-laffiche-dinvisible-ok\/#breadcrumb","itemListElement":[{"@type":"ListItem","position":1,"name":"Accueil","item":"https:\/\/w-l-c.be\/fr\/"},{"@type":"ListItem","position":2,"name":"Rencontre avec Elisa Echevarria, \u00e0 l&rsquo;affiche d&rsquo;Invisible"}]},{"@type":"WebSite","@id":"https:\/\/w-l-c.be\/fr\/#website","url":"https:\/\/w-l-c.be\/fr\/","name":"w-l-c","description":"Le cin\u00e9ma vu par les belges","potentialAction":[{"@type":"SearchAction","target":{"@type":"EntryPoint","urlTemplate":"https:\/\/w-l-c.be\/fr\/?s={search_term_string}"},"query-input":"required name=search_term_string"}],"inLanguage":"fr-FR"},{"@type":"Person","@id":"https:\/\/w-l-c.be\/fr\/#\/schema\/person\/8084b68c6b176142d073695c654dc7cf","name":"Aurore Engelen","url":"https:\/\/w-l-c.be\/fr\/author\/aurore-engelen\/"}]}},"_links":{"self":[{"href":"https:\/\/w-l-c.be\/fr\/wp-json\/wp\/v2\/posts\/233218","targetHints":{"allow":["GET"]}}],"collection":[{"href":"https:\/\/w-l-c.be\/fr\/wp-json\/wp\/v2\/posts"}],"about":[{"href":"https:\/\/w-l-c.be\/fr\/wp-json\/wp\/v2\/types\/post"}],"author":[{"embeddable":true,"href":"https:\/\/w-l-c.be\/fr\/wp-json\/wp\/v2\/users\/343"}],"replies":[{"embeddable":true,"href":"https:\/\/w-l-c.be\/fr\/wp-json\/wp\/v2\/comments?post=233218"}],"version-history":[{"count":0,"href":"https:\/\/w-l-c.be\/fr\/wp-json\/wp\/v2\/posts\/233218\/revisions"}],"wp:featuredmedia":[{"embeddable":true,"href":"https:\/\/w-l-c.be\/fr\/wp-json\/wp\/v2\/media\/233219"}],"wp:attachment":[{"href":"https:\/\/w-l-c.be\/fr\/wp-json\/wp\/v2\/media?parent=233218"}],"wp:term":[{"taxonomy":"category","embeddable":true,"href":"https:\/\/w-l-c.be\/fr\/wp-json\/wp\/v2\/categories?post=233218"},{"taxonomy":"post_tag","embeddable":true,"href":"https:\/\/w-l-c.be\/fr\/wp-json\/wp\/v2\/tags?post=233218"}],"curies":[{"name":"wp","href":"https:\/\/api.w.org\/{rel}","templated":true}]}}