
{"id":233664,"date":"2020-12-08T09:04:42","date_gmt":"2020-12-08T08:04:42","guid":{"rendered":"https:\/\/www.cinevox.be\/?p=233664"},"modified":"2020-12-10T20:16:10","modified_gmt":"2020-12-10T19:16:10","slug":"la-ressource-humaine-prix-du-jury-jeunes-a-aix","status":"publish","type":"post","link":"https:\/\/w-l-c.be\/fr\/la-ressource-humaine-prix-du-jury-jeunes-a-aix\/","title":{"rendered":"\u00ab\u00a0La Ressource Humaine\u00a0\u00bb Prix du Jury Jeunes \u00e0 Aix"},"content":{"rendered":"<p><strong><em>La Ressource humaine<\/em>, le deuxi\u00e8me court m\u00e9trage de la jeune r\u00e9alisatrice belge Adriana da Fonseca, a re\u00e7u ce week-end le Prix du Jury Jeune \u00e0 l&rsquo;occasion du Festival Tous Courts \u00e0 Aix-en-Provence.<\/strong><\/p>\n<p>En cette p\u00e9riode morose pour le cin\u00e9ma en grand, les responsables de festivals tentent tant bien que mal de continuer \u00e0 partager leur amour du grand \u00e9cran, quitte \u00e0 se tourner le temps qu&rsquo;il faut vers le petit. C&rsquo;est le cas notamment du Festival Tous courts \u00e0 Aix-en-Provence, dont la 38e \u00e9dition a eu lieu ce week-end en ligne. Le film belge <em>La Ressource humaine<\/em> y a re\u00e7u le Prix du Jury Jeune.<\/p>\n<div class=\"fl-module fl-module-rich-text fl-node-59f6cc4fbf006\" data-node=\"59f6cc4fbf006\">\n<div class=\"fl-module-content fl-node-content\">\n<div class=\"fl-rich-text\">\n<p><em>Camille, une jeune fille sensible, r\u00eaveuse et en apparence inadapt\u00e9e, n&rsquo;a plus le choix : elle doit travailler. Car personne n&rsquo;\u00e9chappe bien longtemps aux r\u00e8gles de la soci\u00e9t\u00e9. Elle se retrouve du jour au lendemain catapult\u00e9e dans le monde cruel et impitoyable de l&rsquo;entreprise.<\/em><\/p>\n<p>Cette fable fantaisiste et po\u00e9tique offre un portrait acide du monde de l&rsquo;entreprise, au moyen d&rsquo;une esth\u00e9tique pop et burlesque. Un peu comme les bonbons pi\u00e9g\u00e9s aux go\u00fbts inattendus, oignon quand on esp\u00e9rait bubble gum. Une approche que l&rsquo;on retrouvait d\u00e9j\u00e0 dans <em>Capote Perc\u00e9e<\/em>, le premier court m\u00e9trage de la r\u00e9alisatrice (et com\u00e9dienne, on l&rsquo;a vue notamment dans <em>Even Lovers Get The Blues<\/em>, et elle tient le r\u00f4le principal de ses deux courts m\u00e9trages), com\u00e9die musicale d\u00e9jant\u00e9e dans une cours d&rsquo;\u00e9cole peupl\u00e9e d&rsquo;adolescent\u00b7es, forc\u00e9ment cruel\u00b7les.<\/p>\n<p>En attendant ses prochains projets personnels, on retrouvera Adriana da Fonseca derri\u00e8re la cam\u00e9ra de la s\u00e9rie <a href=\"https:\/\/www.cinevox.be\/fr\/bons-baisers-de-baraki\/\"><em>Baraki<\/em><\/a>, dont elle a r\u00e9alis\u00e9 quelques \u00e9pisodes pour la RTBF.<\/p>\n<\/div>\n<\/div>\n<\/div>\n<div class=\"fl-module fl-module-heading fl-node-5f7c312f73690\" data-node=\"5f7c312f73690\">\n<div class=\"fl-module-content fl-node-content\"><\/div>\n<\/div>\n","protected":false},"excerpt":{"rendered":"<p>La Ressource humaine, le deuxi\u00e8me court m\u00e9trage de la jeune r\u00e9alisatrice belge Adriana da Fonseca, a re\u00e7u ce week-end le Prix du Jury Jeune \u00e0 l&rsquo;occasion du Festival Tous Courts \u00e0 Aix-en-Provence. En cette p\u00e9riode morose pour le cin\u00e9ma en grand, les responsables de festivals tentent tant bien que mal de continuer \u00e0 partager leur &hellip;<\/p>\n","protected":false},"author":343,"featured_media":233665,"comment_status":"closed","ping_status":"closed","sticky":false,"template":"","format":"standard","meta":{"ngg_post_thumbnail":0,"footnotes":""},"categories":[12],"tags":[5597,4187],"class_list":["post-233664","post","type-post","status-publish","format-standard","has-post-thumbnail","","category-awards","tag-adriana-da-fonseca","tag-newsletter-fr"],"yoast_head":"<!-- This site is optimized with the Yoast SEO plugin v20.4 - https:\/\/yoast.com\/wordpress\/plugins\/seo\/ -->\n<title>&quot;La Ressource Humaine&quot; Prix du Jury Jeunes \u00e0 Aix - w-l-c<\/title>\n<meta name=\"robots\" content=\"noindex, follow, max-snippet:-1, max-image-preview:large, max-video-preview:-1\" \/>\n<meta property=\"og:locale\" content=\"fr_FR\" \/>\n<meta property=\"og:type\" content=\"article\" \/>\n<meta property=\"og:title\" content=\"&quot;La Ressource Humaine&quot; Prix du Jury Jeunes \u00e0 Aix - w-l-c\" \/>\n<meta property=\"og:description\" content=\"La Ressource humaine, le deuxi\u00e8me court m\u00e9trage de la jeune r\u00e9alisatrice belge Adriana da Fonseca, a re\u00e7u ce week-end le Prix du Jury Jeune \u00e0 l&rsquo;occasion du Festival Tous Courts \u00e0 Aix-en-Provence. En cette p\u00e9riode morose pour le cin\u00e9ma en grand, les responsables de festivals tentent tant bien que mal de continuer \u00e0 partager leur &hellip;\" \/>\n<meta property=\"og:url\" content=\"https:\/\/w-l-c.be\/fr\/la-ressource-humaine-prix-du-jury-jeunes-a-aix\/\" \/>\n<meta property=\"og:site_name\" content=\"w-l-c\" \/>\n<meta property=\"article:published_time\" content=\"2020-12-08T08:04:42+00:00\" \/>\n<meta property=\"article:modified_time\" content=\"2020-12-10T19:16:10+00:00\" \/>\n<meta property=\"og:image\" content=\"https:\/\/w-l-c.be\/wp-content\/uploads\/2020\/12\/La-Ressource-Humaine.jpg\" \/>\n\t<meta property=\"og:image:width\" content=\"2048\" \/>\n\t<meta property=\"og:image:height\" content=\"858\" \/>\n\t<meta property=\"og:image:type\" content=\"image\/jpeg\" \/>\n<meta name=\"author\" content=\"Aurore Engelen\" \/>\n<meta name=\"twitter:card\" content=\"summary_large_image\" \/>\n<meta name=\"twitter:label1\" content=\"\u00c9crit par\" \/>\n\t<meta name=\"twitter:data1\" content=\"Aurore Engelen\" \/>\n\t<meta name=\"twitter:label2\" content=\"Dur\u00e9e de lecture estim\u00e9e\" \/>\n\t<meta name=\"twitter:data2\" content=\"1 minute\" \/>\n<script type=\"application\/ld+json\" class=\"yoast-schema-graph\">{\"@context\":\"https:\/\/schema.org\",\"@graph\":[{\"@type\":\"WebPage\",\"@id\":\"https:\/\/w-l-c.be\/fr\/la-ressource-humaine-prix-du-jury-jeunes-a-aix\/\",\"url\":\"https:\/\/w-l-c.be\/fr\/la-ressource-humaine-prix-du-jury-jeunes-a-aix\/\",\"name\":\"\\\"La Ressource Humaine\\\" Prix du Jury Jeunes \u00e0 Aix - w-l-c\",\"isPartOf\":{\"@id\":\"https:\/\/w-l-c.be\/fr\/#website\"},\"datePublished\":\"2020-12-08T08:04:42+00:00\",\"dateModified\":\"2020-12-10T19:16:10+00:00\",\"author\":{\"@id\":\"https:\/\/w-l-c.be\/fr\/#\/schema\/person\/8084b68c6b176142d073695c654dc7cf\"},\"breadcrumb\":{\"@id\":\"https:\/\/w-l-c.be\/fr\/la-ressource-humaine-prix-du-jury-jeunes-a-aix\/#breadcrumb\"},\"inLanguage\":\"fr-FR\",\"potentialAction\":[{\"@type\":\"ReadAction\",\"target\":[\"https:\/\/w-l-c.be\/fr\/la-ressource-humaine-prix-du-jury-jeunes-a-aix\/\"]}]},{\"@type\":\"BreadcrumbList\",\"@id\":\"https:\/\/w-l-c.be\/fr\/la-ressource-humaine-prix-du-jury-jeunes-a-aix\/#breadcrumb\",\"itemListElement\":[{\"@type\":\"ListItem\",\"position\":1,\"name\":\"Accueil\",\"item\":\"https:\/\/w-l-c.be\/fr\/\"},{\"@type\":\"ListItem\",\"position\":2,\"name\":\"\u00ab\u00a0La Ressource Humaine\u00a0\u00bb Prix du Jury Jeunes \u00e0 Aix\"}]},{\"@type\":\"WebSite\",\"@id\":\"https:\/\/w-l-c.be\/fr\/#website\",\"url\":\"https:\/\/w-l-c.be\/fr\/\",\"name\":\"w-l-c\",\"description\":\"Le cin\u00e9ma vu par les belges\",\"potentialAction\":[{\"@type\":\"SearchAction\",\"target\":{\"@type\":\"EntryPoint\",\"urlTemplate\":\"https:\/\/w-l-c.be\/fr\/?s={search_term_string}\"},\"query-input\":\"required name=search_term_string\"}],\"inLanguage\":\"fr-FR\"},{\"@type\":\"Person\",\"@id\":\"https:\/\/w-l-c.be\/fr\/#\/schema\/person\/8084b68c6b176142d073695c654dc7cf\",\"name\":\"Aurore Engelen\",\"url\":\"https:\/\/w-l-c.be\/fr\/author\/aurore-engelen\/\"}]}<\/script>\n<!-- \/ Yoast SEO plugin. -->","yoast_head_json":{"title":"\"La Ressource Humaine\" Prix du Jury Jeunes \u00e0 Aix - w-l-c","robots":{"index":"noindex","follow":"follow","max-snippet":"max-snippet:-1","max-image-preview":"max-image-preview:large","max-video-preview":"max-video-preview:-1"},"og_locale":"fr_FR","og_type":"article","og_title":"\"La Ressource Humaine\" Prix du Jury Jeunes \u00e0 Aix - w-l-c","og_description":"La Ressource humaine, le deuxi\u00e8me court m\u00e9trage de la jeune r\u00e9alisatrice belge Adriana da Fonseca, a re\u00e7u ce week-end le Prix du Jury Jeune \u00e0 l&rsquo;occasion du Festival Tous Courts \u00e0 Aix-en-Provence. En cette p\u00e9riode morose pour le cin\u00e9ma en grand, les responsables de festivals tentent tant bien que mal de continuer \u00e0 partager leur &hellip;","og_url":"https:\/\/w-l-c.be\/fr\/la-ressource-humaine-prix-du-jury-jeunes-a-aix\/","og_site_name":"w-l-c","article_published_time":"2020-12-08T08:04:42+00:00","article_modified_time":"2020-12-10T19:16:10+00:00","og_image":[{"width":2048,"height":858,"url":"https:\/\/w-l-c.be\/wp-content\/uploads\/2020\/12\/La-Ressource-Humaine.jpg","type":"image\/jpeg"}],"author":"Aurore Engelen","twitter_card":"summary_large_image","twitter_misc":{"\u00c9crit par":"Aurore Engelen","Dur\u00e9e de lecture estim\u00e9e":"1 minute"},"schema":{"@context":"https:\/\/schema.org","@graph":[{"@type":"WebPage","@id":"https:\/\/w-l-c.be\/fr\/la-ressource-humaine-prix-du-jury-jeunes-a-aix\/","url":"https:\/\/w-l-c.be\/fr\/la-ressource-humaine-prix-du-jury-jeunes-a-aix\/","name":"\"La Ressource Humaine\" Prix du Jury Jeunes \u00e0 Aix - w-l-c","isPartOf":{"@id":"https:\/\/w-l-c.be\/fr\/#website"},"datePublished":"2020-12-08T08:04:42+00:00","dateModified":"2020-12-10T19:16:10+00:00","author":{"@id":"https:\/\/w-l-c.be\/fr\/#\/schema\/person\/8084b68c6b176142d073695c654dc7cf"},"breadcrumb":{"@id":"https:\/\/w-l-c.be\/fr\/la-ressource-humaine-prix-du-jury-jeunes-a-aix\/#breadcrumb"},"inLanguage":"fr-FR","potentialAction":[{"@type":"ReadAction","target":["https:\/\/w-l-c.be\/fr\/la-ressource-humaine-prix-du-jury-jeunes-a-aix\/"]}]},{"@type":"BreadcrumbList","@id":"https:\/\/w-l-c.be\/fr\/la-ressource-humaine-prix-du-jury-jeunes-a-aix\/#breadcrumb","itemListElement":[{"@type":"ListItem","position":1,"name":"Accueil","item":"https:\/\/w-l-c.be\/fr\/"},{"@type":"ListItem","position":2,"name":"\u00ab\u00a0La Ressource Humaine\u00a0\u00bb Prix du Jury Jeunes \u00e0 Aix"}]},{"@type":"WebSite","@id":"https:\/\/w-l-c.be\/fr\/#website","url":"https:\/\/w-l-c.be\/fr\/","name":"w-l-c","description":"Le cin\u00e9ma vu par les belges","potentialAction":[{"@type":"SearchAction","target":{"@type":"EntryPoint","urlTemplate":"https:\/\/w-l-c.be\/fr\/?s={search_term_string}"},"query-input":"required name=search_term_string"}],"inLanguage":"fr-FR"},{"@type":"Person","@id":"https:\/\/w-l-c.be\/fr\/#\/schema\/person\/8084b68c6b176142d073695c654dc7cf","name":"Aurore Engelen","url":"https:\/\/w-l-c.be\/fr\/author\/aurore-engelen\/"}]}},"_links":{"self":[{"href":"https:\/\/w-l-c.be\/fr\/wp-json\/wp\/v2\/posts\/233664","targetHints":{"allow":["GET"]}}],"collection":[{"href":"https:\/\/w-l-c.be\/fr\/wp-json\/wp\/v2\/posts"}],"about":[{"href":"https:\/\/w-l-c.be\/fr\/wp-json\/wp\/v2\/types\/post"}],"author":[{"embeddable":true,"href":"https:\/\/w-l-c.be\/fr\/wp-json\/wp\/v2\/users\/343"}],"replies":[{"embeddable":true,"href":"https:\/\/w-l-c.be\/fr\/wp-json\/wp\/v2\/comments?post=233664"}],"version-history":[{"count":0,"href":"https:\/\/w-l-c.be\/fr\/wp-json\/wp\/v2\/posts\/233664\/revisions"}],"wp:featuredmedia":[{"embeddable":true,"href":"https:\/\/w-l-c.be\/fr\/wp-json\/wp\/v2\/media\/233665"}],"wp:attachment":[{"href":"https:\/\/w-l-c.be\/fr\/wp-json\/wp\/v2\/media?parent=233664"}],"wp:term":[{"taxonomy":"category","embeddable":true,"href":"https:\/\/w-l-c.be\/fr\/wp-json\/wp\/v2\/categories?post=233664"},{"taxonomy":"post_tag","embeddable":true,"href":"https:\/\/w-l-c.be\/fr\/wp-json\/wp\/v2\/tags?post=233664"}],"curies":[{"name":"wp","href":"https:\/\/api.w.org\/{rel}","templated":true}]}}