
{"id":233921,"date":"2020-12-30T14:27:01","date_gmt":"2020-12-30T13:27:01","guid":{"rendered":"https:\/\/www.cinevox.be\/?p=233921"},"modified":"2021-01-04T13:26:00","modified_gmt":"2021-01-04T12:26:00","slug":"flashforward-2021-les-comedien%c2%b7nes-belges-en-haut-de-laffiche","status":"publish","type":"post","link":"https:\/\/w-l-c.be\/fr\/flashforward-2021-les-comedien%c2%b7nes-belges-en-haut-de-laffiche\/","title":{"rendered":"Flashforward 2021: les com\u00e9dien\u00b7nes belges en haut de l&rsquo;affiche"},"content":{"rendered":"<p><strong>C&rsquo;est peu de dire que l&rsquo;on a h\u00e2te de retourner au cin\u00e9ma, et de retrouver nos talents dans toute leur richesse et leur diversit\u00e9. Nous avons fait le point hier sur les films belges attendus pour 2021, jetons un peu un oeil (non exhaustif, bien s\u00fbr!) au programme des festivit\u00e9s concernant les com\u00e9dien\u00b7nes belges&#8230;<\/strong><\/p>\n<h4>Virginie Efira sur tous les fronts&#8230;<\/h4>\n<p>Les ann\u00e9es se suivent, et aussi exceptionnelles soient-elles, se ressemblent parfois un peu. Ainsi ces derni\u00e8res ann\u00e9es, difficile d&rsquo;\u00e9chapper \u00e0 l&rsquo;explosion de la carri\u00e8re de Virginie Efira, dont les r\u00f4les marquants se succ\u00e8dent, ajoutant chaque fois une nouvelle teinte \u00e0 la riche palette de son jeu. Ainsi l&rsquo;a-t-on vue cette ann\u00e9e dans <a href=\"https:\/\/www.cinevox.be\/fr\/police-virginie-efira-entre-transgression-et-melancolie\/\"><em>Police<\/em><\/a> d&rsquo;Anne Fontaine, et <a href=\"https:\/\/www.cinevox.be\/fr\/adieu-les-cons-comedie-du-desespoir\/\"><em>Adieu les cons<\/em><\/a> d&rsquo;Albert Dupontel.<\/p>\n<p><img loading=\"lazy\" decoding=\"async\" class=\"alignnone size-large wp-image-234267\" src=\"https:\/\/www.cinevox.be\/wp-content\/uploads\/2020\/12\/Benedetta-800x533.jpg\" alt=\"\" width=\"618\" height=\"412\" srcset=\"https:\/\/w-l-c.be\/wp-content\/uploads\/2020\/12\/Benedetta-800x533.jpg 800w, https:\/\/w-l-c.be\/wp-content\/uploads\/2020\/12\/Benedetta-405x270.jpg 405w, https:\/\/w-l-c.be\/wp-content\/uploads\/2020\/12\/Benedetta-768x512.jpg 768w, https:\/\/w-l-c.be\/wp-content\/uploads\/2020\/12\/Benedetta.jpg 1200w\" sizes=\"auto, (max-width: 618px) 100vw, 618px\" \/><\/p>\n<p>On l&rsquo;esp\u00e9rait \u00e0 Cannes dans <strong><em>Benedetta<\/em><\/strong> de Paul Verhoeven, biopic historique qui s&rsquo;annonce sulfureux, on devrait le d\u00e9couvrir cette ann\u00e9e, de m\u00eame que <strong><em>Madeleine Collins<\/em><\/strong> d&rsquo;Antoine Barraud, <em><strong>En attendant Bojangles<\/strong><\/em>, l&rsquo;adaptation du succ\u00e8s de librairie \u00e9ponyme par R\u00e9gis Roinsard, o\u00f9 elle tourne pour la premi\u00e8re fois avec Romain Duris, ou encore <strong><em>Lui<\/em><\/strong>, film \u00ab\u00a0surprise\u00a0\u00bb tourn\u00e9 en quelques jours par Guillaume Canet \u00e0 la fin de l&rsquo;\u00e9t\u00e9, avec un casting de haut vol: Canet lui-m\u00eame, mais aussi Laetitia Casta, Patrick Chesnais, Matthieu Kassovitz et Nathalie Baye.<\/p>\n<p>&nbsp;<\/p>\n<h4>Hyperactif Beno\u00eet Poelvoorde<\/h4>\n<p>Il y a quelques semaines \u00e9tait publi\u00e9 un <a href=\"https:\/\/www.cinevox.be\/fr\/benoit-poelvoorde-et-francois-damiens-en-freestyle-dans-le-teaser-adieu-paris-dedouard-baer\/\">teaser<\/a> surprise, tourn\u00e9 sur le set d&rsquo;<strong><em>Adieu Paris<\/em><\/strong>, le nouveau film d&rsquo;Edouard Baer, dans lequel Beno\u00eet Poelvoorde jouait les ma\u00eetres chanteurs\/ animateurs, invitant Fran\u00e7ois Damiens et le r\u00e9alisateur \u00e0 le rejoindre au coin du piano. C&rsquo;est dire que c&rsquo;est avec une impatience certaine que l&rsquo;on attend la rencontre cin\u00e9matographique de cet explosif trio.<\/p>\n<p>Le com\u00e9dien belge sera \u00e9galement \u00e0 l&rsquo;affiche de nombreux films d\u00e9j\u00e0 tourn\u00e9s, \u00e0 commencer par <em><strong>P<\/strong><strong>rofession du P\u00e8re<\/strong> <\/em>de Jean-Pierre Am\u00e9ris, dont la sortie automnale a d\u00fb \u00eatre repouss\u00e9e, une adaptation l\u00e0 encore du roman \u00e9ponyme de Sojr Chalandon. Il y tient le r\u00f4le principal aux c\u00f4t\u00e9s de <strong>Jules Lefebvre<\/strong>, le jeune com\u00e9dien belge r\u00e9v\u00e9l\u00e9 par <em>Duelles<\/em> d&rsquo;Olivier Masset-Depasse. Sortie pour l&rsquo;instant pr\u00e9vue en f\u00e9vrier.<\/p>\n<p><iframe loading=\"lazy\" title=\"PROFESSION DU PERE Bande Annonce VF (2020) Beno\u00eet Poelvoorde\" width=\"618\" height=\"348\" src=\"https:\/\/www.youtube.com\/embed\/EHfvECGMmdQ?feature=oembed\" frameborder=\"0\" allow=\"accelerometer; autoplay; clipboard-write; encrypted-media; gyroscope; picture-in-picture; web-share\" referrerpolicy=\"strict-origin-when-cross-origin\" allowfullscreen><\/iframe><\/p>\n<p>On le retrouvera \u00e9galement le 31 mars \u00e0 l&rsquo;affiche de <strong><em>Myst\u00e8re \u00e0 Saint Tropez<\/em><\/strong>, com\u00e9die y\u00e9y\u00e9 o\u00f9 il interpr\u00e8te un milliardaire ami avec Chirac, qui se retrouve aux prises avec un policier s\u00e9rieusement m\u00e9diocre interpr\u00e9t\u00e9 par Christian Clavier. Rencontre explosive l\u00e0 aussi s&rsquo;il en est! Il y croisera aussi <strong>Virginie Hocq<\/strong>, qui vient de tourner <em>Barbaque <\/em>sous la direction de Fabrice Ebou\u00e9, avec Marina Fo\u00efs.<\/p>\n<p>Plus surprenant, il jouera les super-h\u00e9ros aux c\u00f4t\u00e9s de Le\u00efla Bekhti, Pio Marma\u00ef, Vimala Pons et Swann Arlaud dans <em><strong>Comment je suis devenu un super h\u00e9ros<\/strong><\/em> de Douglas Attal, que l&rsquo;on annonce le 21 avril. On retrouve \u00e9galement au g\u00e9n\u00e9rique de cet ambitieux projet la jeune com\u00e9dienne belge <strong>L\u00e9onie Souchaud,<\/strong> vue r\u00e9cemment dans<em> La For\u00eat de mon p\u00e8re<\/em>.<\/p>\n<p><iframe loading=\"lazy\" src=\"https:\/\/www.youtube.com\/embed\/egIN2QmAa5o\" width=\"560\" height=\"315\" frameborder=\"0\" allowfullscreen=\"allowfullscreen\"><\/iframe><\/p>\n<p>Enfin, il est \u00e9galement le h\u00e9ros du prochain film de Fabrice du Welz, <strong><em>Inexorable<\/em><\/strong>, tourn\u00e9 cet \u00e9t\u00e9, et que l&rsquo;on pourrait bien retrouver sur grand \u00e9cran d&rsquo;ici fin 2021.<\/p>\n<p>&nbsp;<\/p>\n<h4>St\u00e9phane de Groodt, King of Comedy<\/h4>\n<p>Le nom du com\u00e9dien belge devrait s&rsquo;afficher sur toutes les colonnes Morris de la capitale fran\u00e7aise d\u00e8s la r\u00e9ouverture des salles, puisqu&rsquo;il est au g\u00e9n\u00e9rique de com\u00e9dies qui devraient rapidement sortir, notamment <em><strong>Tout nous sourit<\/strong><\/em> de Melissa Drigeart, avec Elsa Zylberstein, deux fois prim\u00e9 aux Festival de Com\u00e9die de l&rsquo;Alpe d&rsquo;Huez, <strong><em>Chacun chez soi<\/em><\/strong>, de et avec Mich\u00e8le Laroque, ou encore <strong><em>Tendre et saignant<\/em><\/strong>, com\u00e9die chorale de Christopher Tomson.<\/p>\n<figure id=\"attachment_234280\" aria-describedby=\"caption-attachment-234280\" style=\"width: 618px\" class=\"wp-caption alignnone\"><img loading=\"lazy\" decoding=\"async\" class=\"size-large wp-image-234280\" src=\"https:\/\/www.cinevox.be\/wp-content\/uploads\/2020\/12\/tout-nous-sourit-800x450.jpg\" alt=\"\" width=\"618\" height=\"348\" srcset=\"https:\/\/w-l-c.be\/wp-content\/uploads\/2020\/12\/tout-nous-sourit-800x450.jpg 800w, https:\/\/w-l-c.be\/wp-content\/uploads\/2020\/12\/tout-nous-sourit-480x270.jpg 480w, https:\/\/w-l-c.be\/wp-content\/uploads\/2020\/12\/tout-nous-sourit-200x113.jpg 200w, https:\/\/w-l-c.be\/wp-content\/uploads\/2020\/12\/tout-nous-sourit-768x432.jpg 768w, https:\/\/w-l-c.be\/wp-content\/uploads\/2020\/12\/tout-nous-sourit-599x337.jpg 599w, https:\/\/w-l-c.be\/wp-content\/uploads\/2020\/12\/tout-nous-sourit.jpg 1280w\" sizes=\"auto, (max-width: 618px) 100vw, 618px\" \/><figcaption id=\"caption-attachment-234280\" class=\"wp-caption-text\">\u00ab\u00a0Tout nous sourit\u00a0\u00bb<\/figcaption><\/figure>\n<p>Il a par ailleurs retrouv\u00e9 Elsa Zylberstein en octobre dernier le tournage de <em><strong>Big Bug<\/strong><\/em>, le nouveau film de Jean-Pierre Jeunet, produit par Netflix. Enfin, il est \u00e9galement l&rsquo;un des h\u00e9ros pour une autre plateforme (Amazon) de <strong><em>Connect\u00e9s<\/em><\/strong>, film sur le confinement sorti il y a quelques semaines.<\/p>\n<p>&nbsp;<\/p>\n<h4>J\u00e9r\u00e9mie Renier hors piste<\/h4>\n<p>On attendait J\u00e9r\u00e9mie Renier cette ann\u00e9e dans deux r\u00f4les forts qui viennent enrichir sa carri\u00e8re d\u00e9j\u00e0 dense. Dans <strong><em>Slalom<\/em><\/strong> de Charl\u00e8ne Favier, il joue un entra\u00eeneur de ski dont l&#8217;emprise sur sa jeune pupille d\u00e9g\u00e9n\u00e8re. Dans <em><strong>L&rsquo;Ennemi<\/strong><\/em>, de Stephan Streker, il incarne un jeune homme politique belge aux dents longues, accus\u00e9 du meurtre de sa femme. Toute ressemblance avec une histoire vraie&#8230; Les deux films sortiront finalement cette ann\u00e9e.<\/p>\n<figure id=\"attachment_228955\" aria-describedby=\"caption-attachment-228955\" style=\"width: 618px\" class=\"wp-caption alignnone\"><img loading=\"lazy\" decoding=\"async\" class=\"wp-image-228955 size-large\" src=\"https:\/\/www.cinevox.be\/wp-content\/uploads\/2020\/06\/jour2fete-slalom-image-2189-800x400.jpg\" alt=\"\" width=\"618\" height=\"309\" srcset=\"https:\/\/w-l-c.be\/wp-content\/uploads\/2020\/06\/jour2fete-slalom-image-2189-800x400.jpg 800w, https:\/\/w-l-c.be\/wp-content\/uploads\/2020\/06\/jour2fete-slalom-image-2189-480x240.jpg 480w, https:\/\/w-l-c.be\/wp-content\/uploads\/2020\/06\/jour2fete-slalom-image-2189-768x384.jpg 768w, https:\/\/w-l-c.be\/wp-content\/uploads\/2020\/06\/jour2fete-slalom-image-2189-1536x768.jpg 1536w, https:\/\/w-l-c.be\/wp-content\/uploads\/2020\/06\/jour2fete-slalom-image-2189-660x330.jpg 660w, https:\/\/w-l-c.be\/wp-content\/uploads\/2020\/06\/jour2fete-slalom-image-2189-1050x525.jpg 1050w, https:\/\/w-l-c.be\/wp-content\/uploads\/2020\/06\/jour2fete-slalom-image-2189.jpg 2000w\" sizes=\"auto, (max-width: 618px) 100vw, 618px\" \/><figcaption id=\"caption-attachment-228955\" class=\"wp-caption-text\">\u00ab\u00a0Slalom\u00a0\u00bb<\/figcaption><\/figure>\n<p>Mais le com\u00e9dien belge sera \u00e9galement \u00e0 l&rsquo;affiche du nouveau film de Xavier Beauvois, <em><strong>Albatros<\/strong><\/em>, o\u00f9 il interpr\u00e8te un commandant de gendarmerie dont la vie est boulevers\u00e9e par une mission qui tourne au drame. J\u00e9r\u00e9mie Renier vient \u00e9galement de tourner dans <em><strong>L&rsquo;Homme de la cave<\/strong><\/em>, de Philippe Le Guay, aux c\u00f4t\u00e9s de Fran\u00e7ois Cluzet, B\u00e9r\u00e9nice Bejo et Jonathan Zacca\u00ef, ainsi que dans <strong><em>La Vie dans les bois<\/em><\/strong> de Fran\u00e7ois Pirot, que l&rsquo;on ne devrait n\u00e9anmoins pas d\u00e9couvrir avant 2022&#8230;<\/p>\n<p>&nbsp;<\/p>\n<h4>Le retour de C\u00e9cile de France<\/h4>\n<p>En 2020, on pensait apercevoir la com\u00e9dienne belge \u00e0 Cannes dans <em><strong>The French Dispatch<\/strong><\/em>, le nouveau film de Wes Anderson, on l&rsquo;a finalement vue dans <strong><em>The New Pope<\/em><\/strong>, la s\u00e9rie \u00e9v\u00e8nement de Paolo Sorrentino avec John Malkovich et Jude Law.<\/p>\n<figure id=\"attachment_234282\" aria-describedby=\"caption-attachment-234282\" style=\"width: 670px\" class=\"wp-caption alignnone\"><img loading=\"lazy\" decoding=\"async\" class=\"size-full wp-image-234282\" src=\"https:\/\/www.cinevox.be\/wp-content\/uploads\/2020\/12\/The-New-Pope-Canal-Cecile-de-France-John-Malkovich-me-fascinait.jpg\" alt=\"\" width=\"670\" height=\"440\" srcset=\"https:\/\/w-l-c.be\/wp-content\/uploads\/2020\/12\/The-New-Pope-Canal-Cecile-de-France-John-Malkovich-me-fascinait.jpg 670w, https:\/\/w-l-c.be\/wp-content\/uploads\/2020\/12\/The-New-Pope-Canal-Cecile-de-France-John-Malkovich-me-fascinait-411x270.jpg 411w, https:\/\/w-l-c.be\/wp-content\/uploads\/2020\/12\/The-New-Pope-Canal-Cecile-de-France-John-Malkovich-me-fascinait-310x205.jpg 310w\" sizes=\"auto, (max-width: 670px) 100vw, 670px\" \/><figcaption id=\"caption-attachment-234282\" class=\"wp-caption-text\">C\u00e9cile de France et John Malkovich dans \u00ab\u00a0The New Pope\u00a0\u00bb<\/figcaption><\/figure>\n<p>En 2021, on la verra dans <em><strong>Les Illusions perdues<\/strong><\/em>, l&rsquo;ambitieuse adaptation du classique balzacien imagin\u00e9e par le cin\u00e9aste fran\u00e7ais Xavier Giannoli, qui reforme donc le duo de <em>Quand j&rsquo;\u00e9tais chanteur<\/em> (2006), C\u00e9cile de France et G\u00e9rard Depardieu. Lucien de Rubempr\u00e9 sera incarn\u00e9 par Benjamin Voisin, tandis que l&rsquo;on croisera \u00e9galement Xavier Dolan, Vincent Lacoste, Jeanne Balibar, et la jeune com\u00e9dienne belge <strong>Salom\u00e9 Dewaels<\/strong> vue cette ann\u00e9e dans <em>Filles de Joie<\/em> d&rsquo;Anne Paulicevich et Fr\u00e9d\u00e9ric Fonteyne.<\/p>\n<p>On retrouvera peut-\u00eatre encore en 2021 C\u00e9cile de France dans<strong><em> Les Jeunes Amants<\/em><\/strong> de Carine Tardieu (qu&rsquo;elle retrouve donc apr\u00e8s le tr\u00e8s r\u00e9ussi <em>Otez-moi d&rsquo;un doute<\/em>), dont elle partage l&rsquo;affiche avec Fanny Ardant et Melvil Poupaud, mais aussi <strong>Laurent Capelluto<\/strong>.<\/p>\n<p>&nbsp;<\/p>\n<h4>Des Belges \u00e0 tous les \u00e9tages<\/h4>\n<p>Impossible bien s\u00fbr d&rsquo;\u00eatre exhaustif tant les com\u00e9dien\u00b7nes belges seront pr\u00e9sent\u00b7es sur petit et grand \u00e9cran, en Belgique, en France et ailleurs l&rsquo;ann\u00e9e prochaine!<\/p>\n<p>On retiendra n\u00e9anmoins les retrouvailles de <strong>Bouli Lanners<\/strong> et <strong>Fran\u00e7ois Damiens<\/strong>, 10 ans apr\u00e8s <em>Rien \u00e0 d\u00e9clarer<\/em>, dans un tout autre registre \u00e0 l&rsquo;affiche de <em><strong>Cette musique ne joue pour personne<\/strong><\/em> de et avec Samuel Benchetrit, o\u00f9 ils auront pour partenaires de jeu Vanessa Paradis, Ramzy Bedia, Gustvave Kervern ou encore Joey Starr. Quant \u00e0 Bouli Lanners, il a achev\u00e9 il y a quelques semaines le tournage marathon de la saison 2 de l&rsquo;excellente s\u00e9rie de Thomas Lilti, <strong><em>Hippocrate<\/em><\/strong>, avec Louise Bourgoin, Karim Leclou et Alice Bela\u00efdi, en attendant la sortie de son nouveau film, <strong><em>Nobody Has To Know.<\/em><\/strong><\/p>\n<figure id=\"attachment_234271\" aria-describedby=\"caption-attachment-234271\" style=\"width: 618px\" class=\"wp-caption alignnone\"><img loading=\"lazy\" decoding=\"async\" class=\"wp-image-234271 size-large\" src=\"https:\/\/www.cinevox.be\/wp-content\/uploads\/2020\/12\/CetteMusique-800x533.jpeg\" alt=\"\" width=\"618\" height=\"412\" srcset=\"https:\/\/w-l-c.be\/wp-content\/uploads\/2020\/12\/CetteMusique-800x533.jpeg 800w, https:\/\/w-l-c.be\/wp-content\/uploads\/2020\/12\/CetteMusique-405x270.jpeg 405w, https:\/\/w-l-c.be\/wp-content\/uploads\/2020\/12\/CetteMusique-768x512.jpeg 768w, https:\/\/w-l-c.be\/wp-content\/uploads\/2020\/12\/CetteMusique.jpeg 1280w\" sizes=\"auto, (max-width: 618px) 100vw, 618px\" \/><figcaption id=\"caption-attachment-234271\" class=\"wp-caption-text\">Fran\u00e7ois Damiens, Bouli Lanners, Joey Starr, Ramzy Bedia et Gustave Kervern dans \u00ab\u00a0Cette musique ne joue pour personne\u00a0\u00bb<\/figcaption><\/figure>\n<p>On a vu et ador\u00e9 cette ann\u00e9e <strong>Yolande Moreau<\/strong> dans <em>La Bonne \u00e9pouse<\/em> de Martin Provost, on la retrouvera en 2021 dans <strong><em>Za\u00ef Za\u00ef Za\u00ef Za\u00ef<\/em> <\/strong>de Fran\u00e7ois Desagnat, com\u00e9die d\u00e9jant\u00e9e avec Jean-Paul Rouve et Julie Depardieu, adapt\u00e9e de la BD bestseller de Caro. Elle sera \u00e9galement \u00e0 l&rsquo;affiche du film de Pascal Rabat\u00e9, <strong><em>Les Sans dents,<\/em><\/strong> avec Fran\u00e7ois Morel et Gustave Kervern.<\/p>\n<figure id=\"attachment_234273\" aria-describedby=\"caption-attachment-234273\" style=\"width: 618px\" class=\"wp-caption alignnone\"><img loading=\"lazy\" decoding=\"async\" class=\"wp-image-234273 size-large\" src=\"https:\/\/www.cinevox.be\/wp-content\/uploads\/2020\/12\/les-sans-dents-800x432.jpg\" alt=\"\" width=\"618\" height=\"334\" srcset=\"https:\/\/w-l-c.be\/wp-content\/uploads\/2020\/12\/les-sans-dents-800x432.jpg 800w, https:\/\/w-l-c.be\/wp-content\/uploads\/2020\/12\/les-sans-dents-480x259.jpg 480w, https:\/\/w-l-c.be\/wp-content\/uploads\/2020\/12\/les-sans-dents-768x415.jpg 768w, https:\/\/w-l-c.be\/wp-content\/uploads\/2020\/12\/les-sans-dents.jpg 1023w\" sizes=\"auto, (max-width: 618px) 100vw, 618px\" \/><figcaption id=\"caption-attachment-234273\" class=\"wp-caption-text\">\u00ab\u00a0Les Sans Dents\u00a0\u00bb<\/figcaption><\/figure>\n<p>Enfin, alors qu&rsquo;on attend avec impatience la sortie de <em>Une vie d\u00e9mente<\/em>, le premier film d&rsquo;Ann Sirot et Rapha\u00ebl Balboni dont elle tient l&rsquo;un des r\u00f4les principaux aux c\u00f4t\u00e9s de Jo Deseure et Jean Le Peltier, on devrait \u00e9galement voir la jeune com\u00e9dienne <strong>Lucie Debay<\/strong> dans deux autres longs m\u00e9trages fran\u00e7ais, <strong><em>A la folie<\/em><\/strong>, d&rsquo;Audrey Estrougo, o\u00f9 elle retrouvera \u00e9galement une autre com\u00e9dienne belge, <strong>Anne Coesens<\/strong>, et <strong><em>Si demain<\/em><\/strong>, de Fabienne Godet, avec Julie Moulier et Arnaud Valois.<\/p>\n<div>\n<div><\/div>\n<\/div>\n","protected":false},"excerpt":{"rendered":"<p>C&rsquo;est peu de dire que l&rsquo;on a h\u00e2te de retourner au cin\u00e9ma, et de retrouver nos talents dans toute leur richesse et leur diversit\u00e9. Nous avons fait le point hier sur les films belges attendus pour 2021, jetons un peu un oeil (non exhaustif, bien s\u00fbr!) au programme des festivit\u00e9s concernant les com\u00e9dien\u00b7nes belges&#8230; Virginie &hellip;<\/p>\n","protected":false},"author":343,"featured_media":234277,"comment_status":"closed","ping_status":"closed","sticky":false,"template":"","format":"standard","meta":{"ngg_post_thumbnail":0,"footnotes":""},"categories":[53],"tags":[4187],"class_list":["post-233921","post","type-post","status-publish","format-standard","has-post-thumbnail","","category-coming-soon","tag-newsletter-fr"],"yoast_head":"<!-- This site is optimized with the Yoast SEO plugin v20.4 - https:\/\/yoast.com\/wordpress\/plugins\/seo\/ -->\n<title>Flashforward 2021: les com\u00e9dien\u00b7nes belges en haut de l&#039;affiche - w-l-c<\/title>\n<meta name=\"robots\" content=\"noindex, follow, max-snippet:-1, max-image-preview:large, max-video-preview:-1\" \/>\n<meta property=\"og:locale\" content=\"fr_FR\" \/>\n<meta property=\"og:type\" content=\"article\" \/>\n<meta property=\"og:title\" content=\"Flashforward 2021: les com\u00e9dien\u00b7nes belges en haut de l&#039;affiche - w-l-c\" \/>\n<meta property=\"og:description\" content=\"C&rsquo;est peu de dire que l&rsquo;on a h\u00e2te de retourner au cin\u00e9ma, et de retrouver nos talents dans toute leur richesse et leur diversit\u00e9. Nous avons fait le point hier sur les films belges attendus pour 2021, jetons un peu un oeil (non exhaustif, bien s\u00fbr!) au programme des festivit\u00e9s concernant les com\u00e9dien\u00b7nes belges&#8230; Virginie &hellip;\" \/>\n<meta property=\"og:url\" content=\"https:\/\/w-l-c.be\/fr\/flashforward-2021-les-comedien\u00b7nes-belges-en-haut-de-laffiche\/\" \/>\n<meta property=\"og:site_name\" content=\"w-l-c\" \/>\n<meta property=\"article:published_time\" content=\"2020-12-30T13:27:01+00:00\" \/>\n<meta property=\"article:modified_time\" content=\"2021-01-04T12:26:00+00:00\" \/>\n<meta property=\"og:image\" content=\"https:\/\/w-l-c.be\/wp-content\/uploads\/2020\/12\/Sans-titre-2.jpg\" \/>\n\t<meta property=\"og:image:width\" content=\"1447\" \/>\n\t<meta property=\"og:image:height\" content=\"714\" \/>\n\t<meta property=\"og:image:type\" content=\"image\/jpeg\" \/>\n<meta name=\"author\" content=\"Aurore Engelen\" \/>\n<meta name=\"twitter:card\" content=\"summary_large_image\" \/>\n<meta name=\"twitter:label1\" content=\"\u00c9crit par\" \/>\n\t<meta name=\"twitter:data1\" content=\"Aurore Engelen\" \/>\n\t<meta name=\"twitter:label2\" content=\"Dur\u00e9e de lecture estim\u00e9e\" \/>\n\t<meta name=\"twitter:data2\" content=\"7 minutes\" \/>\n<script type=\"application\/ld+json\" class=\"yoast-schema-graph\">{\"@context\":\"https:\/\/schema.org\",\"@graph\":[{\"@type\":\"WebPage\",\"@id\":\"https:\/\/w-l-c.be\/fr\/flashforward-2021-les-comedien%c2%b7nes-belges-en-haut-de-laffiche\/\",\"url\":\"https:\/\/w-l-c.be\/fr\/flashforward-2021-les-comedien%c2%b7nes-belges-en-haut-de-laffiche\/\",\"name\":\"Flashforward 2021: les com\u00e9dien\u00b7nes belges en haut de l'affiche - w-l-c\",\"isPartOf\":{\"@id\":\"https:\/\/w-l-c.be\/fr\/#website\"},\"datePublished\":\"2020-12-30T13:27:01+00:00\",\"dateModified\":\"2021-01-04T12:26:00+00:00\",\"author\":{\"@id\":\"https:\/\/w-l-c.be\/fr\/#\/schema\/person\/8084b68c6b176142d073695c654dc7cf\"},\"breadcrumb\":{\"@id\":\"https:\/\/w-l-c.be\/fr\/flashforward-2021-les-comedien%c2%b7nes-belges-en-haut-de-laffiche\/#breadcrumb\"},\"inLanguage\":\"fr-FR\",\"potentialAction\":[{\"@type\":\"ReadAction\",\"target\":[\"https:\/\/w-l-c.be\/fr\/flashforward-2021-les-comedien%c2%b7nes-belges-en-haut-de-laffiche\/\"]}]},{\"@type\":\"BreadcrumbList\",\"@id\":\"https:\/\/w-l-c.be\/fr\/flashforward-2021-les-comedien%c2%b7nes-belges-en-haut-de-laffiche\/#breadcrumb\",\"itemListElement\":[{\"@type\":\"ListItem\",\"position\":1,\"name\":\"Accueil\",\"item\":\"https:\/\/w-l-c.be\/fr\/\"},{\"@type\":\"ListItem\",\"position\":2,\"name\":\"Flashforward 2021: les com\u00e9dien\u00b7nes belges en haut de l&rsquo;affiche\"}]},{\"@type\":\"WebSite\",\"@id\":\"https:\/\/w-l-c.be\/fr\/#website\",\"url\":\"https:\/\/w-l-c.be\/fr\/\",\"name\":\"w-l-c\",\"description\":\"Le cin\u00e9ma vu par les belges\",\"potentialAction\":[{\"@type\":\"SearchAction\",\"target\":{\"@type\":\"EntryPoint\",\"urlTemplate\":\"https:\/\/w-l-c.be\/fr\/?s={search_term_string}\"},\"query-input\":\"required name=search_term_string\"}],\"inLanguage\":\"fr-FR\"},{\"@type\":\"Person\",\"@id\":\"https:\/\/w-l-c.be\/fr\/#\/schema\/person\/8084b68c6b176142d073695c654dc7cf\",\"name\":\"Aurore Engelen\",\"url\":\"https:\/\/w-l-c.be\/fr\/author\/aurore-engelen\/\"}]}<\/script>\n<!-- \/ Yoast SEO plugin. -->","yoast_head_json":{"title":"Flashforward 2021: les com\u00e9dien\u00b7nes belges en haut de l'affiche - w-l-c","robots":{"index":"noindex","follow":"follow","max-snippet":"max-snippet:-1","max-image-preview":"max-image-preview:large","max-video-preview":"max-video-preview:-1"},"og_locale":"fr_FR","og_type":"article","og_title":"Flashforward 2021: les com\u00e9dien\u00b7nes belges en haut de l'affiche - w-l-c","og_description":"C&rsquo;est peu de dire que l&rsquo;on a h\u00e2te de retourner au cin\u00e9ma, et de retrouver nos talents dans toute leur richesse et leur diversit\u00e9. Nous avons fait le point hier sur les films belges attendus pour 2021, jetons un peu un oeil (non exhaustif, bien s\u00fbr!) au programme des festivit\u00e9s concernant les com\u00e9dien\u00b7nes belges&#8230; Virginie &hellip;","og_url":"https:\/\/w-l-c.be\/fr\/flashforward-2021-les-comedien\u00b7nes-belges-en-haut-de-laffiche\/","og_site_name":"w-l-c","article_published_time":"2020-12-30T13:27:01+00:00","article_modified_time":"2021-01-04T12:26:00+00:00","og_image":[{"width":1447,"height":714,"url":"https:\/\/w-l-c.be\/wp-content\/uploads\/2020\/12\/Sans-titre-2.jpg","type":"image\/jpeg"}],"author":"Aurore Engelen","twitter_card":"summary_large_image","twitter_misc":{"\u00c9crit par":"Aurore Engelen","Dur\u00e9e de lecture estim\u00e9e":"7 minutes"},"schema":{"@context":"https:\/\/schema.org","@graph":[{"@type":"WebPage","@id":"https:\/\/w-l-c.be\/fr\/flashforward-2021-les-comedien%c2%b7nes-belges-en-haut-de-laffiche\/","url":"https:\/\/w-l-c.be\/fr\/flashforward-2021-les-comedien%c2%b7nes-belges-en-haut-de-laffiche\/","name":"Flashforward 2021: les com\u00e9dien\u00b7nes belges en haut de l'affiche - w-l-c","isPartOf":{"@id":"https:\/\/w-l-c.be\/fr\/#website"},"datePublished":"2020-12-30T13:27:01+00:00","dateModified":"2021-01-04T12:26:00+00:00","author":{"@id":"https:\/\/w-l-c.be\/fr\/#\/schema\/person\/8084b68c6b176142d073695c654dc7cf"},"breadcrumb":{"@id":"https:\/\/w-l-c.be\/fr\/flashforward-2021-les-comedien%c2%b7nes-belges-en-haut-de-laffiche\/#breadcrumb"},"inLanguage":"fr-FR","potentialAction":[{"@type":"ReadAction","target":["https:\/\/w-l-c.be\/fr\/flashforward-2021-les-comedien%c2%b7nes-belges-en-haut-de-laffiche\/"]}]},{"@type":"BreadcrumbList","@id":"https:\/\/w-l-c.be\/fr\/flashforward-2021-les-comedien%c2%b7nes-belges-en-haut-de-laffiche\/#breadcrumb","itemListElement":[{"@type":"ListItem","position":1,"name":"Accueil","item":"https:\/\/w-l-c.be\/fr\/"},{"@type":"ListItem","position":2,"name":"Flashforward 2021: les com\u00e9dien\u00b7nes belges en haut de l&rsquo;affiche"}]},{"@type":"WebSite","@id":"https:\/\/w-l-c.be\/fr\/#website","url":"https:\/\/w-l-c.be\/fr\/","name":"w-l-c","description":"Le cin\u00e9ma vu par les belges","potentialAction":[{"@type":"SearchAction","target":{"@type":"EntryPoint","urlTemplate":"https:\/\/w-l-c.be\/fr\/?s={search_term_string}"},"query-input":"required name=search_term_string"}],"inLanguage":"fr-FR"},{"@type":"Person","@id":"https:\/\/w-l-c.be\/fr\/#\/schema\/person\/8084b68c6b176142d073695c654dc7cf","name":"Aurore Engelen","url":"https:\/\/w-l-c.be\/fr\/author\/aurore-engelen\/"}]}},"_links":{"self":[{"href":"https:\/\/w-l-c.be\/fr\/wp-json\/wp\/v2\/posts\/233921","targetHints":{"allow":["GET"]}}],"collection":[{"href":"https:\/\/w-l-c.be\/fr\/wp-json\/wp\/v2\/posts"}],"about":[{"href":"https:\/\/w-l-c.be\/fr\/wp-json\/wp\/v2\/types\/post"}],"author":[{"embeddable":true,"href":"https:\/\/w-l-c.be\/fr\/wp-json\/wp\/v2\/users\/343"}],"replies":[{"embeddable":true,"href":"https:\/\/w-l-c.be\/fr\/wp-json\/wp\/v2\/comments?post=233921"}],"version-history":[{"count":0,"href":"https:\/\/w-l-c.be\/fr\/wp-json\/wp\/v2\/posts\/233921\/revisions"}],"wp:featuredmedia":[{"embeddable":true,"href":"https:\/\/w-l-c.be\/fr\/wp-json\/wp\/v2\/media\/234277"}],"wp:attachment":[{"href":"https:\/\/w-l-c.be\/fr\/wp-json\/wp\/v2\/media?parent=233921"}],"wp:term":[{"taxonomy":"category","embeddable":true,"href":"https:\/\/w-l-c.be\/fr\/wp-json\/wp\/v2\/categories?post=233921"},{"taxonomy":"post_tag","embeddable":true,"href":"https:\/\/w-l-c.be\/fr\/wp-json\/wp\/v2\/tags?post=233921"}],"curies":[{"name":"wp","href":"https:\/\/api.w.org\/{rel}","templated":true}]}}