
{"id":234230,"date":"2020-12-29T10:55:40","date_gmt":"2020-12-29T09:55:40","guid":{"rendered":"https:\/\/www.cinevox.be\/?p=234230"},"modified":"2020-12-30T14:29:33","modified_gmt":"2020-12-30T13:29:33","slug":"flashforward-2021-les-films-a-venir","status":"publish","type":"post","link":"https:\/\/w-l-c.be\/fr\/flashforward-2021-les-films-a-venir\/","title":{"rendered":"Flashforward 2021: les films \u00e0 venir"},"content":{"rendered":"<p><strong>S&rsquo;il serait fort pr\u00e9somptueux aujourd&rsquo;hui de se risquer \u00e0 annoncer une date, ce qui est s\u00fbr, c&rsquo;est que l&rsquo;ann\u00e9e 2021 sera celle du retour au cin\u00e9ma! Il faudra surement attendre quelques semaines avant de retrouver le plaisir partag\u00e9 de rire, pleurer ou frissonner aux c\u00f4t\u00e9s de sa voisine ou son voisin de si\u00e8ge, mais l&rsquo;attente sera magnifiquement r\u00e9compens\u00e9e si l&rsquo;on en juge par les belles surprises qui nous attendent en mati\u00e8re de cin\u00e9ma belge&#8230;<\/strong><\/p>\n<h4>Les sorties annonc\u00e9es et report\u00e9es<\/h4>\n<p>Alors oui, aujourd&rsquo;hui encore, annoncer une sortie est un pari encore follement audacieux. C&rsquo;est pourtant le cas pour <em><strong>Space Boy<\/strong><\/em>, le premier long m\u00e9trage d&rsquo;<strong>Olivier Pairoux<\/strong>, que l&rsquo;on esp\u00e8re voir d\u00e9barquer dans les salles d\u00e8s le 10 f\u00e9vrier, juste \u00e0 temps pour promettre de belles s\u00e9ances en famille, notamment \u00e0 l&rsquo;occasion des vacances d&rsquo;hiver.<\/p>\n<p>On vous le disait il y a quelques jours en vous d\u00e9voilant la bande annonce du film, <a href=\"https:\/\/www.cinevox.be\/fr\/sur-le-tournage-de-space-boy\/\"><em>Space Boy<\/em><\/a> est un bel OVNI, film familial, pop et d\u00e9licieusement nostalgique, qui devrait ravir petits et grands.<\/p>\n<p>https:\/\/youtu.be\/aKrdVqVqkp0<\/p>\n<p>&nbsp;<\/p>\n<p>Autre film tr\u00e8s attendu, <strong><a href=\"https:\/\/www.cinevox.be\/fr\/une-vie-demente-follement-vivante\/\"><em>Une vie d\u00e9mente<\/em><\/a> d&rsquo;Ann Sirot et Rapha\u00ebl Balboni<\/strong> qui aurait d\u00fb sortir le 4 novembre, jour o\u00f9 nous nous r\u00e9jouissions d&rsquo;organiser un Cinevox Happening exceptionnel avec l&rsquo;\u00e9quipe du film. Alex et No\u00e9mie, la trentaine, voudraient avoir un enfant. Mais leurs plans sont chamboul\u00e9s quand Suzanne, la m\u00e8re d\u2019Alex, se met \u00e0 faire de sacr\u00e9es conneries. C\u2019est parce qu\u2019elle a contract\u00e9 une \u00ab\u00a0d\u00e9mence s\u00e9mantique\u00a0\u00bb, maladie neurod\u00e9g\u00e9n\u00e9rative qui affecte son comportement.<\/p>\n<p>Abordant un sujet grave avec une folle \u00e9nergie, le ramenant sans cesse du c\u00f4t\u00e9 de la vie, le film a \u00e9mu aux rires et aux larmes le public du Festival de Namur, dont il faisait l&rsquo;ouverture. Au g\u00e9n\u00e9rique, on retrouve les magnifiques Jo Deseure, Jean Le Peltier, Lucie Debay et Gilles Remiche. On en reparle tr\u00e8s vite avec eux, et on esp\u00e8re une sortie en f\u00e9vrier, \u00e0 la (possible) r\u00e9ouverture des salles.<\/p>\n<p><iframe loading=\"lazy\" title=\"Bande-annonce: &quot;Une vie d\u00e9mente&quot; de Rapha\u00ebl Balboni et Ann Sirot\" width=\"618\" height=\"348\" src=\"https:\/\/www.youtube.com\/embed\/4kYpxBJkCxs?feature=oembed\" frameborder=\"0\" allow=\"accelerometer; autoplay; clipboard-write; encrypted-media; gyroscope; picture-in-picture; web-share\" referrerpolicy=\"strict-origin-when-cross-origin\" allowfullscreen><\/iframe><\/p>\n<p>&nbsp;<\/p>\n<p>L&rsquo;autre \u00e9v\u00e8nement de l&rsquo;automne devait \u00eatre la sortie du nouveau film de <strong>Lucas Belvaux, <a href=\"https:\/\/www.cinevox.be\/fr\/des-hommes-dire-lindicible\/\"><em>Des hommes<\/em><\/a><\/strong>, d\u00e9couvert en ouverture du BRIFF. Cette adaptation du roman \u00e9ponyme de Laurent Mauvignier livre un r\u00e9cit polyphonique bouleversant, redonnant voix \u00e0 une toute une g\u00e9n\u00e9ration d\u2019hommes fran\u00e7ais, ceux qui avaient 20 ans en Alg\u00e9rie, au g\u00e9n\u00e9rique duquel on retrouve G\u00e9rard Depardieu, Jean-Pierre Daroussin, Catherine Frot, et le jeune com\u00e9dien belge Yoann Zimmer. Sortie attendue l\u00e0 aussi pour la r\u00e9ouverture.<\/p>\n<p>https:\/\/youtu.be\/5Dl1mwrEym8<\/p>\n<p>&nbsp;<\/p>\n<p>Toujours \u00e0 l&rsquo;automne, on esp\u00e9rait voir le dernier film de <strong>Delphine Lehericey, <a href=\"https:\/\/www.cinevox.be\/fr\/le-milieu-de-lhorizon-lemancipation-de-mere-en-fils\/\"><em>Le Milieu de l&rsquo;horizon<\/em><\/a><\/strong>, plusieurs fois report\u00e9 par la crise, un tr\u00e8s beau <i>coming-of-age<\/i> estival sur fond de fin de l\u2019agriculture traditionnelle, et d\u2019\u00e9mancipation f\u00e9minine, avec Laetitia Casta, Luc Bruchez, Thibaut Evrard et Cl\u00e9mence Poesy. On esp\u00e8re que le film trouvera une place dans les salles courant 2021.<\/p>\n<p><iframe loading=\"lazy\" title=\"Bande annonce: &quot;Le Milieu de l&#039;horizon&quot; de Delphine Lehericey\" width=\"618\" height=\"348\" src=\"https:\/\/www.youtube.com\/embed\/O_f8m--ZE6c?feature=oembed\" frameborder=\"0\" allow=\"accelerometer; autoplay; clipboard-write; encrypted-media; gyroscope; picture-in-picture; web-share\" referrerpolicy=\"strict-origin-when-cross-origin\" allowfullscreen><\/iframe><\/p>\n<p>&nbsp;<\/p>\n<p>Autre \u00e9v\u00e8nement de l&rsquo;automne, d\u00e9couvert en ouverture de la Comp\u00e9tition officielle du Festival de Gand, le tr\u00e8s attendu et intrigant nouveau film de <strong>Stephan Streker, <a href=\"https:\/\/www.cinevox.be\/fr\/lennemi-qui-se-cache-derriere-le-masque\/\"><em>L&rsquo;Ennemi<\/em><\/a><\/strong>, avec un J\u00e9r\u00e9mie Renier bluffant dans le r\u00f4le principal, celui d&rsquo;un jeune homme politique aux dents longues, accus\u00e9 du meurtre de sa compagne, une nuit, au bord de la mer&#8230; L\u00e0 aussi, la sortie esp\u00e9r\u00e9e dans la foul\u00e9e du festival a d\u00fb \u00eatre repouss\u00e9e, et si l&rsquo;on compte bien voir le film en 2021, difficile pour l&rsquo;instant de dater la sortie.<\/p>\n<p><img loading=\"lazy\" decoding=\"async\" class=\"alignnone size-large wp-image-231120\" src=\"https:\/\/www.cinevox.be\/wp-content\/uploads\/2020\/08\/2_Je\u0301re\u0301mie-Renier-et-Alma-Jodorowsky-22Lennemi22-de-Stephan-Streker-800x379.jpg\" alt=\"\" width=\"618\" height=\"293\" srcset=\"https:\/\/w-l-c.be\/wp-content\/uploads\/2020\/08\/2_Je\u0301re\u0301mie-Renier-et-Alma-Jodorowsky-22Lennemi22-de-Stephan-Streker-800x379.jpg 800w, https:\/\/w-l-c.be\/wp-content\/uploads\/2020\/08\/2_Je\u0301re\u0301mie-Renier-et-Alma-Jodorowsky-22Lennemi22-de-Stephan-Streker-480x227.jpg 480w, https:\/\/w-l-c.be\/wp-content\/uploads\/2020\/08\/2_Je\u0301re\u0301mie-Renier-et-Alma-Jodorowsky-22Lennemi22-de-Stephan-Streker-768x364.jpg 768w, https:\/\/w-l-c.be\/wp-content\/uploads\/2020\/08\/2_Je\u0301re\u0301mie-Renier-et-Alma-Jodorowsky-22Lennemi22-de-Stephan-Streker-1536x728.jpg 1536w, https:\/\/w-l-c.be\/wp-content\/uploads\/2020\/08\/2_Je\u0301re\u0301mie-Renier-et-Alma-Jodorowsky-22Lennemi22-de-Stephan-Streker-2048x970.jpg 2048w\" sizes=\"auto, (max-width: 618px) 100vw, 618px\" \/><\/p>\n<p>&nbsp;<\/p>\n<p>No\u00ebl aurait pu \u00eatre d\u00e9licieusement sanglant, avec l&rsquo;inattendu nouveau film de <strong>Patrick Ridremont, <em>Le Calendrier<\/em><\/strong>, 8 ans apr\u00e8s son premier opus <em>Dead Man Talking<\/em>. Le pitch? Eva est parapl\u00e9gique depuis trois ans. Pour son anniversaire, elle re\u00e7oit en cadeau un \u00e9trange calendrier de l\u2019Avent. Mais ce ne sont pas les traditionnelles friandises qu\u2019elle d\u00e9couvre chaque jour, mais des surprises plus inqui\u00e9tantes, parfois agr\u00e9ables, souvent terrifiantes, et de plus en plus sanglantes. Le film devait sortir le 2 d\u00e9cembre dernier en France. Sera-t-il report\u00e9 au prochain calendrier de l&rsquo;Avent ou le d\u00e9couvrira-t-on avant? Myst\u00e8re&#8230;<\/p>\n<p>https:\/\/youtu.be\/G3Lznldr-UI<\/p>\n<p>&nbsp;<\/p>\n<p>Enfin, on attendait un autre film belge \u00e0 l&rsquo;automne, la com\u00e9die compl\u00e8tement d\u00e9jant\u00e9e, <strong><a href=\"https:\/\/www.cinevox.be\/fr\/music-hole-petit-theatre-des-horreurs-absurde-et-dejante\/\"><em>Music Hole<\/em><\/a>, de Ga\u00e9tan Liekens et David Mutzenmacher <\/strong>d\u00e9couverte au Festival International du Film de Com\u00e9die de Li\u00e8ge o\u00f9 le film avait re\u00e7u le Prix de la Critique. L\u00e0 encore, on esp\u00e8re d\u00e9couvrir le film sur grand \u00e9cran \u00e0 l&rsquo;occasion de la r\u00e9ouverture des salles&#8230;<\/p>\n<p>https:\/\/youtu.be\/RUxaj6AzZ5c<\/p>\n<p>&nbsp;<\/p>\n<h4>Les nouveaut\u00e9s attendues pour 2021<\/h4>\n<p>En plus de tous les films cit\u00e9s ci-dessus, que nous avons d\u00e9j\u00e0 eu la chance de d\u00e9couvrir lors de diff\u00e9rents festivals, on attend \u00e9galement un certain nombre de nouveaut\u00e9s, qui devraient \u00eatre peu \u00e0 peu d\u00e9voil\u00e9es au fil de l&rsquo;ann\u00e9e&#8230;<\/p>\n<p>On attend notamment le nouveau film de <strong>Jan Bucquoy, <a href=\"https:\/\/www.cinevox.be\/fr\/sur-le-tournage-de-la-derniere-tentation-des-belges\/\"><em>La Derni\u00e8re Tentation des Belges<\/em><\/a><\/strong>, on l&rsquo;on suit Jan, un artiste provocateur qui a connu divers degr\u00e9s de r\u00e9ussite avec ses \u0153uvres d\u2019art, les femmes et ses nombreuses tentatives de changer le monde. Marie, sa fille unique, lui reproche d\u2019avoir \u00e9t\u00e9 durant son enfance un p\u00e8re absent, toujours embarqu\u00e9 dans de folles aventures. Aujourd\u2019hui, au bord d\u2019un pr\u00e9cipice, ils ont beaucoup \u00e0 se dire\u2026<\/p>\n<p><img loading=\"lazy\" decoding=\"async\" class=\"alignnone size-large wp-image-234241\" src=\"https:\/\/www.cinevox.be\/wp-content\/uploads\/2020\/12\/derniere_tentation_hill-1-800x375.png\" alt=\"\" width=\"618\" height=\"290\" srcset=\"https:\/\/w-l-c.be\/wp-content\/uploads\/2020\/12\/derniere_tentation_hill-1-800x375.png 800w, https:\/\/w-l-c.be\/wp-content\/uploads\/2020\/12\/derniere_tentation_hill-1-480x225.png 480w, https:\/\/w-l-c.be\/wp-content\/uploads\/2020\/12\/derniere_tentation_hill-1-768x360.png 768w, https:\/\/w-l-c.be\/wp-content\/uploads\/2020\/12\/derniere_tentation_hill-1-1536x720.png 1536w, https:\/\/w-l-c.be\/wp-content\/uploads\/2020\/12\/derniere_tentation_hill-1.png 1600w\" sizes=\"auto, (max-width: 618px) 100vw, 618px\" \/><\/p>\n<p>Egalement dans les starting-blocks, <em><strong>Fils de Plouc<\/strong><\/em>, de <strong>Lenny et Harpo Guit<\/strong>, dont on vient d&rsquo;apprendre la s\u00e9lection au prestigieux festival de Sundance, on vous en parlait <a href=\"https:\/\/www.cinevox.be\/fr\/fils-de-plouc-a-sundance-%f0%9f%a4%98\/\">ici<\/a>. Le film fait partie des oeuvres soutenues dans le cadre de l&rsquo;aide aux productions l\u00e9g\u00e8res, comme <em>Losers Revolution<\/em> sorti en mars dernier, <em>Une vie d\u00e9mente<\/em> dont nous parlions ci-dessus, ou encore <em><strong>Totem<\/strong><\/em>, premier long m\u00e9trage de et avec <strong>Fred de Loof<\/strong>, au g\u00e9n\u00e9rique duquel on retrouvera Pablo Andres, Fran\u00e7ois Neyckens, Xavier Seron, C\u00e9line Peret et Quentin Marteau, qui devrait \u00e9galement sortir cette ann\u00e9e (on vous en parle <a href=\"https:\/\/www.cinevox.be\/fr\/sur-le-tournage-de-totem\/\">ici<\/a>) ou <em><strong>Juwaa<\/strong><\/em> de <strong>Nganji Mutiri<\/strong>, avec Edson Anibal et Babetida Sadjo, dont on vous parle <a href=\"https:\/\/www.cinevox.be\/fr\/sur-le-tournage-de-le-soleil-dans-les-yeux\/\">l\u00e0<\/a>.<\/p>\n<p>Quatre autres premiers longs m\u00e9trages devraient \u00eatre d\u00e9voil\u00e9s cette ann\u00e9e. On ne sait pas (encore) grand chose de <em><strong>Sans Soleil<\/strong><\/em> de <strong>Banu Akseki<\/strong>, mais on a h\u00e2te d&rsquo;en savoir \u00e0 la lecture de son intrigant pitch: alors que des \u00e9ruptions solaires affectent la terre, Joey, un adolescent adopt\u00e9 par un couple ais\u00e9 voit surgir une femme ressemblant \u00e0 sa m\u00e8re biologique disparue dix ans plus t\u00f4t. Figure fantasm\u00e9e, marginale, excessive, elle va bouleverser les fondements de sa personnalit\u00e9. Ajoutez \u00e0 cela que le r\u00f4le principal est tenu par le talentueux jeune com\u00e9dien Louka Minella, et que l&rsquo;on annonce au casting la myst\u00e9rieuse Asia Argento, autant dire que notre curiosit\u00e9 n&rsquo;en est que d\u00e9doubl\u00e9e&#8230;<\/p>\n<p><img loading=\"lazy\" decoding=\"async\" class=\"alignnone size-large wp-image-234236\" src=\"https:\/\/www.cinevox.be\/wp-content\/uploads\/2020\/12\/sans_soleil_2-800x375.png\" alt=\"\" width=\"618\" height=\"290\" srcset=\"https:\/\/w-l-c.be\/wp-content\/uploads\/2020\/12\/sans_soleil_2-800x375.png 800w, https:\/\/w-l-c.be\/wp-content\/uploads\/2020\/12\/sans_soleil_2-480x225.png 480w, https:\/\/w-l-c.be\/wp-content\/uploads\/2020\/12\/sans_soleil_2-768x360.png 768w, https:\/\/w-l-c.be\/wp-content\/uploads\/2020\/12\/sans_soleil_2-1536x720.png 1536w, https:\/\/w-l-c.be\/wp-content\/uploads\/2020\/12\/sans_soleil_2.png 1600w\" sizes=\"auto, (max-width: 618px) 100vw, 618px\" \/><\/p>\n<p>&nbsp;<\/p>\n<p>A l&rsquo;\u00e9t\u00e9 2019, nous faisions un saut sur deux tournages prometteurs. Dans <a href=\"https:\/\/www.cinevox.be\/fr\/sur-le-tournage-de-la-ruche\/\"><em><strong>La Ruche<\/strong><\/em><\/a>, Marion, Claire et Louise ont toujours v\u00e9cu au rythme des joies et de la douleur d\u2019Alice, leur m\u00e8re. Aujourd\u2019hui, elles n\u2019ont plus que leur amour \u00e0 opposer \u00e0 cette spirale destructrice dans laquelle Alice sombre chaque jour davantage. Un amour infini, aussi violent qu\u2019indicible. Les trois soeurs sont incarn\u00e9es par Sophie Breyer, Mara Taquin et Bonnie Duvauchelle, tandis que la m\u00e8re est interpr\u00e9t\u00e9e par Ludivine Sagnier. A l&rsquo;\u00e9poque, nous rencontrions le r\u00e9alisateur, <strong>Christophe Hermans<\/strong>, en compagnie d&rsquo;Arthur Loustalot, l&rsquo;auteur du roman \u00e9ponyme dont le film est adapt\u00e9.<\/p>\n<p><img loading=\"lazy\" decoding=\"async\" class=\"alignnone size-large wp-image-226878\" src=\"https:\/\/www.cinevox.be\/wp-content\/uploads\/2020\/02\/laruche-c-Lara-Gasparotto-800x534.jpg\" alt=\"la-ruche-Lara-Gasparotto\" width=\"618\" height=\"413\" srcset=\"https:\/\/w-l-c.be\/wp-content\/uploads\/2020\/02\/laruche-c-Lara-Gasparotto-800x534.jpg 800w, https:\/\/w-l-c.be\/wp-content\/uploads\/2020\/02\/laruche-c-Lara-Gasparotto-405x270.jpg 405w, https:\/\/w-l-c.be\/wp-content\/uploads\/2020\/02\/laruche-c-Lara-Gasparotto-768x513.jpg 768w, https:\/\/w-l-c.be\/wp-content\/uploads\/2020\/02\/laruche-c-Lara-Gasparotto-1536x1025.jpg 1536w, https:\/\/w-l-c.be\/wp-content\/uploads\/2020\/02\/laruche-c-Lara-Gasparotto-2048x1367.jpg 2048w, https:\/\/w-l-c.be\/wp-content\/uploads\/2020\/02\/laruche-c-Lara-Gasparotto-110x75.jpg 110w\" sizes=\"auto, (max-width: 618px) 100vw, 618px\" \/><\/p>\n<p>&nbsp;<\/p>\n<p>Nous passion \u00e9galement sur le tournage du <a href=\"https:\/\/www.cinevox.be\/fr\/sur-le-tournage-du-premier-long-metrage-de-laura-wandel-ok\/\">premier long m\u00e9trage<\/a> de<strong> Laura Wandel<\/strong>. A propos de ce premier film, la jeune cin\u00e9aste nous confiait: <em>\u00ab C\u2019est un film sur le harc\u00e8lement, mais c\u2019est aussi et surtout un film sur la peur que l\u2019on peut ressentir quand on est enfant<\/em><em>. Une peur intense, souvent incomprise par les adultes. Une peur qui isole, et fait faire des choix parfois tragiques.\u00a0<\/em><em>C\u2019\u00e9tait un tr\u00e8s long processus d\u2019\u00e9criture, tr\u00e8s intense aussi. Ecrire sur l\u2019enfance, forc\u00e9ment, \u00e7a r\u00e9active des choses tr\u00e8s profondes, nous confie-t-elle, que l\u2019on peut croire enfouies, mais qui j\u2019en suis sure ont un impact sur les adultes que nous sommes. \u00bb<\/em><\/p>\n<p><em>\u00ab Le r\u00e9cit est \u00e0 hauteur d\u2019enfant, et sans complaisance, ce qui est vraiment int\u00e9ressant,<\/em> nous expliquait Karim Leklou, l&rsquo;un des h\u00e9ros du film. <em>Quand j\u2019ai lu le sc\u00e9nario, je l\u2019ai trouv\u00e9 vraiment tr\u00e8s puissant. Ca m\u2019a replong\u00e9 dans une cour d\u2019\u00e9cole, instantan\u00e9ment. \u00bb <\/em>L\u00e0 aussi, nos attentes sont belles et grandes.<\/p>\n<p><img loading=\"lazy\" decoding=\"async\" class=\"alignnone size-large wp-image-222080\" src=\"https:\/\/www.cinevox.be\/wp-content\/uploads\/2019\/09\/MDS1368-800x534.jpg\" alt=\"Mara De Sario_Laura Wandel\" width=\"618\" height=\"413\" srcset=\"https:\/\/w-l-c.be\/wp-content\/uploads\/2019\/09\/MDS1368-800x534.jpg 800w, https:\/\/w-l-c.be\/wp-content\/uploads\/2019\/09\/MDS1368-405x270.jpg 405w, https:\/\/w-l-c.be\/wp-content\/uploads\/2019\/09\/MDS1368-768x513.jpg 768w, https:\/\/w-l-c.be\/wp-content\/uploads\/2019\/09\/MDS1368-110x75.jpg 110w\" sizes=\"auto, (max-width: 618px) 100vw, 618px\" \/><\/p>\n<p>&nbsp;<\/p>\n<p>Enfin, autre premier long m\u00e9trage au beau titre programmatique attendu en cette ann\u00e9e 2021, <strong><a href=\"https:\/\/www.cinevox.be\/fr\/le-coeur-noir-des-forets-tournage-entre-bruxelles-et-la-bourgogne\/\"><em>Le Coeur Noir des For\u00eats<\/em><\/a> de Serge Mirzabekiantz<\/strong>. Ce drame de l\u2019adolescence incarn\u00e9 par deux jeunes com\u00e9diens prometteurs, Quito Rayon Richter et Elsa Houben, suit l\u2019errance de Nikola\u00ef, 15 ans, qui vit entre foyers et familles d\u2019accueil. Solitaire et hant\u00e9 par les origines de son abandon, il r\u00eave de fonder une famille. Quand Camille, 16 ans, intrigante et effront\u00e9e, d\u00e9barque dans son foyer, Nikola\u00ef la convainc de partir vivre avec lui dans la for\u00eat. A l&rsquo;image, on retrouve la talentueuse chef op\u00e9ratrice Virginie Surdej.<\/p>\n<p><img loading=\"lazy\" decoding=\"async\" class=\"alignnone size-large wp-image-224155\" src=\"https:\/\/www.cinevox.be\/wp-content\/uploads\/2019\/10\/LeCoeurNoirDesForetsok-800x533.jpg\" alt=\"Le Coeur Noir des forets\" width=\"618\" height=\"412\" srcset=\"https:\/\/w-l-c.be\/wp-content\/uploads\/2019\/10\/LeCoeurNoirDesForetsok-800x533.jpg 800w, https:\/\/w-l-c.be\/wp-content\/uploads\/2019\/10\/LeCoeurNoirDesForetsok-406x270.jpg 406w, https:\/\/w-l-c.be\/wp-content\/uploads\/2019\/10\/LeCoeurNoirDesForetsok-768x511.jpg 768w\" sizes=\"auto, (max-width: 618px) 100vw, 618px\" \/><\/p>\n<p>&nbsp;<\/p>\n<p>Outre ces premiers films, on saluera le retour de trois cin\u00e9astes dont on aime suivre le parcours.<\/p>\n<p><strong>Bouli Lanners<\/strong> se r\u00e9invente en anglais s&rsquo;il-vous-plait avec <a href=\"https:\/\/www.cinevox.be\/fr\/amours-ecossaises-pour-bouli-lanners\/\"><em><strong>Nobody Has To Know<\/strong><\/em><\/a>, drame sentimental tourn\u00e9 sur une \u00eele \u00e9cossaise, avec dans les r\u00f4les principaux le cin\u00e9aste belge, et la com\u00e9dienne irlandaise Michelle Fairley (aka Catelyn Stark, pour les <em>Game of Thrones<\/em> addict).<\/p>\n<p><img loading=\"lazy\" decoding=\"async\" class=\"alignnone size-large wp-image-234238\" src=\"https:\/\/www.cinevox.be\/wp-content\/uploads\/2020\/12\/nobody-has-to-know-800x450.jpg\" alt=\"\" width=\"618\" height=\"348\" srcset=\"https:\/\/w-l-c.be\/wp-content\/uploads\/2020\/12\/nobody-has-to-know-800x450.jpg 800w, https:\/\/w-l-c.be\/wp-content\/uploads\/2020\/12\/nobody-has-to-know-480x270.jpg 480w, https:\/\/w-l-c.be\/wp-content\/uploads\/2020\/12\/nobody-has-to-know-200x113.jpg 200w, https:\/\/w-l-c.be\/wp-content\/uploads\/2020\/12\/nobody-has-to-know-768x432.jpg 768w, https:\/\/w-l-c.be\/wp-content\/uploads\/2020\/12\/nobody-has-to-know-599x337.jpg 599w, https:\/\/w-l-c.be\/wp-content\/uploads\/2020\/12\/nobody-has-to-know.jpg 1024w\" sizes=\"auto, (max-width: 618px) 100vw, 618px\" \/><\/p>\n<p>&nbsp;<\/p>\n<p><strong>Nabil Ben Yadir<\/strong> change lui aussi de registre avec <em><strong>Animals<\/strong><\/em>, un drame qui s&rsquo;annonce sombre, tr\u00e8s sombre, dont on ne sait pas grand chose, si ce n&rsquo;est qu&rsquo;il est inspir\u00e9 de l&rsquo;histoire tragique de \u00a0Ihsane Jarfi, victime d&rsquo;un crime homophobe an 2012 \u00e0 Li\u00e8ge. Dans le r\u00f4le principal, on retrouvera le jeune com\u00e9dien belge Soufiane Chilah, d\u00e9j\u00e0 tr\u00e8s impressionnant dans <em>Dode Hoek<\/em>, le pr\u00e9c\u00e9dent film du r\u00e9alisateur.<\/p>\n<p>&nbsp;<\/p>\n<p>Last but not least, on attend \u00e9galement avec impatience<a href=\"https:\/\/www.cinevox.be\/fr\/premieres-photos-de-mon-legionnaire-de-rachel-lang\/\"><em><strong> Mon l\u00e9gionnaire<\/strong><\/em><\/a>, le nouveau film de <strong>Rachel Lang<\/strong> apr\u00e8s le tr\u00e8s r\u00e9ussi <em>Baden Baden<\/em>. Le film suit le quotidien de familles et de couples confront\u00e9s \u00e0 la dure r\u00e9alit\u00e9 de la L\u00e9gion \u00e9trang\u00e8re, \u00e0 l\u2019impact que cet engagement peut avoir sur les liens familiaux et amoureux. Au casting, on retrouve Aleksandr Kuznetsov, valeur montante du cin\u00e9ma russe d\u00e9couvert dans <em>Leto<\/em>\u00a0de Kirill Serebrennikov et plus r\u00e9cemment vu dans la s\u00e9rie Netflix\u00a0<em>Better Than Us<\/em>\u00a0\u00a0et Ina Marija Bartait\u00e9, r\u00e9v\u00e9l\u00e9e par\u00a0<em>Peace to Us in Our Dreams<\/em>\u00a0de Sharunas Bartas. Face \u00e0 eux, deux valeurs s\u00fbres du cin\u00e9ma fran\u00e7ais et international, pour la\u00a0premi\u00e8re\u00a0fois\u00a0r\u00e9unie devant la cam\u00e9ra\u00a0Louis Garrel (Maxime) \u00a0et Camille Cottin (C\u00e9line). \u00c0 l\u2019affiche \u00e9galement \u00a0de\u00a0<em>Mon l\u00e9gionnaire<\/em>\u00a0 l\u2019excellente Naydra Ayadi, vue r\u00e9cemment dans la s\u00e9rie <em>Paris etc<\/em>\u00a0de Zabou Breitman ou dans\u00a0<em>Sonar<\/em> de Jean-Philippe Martin.<\/p>\n<p><img loading=\"lazy\" decoding=\"async\" class=\"alignnone size-large wp-image-224911\" src=\"https:\/\/www.cinevox.be\/wp-content\/uploads\/2019\/11\/Copie-de-ML_STILL_1\u00a9Chevaldeuxtrois_WrongMen-800x450.jpeg\" alt=\"Mon-Legionnaire-Rachel-Lang\u00a9Chevaldeuxtrois_WrongMen\" width=\"618\" height=\"348\" \/><\/p>\n<p>&nbsp;<\/p>\n<h4>Tout juste tourn\u00e9s<\/h4>\n<p>Enfin, l&rsquo;ann\u00e9e 2021 devra absorber de nombreux films dont la sortie a d\u00fb \u00eatre repouss\u00e9e suite \u00e0 la crise du Covid, ainsi que tous ceux qui sont dans les starting-blocks, suite \u00e0 l&rsquo;annulation des grands festivals. Peut-\u00eatre verrons-nous \u00e9galement certains des nombreux films tourn\u00e9s en 2020, notamment entre les deux confinements.<\/p>\n<p>On sait par exemple que <strong>Joachim Lafosse<\/strong> monte actuellement son dernier film, <a href=\"https:\/\/www.cinevox.be\/fr\/leila-bekhti-et-damien-bonnard-les-intranquilles-de-joachim-lafosse\/\"><em><strong>Les Intranquilles<\/strong><\/em><\/a>, tourn\u00e9 cet \u00e9t\u00e9 avec Le\u00efla Bekhti et Damien Bonnard, l&rsquo;histoire d&rsquo;un couple dont le quotidien est boulevers\u00e9 par la bipolarit\u00e9 de Bonnard, qu\u2019il affronte avec le soutien de sa compagne, interpr\u00e9t\u00e9e donc par Le\u00efla Bekhti, engag\u00e9e dans un grand-huit \u00e9motionnel exigeant et \u00e9reintant, s\u2019accrochant aux souvenirs et \u00e0 l\u2019amour qu\u2019elle lui porte pour traverser ces temp\u00eates, et pr\u00e9server leur enfant.<\/p>\n<p><img loading=\"lazy\" decoding=\"async\" class=\"alignnone size-large wp-image-234113\" src=\"https:\/\/www.cinevox.be\/wp-content\/uploads\/2020\/12\/Joachim-Lafosse-tournage-Intranquilles-800x450.jpg\" alt=\"\" width=\"618\" height=\"348\" srcset=\"https:\/\/w-l-c.be\/wp-content\/uploads\/2020\/12\/Joachim-Lafosse-tournage-Intranquilles-800x450.jpg 800w, https:\/\/w-l-c.be\/wp-content\/uploads\/2020\/12\/Joachim-Lafosse-tournage-Intranquilles-480x270.jpg 480w, https:\/\/w-l-c.be\/wp-content\/uploads\/2020\/12\/Joachim-Lafosse-tournage-Intranquilles-200x113.jpg 200w, https:\/\/w-l-c.be\/wp-content\/uploads\/2020\/12\/Joachim-Lafosse-tournage-Intranquilles-768x432.jpg 768w, https:\/\/w-l-c.be\/wp-content\/uploads\/2020\/12\/Joachim-Lafosse-tournage-Intranquilles-599x337.jpg 599w, https:\/\/w-l-c.be\/wp-content\/uploads\/2020\/12\/Joachim-Lafosse-tournage-Intranquilles.jpg 1200w\" sizes=\"auto, (max-width: 618px) 100vw, 618px\" \/><\/p>\n<p>Post-production en cours \u00e9galement pour <strong><em>Inexorable<\/em> de Fabrice du Welz<\/strong>, avec Beno\u00eet Poelvoorde, Alba Bellugi et M\u00e9lanie Doutey, dont le magazine <em>Premi\u00e8re<\/em> d\u00e9voilait une premi\u00e8re photo il y a quelques semaines. On parle <a href=\"https:\/\/www.cinevox.be\/fr\/sur-le-tournage-de-inexorable\/\">ici<\/a> du film avec le cin\u00e9aste belge, rencontr\u00e9 cet \u00e9t\u00e9 sur le tournage.<\/p>\n<p><img loading=\"lazy\" decoding=\"async\" class=\"alignnone size-large wp-image-233019\" src=\"https:\/\/www.cinevox.be\/wp-content\/uploads\/2020\/11\/Preview-Inexorable-450x600.jpeg\" alt=\"\" width=\"450\" height=\"600\" srcset=\"https:\/\/w-l-c.be\/wp-content\/uploads\/2020\/11\/Preview-Inexorable-450x600.jpeg 450w, https:\/\/w-l-c.be\/wp-content\/uploads\/2020\/11\/Preview-Inexorable-202x270.jpeg 202w, https:\/\/w-l-c.be\/wp-content\/uploads\/2020\/11\/Preview-Inexorable-768x1025.jpeg 768w, https:\/\/w-l-c.be\/wp-content\/uploads\/2020\/11\/Preview-Inexorable.jpeg 1080w\" sizes=\"auto, (max-width: 450px) 100vw, 450px\" \/><\/p>\n<p>On verra peut-\u00eatre aussi <a href=\"https:\/\/www.cinevox.be\/fr\/action-pour-entre-la-vie-et-la-mort-de-giordano-gederlini\/\"><em><strong>Entre la vie et la mort<\/strong><\/em><\/a>, de <strong>Giordano Gederlini<\/strong>, <a href=\"https:\/\/www.cinevox.be\/fr\/clap-de-debut-pour-carpe-diem-le-premier-long-demmanuel-marre\/\"><em><strong>Carpe Diem<\/strong><\/em><\/a>, le tr\u00e8s attendu premier long m\u00e9trage d&rsquo;<strong>Emmanuel Marre<\/strong> (r\u00e9alisateur des moyens m\u00e9trages multi-prim\u00e9s Le Film de l&rsquo;\u00e9t\u00e9 et D&rsquo;un ch\u00e2teau l&rsquo;autre) avec Ad\u00e8le Exarchopoulos et Mara Taquin, ainsi que celui de <strong>V\u00e9ronique Jadin<\/strong>, <a href=\"https:\/\/www.cinevox.be\/fr\/lemployee-du-mois-action\/\"><em><strong>L&rsquo;Employ\u00e9e du mois<\/strong><\/em><\/a>, avec les excellentes Jasmina Douieb et Laetitia Mampaka.<\/p>\n<p>&nbsp;<\/p>\n<h4>Dans la petite lucarne&#8230;<\/h4>\n<p>Enfin, 2021 devrait conna\u00eetre une certaine acc\u00e9l\u00e9ration dans la diffusion des s\u00e9ries belges francophones made in RTBF, puisque pas moins de 3 s\u00e9ries \u00e9taient en tournage ces derniers mois.<\/p>\n<p>On d\u00e9couvrira avec curiosit\u00e9 <em><strong>Baraki<\/strong><\/em>, premier format 26mn, une dram\u00e9die cr\u00e9\u00e9e par Julien Vargas et Peter Ninane, ainsi que <em><strong>Coyotes<\/strong><\/em>, une histoire de camp scout qui tourne mal, ou encore sur un autre registre <em><strong>Pandore<\/strong><\/em>, s\u00e9rie r\u00e9alis\u00e9e par Vania Leturcq et Savina Dellicour, et co-\u00e9crite avec Anne Coesens, \u00ab\u00a0l\u2019histoire d\u2019une collision, celle de la justice et de la politique\u00a0\u00bb.<\/p>\n<p>On ne sait pas encore si l&rsquo;on verra d\u00e9j\u00e0 une s\u00e9rie au printemps, ou s&rsquo;il faudra attendre la rentr\u00e9e, mais on sait d\u00e9j\u00e0 que le tournage d&rsquo;une autre s\u00e9rie, <em>Fils de&#8230;<\/em>, s&rsquo;annonce imminent, et que celui de la saison 3 d&rsquo;<em>Ennemi Public<\/em> est \u00e9galement dans le pipeline.<\/p>\n<p>Enfin, on verra surement aussi la saison 2 de la s\u00e9rie Netflix <em><strong>Into the night<\/strong><\/em>, d\u00e9couverte au printemps dernier, avec notamment Paulien Etienne et Laurent Capelutto, et qui serait r\u00e9alis\u00e9e, nous dit-on, par Nabil Ben Yadir&#8230;<\/p>\n","protected":false},"excerpt":{"rendered":"<p>S&rsquo;il serait fort pr\u00e9somptueux aujourd&rsquo;hui de se risquer \u00e0 annoncer une date, ce qui est s\u00fbr, c&rsquo;est que l&rsquo;ann\u00e9e 2021 sera celle du retour au cin\u00e9ma! Il faudra surement attendre quelques semaines avant de retrouver le plaisir partag\u00e9 de rire, pleurer ou frissonner aux c\u00f4t\u00e9s de sa voisine ou son voisin de si\u00e8ge, mais l&rsquo;attente &hellip;<\/p>\n","protected":false},"author":343,"featured_media":234233,"comment_status":"closed","ping_status":"closed","sticky":false,"template":"","format":"standard","meta":{"ngg_post_thumbnail":0,"footnotes":""},"categories":[12],"tags":[4187],"class_list":["post-234230","post","type-post","status-publish","format-standard","has-post-thumbnail","","category-awards","tag-newsletter-fr"],"yoast_head":"<!-- This site is optimized with the Yoast SEO plugin v20.4 - https:\/\/yoast.com\/wordpress\/plugins\/seo\/ -->\n<title>Flashforward 2021: les films \u00e0 venir - w-l-c<\/title>\n<meta name=\"robots\" content=\"noindex, follow, max-snippet:-1, max-image-preview:large, max-video-preview:-1\" \/>\n<meta property=\"og:locale\" content=\"fr_FR\" \/>\n<meta property=\"og:type\" content=\"article\" \/>\n<meta property=\"og:title\" content=\"Flashforward 2021: les films \u00e0 venir - w-l-c\" \/>\n<meta property=\"og:description\" content=\"S&rsquo;il serait fort pr\u00e9somptueux aujourd&rsquo;hui de se risquer \u00e0 annoncer une date, ce qui est s\u00fbr, c&rsquo;est que l&rsquo;ann\u00e9e 2021 sera celle du retour au cin\u00e9ma! Il faudra surement attendre quelques semaines avant de retrouver le plaisir partag\u00e9 de rire, pleurer ou frissonner aux c\u00f4t\u00e9s de sa voisine ou son voisin de si\u00e8ge, mais l&rsquo;attente &hellip;\" \/>\n<meta property=\"og:url\" content=\"https:\/\/w-l-c.be\/fr\/flashforward-2021-les-films-a-venir\/\" \/>\n<meta property=\"og:site_name\" content=\"w-l-c\" \/>\n<meta property=\"article:published_time\" content=\"2020-12-29T09:55:40+00:00\" \/>\n<meta property=\"article:modified_time\" content=\"2020-12-30T13:29:33+00:00\" \/>\n<meta property=\"og:image\" content=\"https:\/\/w-l-c.be\/wp-content\/uploads\/2020\/12\/FF2021.jpg\" \/>\n\t<meta property=\"og:image:width\" content=\"1200\" \/>\n\t<meta property=\"og:image:height\" content=\"600\" \/>\n\t<meta property=\"og:image:type\" content=\"image\/jpeg\" \/>\n<meta name=\"author\" content=\"Aurore Engelen\" \/>\n<meta name=\"twitter:card\" content=\"summary_large_image\" \/>\n<meta name=\"twitter:label1\" content=\"\u00c9crit par\" \/>\n\t<meta name=\"twitter:data1\" content=\"Aurore Engelen\" \/>\n\t<meta name=\"twitter:label2\" content=\"Dur\u00e9e de lecture estim\u00e9e\" \/>\n\t<meta name=\"twitter:data2\" content=\"12 minutes\" \/>\n<script type=\"application\/ld+json\" class=\"yoast-schema-graph\">{\"@context\":\"https:\/\/schema.org\",\"@graph\":[{\"@type\":\"WebPage\",\"@id\":\"https:\/\/w-l-c.be\/fr\/flashforward-2021-les-films-a-venir\/\",\"url\":\"https:\/\/w-l-c.be\/fr\/flashforward-2021-les-films-a-venir\/\",\"name\":\"Flashforward 2021: les films \u00e0 venir - w-l-c\",\"isPartOf\":{\"@id\":\"https:\/\/w-l-c.be\/fr\/#website\"},\"datePublished\":\"2020-12-29T09:55:40+00:00\",\"dateModified\":\"2020-12-30T13:29:33+00:00\",\"author\":{\"@id\":\"https:\/\/w-l-c.be\/fr\/#\/schema\/person\/8084b68c6b176142d073695c654dc7cf\"},\"breadcrumb\":{\"@id\":\"https:\/\/w-l-c.be\/fr\/flashforward-2021-les-films-a-venir\/#breadcrumb\"},\"inLanguage\":\"fr-FR\",\"potentialAction\":[{\"@type\":\"ReadAction\",\"target\":[\"https:\/\/w-l-c.be\/fr\/flashforward-2021-les-films-a-venir\/\"]}]},{\"@type\":\"BreadcrumbList\",\"@id\":\"https:\/\/w-l-c.be\/fr\/flashforward-2021-les-films-a-venir\/#breadcrumb\",\"itemListElement\":[{\"@type\":\"ListItem\",\"position\":1,\"name\":\"Accueil\",\"item\":\"https:\/\/w-l-c.be\/fr\/\"},{\"@type\":\"ListItem\",\"position\":2,\"name\":\"Flashforward 2021: les films \u00e0 venir\"}]},{\"@type\":\"WebSite\",\"@id\":\"https:\/\/w-l-c.be\/fr\/#website\",\"url\":\"https:\/\/w-l-c.be\/fr\/\",\"name\":\"w-l-c\",\"description\":\"Le cin\u00e9ma vu par les belges\",\"potentialAction\":[{\"@type\":\"SearchAction\",\"target\":{\"@type\":\"EntryPoint\",\"urlTemplate\":\"https:\/\/w-l-c.be\/fr\/?s={search_term_string}\"},\"query-input\":\"required name=search_term_string\"}],\"inLanguage\":\"fr-FR\"},{\"@type\":\"Person\",\"@id\":\"https:\/\/w-l-c.be\/fr\/#\/schema\/person\/8084b68c6b176142d073695c654dc7cf\",\"name\":\"Aurore Engelen\",\"url\":\"https:\/\/w-l-c.be\/fr\/author\/aurore-engelen\/\"}]}<\/script>\n<!-- \/ Yoast SEO plugin. -->","yoast_head_json":{"title":"Flashforward 2021: les films \u00e0 venir - w-l-c","robots":{"index":"noindex","follow":"follow","max-snippet":"max-snippet:-1","max-image-preview":"max-image-preview:large","max-video-preview":"max-video-preview:-1"},"og_locale":"fr_FR","og_type":"article","og_title":"Flashforward 2021: les films \u00e0 venir - w-l-c","og_description":"S&rsquo;il serait fort pr\u00e9somptueux aujourd&rsquo;hui de se risquer \u00e0 annoncer une date, ce qui est s\u00fbr, c&rsquo;est que l&rsquo;ann\u00e9e 2021 sera celle du retour au cin\u00e9ma! Il faudra surement attendre quelques semaines avant de retrouver le plaisir partag\u00e9 de rire, pleurer ou frissonner aux c\u00f4t\u00e9s de sa voisine ou son voisin de si\u00e8ge, mais l&rsquo;attente &hellip;","og_url":"https:\/\/w-l-c.be\/fr\/flashforward-2021-les-films-a-venir\/","og_site_name":"w-l-c","article_published_time":"2020-12-29T09:55:40+00:00","article_modified_time":"2020-12-30T13:29:33+00:00","og_image":[{"width":1200,"height":600,"url":"https:\/\/w-l-c.be\/wp-content\/uploads\/2020\/12\/FF2021.jpg","type":"image\/jpeg"}],"author":"Aurore Engelen","twitter_card":"summary_large_image","twitter_misc":{"\u00c9crit par":"Aurore Engelen","Dur\u00e9e de lecture estim\u00e9e":"12 minutes"},"schema":{"@context":"https:\/\/schema.org","@graph":[{"@type":"WebPage","@id":"https:\/\/w-l-c.be\/fr\/flashforward-2021-les-films-a-venir\/","url":"https:\/\/w-l-c.be\/fr\/flashforward-2021-les-films-a-venir\/","name":"Flashforward 2021: les films \u00e0 venir - w-l-c","isPartOf":{"@id":"https:\/\/w-l-c.be\/fr\/#website"},"datePublished":"2020-12-29T09:55:40+00:00","dateModified":"2020-12-30T13:29:33+00:00","author":{"@id":"https:\/\/w-l-c.be\/fr\/#\/schema\/person\/8084b68c6b176142d073695c654dc7cf"},"breadcrumb":{"@id":"https:\/\/w-l-c.be\/fr\/flashforward-2021-les-films-a-venir\/#breadcrumb"},"inLanguage":"fr-FR","potentialAction":[{"@type":"ReadAction","target":["https:\/\/w-l-c.be\/fr\/flashforward-2021-les-films-a-venir\/"]}]},{"@type":"BreadcrumbList","@id":"https:\/\/w-l-c.be\/fr\/flashforward-2021-les-films-a-venir\/#breadcrumb","itemListElement":[{"@type":"ListItem","position":1,"name":"Accueil","item":"https:\/\/w-l-c.be\/fr\/"},{"@type":"ListItem","position":2,"name":"Flashforward 2021: les films \u00e0 venir"}]},{"@type":"WebSite","@id":"https:\/\/w-l-c.be\/fr\/#website","url":"https:\/\/w-l-c.be\/fr\/","name":"w-l-c","description":"Le cin\u00e9ma vu par les belges","potentialAction":[{"@type":"SearchAction","target":{"@type":"EntryPoint","urlTemplate":"https:\/\/w-l-c.be\/fr\/?s={search_term_string}"},"query-input":"required name=search_term_string"}],"inLanguage":"fr-FR"},{"@type":"Person","@id":"https:\/\/w-l-c.be\/fr\/#\/schema\/person\/8084b68c6b176142d073695c654dc7cf","name":"Aurore Engelen","url":"https:\/\/w-l-c.be\/fr\/author\/aurore-engelen\/"}]}},"_links":{"self":[{"href":"https:\/\/w-l-c.be\/fr\/wp-json\/wp\/v2\/posts\/234230","targetHints":{"allow":["GET"]}}],"collection":[{"href":"https:\/\/w-l-c.be\/fr\/wp-json\/wp\/v2\/posts"}],"about":[{"href":"https:\/\/w-l-c.be\/fr\/wp-json\/wp\/v2\/types\/post"}],"author":[{"embeddable":true,"href":"https:\/\/w-l-c.be\/fr\/wp-json\/wp\/v2\/users\/343"}],"replies":[{"embeddable":true,"href":"https:\/\/w-l-c.be\/fr\/wp-json\/wp\/v2\/comments?post=234230"}],"version-history":[{"count":0,"href":"https:\/\/w-l-c.be\/fr\/wp-json\/wp\/v2\/posts\/234230\/revisions"}],"wp:featuredmedia":[{"embeddable":true,"href":"https:\/\/w-l-c.be\/fr\/wp-json\/wp\/v2\/media\/234233"}],"wp:attachment":[{"href":"https:\/\/w-l-c.be\/fr\/wp-json\/wp\/v2\/media?parent=234230"}],"wp:term":[{"taxonomy":"category","embeddable":true,"href":"https:\/\/w-l-c.be\/fr\/wp-json\/wp\/v2\/categories?post=234230"},{"taxonomy":"post_tag","embeddable":true,"href":"https:\/\/w-l-c.be\/fr\/wp-json\/wp\/v2\/tags?post=234230"}],"curies":[{"name":"wp","href":"https:\/\/api.w.org\/{rel}","templated":true}]}}