
{"id":234771,"date":"2021-01-21T10:36:59","date_gmt":"2021-01-21T09:36:59","guid":{"rendered":"https:\/\/www.cinevox.be\/?p=234771"},"modified":"2021-01-22T12:02:04","modified_gmt":"2021-01-22T11:02:04","slug":"invasion-dovnis-belges","status":"publish","type":"post","link":"https:\/\/w-l-c.be\/fr\/invasion-dovnis-belges\/","title":{"rendered":"Invasion d&rsquo;Ovni(s) belges&#8230;"},"content":{"rendered":"<p><strong>On les a vus \u00e0 l&rsquo;automne dernier, \u00e0 Ittre, Bonlez, Incourt, Enghien, Seneffe, Braine ou Watermael-Boisfort&#8230; En 2020, 446 notifications ont \u00e9t\u00e9 signal\u00e9es en Belgique, soit une hausse de 64%. Mais une hausse de quoi? Des signalisations d&rsquo;objets volants non identifi\u00e9s!<\/strong><\/p>\n<p>Hasard? Peut-\u00eatre pas, quand on sait que c&rsquo;est principalement en Belgique qu&rsquo;a \u00e9t\u00e9 tourn\u00e9e <em>Ovni(s)<\/em>, la derni\u00e8re s\u00e9rie \u00e9v\u00e8nement de Canal +, cr\u00e9\u00e9e par Cl\u00e9mence Dargent et martin Douaire, et r\u00e9alis\u00e9e par Anthony Cordier, sorte de pastiche tendre, <em>X-Files<\/em> \u00e0 la fran\u00e7aise, mais pas n&rsquo;importe quelle France, celle de la fin des ann\u00e9es 70, celle de Giscard, des pattes d&rsquo;eph et de la clope au bec.<\/p>\n<p><em>Ovni(s)<\/em> se passe en 1978. Didier Mathure, brillant ing\u00e9nieur spatial, voit son r\u00eave partir en fum\u00e9e lorsque sa fus\u00e9e explose au d\u00e9collage. Alors qu\u2019il pensait avoir touch\u00e9 le fond, il est mut\u00e9 \u00e0 la t\u00eate d\u2019un bureau d\u2019enqu\u00eate sp\u00e9cialis\u00e9 sur les OVNIS g\u00e9r\u00e9 par une \u00e9quipe qui donne effectivement l\u2019impression de vivre sur une autre plan\u00e8te. Sa mission : trouver des explications scientifiques aux apparitions de soucoupes volantes qui d\u00e9fraient la chronique. Un v\u00e9ritable enfer pour ce cart\u00e9sien inv\u00e9t\u00e9r\u00e9 qui n\u2019a plus qu\u2019une id\u00e9e en t\u00eate\u00a0: se tirer de l\u00e0 au plus vite. Mais un \u00e9v\u00e9nement extraordinaire va bouleverser ses certitudes, et lui ouvrir les portes d\u2019un monde o\u00f9 plus rien n\u2019est impossible !<\/p>\n<p>Alors que la presse fran\u00e7aise s&rsquo;extasie devant cette s\u00e9rie au ton d\u00e9cal\u00e9 qui offre une temps de pause bienvenue en cette p\u00e9riode morose, on attend encore la date de diffusion pour la Belgique, d&rsquo;autant que celle-ci est vaillamment repr\u00e9sent\u00e9e \u00e0 l&rsquo;\u00e9cran, au niveau des d\u00e9cors donc, mais aussi du casting!<\/p>\n<p>Dans le r\u00f4le de Didier Mathure, on retrouve Melvil Poupaud, aussi \u00e0 l&rsquo;aise dans cette com\u00e9die aux accents vintage que chez Ozon ou Dolan. Il est entour\u00e9 d&rsquo;un casting haut en couleur, entre les t\u00e9moins plus ou moins fiables, sa hi\u00e9rarchie si s\u00fbre d&rsquo;elle, ou ses nouveaux coll\u00e8gues de bureau, qui se mettent soudain \u00e0 parler le flamand rose couramment.<\/p>\n<p><img loading=\"lazy\" decoding=\"async\" class=\"alignnone size-large wp-image-234776\" src=\"https:\/\/www.cinevox.be\/wp-content\/uploads\/2021\/01\/OvnisDaphne-Patakia-800x500.jpg\" alt=\"\" width=\"618\" height=\"386\" srcset=\"https:\/\/w-l-c.be\/wp-content\/uploads\/2021\/01\/OvnisDaphne-Patakia-800x500.jpg 800w, https:\/\/w-l-c.be\/wp-content\/uploads\/2021\/01\/OvnisDaphne-Patakia-432x270.jpg 432w, https:\/\/w-l-c.be\/wp-content\/uploads\/2021\/01\/OvnisDaphne-Patakia-768x480.jpg 768w, https:\/\/w-l-c.be\/wp-content\/uploads\/2021\/01\/OvnisDaphne-Patakia-1536x960.jpg 1536w, https:\/\/w-l-c.be\/wp-content\/uploads\/2021\/01\/OvnisDaphne-Patakia.jpg 2048w\" sizes=\"auto, (max-width: 618px) 100vw, 618px\" \/><\/p>\n<p>Parmi eux, Daphn\u00e9 Patakia, LA r\u00e9v\u00e9lation de la s\u00e9rie, jeune com\u00e9dienne belgo-grecque d\u00e9couverte dans <em>Djam<\/em>, de Tony Gatlif, que l&rsquo;on annonce dans le sulfureux <em>Benedetta<\/em> de Paul Verhoeven avec Virginie Efira, et qui incarne dans la s\u00e9rie Vera, la standardiste psychologue, ou psychologue standardiste ouverte aux exp\u00e9riences pas tout \u00e0 fait normales, qui recueille les signalements d&rsquo;ovnis et distribue des diagnostics accrocheurs bien qu&rsquo;un peu fantaisistes.<\/p>\n<p><img loading=\"lazy\" decoding=\"async\" class=\"alignnone size-large wp-image-234774\" src=\"https:\/\/www.cinevox.be\/wp-content\/uploads\/2021\/01\/OvnisEdsonAurelien-800x500.jpg\" alt=\"\" width=\"618\" height=\"386\" srcset=\"https:\/\/w-l-c.be\/wp-content\/uploads\/2021\/01\/OvnisEdsonAurelien-800x500.jpg 800w, https:\/\/w-l-c.be\/wp-content\/uploads\/2021\/01\/OvnisEdsonAurelien-432x270.jpg 432w, https:\/\/w-l-c.be\/wp-content\/uploads\/2021\/01\/OvnisEdsonAurelien-768x480.jpg 768w, https:\/\/w-l-c.be\/wp-content\/uploads\/2021\/01\/OvnisEdsonAurelien-1536x960.jpg 1536w, https:\/\/w-l-c.be\/wp-content\/uploads\/2021\/01\/OvnisEdsonAurelien.jpg 2048w\" sizes=\"auto, (max-width: 618px) 100vw, 618px\" \/><\/p>\n<p>On croise \u00e9galement au fil des \u00e9pisodes de tr\u00e8s nombreux com\u00e9dien\u00b7nes belges, autant de t\u00e9moins souvent un peu loufoques, \u00e0 tout le moins perch\u00e9s. Impossible de tous les citer, mais on retiendra notamment la pr\u00e9sence d&rsquo;Aur\u00e9lien Caeyman (le Dany de <em>La Tr\u00eave<\/em>), Edson Anibal (vu r\u00e9cemment dans <em>Poissonsexe<\/em>, que l&rsquo;on d\u00e9couvrira bient\u00f4t dans le premier long de Ngangi Mutiri), Bruno Georis, l&rsquo;inoubliable chef du protocole du <em>King of the Belgians<\/em>, ou encore Denis Mpunga (le p\u00e8re du h\u00e9ros dans <em>L&rsquo;Ascension<\/em>). La s\u00e9rie est d&rsquo;ailleurs coproduite en Belgique par Be-Films, et l&rsquo;on doit une partie de ses effets sp\u00e9ciaux \u00e0 la soci\u00e9t\u00e9 hulpoise benuts.<\/p>\n<p><img loading=\"lazy\" decoding=\"async\" class=\"alignnone size-large wp-image-234772\" src=\"https:\/\/www.cinevox.be\/wp-content\/uploads\/2021\/01\/OvnisDenisMpunga-800x500.jpg\" alt=\"\" width=\"618\" height=\"386\" srcset=\"https:\/\/w-l-c.be\/wp-content\/uploads\/2021\/01\/OvnisDenisMpunga-800x500.jpg 800w, https:\/\/w-l-c.be\/wp-content\/uploads\/2021\/01\/OvnisDenisMpunga-432x270.jpg 432w, https:\/\/w-l-c.be\/wp-content\/uploads\/2021\/01\/OvnisDenisMpunga-768x480.jpg 768w, https:\/\/w-l-c.be\/wp-content\/uploads\/2021\/01\/OvnisDenisMpunga-1536x960.jpg 1536w, https:\/\/w-l-c.be\/wp-content\/uploads\/2021\/01\/OvnisDenisMpunga.jpg 2048w\" sizes=\"auto, (max-width: 618px) 100vw, 618px\" \/><\/p>\n<p>Une s\u00e9rie fran\u00e7aise aux accents r\u00e9solument belges donc, o\u00f9 l&rsquo;on reconna\u00eet avec amusement le centre d&rsquo;observation spatiale o\u00f9 ont \u00e9galement \u00e9t\u00e9 tourn\u00e9es de nombreuses sc\u00e8nes de <em>Space Boy<\/em>, d&rsquo;Olivier Pairoux, qui sortira&#8230; quand les salles pourront enfin rouvrir.<\/p>\n<p>Mais cette hausse de signalisation d&rsquo;ovnis, me direz-vous? Beaucoup l&rsquo;attribuent en partie au premier confinement (qui a offert beaucoup de temps de calme et d&rsquo;observation aux citoyen\u00b7nes belges), ou encore au lancement de Space X. Et comme dans la s\u00e9rie, certains lanceurs d\u2019alerte avaient en fait confondu un ovni avec des \u00e9toiles, des plan\u00e8tes ou la Lune. Quant aux autres&#8230;<\/p>\n<p>&nbsp;<\/p>\n","protected":false},"excerpt":{"rendered":"<p>On les a vus \u00e0 l&rsquo;automne dernier, \u00e0 Ittre, Bonlez, Incourt, Enghien, Seneffe, Braine ou Watermael-Boisfort&#8230; En 2020, 446 notifications ont \u00e9t\u00e9 signal\u00e9es en Belgique, soit une hausse de 64%. Mais une hausse de quoi? Des signalisations d&rsquo;objets volants non identifi\u00e9s! Hasard? Peut-\u00eatre pas, quand on sait que c&rsquo;est principalement en Belgique qu&rsquo;a \u00e9t\u00e9 tourn\u00e9e &hellip;<\/p>\n","protected":false},"author":343,"featured_media":234785,"comment_status":"closed","ping_status":"closed","sticky":false,"template":"","format":"standard","meta":{"ngg_post_thumbnail":0,"footnotes":""},"categories":[10],"tags":[5785,4187],"class_list":["post-234771","post","type-post","status-publish","format-standard","has-post-thumbnail","","category-a-l-affiche","tag-daphne-patakia","tag-newsletter-fr"],"yoast_head":"<!-- This site is optimized with the Yoast SEO plugin v20.4 - https:\/\/yoast.com\/wordpress\/plugins\/seo\/ -->\n<title>Invasion d&#039;Ovni(s) belges... - w-l-c<\/title>\n<meta name=\"robots\" content=\"noindex, follow, max-snippet:-1, max-image-preview:large, max-video-preview:-1\" \/>\n<meta property=\"og:locale\" content=\"fr_FR\" \/>\n<meta property=\"og:type\" content=\"article\" \/>\n<meta property=\"og:title\" content=\"Invasion d&#039;Ovni(s) belges... - w-l-c\" \/>\n<meta property=\"og:description\" content=\"On les a vus \u00e0 l&rsquo;automne dernier, \u00e0 Ittre, Bonlez, Incourt, Enghien, Seneffe, Braine ou Watermael-Boisfort&#8230; En 2020, 446 notifications ont \u00e9t\u00e9 signal\u00e9es en Belgique, soit une hausse de 64%. Mais une hausse de quoi? Des signalisations d&rsquo;objets volants non identifi\u00e9s! Hasard? Peut-\u00eatre pas, quand on sait que c&rsquo;est principalement en Belgique qu&rsquo;a \u00e9t\u00e9 tourn\u00e9e &hellip;\" \/>\n<meta property=\"og:url\" content=\"https:\/\/w-l-c.be\/fr\/invasion-dovnis-belges\/\" \/>\n<meta property=\"og:site_name\" content=\"w-l-c\" \/>\n<meta property=\"article:published_time\" content=\"2021-01-21T09:36:59+00:00\" \/>\n<meta property=\"article:modified_time\" content=\"2021-01-22T11:02:04+00:00\" \/>\n<meta property=\"og:image\" content=\"https:\/\/w-l-c.be\/wp-content\/uploads\/2021\/01\/ovnis-canal-photo.jpg\" \/>\n\t<meta property=\"og:image:width\" content=\"800\" \/>\n\t<meta property=\"og:image:height\" content=\"416\" \/>\n\t<meta property=\"og:image:type\" content=\"image\/jpeg\" \/>\n<meta name=\"author\" content=\"Aurore Engelen\" \/>\n<meta name=\"twitter:card\" content=\"summary_large_image\" \/>\n<meta name=\"twitter:label1\" content=\"\u00c9crit par\" \/>\n\t<meta name=\"twitter:data1\" content=\"Aurore Engelen\" \/>\n\t<meta name=\"twitter:label2\" content=\"Dur\u00e9e de lecture estim\u00e9e\" \/>\n\t<meta name=\"twitter:data2\" content=\"3 minutes\" \/>\n<script type=\"application\/ld+json\" class=\"yoast-schema-graph\">{\"@context\":\"https:\/\/schema.org\",\"@graph\":[{\"@type\":\"WebPage\",\"@id\":\"https:\/\/w-l-c.be\/fr\/invasion-dovnis-belges\/\",\"url\":\"https:\/\/w-l-c.be\/fr\/invasion-dovnis-belges\/\",\"name\":\"Invasion d'Ovni(s) belges... - w-l-c\",\"isPartOf\":{\"@id\":\"https:\/\/w-l-c.be\/fr\/#website\"},\"datePublished\":\"2021-01-21T09:36:59+00:00\",\"dateModified\":\"2021-01-22T11:02:04+00:00\",\"author\":{\"@id\":\"https:\/\/w-l-c.be\/fr\/#\/schema\/person\/8084b68c6b176142d073695c654dc7cf\"},\"breadcrumb\":{\"@id\":\"https:\/\/w-l-c.be\/fr\/invasion-dovnis-belges\/#breadcrumb\"},\"inLanguage\":\"fr-FR\",\"potentialAction\":[{\"@type\":\"ReadAction\",\"target\":[\"https:\/\/w-l-c.be\/fr\/invasion-dovnis-belges\/\"]}]},{\"@type\":\"BreadcrumbList\",\"@id\":\"https:\/\/w-l-c.be\/fr\/invasion-dovnis-belges\/#breadcrumb\",\"itemListElement\":[{\"@type\":\"ListItem\",\"position\":1,\"name\":\"Accueil\",\"item\":\"https:\/\/w-l-c.be\/fr\/\"},{\"@type\":\"ListItem\",\"position\":2,\"name\":\"Invasion d&rsquo;Ovni(s) belges&#8230;\"}]},{\"@type\":\"WebSite\",\"@id\":\"https:\/\/w-l-c.be\/fr\/#website\",\"url\":\"https:\/\/w-l-c.be\/fr\/\",\"name\":\"w-l-c\",\"description\":\"Le cin\u00e9ma vu par les belges\",\"potentialAction\":[{\"@type\":\"SearchAction\",\"target\":{\"@type\":\"EntryPoint\",\"urlTemplate\":\"https:\/\/w-l-c.be\/fr\/?s={search_term_string}\"},\"query-input\":\"required name=search_term_string\"}],\"inLanguage\":\"fr-FR\"},{\"@type\":\"Person\",\"@id\":\"https:\/\/w-l-c.be\/fr\/#\/schema\/person\/8084b68c6b176142d073695c654dc7cf\",\"name\":\"Aurore Engelen\",\"url\":\"https:\/\/w-l-c.be\/fr\/author\/aurore-engelen\/\"}]}<\/script>\n<!-- \/ Yoast SEO plugin. -->","yoast_head_json":{"title":"Invasion d'Ovni(s) belges... - w-l-c","robots":{"index":"noindex","follow":"follow","max-snippet":"max-snippet:-1","max-image-preview":"max-image-preview:large","max-video-preview":"max-video-preview:-1"},"og_locale":"fr_FR","og_type":"article","og_title":"Invasion d'Ovni(s) belges... - w-l-c","og_description":"On les a vus \u00e0 l&rsquo;automne dernier, \u00e0 Ittre, Bonlez, Incourt, Enghien, Seneffe, Braine ou Watermael-Boisfort&#8230; En 2020, 446 notifications ont \u00e9t\u00e9 signal\u00e9es en Belgique, soit une hausse de 64%. Mais une hausse de quoi? Des signalisations d&rsquo;objets volants non identifi\u00e9s! Hasard? Peut-\u00eatre pas, quand on sait que c&rsquo;est principalement en Belgique qu&rsquo;a \u00e9t\u00e9 tourn\u00e9e &hellip;","og_url":"https:\/\/w-l-c.be\/fr\/invasion-dovnis-belges\/","og_site_name":"w-l-c","article_published_time":"2021-01-21T09:36:59+00:00","article_modified_time":"2021-01-22T11:02:04+00:00","og_image":[{"width":800,"height":416,"url":"https:\/\/w-l-c.be\/wp-content\/uploads\/2021\/01\/ovnis-canal-photo.jpg","type":"image\/jpeg"}],"author":"Aurore Engelen","twitter_card":"summary_large_image","twitter_misc":{"\u00c9crit par":"Aurore Engelen","Dur\u00e9e de lecture estim\u00e9e":"3 minutes"},"schema":{"@context":"https:\/\/schema.org","@graph":[{"@type":"WebPage","@id":"https:\/\/w-l-c.be\/fr\/invasion-dovnis-belges\/","url":"https:\/\/w-l-c.be\/fr\/invasion-dovnis-belges\/","name":"Invasion d'Ovni(s) belges... - w-l-c","isPartOf":{"@id":"https:\/\/w-l-c.be\/fr\/#website"},"datePublished":"2021-01-21T09:36:59+00:00","dateModified":"2021-01-22T11:02:04+00:00","author":{"@id":"https:\/\/w-l-c.be\/fr\/#\/schema\/person\/8084b68c6b176142d073695c654dc7cf"},"breadcrumb":{"@id":"https:\/\/w-l-c.be\/fr\/invasion-dovnis-belges\/#breadcrumb"},"inLanguage":"fr-FR","potentialAction":[{"@type":"ReadAction","target":["https:\/\/w-l-c.be\/fr\/invasion-dovnis-belges\/"]}]},{"@type":"BreadcrumbList","@id":"https:\/\/w-l-c.be\/fr\/invasion-dovnis-belges\/#breadcrumb","itemListElement":[{"@type":"ListItem","position":1,"name":"Accueil","item":"https:\/\/w-l-c.be\/fr\/"},{"@type":"ListItem","position":2,"name":"Invasion d&rsquo;Ovni(s) belges&#8230;"}]},{"@type":"WebSite","@id":"https:\/\/w-l-c.be\/fr\/#website","url":"https:\/\/w-l-c.be\/fr\/","name":"w-l-c","description":"Le cin\u00e9ma vu par les belges","potentialAction":[{"@type":"SearchAction","target":{"@type":"EntryPoint","urlTemplate":"https:\/\/w-l-c.be\/fr\/?s={search_term_string}"},"query-input":"required name=search_term_string"}],"inLanguage":"fr-FR"},{"@type":"Person","@id":"https:\/\/w-l-c.be\/fr\/#\/schema\/person\/8084b68c6b176142d073695c654dc7cf","name":"Aurore Engelen","url":"https:\/\/w-l-c.be\/fr\/author\/aurore-engelen\/"}]}},"_links":{"self":[{"href":"https:\/\/w-l-c.be\/fr\/wp-json\/wp\/v2\/posts\/234771","targetHints":{"allow":["GET"]}}],"collection":[{"href":"https:\/\/w-l-c.be\/fr\/wp-json\/wp\/v2\/posts"}],"about":[{"href":"https:\/\/w-l-c.be\/fr\/wp-json\/wp\/v2\/types\/post"}],"author":[{"embeddable":true,"href":"https:\/\/w-l-c.be\/fr\/wp-json\/wp\/v2\/users\/343"}],"replies":[{"embeddable":true,"href":"https:\/\/w-l-c.be\/fr\/wp-json\/wp\/v2\/comments?post=234771"}],"version-history":[{"count":0,"href":"https:\/\/w-l-c.be\/fr\/wp-json\/wp\/v2\/posts\/234771\/revisions"}],"wp:featuredmedia":[{"embeddable":true,"href":"https:\/\/w-l-c.be\/fr\/wp-json\/wp\/v2\/media\/234785"}],"wp:attachment":[{"href":"https:\/\/w-l-c.be\/fr\/wp-json\/wp\/v2\/media?parent=234771"}],"wp:term":[{"taxonomy":"category","embeddable":true,"href":"https:\/\/w-l-c.be\/fr\/wp-json\/wp\/v2\/categories?post=234771"},{"taxonomy":"post_tag","embeddable":true,"href":"https:\/\/w-l-c.be\/fr\/wp-json\/wp\/v2\/tags?post=234771"}],"curies":[{"name":"wp","href":"https:\/\/api.w.org\/{rel}","templated":true}]}}