
{"id":234906,"date":"2021-01-29T09:37:24","date_gmt":"2021-01-29T08:37:24","guid":{"rendered":"https:\/\/www.cinevox.be\/?p=234906"},"modified":"2021-01-29T12:13:16","modified_gmt":"2021-01-29T11:13:16","slug":"le-programme-belge-danima-2021","status":"publish","type":"post","link":"https:\/\/w-l-c.be\/fr\/le-programme-belge-danima-2021\/","title":{"rendered":"Le programme belge d&rsquo;Anima 2021!"},"content":{"rendered":"<p><strong>On l&rsquo;apprenait il y a quelques jours, le Festival Anima sera finalement maintenu en f\u00e9vrier prochain, et se tiendra en ligne. Alors certes, nous n&rsquo;aurons pas le plaisir de nous \u00e9mouvoir sur grand \u00e9cran devant de petites p\u00e9pites anim\u00e9es, mais voyons le bon c\u00f4t\u00e9 des choses, l&rsquo;attrayante et exigeante programmation du festival sera accessible \u00e0 tous! Petit tour d&rsquo;horizon des productions belges que vous pourrez d\u00e9couvrir&#8230;<\/strong><\/p>\n<p>Avec un catalogue de plus de 250 contenus vid\u00e9o, dont 12 longs m\u00e9trages, 216 courts m\u00e9trages, 15 rencontres virtuelles et plus de 40 bonus \u00e0 d\u00e9couvrir, Anima Online s&rsquo;est surpass\u00e9 avec films sont pour la plupart in\u00e9dits et visibles sur aucune autre plateforme en ligne!<\/p>\n<p>On se pr\u00e9cipitera, comme chaque ann\u00e9e, pour d\u00e9couvrir les s\u00e9ances \u00ab\u00a0C&rsquo;est du belge\u00a0\u00bb (<a href=\"https:\/\/online.animafestival.be\/page\/belge-belgisch\/\">ici<\/a>), enti\u00e8rement consacr\u00e9es aux productions du plat pays.<\/p>\n<h4>C&rsquo;est du belge 1, comp\u00e9tition<\/h4>\n<ul>\n<li>Dry Sea de Bart Bossaert et Yves Bex<\/li>\n<li>Monachopsis de Liesbet Van Loon<\/li>\n<li>Through the Cymbals I Will Watch de Karlo Corona et Lor\u00e8ne Yavo<\/li>\n<li>Mosaic de Imge et Sine Ozbilge<\/li>\n<li>Tout contre toi de M\u00e9lanie Robert<\/li>\n<li>Gloria d&rsquo;Iza Cracco<\/li>\n<li>Easter Eggs de Nicolas Keppens<\/li>\n<\/ul>\n<figure id=\"attachment_234934\" aria-describedby=\"caption-attachment-234934\" style=\"width: 618px\" class=\"wp-caption alignnone\"><img loading=\"lazy\" decoding=\"async\" class=\"size-large wp-image-234934\" src=\"https:\/\/www.cinevox.be\/wp-content\/uploads\/2021\/01\/Hold-me-Tight_NEW1-800x421.png\" alt=\"\" width=\"618\" height=\"325\" srcset=\"https:\/\/w-l-c.be\/wp-content\/uploads\/2021\/01\/Hold-me-Tight_NEW1-800x421.png 800w, https:\/\/w-l-c.be\/wp-content\/uploads\/2021\/01\/Hold-me-Tight_NEW1-480x253.png 480w, https:\/\/w-l-c.be\/wp-content\/uploads\/2021\/01\/Hold-me-Tight_NEW1-768x404.png 768w, https:\/\/w-l-c.be\/wp-content\/uploads\/2021\/01\/Hold-me-Tight_NEW1.png 1140w\" sizes=\"auto, (max-width: 618px) 100vw, 618px\" \/><figcaption id=\"caption-attachment-234934\" class=\"wp-caption-text\">\u00ab\u00a0Tout contre toi\u00a0\u00bb de M\u00e9lanie Robert<\/figcaption><\/figure>\n<h4>C&rsquo;est du belge 2, courts m\u00e9trages \u00e9tudiants<\/h4>\n<ul>\n<li>Papa Zaza de G\u00e9raldine Charpentier<\/li>\n<li>Les Aventures de Bao &#8211; Confin\u00e9s d&rsquo;Etienne Gr\u00e9goire<\/li>\n<li>Sorry, I Don&rsquo;t Understand de Natalie Feoktistova<\/li>\n<li>Would you please? de Ada Guvenir<\/li>\n<li>Scapho\u00efde er m\u00e9tacarpes de Th\u00e9o Guyot<\/li>\n<li>Ego \u00e9cho de Ezra Belgrado<\/li>\n<li>Woods de Nicolas Gemoets<\/li>\n<li>Ontbinding de Dires Bogaert<\/li>\n<li>Tussen de bijen en de tarbot de Linnea Lidegran Correia<\/li>\n<li>La Cerise sur le g\u00e2teau de Chlo\u00e9 Farr<\/li>\n<li>Amours Libres de Emily Worms<\/li>\n<li>Un kilom\u00e8tre \u00e0 pied de Mathieu Georis<\/li>\n<\/ul>\n<h4>C&rsquo;est du belge 3, hors comp\u00e9tition<\/h4>\n<ul>\n<li>Opa &amp; Omi d&rsquo;Antoine Vignon<\/li>\n<li>Scarlet Red de Toon Loenders<\/li>\n<li>L&rsquo;Oreille Musicale de Margot Reumont<\/li>\n<li>Elefan &#8211; Pavement de Pierre Watteyne<\/li>\n<li>Grand Soleil &#8211; R\u00e9alit\u00e9 de Bruno Tondeur<\/li>\n<li>The Krostons &#8211; The Apple Avalanche Short de Fr\u00e9d\u00e9ric Du Chau<\/li>\n<li>Horrible Tales for Terrible Children de Freek Quartier<\/li>\n<li>L&rsquo;Homme assis qui voulait se lever de Nicolas Schroeder<\/li>\n<li>Master of None de Daniel Scott<\/li>\n<li>Ouic Ouic de Pol Bourdellon<\/li>\n<\/ul>\n<figure id=\"attachment_234937\" aria-describedby=\"caption-attachment-234937\" style=\"width: 560px\" class=\"wp-caption alignnone\"><img loading=\"lazy\" decoding=\"async\" class=\"size-full wp-image-234937\" src=\"https:\/\/www.cinevox.be\/wp-content\/uploads\/2021\/01\/Se\u0301quence-14.00_01_47_24.Image-fixe007-560x315-1.jpg\" alt=\"\" width=\"560\" height=\"315\" srcset=\"https:\/\/w-l-c.be\/wp-content\/uploads\/2021\/01\/Se\u0301quence-14.00_01_47_24.Image-fixe007-560x315-1.jpg 560w, https:\/\/w-l-c.be\/wp-content\/uploads\/2021\/01\/Se\u0301quence-14.00_01_47_24.Image-fixe007-560x315-1-480x270.jpg 480w, https:\/\/w-l-c.be\/wp-content\/uploads\/2021\/01\/Se\u0301quence-14.00_01_47_24.Image-fixe007-560x315-1-200x113.jpg 200w\" sizes=\"auto, (max-width: 560px) 100vw, 560px\" \/><figcaption id=\"caption-attachment-234937\" class=\"wp-caption-text\">\u00ab\u00a0L&rsquo;homme assis qui voulait se lever\u00a0\u00bb<\/figcaption><\/figure>\n<h4>Les Petits Belges<\/h4>\n<ul>\n<li>B\u00e9b\u00e9 d&rsquo;Ornella Macchia, Gwendoline Gamboa et Margot Reumont<\/li>\n<li>Ollie d&rsquo;Anton Setola<\/li>\n<li>Kiran et les masques de Jessica Blondiau<\/li>\n<li>M\u00e9ga M\u00e9ga M\u00e9ga M\u00e9ga F\u00eate\u00a0 de 14 Enfants Collectif<\/li>\n<li>Oscar &amp; Victoria de Laurie Heinen<\/li>\n<li>La L\u00e9gende du printemps de Lou V\u00e9rant<\/li>\n<li>Le Petit Sapin de 27 enfants Collectif<\/li>\n<li>Poussi\u00e8re d&rsquo;Alessia Puli<\/li>\n<\/ul>\n<p>&nbsp;<\/p>\n<p>Anima, ce sont \u00e9galement des rencontres. Le programme Futuranima sera cette ann\u00e9e 100% belge, avec notamment une <a href=\"https:\/\/online.animafestival.be\/film\/masterclass-stop-motion\/\">Masterclass Stop-Motion<\/a>, anim\u00e9e par Patar &amp; Aubier, qui vous emm\u00e8neront dans les coulisses du dernier \u00e9pisodes de Panique au village, Les Grandes Vacances, mais aussi une s\u00e9rie d&rsquo;entretiens exceptionnels, <a href=\"https:\/\/online.animafestival.be\/bundle\/belgian-filmmakers\/\">Belgian Filmmakers<\/a>, une visite de studios d&rsquo;animation belges (<a href=\"https:\/\/online.animafestival.be\/bundle\/belgian-studios\/\">Belgian Studios<\/a>) et un <a href=\"https:\/\/online.animafestival.be\/film\/panorama-of-belgian-animation-film\/\">Panorama of Belgian Animation Film<\/a> avec Dick Tomasovic et Philippe Moins.<\/p>\n<p>La billetterie est d&rsquo;ores et d\u00e9j\u00e0 ouverte, rendez-vous sur <a href=\"https:\/\/animafestival.be\/fr\">le site d&rsquo;Anima<\/a>!<\/p>\n<p>&nbsp;<\/p>\n<p>&nbsp;<\/p>\n","protected":false},"excerpt":{"rendered":"<p>On l&rsquo;apprenait il y a quelques jours, le Festival Anima sera finalement maintenu en f\u00e9vrier prochain, et se tiendra en ligne. Alors certes, nous n&rsquo;aurons pas le plaisir de nous \u00e9mouvoir sur grand \u00e9cran devant de petites p\u00e9pites anim\u00e9es, mais voyons le bon c\u00f4t\u00e9 des choses, l&rsquo;attrayante et exigeante programmation du festival sera accessible \u00e0 &hellip;<\/p>\n","protected":false},"author":343,"featured_media":234931,"comment_status":"closed","ping_status":"closed","sticky":false,"template":"","format":"standard","meta":{"ngg_post_thumbnail":0,"footnotes":""},"categories":[12],"tags":[3126,4187],"class_list":["post-234906","post","type-post","status-publish","format-standard","has-post-thumbnail","","category-awards","tag-anima","tag-newsletter-fr"],"yoast_head":"<!-- This site is optimized with the Yoast SEO plugin v20.4 - https:\/\/yoast.com\/wordpress\/plugins\/seo\/ -->\n<title>Le programme belge d&#039;Anima 2021! - w-l-c<\/title>\n<meta name=\"robots\" content=\"noindex, follow, max-snippet:-1, max-image-preview:large, max-video-preview:-1\" \/>\n<meta property=\"og:locale\" content=\"fr_FR\" \/>\n<meta property=\"og:type\" content=\"article\" \/>\n<meta property=\"og:title\" content=\"Le programme belge d&#039;Anima 2021! - w-l-c\" \/>\n<meta property=\"og:description\" content=\"On l&rsquo;apprenait il y a quelques jours, le Festival Anima sera finalement maintenu en f\u00e9vrier prochain, et se tiendra en ligne. Alors certes, nous n&rsquo;aurons pas le plaisir de nous \u00e9mouvoir sur grand \u00e9cran devant de petites p\u00e9pites anim\u00e9es, mais voyons le bon c\u00f4t\u00e9 des choses, l&rsquo;attrayante et exigeante programmation du festival sera accessible \u00e0 &hellip;\" \/>\n<meta property=\"og:url\" content=\"https:\/\/w-l-c.be\/fr\/le-programme-belge-danima-2021\/\" \/>\n<meta property=\"og:site_name\" content=\"w-l-c\" \/>\n<meta property=\"article:published_time\" content=\"2021-01-29T08:37:24+00:00\" \/>\n<meta property=\"article:modified_time\" content=\"2021-01-29T11:13:16+00:00\" \/>\n<meta property=\"og:image\" content=\"https:\/\/w-l-c.be\/wp-content\/uploads\/2021\/01\/Gil-Alkabetz-Illustration_OUV_ACCEUIL.png\" \/>\n\t<meta property=\"og:image:width\" content=\"2646\" \/>\n\t<meta property=\"og:image:height\" content=\"1486\" \/>\n\t<meta property=\"og:image:type\" content=\"image\/png\" \/>\n<meta name=\"author\" content=\"Aurore Engelen\" \/>\n<meta name=\"twitter:card\" content=\"summary_large_image\" \/>\n<meta name=\"twitter:label1\" content=\"\u00c9crit par\" \/>\n\t<meta name=\"twitter:data1\" content=\"Aurore Engelen\" \/>\n\t<meta name=\"twitter:label2\" content=\"Dur\u00e9e de lecture estim\u00e9e\" \/>\n\t<meta name=\"twitter:data2\" content=\"3 minutes\" \/>\n<script type=\"application\/ld+json\" class=\"yoast-schema-graph\">{\"@context\":\"https:\/\/schema.org\",\"@graph\":[{\"@type\":\"WebPage\",\"@id\":\"https:\/\/w-l-c.be\/fr\/le-programme-belge-danima-2021\/\",\"url\":\"https:\/\/w-l-c.be\/fr\/le-programme-belge-danima-2021\/\",\"name\":\"Le programme belge d'Anima 2021! - w-l-c\",\"isPartOf\":{\"@id\":\"https:\/\/w-l-c.be\/fr\/#website\"},\"datePublished\":\"2021-01-29T08:37:24+00:00\",\"dateModified\":\"2021-01-29T11:13:16+00:00\",\"author\":{\"@id\":\"https:\/\/w-l-c.be\/fr\/#\/schema\/person\/8084b68c6b176142d073695c654dc7cf\"},\"breadcrumb\":{\"@id\":\"https:\/\/w-l-c.be\/fr\/le-programme-belge-danima-2021\/#breadcrumb\"},\"inLanguage\":\"fr-FR\",\"potentialAction\":[{\"@type\":\"ReadAction\",\"target\":[\"https:\/\/w-l-c.be\/fr\/le-programme-belge-danima-2021\/\"]}]},{\"@type\":\"BreadcrumbList\",\"@id\":\"https:\/\/w-l-c.be\/fr\/le-programme-belge-danima-2021\/#breadcrumb\",\"itemListElement\":[{\"@type\":\"ListItem\",\"position\":1,\"name\":\"Accueil\",\"item\":\"https:\/\/w-l-c.be\/fr\/\"},{\"@type\":\"ListItem\",\"position\":2,\"name\":\"Le programme belge d&rsquo;Anima 2021!\"}]},{\"@type\":\"WebSite\",\"@id\":\"https:\/\/w-l-c.be\/fr\/#website\",\"url\":\"https:\/\/w-l-c.be\/fr\/\",\"name\":\"w-l-c\",\"description\":\"Le cin\u00e9ma vu par les belges\",\"potentialAction\":[{\"@type\":\"SearchAction\",\"target\":{\"@type\":\"EntryPoint\",\"urlTemplate\":\"https:\/\/w-l-c.be\/fr\/?s={search_term_string}\"},\"query-input\":\"required name=search_term_string\"}],\"inLanguage\":\"fr-FR\"},{\"@type\":\"Person\",\"@id\":\"https:\/\/w-l-c.be\/fr\/#\/schema\/person\/8084b68c6b176142d073695c654dc7cf\",\"name\":\"Aurore Engelen\",\"url\":\"https:\/\/w-l-c.be\/fr\/author\/aurore-engelen\/\"}]}<\/script>\n<!-- \/ Yoast SEO plugin. -->","yoast_head_json":{"title":"Le programme belge d'Anima 2021! - w-l-c","robots":{"index":"noindex","follow":"follow","max-snippet":"max-snippet:-1","max-image-preview":"max-image-preview:large","max-video-preview":"max-video-preview:-1"},"og_locale":"fr_FR","og_type":"article","og_title":"Le programme belge d'Anima 2021! - w-l-c","og_description":"On l&rsquo;apprenait il y a quelques jours, le Festival Anima sera finalement maintenu en f\u00e9vrier prochain, et se tiendra en ligne. Alors certes, nous n&rsquo;aurons pas le plaisir de nous \u00e9mouvoir sur grand \u00e9cran devant de petites p\u00e9pites anim\u00e9es, mais voyons le bon c\u00f4t\u00e9 des choses, l&rsquo;attrayante et exigeante programmation du festival sera accessible \u00e0 &hellip;","og_url":"https:\/\/w-l-c.be\/fr\/le-programme-belge-danima-2021\/","og_site_name":"w-l-c","article_published_time":"2021-01-29T08:37:24+00:00","article_modified_time":"2021-01-29T11:13:16+00:00","og_image":[{"width":2646,"height":1486,"url":"https:\/\/w-l-c.be\/wp-content\/uploads\/2021\/01\/Gil-Alkabetz-Illustration_OUV_ACCEUIL.png","type":"image\/png"}],"author":"Aurore Engelen","twitter_card":"summary_large_image","twitter_misc":{"\u00c9crit par":"Aurore Engelen","Dur\u00e9e de lecture estim\u00e9e":"3 minutes"},"schema":{"@context":"https:\/\/schema.org","@graph":[{"@type":"WebPage","@id":"https:\/\/w-l-c.be\/fr\/le-programme-belge-danima-2021\/","url":"https:\/\/w-l-c.be\/fr\/le-programme-belge-danima-2021\/","name":"Le programme belge d'Anima 2021! - w-l-c","isPartOf":{"@id":"https:\/\/w-l-c.be\/fr\/#website"},"datePublished":"2021-01-29T08:37:24+00:00","dateModified":"2021-01-29T11:13:16+00:00","author":{"@id":"https:\/\/w-l-c.be\/fr\/#\/schema\/person\/8084b68c6b176142d073695c654dc7cf"},"breadcrumb":{"@id":"https:\/\/w-l-c.be\/fr\/le-programme-belge-danima-2021\/#breadcrumb"},"inLanguage":"fr-FR","potentialAction":[{"@type":"ReadAction","target":["https:\/\/w-l-c.be\/fr\/le-programme-belge-danima-2021\/"]}]},{"@type":"BreadcrumbList","@id":"https:\/\/w-l-c.be\/fr\/le-programme-belge-danima-2021\/#breadcrumb","itemListElement":[{"@type":"ListItem","position":1,"name":"Accueil","item":"https:\/\/w-l-c.be\/fr\/"},{"@type":"ListItem","position":2,"name":"Le programme belge d&rsquo;Anima 2021!"}]},{"@type":"WebSite","@id":"https:\/\/w-l-c.be\/fr\/#website","url":"https:\/\/w-l-c.be\/fr\/","name":"w-l-c","description":"Le cin\u00e9ma vu par les belges","potentialAction":[{"@type":"SearchAction","target":{"@type":"EntryPoint","urlTemplate":"https:\/\/w-l-c.be\/fr\/?s={search_term_string}"},"query-input":"required name=search_term_string"}],"inLanguage":"fr-FR"},{"@type":"Person","@id":"https:\/\/w-l-c.be\/fr\/#\/schema\/person\/8084b68c6b176142d073695c654dc7cf","name":"Aurore Engelen","url":"https:\/\/w-l-c.be\/fr\/author\/aurore-engelen\/"}]}},"_links":{"self":[{"href":"https:\/\/w-l-c.be\/fr\/wp-json\/wp\/v2\/posts\/234906","targetHints":{"allow":["GET"]}}],"collection":[{"href":"https:\/\/w-l-c.be\/fr\/wp-json\/wp\/v2\/posts"}],"about":[{"href":"https:\/\/w-l-c.be\/fr\/wp-json\/wp\/v2\/types\/post"}],"author":[{"embeddable":true,"href":"https:\/\/w-l-c.be\/fr\/wp-json\/wp\/v2\/users\/343"}],"replies":[{"embeddable":true,"href":"https:\/\/w-l-c.be\/fr\/wp-json\/wp\/v2\/comments?post=234906"}],"version-history":[{"count":0,"href":"https:\/\/w-l-c.be\/fr\/wp-json\/wp\/v2\/posts\/234906\/revisions"}],"wp:featuredmedia":[{"embeddable":true,"href":"https:\/\/w-l-c.be\/fr\/wp-json\/wp\/v2\/media\/234931"}],"wp:attachment":[{"href":"https:\/\/w-l-c.be\/fr\/wp-json\/wp\/v2\/media?parent=234906"}],"wp:term":[{"taxonomy":"category","embeddable":true,"href":"https:\/\/w-l-c.be\/fr\/wp-json\/wp\/v2\/categories?post=234906"},{"taxonomy":"post_tag","embeddable":true,"href":"https:\/\/w-l-c.be\/fr\/wp-json\/wp\/v2\/tags?post=234906"}],"curies":[{"name":"wp","href":"https:\/\/api.w.org\/{rel}","templated":true}]}}