
{"id":234915,"date":"2021-01-28T12:06:18","date_gmt":"2021-01-28T11:06:18","guid":{"rendered":"https:\/\/www.cinevox.be\/?p=234915"},"modified":"2021-01-28T12:06:18","modified_gmt":"2021-01-28T11:06:18","slug":"casting-ados-long-metrage","status":"publish","type":"post","link":"https:\/\/w-l-c.be\/fr\/casting-ados-long-metrage\/","title":{"rendered":"Casting ados long m\u00e9trage"},"content":{"rendered":"<p><strong>Pour le premier long me\u0301trage d&rsquo;Elodie Le\u0301lu produit par IOTA production pour la Belgique, sont recherch\u00e9s :<\/strong><\/p>\n<ul>\n<li>Une jeune fille de forte corpulence entre 15 et 17 ans. (Ro\u0302le important)<\/li>\n<li>Un garc\u0327on entre 18 et 20 ans.<\/li>\n<\/ul>\n<p>Toutes les origines sont les bienvenues pour les deux ro\u0302les. Tournage en avril-mai 2021<\/p>\n<p>Si vous souhaitez envoyer votre candidature, merci d\u2019envoyer un email a\u0300 : elodie@mcasting.be<\/p>\n<p>Avec le n\u00b0 de GSM (Celui des parents aussi si vous e\u0302tes mineurs), votre ville, photos du visage et de plein pied, hauteur et date de naissance.<\/p>\n<p>Seulement et seulement si votre profil correspond aux recherches du re\u0301alisateur, nous vous contacterons pour une e\u0301tape de casting ulte\u0301rieure.<\/p>\n","protected":false},"excerpt":{"rendered":"<p>Pour le premier long me\u0301trage d&rsquo;Elodie Le\u0301lu produit par IOTA production pour la Belgique, sont recherch\u00e9s : Une jeune fille de forte corpulence entre 15 et 17 ans. (Ro\u0302le important) Un garc\u0327on entre 18 et 20 ans. Toutes les origines sont les bienvenues pour les deux ro\u0302les. Tournage en avril-mai 2021 Si vous souhaitez envoyer &hellip;<\/p>\n","protected":false},"author":343,"featured_media":210916,"comment_status":"closed","ping_status":"closed","sticky":false,"template":"","format":"standard","meta":{"ngg_post_thumbnail":0,"footnotes":""},"categories":[20],"tags":[],"class_list":["post-234915","post","type-post","status-publish","format-standard","has-post-thumbnail","","category-cinejobs"],"yoast_head":"<!-- This site is optimized with the Yoast SEO plugin v20.4 - https:\/\/yoast.com\/wordpress\/plugins\/seo\/ -->\n<title>Casting ados long m\u00e9trage - w-l-c<\/title>\n<meta name=\"robots\" content=\"noindex, follow, max-snippet:-1, max-image-preview:large, max-video-preview:-1\" \/>\n<meta property=\"og:locale\" content=\"fr_FR\" \/>\n<meta property=\"og:type\" content=\"article\" \/>\n<meta property=\"og:title\" content=\"Casting ados long m\u00e9trage - w-l-c\" \/>\n<meta property=\"og:description\" content=\"Pour le premier long me\u0301trage d&rsquo;Elodie Le\u0301lu produit par IOTA production pour la Belgique, sont recherch\u00e9s : Une jeune fille de forte corpulence entre 15 et 17 ans. (Ro\u0302le important) Un garc\u0327on entre 18 et 20 ans. Toutes les origines sont les bienvenues pour les deux ro\u0302les. Tournage en avril-mai 2021 Si vous souhaitez envoyer &hellip;\" \/>\n<meta property=\"og:url\" content=\"https:\/\/w-l-c.be\/fr\/casting-ados-long-metrage\/\" \/>\n<meta property=\"og:site_name\" content=\"w-l-c\" \/>\n<meta property=\"article:published_time\" content=\"2021-01-28T11:06:18+00:00\" \/>\n<meta property=\"og:image\" content=\"https:\/\/w-l-c.be\/wp-content\/uploads\/2018\/06\/Casting.jpg\" \/>\n\t<meta property=\"og:image:width\" content=\"1024\" \/>\n\t<meta property=\"og:image:height\" content=\"512\" \/>\n\t<meta property=\"og:image:type\" content=\"image\/jpeg\" \/>\n<meta name=\"author\" content=\"Aurore Engelen\" \/>\n<meta name=\"twitter:card\" content=\"summary_large_image\" \/>\n<meta name=\"twitter:label1\" content=\"\u00c9crit par\" \/>\n\t<meta name=\"twitter:data1\" content=\"Aurore Engelen\" \/>\n\t<meta name=\"twitter:label2\" content=\"Dur\u00e9e de lecture estim\u00e9e\" \/>\n\t<meta name=\"twitter:data2\" content=\"1 minute\" \/>\n<script type=\"application\/ld+json\" class=\"yoast-schema-graph\">{\"@context\":\"https:\/\/schema.org\",\"@graph\":[{\"@type\":\"WebPage\",\"@id\":\"https:\/\/w-l-c.be\/fr\/casting-ados-long-metrage\/\",\"url\":\"https:\/\/w-l-c.be\/fr\/casting-ados-long-metrage\/\",\"name\":\"Casting ados long m\u00e9trage - w-l-c\",\"isPartOf\":{\"@id\":\"https:\/\/w-l-c.be\/fr\/#website\"},\"datePublished\":\"2021-01-28T11:06:18+00:00\",\"dateModified\":\"2021-01-28T11:06:18+00:00\",\"author\":{\"@id\":\"https:\/\/w-l-c.be\/fr\/#\/schema\/person\/8084b68c6b176142d073695c654dc7cf\"},\"breadcrumb\":{\"@id\":\"https:\/\/w-l-c.be\/fr\/casting-ados-long-metrage\/#breadcrumb\"},\"inLanguage\":\"fr-FR\",\"potentialAction\":[{\"@type\":\"ReadAction\",\"target\":[\"https:\/\/w-l-c.be\/fr\/casting-ados-long-metrage\/\"]}]},{\"@type\":\"BreadcrumbList\",\"@id\":\"https:\/\/w-l-c.be\/fr\/casting-ados-long-metrage\/#breadcrumb\",\"itemListElement\":[{\"@type\":\"ListItem\",\"position\":1,\"name\":\"Accueil\",\"item\":\"https:\/\/w-l-c.be\/fr\/\"},{\"@type\":\"ListItem\",\"position\":2,\"name\":\"Casting ados long m\u00e9trage\"}]},{\"@type\":\"WebSite\",\"@id\":\"https:\/\/w-l-c.be\/fr\/#website\",\"url\":\"https:\/\/w-l-c.be\/fr\/\",\"name\":\"w-l-c\",\"description\":\"Le cin\u00e9ma vu par les belges\",\"potentialAction\":[{\"@type\":\"SearchAction\",\"target\":{\"@type\":\"EntryPoint\",\"urlTemplate\":\"https:\/\/w-l-c.be\/fr\/?s={search_term_string}\"},\"query-input\":\"required name=search_term_string\"}],\"inLanguage\":\"fr-FR\"},{\"@type\":\"Person\",\"@id\":\"https:\/\/w-l-c.be\/fr\/#\/schema\/person\/8084b68c6b176142d073695c654dc7cf\",\"name\":\"Aurore Engelen\",\"url\":\"https:\/\/w-l-c.be\/fr\/author\/aurore-engelen\/\"}]}<\/script>\n<!-- \/ Yoast SEO plugin. -->","yoast_head_json":{"title":"Casting ados long m\u00e9trage - w-l-c","robots":{"index":"noindex","follow":"follow","max-snippet":"max-snippet:-1","max-image-preview":"max-image-preview:large","max-video-preview":"max-video-preview:-1"},"og_locale":"fr_FR","og_type":"article","og_title":"Casting ados long m\u00e9trage - w-l-c","og_description":"Pour le premier long me\u0301trage d&rsquo;Elodie Le\u0301lu produit par IOTA production pour la Belgique, sont recherch\u00e9s : Une jeune fille de forte corpulence entre 15 et 17 ans. (Ro\u0302le important) Un garc\u0327on entre 18 et 20 ans. Toutes les origines sont les bienvenues pour les deux ro\u0302les. Tournage en avril-mai 2021 Si vous souhaitez envoyer &hellip;","og_url":"https:\/\/w-l-c.be\/fr\/casting-ados-long-metrage\/","og_site_name":"w-l-c","article_published_time":"2021-01-28T11:06:18+00:00","og_image":[{"width":1024,"height":512,"url":"https:\/\/w-l-c.be\/wp-content\/uploads\/2018\/06\/Casting.jpg","type":"image\/jpeg"}],"author":"Aurore Engelen","twitter_card":"summary_large_image","twitter_misc":{"\u00c9crit par":"Aurore Engelen","Dur\u00e9e de lecture estim\u00e9e":"1 minute"},"schema":{"@context":"https:\/\/schema.org","@graph":[{"@type":"WebPage","@id":"https:\/\/w-l-c.be\/fr\/casting-ados-long-metrage\/","url":"https:\/\/w-l-c.be\/fr\/casting-ados-long-metrage\/","name":"Casting ados long m\u00e9trage - w-l-c","isPartOf":{"@id":"https:\/\/w-l-c.be\/fr\/#website"},"datePublished":"2021-01-28T11:06:18+00:00","dateModified":"2021-01-28T11:06:18+00:00","author":{"@id":"https:\/\/w-l-c.be\/fr\/#\/schema\/person\/8084b68c6b176142d073695c654dc7cf"},"breadcrumb":{"@id":"https:\/\/w-l-c.be\/fr\/casting-ados-long-metrage\/#breadcrumb"},"inLanguage":"fr-FR","potentialAction":[{"@type":"ReadAction","target":["https:\/\/w-l-c.be\/fr\/casting-ados-long-metrage\/"]}]},{"@type":"BreadcrumbList","@id":"https:\/\/w-l-c.be\/fr\/casting-ados-long-metrage\/#breadcrumb","itemListElement":[{"@type":"ListItem","position":1,"name":"Accueil","item":"https:\/\/w-l-c.be\/fr\/"},{"@type":"ListItem","position":2,"name":"Casting ados long m\u00e9trage"}]},{"@type":"WebSite","@id":"https:\/\/w-l-c.be\/fr\/#website","url":"https:\/\/w-l-c.be\/fr\/","name":"w-l-c","description":"Le cin\u00e9ma vu par les belges","potentialAction":[{"@type":"SearchAction","target":{"@type":"EntryPoint","urlTemplate":"https:\/\/w-l-c.be\/fr\/?s={search_term_string}"},"query-input":"required name=search_term_string"}],"inLanguage":"fr-FR"},{"@type":"Person","@id":"https:\/\/w-l-c.be\/fr\/#\/schema\/person\/8084b68c6b176142d073695c654dc7cf","name":"Aurore Engelen","url":"https:\/\/w-l-c.be\/fr\/author\/aurore-engelen\/"}]}},"_links":{"self":[{"href":"https:\/\/w-l-c.be\/fr\/wp-json\/wp\/v2\/posts\/234915","targetHints":{"allow":["GET"]}}],"collection":[{"href":"https:\/\/w-l-c.be\/fr\/wp-json\/wp\/v2\/posts"}],"about":[{"href":"https:\/\/w-l-c.be\/fr\/wp-json\/wp\/v2\/types\/post"}],"author":[{"embeddable":true,"href":"https:\/\/w-l-c.be\/fr\/wp-json\/wp\/v2\/users\/343"}],"replies":[{"embeddable":true,"href":"https:\/\/w-l-c.be\/fr\/wp-json\/wp\/v2\/comments?post=234915"}],"version-history":[{"count":0,"href":"https:\/\/w-l-c.be\/fr\/wp-json\/wp\/v2\/posts\/234915\/revisions"}],"wp:featuredmedia":[{"embeddable":true,"href":"https:\/\/w-l-c.be\/fr\/wp-json\/wp\/v2\/media\/210916"}],"wp:attachment":[{"href":"https:\/\/w-l-c.be\/fr\/wp-json\/wp\/v2\/media?parent=234915"}],"wp:term":[{"taxonomy":"category","embeddable":true,"href":"https:\/\/w-l-c.be\/fr\/wp-json\/wp\/v2\/categories?post=234915"},{"taxonomy":"post_tag","embeddable":true,"href":"https:\/\/w-l-c.be\/fr\/wp-json\/wp\/v2\/tags?post=234915"}],"curies":[{"name":"wp","href":"https:\/\/api.w.org\/{rel}","templated":true}]}}