
{"id":234940,"date":"2021-01-29T11:53:36","date_gmt":"2021-01-29T10:53:36","guid":{"rendered":"https:\/\/www.cinevox.be\/?p=234940"},"modified":"2021-01-29T17:56:57","modified_gmt":"2021-01-29T16:56:57","slug":"10-nouveaux-longs-metrages-entrent-en-production","status":"publish","type":"post","link":"https:\/\/w-l-c.be\/fr\/10-nouveaux-longs-metrages-entrent-en-production\/","title":{"rendered":"10 nouveaux longs m\u00e9trages entrent en production"},"content":{"rendered":"<p><strong>La Commission du Cin\u00e9ma de la F\u00e9d\u00e9ration Wallonie-Bruxelles vient d&rsquo;annoncer les r\u00e9sultats de ses deux derni\u00e8res sessions 2020. Ce sont en tout 41 longs m\u00e9trages, 20 courts m\u00e9trages, 44 documentaires de cr\u00e9ation et 4 Films Lab sont soutenus par le Centre du Cin\u00e9ma et de l\u2019Audiovisuel.<\/strong><\/p>\n<p>Parmi ces films, on retiendra que 10 longs m\u00e9trages ont re\u00e7u une aide \u00e0 la production, et sont donc dans les starting-blocks.<\/p>\n<p>Ainsi, <strong>les fr\u00e8res Dardenne<\/strong> planchent actuellement sur leur nouveau film, qui devrait se tourner l&rsquo;\u00e9t\u00e9 prochain. <strong><em>Tori et Lokita<\/em><\/strong> reviendra sur l\u2019amiti\u00e9 qui unit deux jeunes gens venus seuls d\u2019Afrique et devant faire face aux cruelles conditions de leur exil en Belgique.<\/p>\n<p>On se r\u00e9jouit \u00e9galement d&rsquo;apprendre que le duo form\u00e9 par <strong>Abel &amp; Gordon<\/strong> (<em>Paris Pieds Nus, La F\u00e9e, Rumba<\/em>) pr\u00e9pare un nouveau film, <em>L\u2019\u00e9toile filante<\/em>. De leur c\u00f4t\u00e9, <strong>B\u00e9n\u00e9dicte Li\u00e9nard et Mary Jimenez<\/strong> poursuivent leur collaboration apr\u00e8s le tr\u00e8s beau <em>By the Name of Tania<\/em> avec <strong><em>Euga<\/em><\/strong>, une histoire qui les ram\u00e8ne au c\u0153ur de l\u2019Amazonie.<\/p>\n<p><strong>Vanja D\u2019Alcantara<\/strong> (<em>Beyond the Steppes, Le Coeur R\u00e9gulier<\/em>) est enfin de retour et pr\u00e9pare <em><strong>Vancouver<\/strong><\/em>, qui suit les pas de la jeune Toni dont les plans pour reconstruire sa vie \u00e0 sa sortie de prison semblent bien perturb\u00e9s.<\/p>\n<p><strong>Marta Bergman<\/strong> revient apr\u00e8s <em>Seule \u00e0 mon mariage<\/em> avec <strong><em>L&rsquo;Enfant b\u00e9lier<\/em><\/strong>.<\/p>\n<p>Apr\u00e8s avoir revisit\u00e9 le pass\u00e9 dans <em>Bye Bye Germany<\/em>, <strong>Sam Garbarski<\/strong> se projette dans le futur avec <strong><em>Perfect Boyfriend<\/em><\/strong>, l\u2019histoire d\u2019un demain relativement proche dans lequel les jobs sans qualification sont remplac\u00e9s par des andro\u00efdes beaucoup plus efficaces que les humains. <strong>Val\u00e9ry Rosier<\/strong> (<strong><em>Parasol<\/em><\/strong>) revient quant \u00e0 lui avec <strong><em>Lundi<\/em><\/strong>, sur un croque-mort pour\u2026 animaux domestiques.<\/p>\n<p>Deux premiers longs m\u00e9trages sont \u00e9galement soutenus. <strong>Delphine Girard<\/strong> (dont le court, <em>Une soeur<\/em>, \u00e9tait en lice il y a une an pour les Oscars) suit, dans <em><strong>Le plus vivant possible<\/strong><\/em>, Dary, Aly et Anna qui, apr\u00e8s une f\u00eate ayant mal tourn\u00e9, doivent faire face aux \u00e9chos de cette violence. Dans <strong><em>Dalva<\/em>, Emmanuelle Nicot<\/strong> (<em>A l&rsquo;arrach\u00e9<\/em>) filme une adolescente plac\u00e9e en foyer sans en comprendre les raisons.<\/p>\n<p>Enfin, une aide \u00e0 la finition est \u00e9galement accord\u00e9e au film collectif <strong><em>En marche<\/em><\/strong>, r\u00e9alis\u00e9 par Pierre Lorquet, Alain Eloy, Pierre Schonbrodt, Sabine Ringelheilm, Luc Malghem.<\/p>\n<p>Parmi les aides \u00e0 l&rsquo;\u00e9criture et au d\u00e9veloppement, on retiendra notamment le nouveau projet de <strong>Fr\u00e9d\u00e9ric Fonteyne et Anne Paulicevich, <em>Quatre jours avec Hitler et Mussolini<\/em><\/strong><em>,<strong> Les Cyclopes,<\/strong><\/em> le deuxi\u00e8me long m\u00e9trage de <strong>Sarah Hirtt<\/strong> (<em>Escapada<\/em>), ou encore les premiers longs m\u00e9trages de <strong>Claude Schmitz<\/strong> (<em>Rien que l&rsquo;\u00e9t\u00e9, Braquer Poitiers<\/em>), <strong>Nicolas Boucart<\/strong> (<em>Icare<\/em>) ou <strong>S\u00e9bastien Petit<\/strong> (<em>Bowling Killers<\/em>).<\/p>\n<p>Tous les projets aid\u00e9s sont \u00e0 d\u00e9couvrir <a href=\"https:\/\/audiovisuel.cfwb.be\/fileadmin\/sites\/sgam\/uploads\/Aides\/Aides_a_la_creation_CdC\/Resultats\/Resultats_CSF_2020_2e_session.pdf?utm_source=sendinblue&amp;utm_campaign=Communiqu_de_presse__Commission_du_Cinma_session_2__3_2020&amp;utm_medium=email\">ici<\/a> et <a href=\"https:\/\/audiovisuel.cfwb.be\/fileadmin\/sites\/sgam\/uploads\/Aides\/Aides_a_la_creation_CdC\/Resultats\/Resultats_CdC_2020_3e_session.pdf?utm_source=sendinblue&amp;utm_campaign=Communiqu_de_presse__Commission_du_Cinma_session_2__3_2020&amp;utm_medium=email\">ici<\/a>.<\/p>\n<p>&nbsp;<\/p>\n","protected":false},"excerpt":{"rendered":"<p>La Commission du Cin\u00e9ma de la F\u00e9d\u00e9ration Wallonie-Bruxelles vient d&rsquo;annoncer les r\u00e9sultats de ses deux derni\u00e8res sessions 2020. Ce sont en tout 41 longs m\u00e9trages, 20 courts m\u00e9trages, 44 documentaires de cr\u00e9ation et 4 Films Lab sont soutenus par le Centre du Cin\u00e9ma et de l\u2019Audiovisuel. Parmi ces films, on retiendra que 10 longs m\u00e9trages &hellip;<\/p>\n","protected":false},"author":343,"featured_media":234941,"comment_status":"closed","ping_status":"closed","sticky":false,"template":"","format":"standard","meta":{"ngg_post_thumbnail":0,"footnotes":""},"categories":[1923],"tags":[4187],"class_list":["post-234940","post","type-post","status-publish","format-standard","has-post-thumbnail","","category-en-bref","tag-newsletter-fr"],"yoast_head":"<!-- This site is optimized with the Yoast SEO plugin v20.4 - https:\/\/yoast.com\/wordpress\/plugins\/seo\/ -->\n<title>10 nouveaux longs m\u00e9trages entrent en production - w-l-c<\/title>\n<meta name=\"robots\" content=\"noindex, follow, max-snippet:-1, max-image-preview:large, max-video-preview:-1\" \/>\n<meta property=\"og:locale\" content=\"fr_FR\" \/>\n<meta property=\"og:type\" content=\"article\" \/>\n<meta property=\"og:title\" content=\"10 nouveaux longs m\u00e9trages entrent en production - w-l-c\" \/>\n<meta property=\"og:description\" content=\"La Commission du Cin\u00e9ma de la F\u00e9d\u00e9ration Wallonie-Bruxelles vient d&rsquo;annoncer les r\u00e9sultats de ses deux derni\u00e8res sessions 2020. Ce sont en tout 41 longs m\u00e9trages, 20 courts m\u00e9trages, 44 documentaires de cr\u00e9ation et 4 Films Lab sont soutenus par le Centre du Cin\u00e9ma et de l\u2019Audiovisuel. Parmi ces films, on retiendra que 10 longs m\u00e9trages &hellip;\" \/>\n<meta property=\"og:url\" content=\"https:\/\/w-l-c.be\/fr\/10-nouveaux-longs-metrages-entrent-en-production\/\" \/>\n<meta property=\"og:site_name\" content=\"w-l-c\" \/>\n<meta property=\"article:published_time\" content=\"2021-01-29T10:53:36+00:00\" \/>\n<meta property=\"article:modified_time\" content=\"2021-01-29T16:56:57+00:00\" \/>\n<meta property=\"og:image\" content=\"https:\/\/w-l-c.be\/wp-content\/uploads\/2021\/01\/FotoJet-2.jpg\" \/>\n\t<meta property=\"og:image:width\" content=\"1200\" \/>\n\t<meta property=\"og:image:height\" content=\"600\" \/>\n\t<meta property=\"og:image:type\" content=\"image\/jpeg\" \/>\n<meta name=\"author\" content=\"Aurore Engelen\" \/>\n<meta name=\"twitter:card\" content=\"summary_large_image\" \/>\n<meta name=\"twitter:label1\" content=\"\u00c9crit par\" \/>\n\t<meta name=\"twitter:data1\" content=\"Aurore Engelen\" \/>\n\t<meta name=\"twitter:label2\" content=\"Dur\u00e9e de lecture estim\u00e9e\" \/>\n\t<meta name=\"twitter:data2\" content=\"2 minutes\" \/>\n<script type=\"application\/ld+json\" class=\"yoast-schema-graph\">{\"@context\":\"https:\/\/schema.org\",\"@graph\":[{\"@type\":\"WebPage\",\"@id\":\"https:\/\/w-l-c.be\/fr\/10-nouveaux-longs-metrages-entrent-en-production\/\",\"url\":\"https:\/\/w-l-c.be\/fr\/10-nouveaux-longs-metrages-entrent-en-production\/\",\"name\":\"10 nouveaux longs m\u00e9trages entrent en production - w-l-c\",\"isPartOf\":{\"@id\":\"https:\/\/w-l-c.be\/fr\/#website\"},\"datePublished\":\"2021-01-29T10:53:36+00:00\",\"dateModified\":\"2021-01-29T16:56:57+00:00\",\"author\":{\"@id\":\"https:\/\/w-l-c.be\/fr\/#\/schema\/person\/8084b68c6b176142d073695c654dc7cf\"},\"breadcrumb\":{\"@id\":\"https:\/\/w-l-c.be\/fr\/10-nouveaux-longs-metrages-entrent-en-production\/#breadcrumb\"},\"inLanguage\":\"fr-FR\",\"potentialAction\":[{\"@type\":\"ReadAction\",\"target\":[\"https:\/\/w-l-c.be\/fr\/10-nouveaux-longs-metrages-entrent-en-production\/\"]}]},{\"@type\":\"BreadcrumbList\",\"@id\":\"https:\/\/w-l-c.be\/fr\/10-nouveaux-longs-metrages-entrent-en-production\/#breadcrumb\",\"itemListElement\":[{\"@type\":\"ListItem\",\"position\":1,\"name\":\"Accueil\",\"item\":\"https:\/\/w-l-c.be\/fr\/\"},{\"@type\":\"ListItem\",\"position\":2,\"name\":\"10 nouveaux longs m\u00e9trages entrent en production\"}]},{\"@type\":\"WebSite\",\"@id\":\"https:\/\/w-l-c.be\/fr\/#website\",\"url\":\"https:\/\/w-l-c.be\/fr\/\",\"name\":\"w-l-c\",\"description\":\"Le cin\u00e9ma vu par les belges\",\"potentialAction\":[{\"@type\":\"SearchAction\",\"target\":{\"@type\":\"EntryPoint\",\"urlTemplate\":\"https:\/\/w-l-c.be\/fr\/?s={search_term_string}\"},\"query-input\":\"required name=search_term_string\"}],\"inLanguage\":\"fr-FR\"},{\"@type\":\"Person\",\"@id\":\"https:\/\/w-l-c.be\/fr\/#\/schema\/person\/8084b68c6b176142d073695c654dc7cf\",\"name\":\"Aurore Engelen\",\"url\":\"https:\/\/w-l-c.be\/fr\/author\/aurore-engelen\/\"}]}<\/script>\n<!-- \/ Yoast SEO plugin. -->","yoast_head_json":{"title":"10 nouveaux longs m\u00e9trages entrent en production - w-l-c","robots":{"index":"noindex","follow":"follow","max-snippet":"max-snippet:-1","max-image-preview":"max-image-preview:large","max-video-preview":"max-video-preview:-1"},"og_locale":"fr_FR","og_type":"article","og_title":"10 nouveaux longs m\u00e9trages entrent en production - w-l-c","og_description":"La Commission du Cin\u00e9ma de la F\u00e9d\u00e9ration Wallonie-Bruxelles vient d&rsquo;annoncer les r\u00e9sultats de ses deux derni\u00e8res sessions 2020. Ce sont en tout 41 longs m\u00e9trages, 20 courts m\u00e9trages, 44 documentaires de cr\u00e9ation et 4 Films Lab sont soutenus par le Centre du Cin\u00e9ma et de l\u2019Audiovisuel. Parmi ces films, on retiendra que 10 longs m\u00e9trages &hellip;","og_url":"https:\/\/w-l-c.be\/fr\/10-nouveaux-longs-metrages-entrent-en-production\/","og_site_name":"w-l-c","article_published_time":"2021-01-29T10:53:36+00:00","article_modified_time":"2021-01-29T16:56:57+00:00","og_image":[{"width":1200,"height":600,"url":"https:\/\/w-l-c.be\/wp-content\/uploads\/2021\/01\/FotoJet-2.jpg","type":"image\/jpeg"}],"author":"Aurore Engelen","twitter_card":"summary_large_image","twitter_misc":{"\u00c9crit par":"Aurore Engelen","Dur\u00e9e de lecture estim\u00e9e":"2 minutes"},"schema":{"@context":"https:\/\/schema.org","@graph":[{"@type":"WebPage","@id":"https:\/\/w-l-c.be\/fr\/10-nouveaux-longs-metrages-entrent-en-production\/","url":"https:\/\/w-l-c.be\/fr\/10-nouveaux-longs-metrages-entrent-en-production\/","name":"10 nouveaux longs m\u00e9trages entrent en production - w-l-c","isPartOf":{"@id":"https:\/\/w-l-c.be\/fr\/#website"},"datePublished":"2021-01-29T10:53:36+00:00","dateModified":"2021-01-29T16:56:57+00:00","author":{"@id":"https:\/\/w-l-c.be\/fr\/#\/schema\/person\/8084b68c6b176142d073695c654dc7cf"},"breadcrumb":{"@id":"https:\/\/w-l-c.be\/fr\/10-nouveaux-longs-metrages-entrent-en-production\/#breadcrumb"},"inLanguage":"fr-FR","potentialAction":[{"@type":"ReadAction","target":["https:\/\/w-l-c.be\/fr\/10-nouveaux-longs-metrages-entrent-en-production\/"]}]},{"@type":"BreadcrumbList","@id":"https:\/\/w-l-c.be\/fr\/10-nouveaux-longs-metrages-entrent-en-production\/#breadcrumb","itemListElement":[{"@type":"ListItem","position":1,"name":"Accueil","item":"https:\/\/w-l-c.be\/fr\/"},{"@type":"ListItem","position":2,"name":"10 nouveaux longs m\u00e9trages entrent en production"}]},{"@type":"WebSite","@id":"https:\/\/w-l-c.be\/fr\/#website","url":"https:\/\/w-l-c.be\/fr\/","name":"w-l-c","description":"Le cin\u00e9ma vu par les belges","potentialAction":[{"@type":"SearchAction","target":{"@type":"EntryPoint","urlTemplate":"https:\/\/w-l-c.be\/fr\/?s={search_term_string}"},"query-input":"required name=search_term_string"}],"inLanguage":"fr-FR"},{"@type":"Person","@id":"https:\/\/w-l-c.be\/fr\/#\/schema\/person\/8084b68c6b176142d073695c654dc7cf","name":"Aurore Engelen","url":"https:\/\/w-l-c.be\/fr\/author\/aurore-engelen\/"}]}},"_links":{"self":[{"href":"https:\/\/w-l-c.be\/fr\/wp-json\/wp\/v2\/posts\/234940","targetHints":{"allow":["GET"]}}],"collection":[{"href":"https:\/\/w-l-c.be\/fr\/wp-json\/wp\/v2\/posts"}],"about":[{"href":"https:\/\/w-l-c.be\/fr\/wp-json\/wp\/v2\/types\/post"}],"author":[{"embeddable":true,"href":"https:\/\/w-l-c.be\/fr\/wp-json\/wp\/v2\/users\/343"}],"replies":[{"embeddable":true,"href":"https:\/\/w-l-c.be\/fr\/wp-json\/wp\/v2\/comments?post=234940"}],"version-history":[{"count":0,"href":"https:\/\/w-l-c.be\/fr\/wp-json\/wp\/v2\/posts\/234940\/revisions"}],"wp:featuredmedia":[{"embeddable":true,"href":"https:\/\/w-l-c.be\/fr\/wp-json\/wp\/v2\/media\/234941"}],"wp:attachment":[{"href":"https:\/\/w-l-c.be\/fr\/wp-json\/wp\/v2\/media?parent=234940"}],"wp:term":[{"taxonomy":"category","embeddable":true,"href":"https:\/\/w-l-c.be\/fr\/wp-json\/wp\/v2\/categories?post=234940"},{"taxonomy":"post_tag","embeddable":true,"href":"https:\/\/w-l-c.be\/fr\/wp-json\/wp\/v2\/tags?post=234940"}],"curies":[{"name":"wp","href":"https:\/\/api.w.org\/{rel}","templated":true}]}}