
{"id":234946,"date":"2021-01-29T17:56:24","date_gmt":"2021-01-29T16:56:24","guid":{"rendered":"https:\/\/www.cinevox.be\/?p=234946"},"modified":"2021-02-01T16:36:33","modified_gmt":"2021-02-01T15:36:33","slug":"mother-de-kristof-bilsen","status":"publish","type":"post","link":"https:\/\/w-l-c.be\/fr\/mother-de-kristof-bilsen\/","title":{"rendered":"\u00ab\u00a0Mother\u00a0\u00bb de Kristof Bilsen"},"content":{"rendered":"<p><strong>En Tha\u00eflande, une nouvelle forme de tourisme m\u00e9dical se d\u00e9veloppe pour les patients europ\u00e9ens atteints d&rsquo;Alzheimer. Des villages d&rsquo;accueil leur sont enti\u00e8rement consacr\u00e9s, o\u00f9 les frais sont incomparables avec ceux de leur pays d&rsquo;origine. Pomm, une m\u00e8re c\u00e9libataire tha\u00eflandaise, prend soin de ses pat<span class=\"yZlgBd\">ients tout en laissant ses propres enfants \u00e0 des centaines de kilom\u00e8tres.<\/span><\/strong><\/p>\n<p>Avec <em>Mother<\/em>, Kristof Bilsen propose une immersion sensible et d\u00e9licate au coeur de l&rsquo;un de ces centres, et conte l&rsquo;histoire de deux d\u00e9chirements.<\/p>\n<p>Il accompagne Pomm, jeune femme tiraill\u00e9e entre la n\u00e9cessit\u00e9 de gagner sa vie loin de sa famille pour pouvoir la nourrir, et l&rsquo;envie de les retrouver. Malgr\u00e9 elle, son travail l&rsquo;arrache \u00e0 sa famille.<\/p>\n<p>C&rsquo;est la question du care qui est pos\u00e9e ici, de sa d\u00e9localisation et de sa marchandisation. Pomm, petite soldate du care, en souligne les insondables paradoxes. Comment on ferment les yeux sur le fait que les femmes qui prennent soin de nos familles, en Occident ou ailleurs, le fassent presque toujours au d\u00e9triment de la leur. \u00ab\u00a0Je m&rsquo;occupe des autres, mais je ne prends pas soin de ma m\u00e8re\u00a0\u00bb souffle Pomm. On retrouve ici une r\u00e9flexion bouleversante, que l&rsquo;on avait d\u00e9j\u00e0 crois\u00e9e il y a quelques mois dans l&rsquo;excellent <a href=\"https:\/\/www.cinevox.be\/fr\/overseas-lexil-au-feminin-pluriel\/\"><em>Overseas<\/em><\/a> de Sung-A Yoon.<\/p>\n<p><img loading=\"lazy\" decoding=\"async\" class=\"alignnone size-full wp-image-234949\" src=\"https:\/\/www.cinevox.be\/wp-content\/uploads\/2021\/01\/Mother-Kristof-Bilsen2.jpg\" alt=\"\" width=\"780\" height=\"468\" srcset=\"https:\/\/w-l-c.be\/wp-content\/uploads\/2021\/01\/Mother-Kristof-Bilsen2.jpg 780w, https:\/\/w-l-c.be\/wp-content\/uploads\/2021\/01\/Mother-Kristof-Bilsen2-450x270.jpg 450w, https:\/\/w-l-c.be\/wp-content\/uploads\/2021\/01\/Mother-Kristof-Bilsen2-768x461.jpg 768w\" sizes=\"auto, (max-width: 780px) 100vw, 780px\" \/><\/p>\n<p>A l&rsquo;oppos\u00e9 du spectre, on retrouve en Suisse une jeune femme, sa soeur et son p\u00e8re, qui s&rsquo;appr\u00eatent \u00e0 accompagner leur m\u00e8re, Maya, pour son dernier voyage. Leur douloureuse d\u00e9cision est le fruit de longues discussions, et d&rsquo;un postulat qui leur permet de supporter la r\u00e9alit\u00e9 crue, celle o\u00f9 ils envoient leur m\u00e8re si loin d&rsquo;eux: la garder pr\u00e8s d&rsquo;eux juste pour pouvoir la voir serait \u00e9go\u00efste, quand ils ont la possibilit\u00e9 de l&rsquo;envoyer dans un endroit chaud, o\u00f9 elle sera entour\u00e9e, aim\u00e9e, choy\u00e9e. On les \u00e9coute, observe leurs h\u00e9sitations et leurs l\u00e9gitimes convictions.<\/p>\n<p>La collision subtile entre ces deux r\u00e9cits offre \u00e0 <em>Mother<\/em> une grande puissance narrative, servie par une r\u00e9alisation d&rsquo;une grande douceur, pour interroger des usages au coeur de notre soci\u00e9t\u00e9 contemporaine, \u00e0 petite comme \u00e0 grande \u00e9chelle.<\/p>\n<p><em>Mother<\/em> sera diffus\u00e9 ce samedi 30 janvier \u00e0 23h20 sur La Trois, puis visible sur Auvio.<\/p>\n<p>&nbsp;<\/p>\n<p>&nbsp;<\/p>\n","protected":false},"excerpt":{"rendered":"<p>En Tha\u00eflande, une nouvelle forme de tourisme m\u00e9dical se d\u00e9veloppe pour les patients europ\u00e9ens atteints d&rsquo;Alzheimer. Des villages d&rsquo;accueil leur sont enti\u00e8rement consacr\u00e9s, o\u00f9 les frais sont incomparables avec ceux de leur pays d&rsquo;origine. Pomm, une m\u00e8re c\u00e9libataire tha\u00eflandaise, prend soin de ses patients tout en laissant ses propres enfants \u00e0 des centaines de kilom\u00e8tres. &hellip;<\/p>\n","protected":false},"author":343,"featured_media":234947,"comment_status":"closed","ping_status":"closed","sticky":false,"template":"","format":"standard","meta":{"ngg_post_thumbnail":0,"footnotes":""},"categories":[14],"tags":[5801,4187],"class_list":["post-234946","post","type-post","status-publish","format-standard","has-post-thumbnail","","category-home-cinema","tag-mother-2","tag-newsletter-fr"],"yoast_head":"<!-- This site is optimized with the Yoast SEO plugin v20.4 - https:\/\/yoast.com\/wordpress\/plugins\/seo\/ -->\n<title>&quot;Mother&quot; de Kristof Bilsen - w-l-c<\/title>\n<meta name=\"robots\" content=\"noindex, follow, max-snippet:-1, max-image-preview:large, max-video-preview:-1\" \/>\n<meta property=\"og:locale\" content=\"fr_FR\" \/>\n<meta property=\"og:type\" content=\"article\" \/>\n<meta property=\"og:title\" content=\"&quot;Mother&quot; de Kristof Bilsen - w-l-c\" \/>\n<meta property=\"og:description\" content=\"En Tha\u00eflande, une nouvelle forme de tourisme m\u00e9dical se d\u00e9veloppe pour les patients europ\u00e9ens atteints d&rsquo;Alzheimer. Des villages d&rsquo;accueil leur sont enti\u00e8rement consacr\u00e9s, o\u00f9 les frais sont incomparables avec ceux de leur pays d&rsquo;origine. Pomm, une m\u00e8re c\u00e9libataire tha\u00eflandaise, prend soin de ses patients tout en laissant ses propres enfants \u00e0 des centaines de kilom\u00e8tres. &hellip;\" \/>\n<meta property=\"og:url\" content=\"https:\/\/w-l-c.be\/fr\/mother-de-kristof-bilsen\/\" \/>\n<meta property=\"og:site_name\" content=\"w-l-c\" \/>\n<meta property=\"article:published_time\" content=\"2021-01-29T16:56:24+00:00\" \/>\n<meta property=\"article:modified_time\" content=\"2021-02-01T15:36:33+00:00\" \/>\n<meta property=\"og:image\" content=\"https:\/\/w-l-c.be\/wp-content\/uploads\/2021\/01\/Mother-Kristof-Bilsen.jpg\" \/>\n\t<meta property=\"og:image:width\" content=\"759\" \/>\n\t<meta property=\"og:image:height\" content=\"422\" \/>\n\t<meta property=\"og:image:type\" content=\"image\/jpeg\" \/>\n<meta name=\"author\" content=\"Aurore Engelen\" \/>\n<meta name=\"twitter:card\" content=\"summary_large_image\" \/>\n<meta name=\"twitter:label1\" content=\"\u00c9crit par\" \/>\n\t<meta name=\"twitter:data1\" content=\"Aurore Engelen\" \/>\n\t<meta name=\"twitter:label2\" content=\"Dur\u00e9e de lecture estim\u00e9e\" \/>\n\t<meta name=\"twitter:data2\" content=\"2 minutes\" \/>\n<script type=\"application\/ld+json\" class=\"yoast-schema-graph\">{\"@context\":\"https:\/\/schema.org\",\"@graph\":[{\"@type\":\"WebPage\",\"@id\":\"https:\/\/w-l-c.be\/fr\/mother-de-kristof-bilsen\/\",\"url\":\"https:\/\/w-l-c.be\/fr\/mother-de-kristof-bilsen\/\",\"name\":\"\\\"Mother\\\" de Kristof Bilsen - w-l-c\",\"isPartOf\":{\"@id\":\"https:\/\/w-l-c.be\/fr\/#website\"},\"datePublished\":\"2021-01-29T16:56:24+00:00\",\"dateModified\":\"2021-02-01T15:36:33+00:00\",\"author\":{\"@id\":\"https:\/\/w-l-c.be\/fr\/#\/schema\/person\/8084b68c6b176142d073695c654dc7cf\"},\"breadcrumb\":{\"@id\":\"https:\/\/w-l-c.be\/fr\/mother-de-kristof-bilsen\/#breadcrumb\"},\"inLanguage\":\"fr-FR\",\"potentialAction\":[{\"@type\":\"ReadAction\",\"target\":[\"https:\/\/w-l-c.be\/fr\/mother-de-kristof-bilsen\/\"]}]},{\"@type\":\"BreadcrumbList\",\"@id\":\"https:\/\/w-l-c.be\/fr\/mother-de-kristof-bilsen\/#breadcrumb\",\"itemListElement\":[{\"@type\":\"ListItem\",\"position\":1,\"name\":\"Accueil\",\"item\":\"https:\/\/w-l-c.be\/fr\/\"},{\"@type\":\"ListItem\",\"position\":2,\"name\":\"\u00ab\u00a0Mother\u00a0\u00bb de Kristof Bilsen\"}]},{\"@type\":\"WebSite\",\"@id\":\"https:\/\/w-l-c.be\/fr\/#website\",\"url\":\"https:\/\/w-l-c.be\/fr\/\",\"name\":\"w-l-c\",\"description\":\"Le cin\u00e9ma vu par les belges\",\"potentialAction\":[{\"@type\":\"SearchAction\",\"target\":{\"@type\":\"EntryPoint\",\"urlTemplate\":\"https:\/\/w-l-c.be\/fr\/?s={search_term_string}\"},\"query-input\":\"required name=search_term_string\"}],\"inLanguage\":\"fr-FR\"},{\"@type\":\"Person\",\"@id\":\"https:\/\/w-l-c.be\/fr\/#\/schema\/person\/8084b68c6b176142d073695c654dc7cf\",\"name\":\"Aurore Engelen\",\"url\":\"https:\/\/w-l-c.be\/fr\/author\/aurore-engelen\/\"}]}<\/script>\n<!-- \/ Yoast SEO plugin. -->","yoast_head_json":{"title":"\"Mother\" de Kristof Bilsen - w-l-c","robots":{"index":"noindex","follow":"follow","max-snippet":"max-snippet:-1","max-image-preview":"max-image-preview:large","max-video-preview":"max-video-preview:-1"},"og_locale":"fr_FR","og_type":"article","og_title":"\"Mother\" de Kristof Bilsen - w-l-c","og_description":"En Tha\u00eflande, une nouvelle forme de tourisme m\u00e9dical se d\u00e9veloppe pour les patients europ\u00e9ens atteints d&rsquo;Alzheimer. Des villages d&rsquo;accueil leur sont enti\u00e8rement consacr\u00e9s, o\u00f9 les frais sont incomparables avec ceux de leur pays d&rsquo;origine. Pomm, une m\u00e8re c\u00e9libataire tha\u00eflandaise, prend soin de ses patients tout en laissant ses propres enfants \u00e0 des centaines de kilom\u00e8tres. &hellip;","og_url":"https:\/\/w-l-c.be\/fr\/mother-de-kristof-bilsen\/","og_site_name":"w-l-c","article_published_time":"2021-01-29T16:56:24+00:00","article_modified_time":"2021-02-01T15:36:33+00:00","og_image":[{"width":759,"height":422,"url":"https:\/\/w-l-c.be\/wp-content\/uploads\/2021\/01\/Mother-Kristof-Bilsen.jpg","type":"image\/jpeg"}],"author":"Aurore Engelen","twitter_card":"summary_large_image","twitter_misc":{"\u00c9crit par":"Aurore Engelen","Dur\u00e9e de lecture estim\u00e9e":"2 minutes"},"schema":{"@context":"https:\/\/schema.org","@graph":[{"@type":"WebPage","@id":"https:\/\/w-l-c.be\/fr\/mother-de-kristof-bilsen\/","url":"https:\/\/w-l-c.be\/fr\/mother-de-kristof-bilsen\/","name":"\"Mother\" de Kristof Bilsen - w-l-c","isPartOf":{"@id":"https:\/\/w-l-c.be\/fr\/#website"},"datePublished":"2021-01-29T16:56:24+00:00","dateModified":"2021-02-01T15:36:33+00:00","author":{"@id":"https:\/\/w-l-c.be\/fr\/#\/schema\/person\/8084b68c6b176142d073695c654dc7cf"},"breadcrumb":{"@id":"https:\/\/w-l-c.be\/fr\/mother-de-kristof-bilsen\/#breadcrumb"},"inLanguage":"fr-FR","potentialAction":[{"@type":"ReadAction","target":["https:\/\/w-l-c.be\/fr\/mother-de-kristof-bilsen\/"]}]},{"@type":"BreadcrumbList","@id":"https:\/\/w-l-c.be\/fr\/mother-de-kristof-bilsen\/#breadcrumb","itemListElement":[{"@type":"ListItem","position":1,"name":"Accueil","item":"https:\/\/w-l-c.be\/fr\/"},{"@type":"ListItem","position":2,"name":"\u00ab\u00a0Mother\u00a0\u00bb de Kristof Bilsen"}]},{"@type":"WebSite","@id":"https:\/\/w-l-c.be\/fr\/#website","url":"https:\/\/w-l-c.be\/fr\/","name":"w-l-c","description":"Le cin\u00e9ma vu par les belges","potentialAction":[{"@type":"SearchAction","target":{"@type":"EntryPoint","urlTemplate":"https:\/\/w-l-c.be\/fr\/?s={search_term_string}"},"query-input":"required name=search_term_string"}],"inLanguage":"fr-FR"},{"@type":"Person","@id":"https:\/\/w-l-c.be\/fr\/#\/schema\/person\/8084b68c6b176142d073695c654dc7cf","name":"Aurore Engelen","url":"https:\/\/w-l-c.be\/fr\/author\/aurore-engelen\/"}]}},"_links":{"self":[{"href":"https:\/\/w-l-c.be\/fr\/wp-json\/wp\/v2\/posts\/234946","targetHints":{"allow":["GET"]}}],"collection":[{"href":"https:\/\/w-l-c.be\/fr\/wp-json\/wp\/v2\/posts"}],"about":[{"href":"https:\/\/w-l-c.be\/fr\/wp-json\/wp\/v2\/types\/post"}],"author":[{"embeddable":true,"href":"https:\/\/w-l-c.be\/fr\/wp-json\/wp\/v2\/users\/343"}],"replies":[{"embeddable":true,"href":"https:\/\/w-l-c.be\/fr\/wp-json\/wp\/v2\/comments?post=234946"}],"version-history":[{"count":0,"href":"https:\/\/w-l-c.be\/fr\/wp-json\/wp\/v2\/posts\/234946\/revisions"}],"wp:featuredmedia":[{"embeddable":true,"href":"https:\/\/w-l-c.be\/fr\/wp-json\/wp\/v2\/media\/234947"}],"wp:attachment":[{"href":"https:\/\/w-l-c.be\/fr\/wp-json\/wp\/v2\/media?parent=234946"}],"wp:term":[{"taxonomy":"category","embeddable":true,"href":"https:\/\/w-l-c.be\/fr\/wp-json\/wp\/v2\/categories?post=234946"},{"taxonomy":"post_tag","embeddable":true,"href":"https:\/\/w-l-c.be\/fr\/wp-json\/wp\/v2\/tags?post=234946"}],"curies":[{"name":"wp","href":"https:\/\/api.w.org\/{rel}","templated":true}]}}