
{"id":234972,"date":"2021-02-02T09:20:54","date_gmt":"2021-02-02T08:20:54","guid":{"rendered":"https:\/\/www.cinevox.be\/?p=234972"},"modified":"2021-02-03T09:26:01","modified_gmt":"2021-02-03T08:26:01","slug":"philippe-reynaert-belgorama-cest-un-espace-de-liberte-autour-du-cinema-belge","status":"publish","type":"post","link":"https:\/\/w-l-c.be\/fr\/philippe-reynaert-belgorama-cest-un-espace-de-liberte-autour-du-cinema-belge\/","title":{"rendered":"Philippe Reynaert: \u00ab\u00a0Belgorama, c&rsquo;est un espace de libert\u00e9 autour du cin\u00e9ma belge\u00a0\u00bb"},"content":{"rendered":"<p><strong>Rencontre avec Philippe Reynaert, monsieur lunettes blanches, qui \u00e0 peine l&rsquo;heure de la retraite sonn\u00e9e chez Wallimage, embarque dans une nouvelle aventure, en devenant ambassadeur de <a href=\"https:\/\/www.rtbf.be\/auvio\/categorie\/films\/belgorama?id=151\">Belgorama<\/a>, plateforme en ligne lanc\u00e9e cette semaine par la RTBF dans le cadre de l&rsquo;op\u00e9ration \u00ab\u00a0Tapis bleu pour le cin\u00e9ma belge\u00a0\u00bb organis\u00e9e avec les Magritte du Cin\u00e9ma. Il nous parle de cette nouvelle mission exaltante, visant \u00e0 mettre en lumi\u00e8re le cin\u00e9ma belge et ses talents.\u00a0<\/strong><\/p>\n<h4>Bonjour Philippe, Belgorama, c&rsquo;est quoi?<\/h4>\n<p>Pour moi, c&rsquo;est comme un conte de f\u00e9es! Jean-Paul Philippot m&rsquo;a contact\u00e9 il y a quelques semaines \u00e0 peine quand la retraite est arriv\u00e9e pour me demander si j&rsquo;\u00e9tais plut\u00f4t du genre \u00e0 \u00e9lever des ch\u00e8vres en Dordogne, ou plut\u00f4t \u00e0 rester un peu actif. Il m&rsquo;a sugg\u00e9r\u00e9 d&rsquo;appeler Marc Janssen au d\u00e9partement fiction, qui \u00e9tait en train de concevoir un corner Auvio d\u00e9di\u00e9 \u00e0 la cr\u00e9ation audiovisuelle belge, \u00e0 l&rsquo;image du corner Colors cr\u00e9\u00e9 il y a quelques mois.<\/p>\n<p>Pour faire bref, Belgorama, c&rsquo;est un endroit o\u00f9 les gens qui ont un int\u00e9r\u00eat et un app\u00e9tit pour l&rsquo;audiovisuel belge vont s&rsquo;\u00e9clater.<\/p>\n<h4>C&rsquo;est aussi une fa\u00e7on de remettre en valeur la m\u00e9moire du cin\u00e9ma belge sur la RTBF?<\/h4>\n<p>Oui, l&rsquo;id\u00e9e est d&rsquo;\u00e9ditorialiser tout ce qui arrive en catch-up sur Auvio. Concr\u00e8tement, avec la diffusion du film <em>Duelles<\/em> par exemple, on va \u00e9galement revoir la couverture presse faite par les journalistes de la RTBF \u00e0 l&rsquo;\u00e9poque, mais aussi les deux premiers courts m\u00e9trages du r\u00e9alisateur Olivier Masset-Depasse, son premier long, <em>Cages<\/em>, mais aussi la capsule Cinevox consacr\u00e9e au film! Plein de contenus divers et vari\u00e9s li\u00e9s de pr\u00e8s ou de loin au film.<\/p>\n<p>Autre programmation excitante, toutes les s\u00e9ries produites pour la RTBF devraient \u00eatre remises en ligne. Il y a tellement d&rsquo;\u00e9missions qui ont \u00e9t\u00e9 produites, c&rsquo;est une vraie richesse.<\/p>\n<p>Il y a aussi un \u00e9norme travail \u00e0 faire avec la Sonuma, et je compte bien mettre mon casque de mineur, et allez faire un tour dans ces archives tr\u00e8s bient\u00f4t!<\/p>\n<p><img loading=\"lazy\" decoding=\"async\" class=\"alignnone size-large wp-image-234975\" src=\"https:\/\/www.cinevox.be\/wp-content\/uploads\/2021\/02\/BELGORAMA_Ambassadeurs_1920x1080-new-logo-800x450.png\" alt=\"\" width=\"618\" height=\"348\" srcset=\"https:\/\/w-l-c.be\/wp-content\/uploads\/2021\/02\/BELGORAMA_Ambassadeurs_1920x1080-new-logo-800x450.png 800w, https:\/\/w-l-c.be\/wp-content\/uploads\/2021\/02\/BELGORAMA_Ambassadeurs_1920x1080-new-logo-480x270.png 480w, https:\/\/w-l-c.be\/wp-content\/uploads\/2021\/02\/BELGORAMA_Ambassadeurs_1920x1080-new-logo-200x113.png 200w, https:\/\/w-l-c.be\/wp-content\/uploads\/2021\/02\/BELGORAMA_Ambassadeurs_1920x1080-new-logo-768x432.png 768w, https:\/\/w-l-c.be\/wp-content\/uploads\/2021\/02\/BELGORAMA_Ambassadeurs_1920x1080-new-logo-1536x864.png 1536w, https:\/\/w-l-c.be\/wp-content\/uploads\/2021\/02\/BELGORAMA_Ambassadeurs_1920x1080-new-logo-599x337.png 599w, https:\/\/w-l-c.be\/wp-content\/uploads\/2021\/02\/BELGORAMA_Ambassadeurs_1920x1080-new-logo.png 1920w\" sizes=\"auto, (max-width: 618px) 100vw, 618px\" \/><\/p>\n<h4>Il y aura \u00e9galement des contenus in\u00e9dits?<\/h4>\n<p>C&rsquo;est la cerise sur le g\u00e2teau! Ces contenus originaux seront encadr\u00e9s par 4 journalistes, Hadja Labib, pour le documentaire, Stanislas Ide pour les s\u00e9ries, Lucie Rezs\u00f6hazy pour les web cr\u00e9ations, et moi-m\u00eame pour la fiction. L&rsquo;id\u00e9e est qu&rsquo;\u00e0 chaque fois que le public revient sur Belgorama, il trouve un nouveau contenu.<\/p>\n<p>On aura plusieurs types de rubriques, des interviews, des chroniques, des portraits&#8230;\u00a0On a une vraie libert\u00e9, je n&rsquo;aurais pas pens\u00e9 pouvoir retrouver cela un jour. Du coup, je commence avec une analyse approfondie de <em>Cages<\/em>, le premier long m\u00e9trage d&rsquo;Olivier Masset-Depasse. On va aussi proposer des entretiens d&rsquo;une vingtaine de minutes, autour des moments forts de la carri\u00e8re de nos invit\u00e9s. Et on commence avec un autre invit\u00e9 de prestige, Fran\u00e7ois Damiens, qui va nous parler de <em>Mon Ket<\/em> vu \u00e0 travers diff\u00e9rents prismes: les costumes, les cam\u00e9ras cach\u00e9es, les acteurs\/ pi\u00e9g\u00e9s, etc.<\/p>\n<figure id=\"attachment_234977\" aria-describedby=\"caption-attachment-234977\" style=\"width: 618px\" class=\"wp-caption alignnone\"><img loading=\"lazy\" decoding=\"async\" class=\"wp-image-234977 size-large\" src=\"https:\/\/www.cinevox.be\/wp-content\/uploads\/2021\/02\/1bc12a931234636518621b6881d37f78-1441962099-800x449.jpg\" alt=\"\" width=\"618\" height=\"347\" srcset=\"https:\/\/w-l-c.be\/wp-content\/uploads\/2021\/02\/1bc12a931234636518621b6881d37f78-1441962099-800x449.jpg 800w, https:\/\/w-l-c.be\/wp-content\/uploads\/2021\/02\/1bc12a931234636518621b6881d37f78-1441962099-480x270.jpg 480w, https:\/\/w-l-c.be\/wp-content\/uploads\/2021\/02\/1bc12a931234636518621b6881d37f78-1441962099-200x113.jpg 200w, https:\/\/w-l-c.be\/wp-content\/uploads\/2021\/02\/1bc12a931234636518621b6881d37f78-1441962099-768x431.jpg 768w, https:\/\/w-l-c.be\/wp-content\/uploads\/2021\/02\/1bc12a931234636518621b6881d37f78-1441962099-599x337.jpg 599w, https:\/\/w-l-c.be\/wp-content\/uploads\/2021\/02\/1bc12a931234636518621b6881d37f78-1441962099.jpg 1248w\" sizes=\"auto, (max-width: 618px) 100vw, 618px\" \/><figcaption id=\"caption-attachment-234977\" class=\"wp-caption-text\">\u00ab\u00a0Cages\u00a0\u00bb d&rsquo;Olivier Masset-Depasse<\/figcaption><\/figure>\n<p>Le vrai challenge finalement, c&rsquo;est de retrouver un angle original autour de films sortis il y a quelques mois ou ann\u00e9es! On r\u00e9fl\u00e9chit \u00e9galement \u00e0 des interviews \u00e0 distance, des d\u00e9bats entre des expert\u00b7es, pour r\u00e9unir des personnalit\u00e9s autour de th\u00e9matiques qui posent question aujourd&rsquo;hui.<\/p>\n<p>Et puis on trouvera aussi des cr\u00e9ations in\u00e9dites, par exemple le podcast <em>Tapis Bleu<\/em>, cr\u00e9\u00e9 par Myriam Leroy, Laurence Bibot et S\u00e9bastien Ministru.<\/p>\n<p>La beaut\u00e9 des choses, c&rsquo;est vraiment la libert\u00e9 dont nous jouissons. On peut se permettre de viser des publics de niche, nous ne sommes pas contraints par l&rsquo;horaire de diffusion, on peut donc s&rsquo;amuser, \u00eatre pointus, proposer des contenus insolites&#8230; Ce qui est g\u00e9nial pour moi, c&rsquo;est que j&rsquo;ai l&rsquo;impression de d\u00e9couvrir un tout autre aspect de la RTBF!<\/p>\n<h4>C&rsquo;est aussi une fa\u00e7on pour la RTBF de contribuer via un canal d\u00e9di\u00e9 de promotion au rayonnement du cin\u00e9ma belge, quelque chose qu&rsquo;on lui reproche souvent de faire trop peu?<\/h4>\n<p>C&rsquo;est vrai que m\u00eame s&rsquo;il y a encore du chemin, c&rsquo;est un premier pas important pour r\u00e9pondre aux attentes des professionnels, dans le suivi du plan ReStart, et de l&rsquo;indispensable solidarit\u00e9 de la RTBF vis-\u00e0-vis du monde de la culture. Aujourd&rsquo;hui, il faut vraiment que le milieu et la RTBF renforcent leur partenariat, qui pourrait donner des choses magnifiques.<\/p>\n<p>C&rsquo;est vrai aussi c&rsquo;est qu&rsquo;il y a des compl\u00e9mentarit\u00e9s \u00e9videntes \u00e0 cr\u00e9er avec Cinevox. Cinevox a la particularit\u00e9 de pouvoir se pencher sur l&rsquo;actualit\u00e9, qu&rsquo;il s&rsquo;agisse des sorties salles, mais aussi des tournages, quand Belgorama travaille plus dans la r\u00e9trospection. On pourrait imaginer que certains des contenus cr\u00e9\u00e9s par Cinevox puissent se retrouver sur Belgorama, et cr\u00e9er un lien direct entre les salles et Auvio.<\/p>\n<h4>Comment voyez-vous l&rsquo;avenir pour la profession, en cette p\u00e9riode?<\/h4>\n<p>Je pense que le recours accru aux plateformes ces derniers mois a aussi mis en lumi\u00e8re la possibilit\u00e9 de s&rsquo;adresser plus facilement, ou plus directement \u00e0 des publics de niche. C&rsquo;est s\u00fbr que le diktat de la com\u00e9die familiale diffus\u00e9e \u00e0 21h sur TF1 a fait certains ravages. L\u00e0, on dirait que le style et les th\u00e8mes se lib\u00e8rent&#8230; Aujourd&rsquo;hui, si une jeune r\u00e9alisatrice veut faire un film d&rsquo;horreur pointu sur le cannibalisme, \u00e7a donne <em>Grave<\/em>, et il y a un vrai public. Je pense que malgr\u00e9 cette \u00e9pouvantable crise sanitaire et ses r\u00e9percussions \u00e9conomiques, le cin\u00e9ma a de beaux jours devant lui. Je ne suis pas pessimiste, m\u00eame s&rsquo;il va y avoir des crash. Le cin\u00e9ma ne va pas mourir.<\/p>\n<p>On va peut-\u00eatre enfin voir se mettre en place la th\u00e9orie de la long tail, et avoir l&rsquo;opportunit\u00e9 de red\u00e9couvrir des films trop peu vus, c&rsquo;est pour \u00e7a qu&rsquo;en plus de <em>Duelles<\/em>, on a choisi de mettre <em>Cages<\/em> en lumi\u00e8re.<\/p>\n<p><img loading=\"lazy\" decoding=\"async\" class=\"alignnone size-large wp-image-234981\" src=\"https:\/\/www.cinevox.be\/wp-content\/uploads\/2021\/02\/Bouquin-3D-800x535.jpg\" alt=\"\" width=\"618\" height=\"413\" srcset=\"https:\/\/w-l-c.be\/wp-content\/uploads\/2021\/02\/Bouquin-3D-800x535.jpg 800w, https:\/\/w-l-c.be\/wp-content\/uploads\/2021\/02\/Bouquin-3D-404x270.jpg 404w, https:\/\/w-l-c.be\/wp-content\/uploads\/2021\/02\/Bouquin-3D-768x514.jpg 768w, https:\/\/w-l-c.be\/wp-content\/uploads\/2021\/02\/Bouquin-3D-110x75.jpg 110w, https:\/\/w-l-c.be\/wp-content\/uploads\/2021\/02\/Bouquin-3D.jpg 1354w\" sizes=\"auto, (max-width: 618px) 100vw, 618px\" \/><\/p>\n<h4>Vous avez sorti un livre il y a quelques mois, consacr\u00e9 au Festival de Cannes&#8230;<\/h4>\n<p>Oui, avec un sens du timing tout particulier! On a attendu 40 ans pour sortir notre livre sur Cannes, Myriam et moi, et on l&rsquo;a sorti&#8230; l&rsquo;ann\u00e9e o\u00f9 il n&rsquo;y avait pas de Festival!<\/p>\n<p>Il s&rsquo;agit d&rsquo;un livre de souvenirs sur cette caverne d&rsquo;Ali Baba qu&rsquo;\u00e9tait le Festival de Cannes. J&rsquo;ai d\u00e9couvert le Festival en 1980, et tr\u00e8s vite, je me suis dit qu&rsquo;il me fallait des photos pour illustrer les interviews. J&rsquo;ai convaincu ma femme, Myriam Debehault, qui faisait des photos de tableaux pour des galeries, pas vraiment le m\u00eame domaine!<\/p>\n<p>La chance, c&rsquo;est qu&rsquo;\u00e0 l&rsquo;\u00e9poque, on travaillait dans des conditions qui \u00e9taient le contraire de celles qu&rsquo;on trouve aujourd&rsquo;hui avec les photocalls. Myriam faisaient ses photos pendant les interviews, et finissaient par r\u00e9ussir \u00e0 se faire oublier. Ses portraits\u00a0 exprimaient avec intensit\u00e9 l&rsquo;int\u00e9riorit\u00e9 des artistes. Et puis au milieu des ann\u00e9es 80, on a commenc\u00e9 \u00e0 g\u00e9n\u00e9raliser les conf\u00e9rences de presse o\u00f9 on s&rsquo;est mis \u00e0 devoir jouer des coudes pour prendre des photos.<\/p>\n<p>Ce livre, c&rsquo;est donc le t\u00e9moignage de quelques ann\u00e9es dor\u00e9es, o\u00f9 on rencontrait les grands du cin\u00e9ma pour le magazine <em>Vision<\/em>, d&rsquo;Antonioni \u00e0 Bresson, en passant par Orson Welles&#8230;<\/p>\n<p>&nbsp;<\/p>\n<p>?? Pour gagner votre exemplaire de Visions du Festival de Cannes , \u00e7a se passe <a href=\"https:\/\/www.cinevox.be\/fr\/vos-cinewishes\/#\/fan-groups\/0b72b143-bae4-4a92-99ae-8d9be68df70c\/wish-lists\/37b2ef2e-c4dd-4fa1-8b62-c542a2faf385\">ici<\/a>!<\/p>\n<p>&nbsp;<\/p>\n<p>&nbsp;<\/p>\n<p>&nbsp;<\/p>\n<p>&nbsp;<\/p>\n<p>&nbsp;<\/p>\n","protected":false},"excerpt":{"rendered":"<p>Rencontre avec Philippe Reynaert, monsieur lunettes blanches, qui \u00e0 peine l&rsquo;heure de la retraite sonn\u00e9e chez Wallimage, embarque dans une nouvelle aventure, en devenant ambassadeur de Belgorama, plateforme en ligne lanc\u00e9e cette semaine par la RTBF dans le cadre de l&rsquo;op\u00e9ration \u00ab\u00a0Tapis bleu pour le cin\u00e9ma belge\u00a0\u00bb organis\u00e9e avec les Magritte du Cin\u00e9ma. Il nous &hellip;<\/p>\n","protected":false},"author":343,"featured_media":234973,"comment_status":"closed","ping_status":"closed","sticky":false,"template":"","format":"standard","meta":{"ngg_post_thumbnail":0,"footnotes":""},"categories":[1978],"tags":[4986,5808],"class_list":["post-234972","post","type-post","status-publish","format-standard","has-post-thumbnail","","category-interviews","tag-newsleter","tag-philippe-reynaert"],"yoast_head":"<!-- This site is optimized with the Yoast SEO plugin v20.4 - https:\/\/yoast.com\/wordpress\/plugins\/seo\/ -->\n<title>Philippe Reynaert: &quot;Belgorama, c&#039;est un espace de libert\u00e9 autour du cin\u00e9ma belge&quot; - w-l-c<\/title>\n<meta name=\"robots\" content=\"noindex, follow, max-snippet:-1, max-image-preview:large, max-video-preview:-1\" \/>\n<meta property=\"og:locale\" content=\"fr_FR\" \/>\n<meta property=\"og:type\" content=\"article\" \/>\n<meta property=\"og:title\" content=\"Philippe Reynaert: &quot;Belgorama, c&#039;est un espace de libert\u00e9 autour du cin\u00e9ma belge&quot; - w-l-c\" \/>\n<meta property=\"og:description\" content=\"Rencontre avec Philippe Reynaert, monsieur lunettes blanches, qui \u00e0 peine l&rsquo;heure de la retraite sonn\u00e9e chez Wallimage, embarque dans une nouvelle aventure, en devenant ambassadeur de Belgorama, plateforme en ligne lanc\u00e9e cette semaine par la RTBF dans le cadre de l&rsquo;op\u00e9ration \u00ab\u00a0Tapis bleu pour le cin\u00e9ma belge\u00a0\u00bb organis\u00e9e avec les Magritte du Cin\u00e9ma. Il nous &hellip;\" \/>\n<meta property=\"og:url\" content=\"https:\/\/w-l-c.be\/fr\/philippe-reynaert-belgorama-cest-un-espace-de-liberte-autour-du-cinema-belge\/\" \/>\n<meta property=\"og:site_name\" content=\"w-l-c\" \/>\n<meta property=\"article:published_time\" content=\"2021-02-02T08:20:54+00:00\" \/>\n<meta property=\"article:modified_time\" content=\"2021-02-03T08:26:01+00:00\" \/>\n<meta property=\"og:image\" content=\"https:\/\/w-l-c.be\/wp-content\/uploads\/2021\/02\/\u00a9-B.-Lai-1.jpeg\" \/>\n\t<meta property=\"og:image:width\" content=\"1141\" \/>\n\t<meta property=\"og:image:height\" content=\"621\" \/>\n\t<meta property=\"og:image:type\" content=\"image\/jpeg\" \/>\n<meta name=\"author\" content=\"Aurore Engelen\" \/>\n<meta name=\"twitter:card\" content=\"summary_large_image\" \/>\n<meta name=\"twitter:label1\" content=\"\u00c9crit par\" \/>\n\t<meta name=\"twitter:data1\" content=\"Aurore Engelen\" \/>\n\t<meta name=\"twitter:label2\" content=\"Dur\u00e9e de lecture estim\u00e9e\" \/>\n\t<meta name=\"twitter:data2\" content=\"6 minutes\" \/>\n<script type=\"application\/ld+json\" class=\"yoast-schema-graph\">{\"@context\":\"https:\/\/schema.org\",\"@graph\":[{\"@type\":\"WebPage\",\"@id\":\"https:\/\/w-l-c.be\/fr\/philippe-reynaert-belgorama-cest-un-espace-de-liberte-autour-du-cinema-belge\/\",\"url\":\"https:\/\/w-l-c.be\/fr\/philippe-reynaert-belgorama-cest-un-espace-de-liberte-autour-du-cinema-belge\/\",\"name\":\"Philippe Reynaert: \\\"Belgorama, c'est un espace de libert\u00e9 autour du cin\u00e9ma belge\\\" - w-l-c\",\"isPartOf\":{\"@id\":\"https:\/\/w-l-c.be\/fr\/#website\"},\"datePublished\":\"2021-02-02T08:20:54+00:00\",\"dateModified\":\"2021-02-03T08:26:01+00:00\",\"author\":{\"@id\":\"https:\/\/w-l-c.be\/fr\/#\/schema\/person\/8084b68c6b176142d073695c654dc7cf\"},\"breadcrumb\":{\"@id\":\"https:\/\/w-l-c.be\/fr\/philippe-reynaert-belgorama-cest-un-espace-de-liberte-autour-du-cinema-belge\/#breadcrumb\"},\"inLanguage\":\"fr-FR\",\"potentialAction\":[{\"@type\":\"ReadAction\",\"target\":[\"https:\/\/w-l-c.be\/fr\/philippe-reynaert-belgorama-cest-un-espace-de-liberte-autour-du-cinema-belge\/\"]}]},{\"@type\":\"BreadcrumbList\",\"@id\":\"https:\/\/w-l-c.be\/fr\/philippe-reynaert-belgorama-cest-un-espace-de-liberte-autour-du-cinema-belge\/#breadcrumb\",\"itemListElement\":[{\"@type\":\"ListItem\",\"position\":1,\"name\":\"Accueil\",\"item\":\"https:\/\/w-l-c.be\/fr\/\"},{\"@type\":\"ListItem\",\"position\":2,\"name\":\"Philippe Reynaert: \u00ab\u00a0Belgorama, c&rsquo;est un espace de libert\u00e9 autour du cin\u00e9ma belge\u00a0\u00bb\"}]},{\"@type\":\"WebSite\",\"@id\":\"https:\/\/w-l-c.be\/fr\/#website\",\"url\":\"https:\/\/w-l-c.be\/fr\/\",\"name\":\"w-l-c\",\"description\":\"Le cin\u00e9ma vu par les belges\",\"potentialAction\":[{\"@type\":\"SearchAction\",\"target\":{\"@type\":\"EntryPoint\",\"urlTemplate\":\"https:\/\/w-l-c.be\/fr\/?s={search_term_string}\"},\"query-input\":\"required name=search_term_string\"}],\"inLanguage\":\"fr-FR\"},{\"@type\":\"Person\",\"@id\":\"https:\/\/w-l-c.be\/fr\/#\/schema\/person\/8084b68c6b176142d073695c654dc7cf\",\"name\":\"Aurore Engelen\",\"url\":\"https:\/\/w-l-c.be\/fr\/author\/aurore-engelen\/\"}]}<\/script>\n<!-- \/ Yoast SEO plugin. -->","yoast_head_json":{"title":"Philippe Reynaert: \"Belgorama, c'est un espace de libert\u00e9 autour du cin\u00e9ma belge\" - w-l-c","robots":{"index":"noindex","follow":"follow","max-snippet":"max-snippet:-1","max-image-preview":"max-image-preview:large","max-video-preview":"max-video-preview:-1"},"og_locale":"fr_FR","og_type":"article","og_title":"Philippe Reynaert: \"Belgorama, c'est un espace de libert\u00e9 autour du cin\u00e9ma belge\" - w-l-c","og_description":"Rencontre avec Philippe Reynaert, monsieur lunettes blanches, qui \u00e0 peine l&rsquo;heure de la retraite sonn\u00e9e chez Wallimage, embarque dans une nouvelle aventure, en devenant ambassadeur de Belgorama, plateforme en ligne lanc\u00e9e cette semaine par la RTBF dans le cadre de l&rsquo;op\u00e9ration \u00ab\u00a0Tapis bleu pour le cin\u00e9ma belge\u00a0\u00bb organis\u00e9e avec les Magritte du Cin\u00e9ma. Il nous &hellip;","og_url":"https:\/\/w-l-c.be\/fr\/philippe-reynaert-belgorama-cest-un-espace-de-liberte-autour-du-cinema-belge\/","og_site_name":"w-l-c","article_published_time":"2021-02-02T08:20:54+00:00","article_modified_time":"2021-02-03T08:26:01+00:00","og_image":[{"width":1141,"height":621,"url":"https:\/\/w-l-c.be\/wp-content\/uploads\/2021\/02\/\u00a9-B.-Lai-1.jpeg","type":"image\/jpeg"}],"author":"Aurore Engelen","twitter_card":"summary_large_image","twitter_misc":{"\u00c9crit par":"Aurore Engelen","Dur\u00e9e de lecture estim\u00e9e":"6 minutes"},"schema":{"@context":"https:\/\/schema.org","@graph":[{"@type":"WebPage","@id":"https:\/\/w-l-c.be\/fr\/philippe-reynaert-belgorama-cest-un-espace-de-liberte-autour-du-cinema-belge\/","url":"https:\/\/w-l-c.be\/fr\/philippe-reynaert-belgorama-cest-un-espace-de-liberte-autour-du-cinema-belge\/","name":"Philippe Reynaert: \"Belgorama, c'est un espace de libert\u00e9 autour du cin\u00e9ma belge\" - w-l-c","isPartOf":{"@id":"https:\/\/w-l-c.be\/fr\/#website"},"datePublished":"2021-02-02T08:20:54+00:00","dateModified":"2021-02-03T08:26:01+00:00","author":{"@id":"https:\/\/w-l-c.be\/fr\/#\/schema\/person\/8084b68c6b176142d073695c654dc7cf"},"breadcrumb":{"@id":"https:\/\/w-l-c.be\/fr\/philippe-reynaert-belgorama-cest-un-espace-de-liberte-autour-du-cinema-belge\/#breadcrumb"},"inLanguage":"fr-FR","potentialAction":[{"@type":"ReadAction","target":["https:\/\/w-l-c.be\/fr\/philippe-reynaert-belgorama-cest-un-espace-de-liberte-autour-du-cinema-belge\/"]}]},{"@type":"BreadcrumbList","@id":"https:\/\/w-l-c.be\/fr\/philippe-reynaert-belgorama-cest-un-espace-de-liberte-autour-du-cinema-belge\/#breadcrumb","itemListElement":[{"@type":"ListItem","position":1,"name":"Accueil","item":"https:\/\/w-l-c.be\/fr\/"},{"@type":"ListItem","position":2,"name":"Philippe Reynaert: \u00ab\u00a0Belgorama, c&rsquo;est un espace de libert\u00e9 autour du cin\u00e9ma belge\u00a0\u00bb"}]},{"@type":"WebSite","@id":"https:\/\/w-l-c.be\/fr\/#website","url":"https:\/\/w-l-c.be\/fr\/","name":"w-l-c","description":"Le cin\u00e9ma vu par les belges","potentialAction":[{"@type":"SearchAction","target":{"@type":"EntryPoint","urlTemplate":"https:\/\/w-l-c.be\/fr\/?s={search_term_string}"},"query-input":"required name=search_term_string"}],"inLanguage":"fr-FR"},{"@type":"Person","@id":"https:\/\/w-l-c.be\/fr\/#\/schema\/person\/8084b68c6b176142d073695c654dc7cf","name":"Aurore Engelen","url":"https:\/\/w-l-c.be\/fr\/author\/aurore-engelen\/"}]}},"_links":{"self":[{"href":"https:\/\/w-l-c.be\/fr\/wp-json\/wp\/v2\/posts\/234972","targetHints":{"allow":["GET"]}}],"collection":[{"href":"https:\/\/w-l-c.be\/fr\/wp-json\/wp\/v2\/posts"}],"about":[{"href":"https:\/\/w-l-c.be\/fr\/wp-json\/wp\/v2\/types\/post"}],"author":[{"embeddable":true,"href":"https:\/\/w-l-c.be\/fr\/wp-json\/wp\/v2\/users\/343"}],"replies":[{"embeddable":true,"href":"https:\/\/w-l-c.be\/fr\/wp-json\/wp\/v2\/comments?post=234972"}],"version-history":[{"count":0,"href":"https:\/\/w-l-c.be\/fr\/wp-json\/wp\/v2\/posts\/234972\/revisions"}],"wp:featuredmedia":[{"embeddable":true,"href":"https:\/\/w-l-c.be\/fr\/wp-json\/wp\/v2\/media\/234973"}],"wp:attachment":[{"href":"https:\/\/w-l-c.be\/fr\/wp-json\/wp\/v2\/media?parent=234972"}],"wp:term":[{"taxonomy":"category","embeddable":true,"href":"https:\/\/w-l-c.be\/fr\/wp-json\/wp\/v2\/categories?post=234972"},{"taxonomy":"post_tag","embeddable":true,"href":"https:\/\/w-l-c.be\/fr\/wp-json\/wp\/v2\/tags?post=234972"}],"curies":[{"name":"wp","href":"https:\/\/api.w.org\/{rel}","templated":true}]}}