
{"id":235755,"date":"2021-03-03T11:14:45","date_gmt":"2021-03-03T10:14:45","guid":{"rendered":"https:\/\/www.cinevox.be\/?p=235755"},"modified":"2021-05-14T09:30:05","modified_gmt":"2021-05-14T07:30:05","slug":"salepute-plongee-au-coeur-de-la-culture-du-cyber-harcelement-ok","status":"publish","type":"post","link":"https:\/\/w-l-c.be\/fr\/salepute-plongee-au-coeur-de-la-culture-du-cyber-harcelement-ok\/","title":{"rendered":"#SalePute: plong\u00e9e au coeur de la culture du cyber-harc\u00e8lement"},"content":{"rendered":"<p><strong>Avec leur documentaire <em>#SalePute<\/em>, Florence Hainaut et Myriam Leroy se penchent avec acuit\u00e9 et d\u00e9termination sur la question br\u00fblante des violences sexistes perp\u00e9tr\u00e9es en toute impunit\u00e9 ou presque sur internet.\u00a0<\/strong><\/p>\n<p><strong><em>(\u00e0 lire aussi, <a href=\"https:\/\/www.cinevox.be\/fr\/florence-hainaut-et-myriam-leroy-cest-un-film-sur-lindifference-au-sexisme-et-ses-consequences\/\">notre entretien<\/a> avec les r\u00e9alisatrices)<\/em><\/strong><\/p>\n<p>Peut-\u00eatre qu\u2019un jour, vous avez dit \u00e0 une amie: \u00ab Ce n\u2019est pas grave \u00bb. Peut-\u00eatre qu\u2019un jour vous lui avez dit: \u00ab Ce n\u2019est rien, puis c\u2019est en ligne, c\u2019est virtuel, c\u2019est pas la vraie vie. \u00bb Peut-\u00eatre que vous lui avez dit: \u00ab T\u2019inqui\u00e8te, c\u2019est juste un troll qui \u00e9vacue sa frustration de puceau. \u00bb Peut-\u00eatre que vous avez ajout\u00e9: \u00ab C\u2019est le prix \u00e0 payer quand on est dans la lumi\u00e8re, m\u00eame celle des r\u00e9seaux sociaux. \u00bb Peut-\u00eatre que vous avez pos\u00e9 une main bienveillante sur son \u00e9paule, en lui disant: \u00ab Et si tu quittais Twitter? \u00bb<\/p>\n<p>Et vous vouliez s\u00fbrement bien faire&#8230; Nous faisons partie du probl\u00e8me.<\/p>\n<p>Toutes ces phrases, les femmes qui t\u00e9moignent \u00e0 d\u00e9couvert dans <em>#SalePute<\/em> &#8211; c\u2019est un risque et un courage qu\u2019il faut encore et encore souligner &#8211; les ont entendues maintes fois, offertes par une multitude de gens bien intentionn\u00e9s. Pourtant ces phrases, sous leurs abords inoffensifs, font partie d\u2019un syst\u00e8me toxique qu\u2019elles contribuent \u00e0 d\u00e9douaner malgr\u00e9 elles. Malgr\u00e9 nous.<\/p>\n<p><em>#SalePute<\/em> est d&rsquo;abord un documentaire d&rsquo;utilit\u00e9 publique. Oui, gr\u00e2ce \u00e0 #metoo, #balancetonporc, les paroles se lib\u00e8rent. Non, on ne les \u00e9coute pas encore assez.<\/p>\n<p>Le film multiplie les paroles. Une avocate indienne, une youtubeuse belge, une autrice fran\u00e7aise, une sociologue australienne, une d\u00e9put\u00e9e allemande, une humoriste, une linguiste, une activiste, une militante. Un visage familier. Celui de Natasha Kampusch. Une jeune femme dont on connait le calvaire. Et qui au d\u00e9tour d\u2019une phrase, affirme qu\u2019elle a perdu foi en l\u2019humanit\u00e9. Pas pendant le calvaire, pas en en comprenant l&rsquo;ampleur, mais une fois le calvaire termin\u00e9. Le premier. Quand les messages de haine ont commenc\u00e9 \u00e0 pleuvoir. Haro sur la victime. N&rsquo;est-elle pas un peu coupable?<\/p>\n<figure id=\"attachment_235764\" aria-describedby=\"caption-attachment-235764\" style=\"width: 618px\" class=\"wp-caption alignnone\"><img loading=\"lazy\" decoding=\"async\" class=\"wp-image-235764 size-large\" src=\"https:\/\/www.cinevox.be\/wp-content\/uploads\/2021\/03\/SP_STILLS_MetF.22-800x450.jpg\" alt=\"\" width=\"618\" height=\"348\" srcset=\"https:\/\/w-l-c.be\/wp-content\/uploads\/2021\/03\/SP_STILLS_MetF.22-800x450.jpg 800w, https:\/\/w-l-c.be\/wp-content\/uploads\/2021\/03\/SP_STILLS_MetF.22-480x270.jpg 480w, https:\/\/w-l-c.be\/wp-content\/uploads\/2021\/03\/SP_STILLS_MetF.22-200x113.jpg 200w, https:\/\/w-l-c.be\/wp-content\/uploads\/2021\/03\/SP_STILLS_MetF.22-768x432.jpg 768w, https:\/\/w-l-c.be\/wp-content\/uploads\/2021\/03\/SP_STILLS_MetF.22-1536x864.jpg 1536w, https:\/\/w-l-c.be\/wp-content\/uploads\/2021\/03\/SP_STILLS_MetF.22-2048x1152.jpg 2048w, https:\/\/w-l-c.be\/wp-content\/uploads\/2021\/03\/SP_STILLS_MetF.22-599x337.jpg 599w\" sizes=\"auto, (max-width: 618px) 100vw, 618px\" \/><figcaption id=\"caption-attachment-235764\" class=\"wp-caption-text\">Myriam Leroy et Florence Hainaut<\/figcaption><\/figure>\n<p>Toutes ont un point commun. Ce sont des femmes, bien s\u00fbr. Ce sont des femmes, victimes de cyber-harc\u00e8lement. Des femmes cibl\u00e9es par des violences sexistes, misogynes. Des violences.<\/p>\n<p>Car le cyber-harc\u00e8lement n\u2019a de cyber que le nom et les moyens. Ses fins, elles, s\u2019observent IRL, dans la vraie vie des femmes qui t\u00e9moignent. Ses fins, ce sont la peur, la souffrance, la d\u00e9pression. L\u2019invisibilisation et la silenciation, comme le dit la journaliste Lauren Bastide.<\/p>\n<p>Car s\u2019il fallait r\u00e9sumer les milliers de messages injurieux envoy\u00e9s et re\u00e7us, les insultes et les menaces, essentiellement \u00e0 caract\u00e8re sexuel, \u00e9gren\u00e9s par les t\u00e9moins face \u00e0 la cam\u00e9ra, s\u2019il fallait en retenir un message, ce serait: <em>\u00ab Tais-toi. Reste \u00e0 ta place \u00bb<\/em>.<\/p>\n<p><em>\u00ab De fait, aujourd\u2019hui, je ferme ma gueule \u00bb<\/em>, confie Nadia Daam. Journaliste, autrice. Femme, et arabe. Harcel\u00e9e pendant des mois, menac\u00e9e de viol et de meurtre, elle et sa fille de 13 ans, pour avoir fait une chronique \u00e0 la radio sur&#8230; le harc\u00e8lement. D\u00e9vast\u00e9e par la cruelle ironie, ces 2 minutes de propos presque anodins qui ont chang\u00e9 sa vie. <em>\u00ab\u00a0Je suis moins l\u00e9g\u00e8re, j&rsquo;ai perdu la joie.\u00a0\u00bb<\/em><\/p>\n<p>Se taire, dispara\u00eetre, c\u2019est ce qu\u2019on intime aux femmes qui se plaignent du traitement qui leur est fait sur les r\u00e9seaux sociaux, nouvelle agora o\u00f9 la parole n\u2019est libre que pour les plus forts, o\u00f9 les m\u00e9canismes de domination se reproduisent \u00e0 l\u2019identique. Chiffres \u00e0 l\u2019appui, les d\u00e9fections se succ\u00e8dent. Des femmes, politiques, journalistes, chercheuses, pour lesquelles Twitter \u00e9tait une ar\u00e8ne, un espace d\u2019\u00e9change et de d\u00e9bat, mais aussi de mise en lumi\u00e8re de leur travail et de leur talent dans un milieu et une \u00e9poque o\u00f9 l\u2019auto-promotion et le r\u00e9cit de soi font office de curriculum vitae, se privent d\u2019un outil pourtant pr\u00e9cieux.<\/p>\n<p>Arr\u00eater internet, c&rsquo;est souvent la seule r\u00e9ponse qu&rsquo;on renvoie aux femmes. Justice et police ne connaissent pas le monde digital, pas encore assez bien. Une victoire pour les harceleurs, finalement.<\/p>\n<p><img loading=\"lazy\" decoding=\"async\" class=\"alignnone size-large wp-image-235766\" src=\"https:\/\/www.cinevox.be\/wp-content\/uploads\/2021\/03\/AfficheSalePute-425x600.jpg\" alt=\"\" width=\"425\" height=\"600\" srcset=\"https:\/\/w-l-c.be\/wp-content\/uploads\/2021\/03\/AfficheSalePute-425x600.jpg 425w, https:\/\/w-l-c.be\/wp-content\/uploads\/2021\/03\/AfficheSalePute-191x270.jpg 191w, https:\/\/w-l-c.be\/wp-content\/uploads\/2021\/03\/AfficheSalePute-768x1085.jpg 768w, https:\/\/w-l-c.be\/wp-content\/uploads\/2021\/03\/AfficheSalePute-1087x1536.jpg 1087w, https:\/\/w-l-c.be\/wp-content\/uploads\/2021\/03\/AfficheSalePute.jpg 1205w\" sizes=\"auto, (max-width: 425px) 100vw, 425px\" \/><\/p>\n<p>Le film pose d&rsquo;ailleurs la question: qui sont les harceleurs? Mais il n&rsquo;y a pas de portrait-robot. Le harceleur n&rsquo;est pas l&rsquo;incel (le c\u00e9libataire involontaire) dont parle les m\u00e9dias. Le harceleur n&rsquo;est pas le \u00ab\u00a0monstre\u00a0\u00bb, le \u00ab\u00a0ca\u00efd psychotique\u00a0\u00bb. Le harceleur est notre voisin, le harceleur parfois c&rsquo;est nous, tapi\u00b7es dans la meute. <em>\u00ab\u00a0Le harceleur n&rsquo;est pas une anomalie du syst\u00e8me, il est le syst\u00e8me\u00a0\u00bb.<\/em> Un syst\u00e8me qui d&rsquo;ailleurs fait les choux gras des plateformes, dont la responsabilit\u00e9 est r\u00e9guli\u00e8rement interpell\u00e9e. Sauf que ces plateformes profitent du crime. <em>\u00ab\u00a0La haine fait partie de leur business model\u00a0\u00bb.\u00a0<\/em><\/p>\n<p>On ne verra pas les harceleurs dans le film. Car <em>#SalePute<\/em> est aussi un documentaire qui met au coeur du dispositif des paroles inou\u00efes, au sens \u00e9tymologique du terme, que l&rsquo;on a pas entendues, ou peut-\u00eatre pas su entendre. Et qui au d\u00e9tour d&rsquo;un t\u00e9moignage, rappellent les chiffres. 73% des femmes \u00e0 travers le monde sont victimes de cyber-harc\u00e8lement. Les femmes ont 27 fois plus de chances de se faire harceler en ligne que les hommes. 1 tweet sur 10 \u00e9voquant une femme noire est abusif. 40% des femmes cyber-harcel\u00e9es ont peur pour elles, 20% ont peur pour leur famille. 50% d&rsquo;entre elles connaissent leur harceleur. 32% ont arr\u00eater d&rsquo;exprimer leur opinion sur internet.<\/p>\n<p>Le film brise le cercle de la silenciation et de l&rsquo;invisibilisation. Il offre un refuge, \u00e0 d\u00e9faut d&rsquo;une safe place, \u00e0 des victimes qui se mettent en danger en t\u00e9moignant, danger d&rsquo;\u00eatre \u00e0 nouveau la cible de harc\u00e8lement. Car la victime est spontan\u00e9ment consid\u00e9r\u00e9e comme coupable. L&rsquo;analogie avec la culture du viol est \u00e9voqu\u00e9e, \u00e0 la fois dans la fa\u00e7on dont le cyber-harc\u00e8lement se d\u00e9cline dans un continuum, du rapide \u00ab\u00a0grosse pute\u00a0\u00bb griffonn\u00e9 dans un commentaire au raid organis\u00e9 accompagn\u00e9 de menaces de mort, mais aussi dans la fa\u00e7on dont la soci\u00e9t\u00e9 tol\u00e8re \u00e0 demi-mot les faits.<\/p>\n<p>Souvent, les femmes victimes de cyber-harc\u00e8lement qui prennent la parole sont pr\u00e9sent\u00e9es comme des warriors, des combattantes acharn\u00e9es d&rsquo;une cause, leur cause. On les \u00e9coute parler, pas m\u00e9content\u00b7es qu&rsquo;elles prennent elles-m\u00eame en charge le combat contre les violences dont elles sont victimes.<\/p>\n<p>Les autrices du film elles-m\u00eames ont men\u00e9 ce combat en leur nom, avant elles aussi de s&rsquo;\u00e9loigner des plateformes. Avec le film, elles restent dans l&rsquo;ombre, et partagent le v\u00e9cu, mais aussi les doutes et les blessures de femmes aux profils si diff\u00e9rents mais aux exp\u00e9riences si similaires qu&rsquo;elles sont nous toutes.<\/p>\n<p>C&rsquo;est l&rsquo;enjeu aujourd&rsquo;hui, dire, et parler. Affirmer la r\u00e9alit\u00e9 des violences commises dans un monde virtuel, qui fait qu&rsquo;aujourd&rsquo;hui, internet est <em>\u00ab\u00a0un terrain min\u00e9 pour la moiti\u00e9 de l&rsquo;humanit\u00e9.\u00a0\u00bb<\/em><\/p>\n<p><strong><em>#SalePute<\/em> est disponible sur Proximus en VOD. Il sera disponible dans la collection sp\u00e9ciale WOMEN, le 15\/3 \u00e0 20h sur pack Movies &amp; Series, puis diffus\u00e9 en mai prochain sur la RTBF, et le 23 juin prochain sur Arte.<\/strong><\/p>\n","protected":false},"excerpt":{"rendered":"<p>Avec leur documentaire #SalePute, Florence Hainaut et Myriam Leroy se penchent avec acuit\u00e9 et d\u00e9termination sur la question br\u00fblante des violences sexistes perp\u00e9tr\u00e9es en toute impunit\u00e9 ou presque sur internet.\u00a0 (\u00e0 lire aussi, notre entretien avec les r\u00e9alisatrices) Peut-\u00eatre qu\u2019un jour, vous avez dit \u00e0 une amie: \u00ab Ce n\u2019est pas grave \u00bb. Peut-\u00eatre qu\u2019un &hellip;<\/p>\n","protected":false},"author":343,"featured_media":235762,"comment_status":"closed","ping_status":"closed","sticky":false,"template":"","format":"standard","meta":{"ngg_post_thumbnail":0,"footnotes":""},"categories":[10],"tags":[5939,5941,5940,4187],"class_list":["post-235755","post","type-post","status-publish","format-standard","has-post-thumbnail","","category-a-l-affiche","tag-salepute","tag-florence-hainaut","tag-myriam-leroy","tag-newsletter-fr"],"yoast_head":"<!-- This site is optimized with the Yoast SEO plugin v20.4 - https:\/\/yoast.com\/wordpress\/plugins\/seo\/ -->\n<title>#SalePute: plong\u00e9e au coeur de la culture du cyber-harc\u00e8lement - w-l-c<\/title>\n<meta name=\"robots\" content=\"noindex, follow, max-snippet:-1, max-image-preview:large, max-video-preview:-1\" \/>\n<meta property=\"og:locale\" content=\"fr_FR\" \/>\n<meta property=\"og:type\" content=\"article\" \/>\n<meta property=\"og:title\" content=\"#SalePute: plong\u00e9e au coeur de la culture du cyber-harc\u00e8lement - w-l-c\" \/>\n<meta property=\"og:description\" content=\"Avec leur documentaire #SalePute, Florence Hainaut et Myriam Leroy se penchent avec acuit\u00e9 et d\u00e9termination sur la question br\u00fblante des violences sexistes perp\u00e9tr\u00e9es en toute impunit\u00e9 ou presque sur internet.\u00a0 (\u00e0 lire aussi, notre entretien avec les r\u00e9alisatrices) Peut-\u00eatre qu\u2019un jour, vous avez dit \u00e0 une amie: \u00ab Ce n\u2019est pas grave \u00bb. Peut-\u00eatre qu\u2019un &hellip;\" \/>\n<meta property=\"og:url\" content=\"https:\/\/w-l-c.be\/fr\/salepute-plongee-au-coeur-de-la-culture-du-cyber-harcelement-ok\/\" \/>\n<meta property=\"og:site_name\" content=\"w-l-c\" \/>\n<meta property=\"article:published_time\" content=\"2021-03-03T10:14:45+00:00\" \/>\n<meta property=\"article:modified_time\" content=\"2021-05-14T07:30:05+00:00\" \/>\n<meta property=\"og:image\" content=\"https:\/\/w-l-c.be\/wp-content\/uploads\/2021\/03\/mosaique-V3-scaled.jpg\" \/>\n\t<meta property=\"og:image:width\" content=\"2560\" \/>\n\t<meta property=\"og:image:height\" content=\"1280\" \/>\n\t<meta property=\"og:image:type\" content=\"image\/jpeg\" \/>\n<meta name=\"author\" content=\"Aurore Engelen\" \/>\n<meta name=\"twitter:card\" content=\"summary_large_image\" \/>\n<meta name=\"twitter:label1\" content=\"\u00c9crit par\" \/>\n\t<meta name=\"twitter:data1\" content=\"Aurore Engelen\" \/>\n\t<meta name=\"twitter:label2\" content=\"Dur\u00e9e de lecture estim\u00e9e\" \/>\n\t<meta name=\"twitter:data2\" content=\"6 minutes\" \/>\n<script type=\"application\/ld+json\" class=\"yoast-schema-graph\">{\"@context\":\"https:\/\/schema.org\",\"@graph\":[{\"@type\":\"WebPage\",\"@id\":\"https:\/\/w-l-c.be\/fr\/salepute-plongee-au-coeur-de-la-culture-du-cyber-harcelement-ok\/\",\"url\":\"https:\/\/w-l-c.be\/fr\/salepute-plongee-au-coeur-de-la-culture-du-cyber-harcelement-ok\/\",\"name\":\"#SalePute: plong\u00e9e au coeur de la culture du cyber-harc\u00e8lement - w-l-c\",\"isPartOf\":{\"@id\":\"https:\/\/w-l-c.be\/fr\/#website\"},\"datePublished\":\"2021-03-03T10:14:45+00:00\",\"dateModified\":\"2021-05-14T07:30:05+00:00\",\"author\":{\"@id\":\"https:\/\/w-l-c.be\/fr\/#\/schema\/person\/8084b68c6b176142d073695c654dc7cf\"},\"breadcrumb\":{\"@id\":\"https:\/\/w-l-c.be\/fr\/salepute-plongee-au-coeur-de-la-culture-du-cyber-harcelement-ok\/#breadcrumb\"},\"inLanguage\":\"fr-FR\",\"potentialAction\":[{\"@type\":\"ReadAction\",\"target\":[\"https:\/\/w-l-c.be\/fr\/salepute-plongee-au-coeur-de-la-culture-du-cyber-harcelement-ok\/\"]}]},{\"@type\":\"BreadcrumbList\",\"@id\":\"https:\/\/w-l-c.be\/fr\/salepute-plongee-au-coeur-de-la-culture-du-cyber-harcelement-ok\/#breadcrumb\",\"itemListElement\":[{\"@type\":\"ListItem\",\"position\":1,\"name\":\"Accueil\",\"item\":\"https:\/\/w-l-c.be\/fr\/\"},{\"@type\":\"ListItem\",\"position\":2,\"name\":\"#SalePute: plong\u00e9e au coeur de la culture du cyber-harc\u00e8lement\"}]},{\"@type\":\"WebSite\",\"@id\":\"https:\/\/w-l-c.be\/fr\/#website\",\"url\":\"https:\/\/w-l-c.be\/fr\/\",\"name\":\"w-l-c\",\"description\":\"Le cin\u00e9ma vu par les belges\",\"potentialAction\":[{\"@type\":\"SearchAction\",\"target\":{\"@type\":\"EntryPoint\",\"urlTemplate\":\"https:\/\/w-l-c.be\/fr\/?s={search_term_string}\"},\"query-input\":\"required name=search_term_string\"}],\"inLanguage\":\"fr-FR\"},{\"@type\":\"Person\",\"@id\":\"https:\/\/w-l-c.be\/fr\/#\/schema\/person\/8084b68c6b176142d073695c654dc7cf\",\"name\":\"Aurore Engelen\",\"url\":\"https:\/\/w-l-c.be\/fr\/author\/aurore-engelen\/\"}]}<\/script>\n<!-- \/ Yoast SEO plugin. -->","yoast_head_json":{"title":"#SalePute: plong\u00e9e au coeur de la culture du cyber-harc\u00e8lement - w-l-c","robots":{"index":"noindex","follow":"follow","max-snippet":"max-snippet:-1","max-image-preview":"max-image-preview:large","max-video-preview":"max-video-preview:-1"},"og_locale":"fr_FR","og_type":"article","og_title":"#SalePute: plong\u00e9e au coeur de la culture du cyber-harc\u00e8lement - w-l-c","og_description":"Avec leur documentaire #SalePute, Florence Hainaut et Myriam Leroy se penchent avec acuit\u00e9 et d\u00e9termination sur la question br\u00fblante des violences sexistes perp\u00e9tr\u00e9es en toute impunit\u00e9 ou presque sur internet.\u00a0 (\u00e0 lire aussi, notre entretien avec les r\u00e9alisatrices) Peut-\u00eatre qu\u2019un jour, vous avez dit \u00e0 une amie: \u00ab Ce n\u2019est pas grave \u00bb. Peut-\u00eatre qu\u2019un &hellip;","og_url":"https:\/\/w-l-c.be\/fr\/salepute-plongee-au-coeur-de-la-culture-du-cyber-harcelement-ok\/","og_site_name":"w-l-c","article_published_time":"2021-03-03T10:14:45+00:00","article_modified_time":"2021-05-14T07:30:05+00:00","og_image":[{"width":2560,"height":1280,"url":"https:\/\/w-l-c.be\/wp-content\/uploads\/2021\/03\/mosaique-V3-scaled.jpg","type":"image\/jpeg"}],"author":"Aurore Engelen","twitter_card":"summary_large_image","twitter_misc":{"\u00c9crit par":"Aurore Engelen","Dur\u00e9e de lecture estim\u00e9e":"6 minutes"},"schema":{"@context":"https:\/\/schema.org","@graph":[{"@type":"WebPage","@id":"https:\/\/w-l-c.be\/fr\/salepute-plongee-au-coeur-de-la-culture-du-cyber-harcelement-ok\/","url":"https:\/\/w-l-c.be\/fr\/salepute-plongee-au-coeur-de-la-culture-du-cyber-harcelement-ok\/","name":"#SalePute: plong\u00e9e au coeur de la culture du cyber-harc\u00e8lement - w-l-c","isPartOf":{"@id":"https:\/\/w-l-c.be\/fr\/#website"},"datePublished":"2021-03-03T10:14:45+00:00","dateModified":"2021-05-14T07:30:05+00:00","author":{"@id":"https:\/\/w-l-c.be\/fr\/#\/schema\/person\/8084b68c6b176142d073695c654dc7cf"},"breadcrumb":{"@id":"https:\/\/w-l-c.be\/fr\/salepute-plongee-au-coeur-de-la-culture-du-cyber-harcelement-ok\/#breadcrumb"},"inLanguage":"fr-FR","potentialAction":[{"@type":"ReadAction","target":["https:\/\/w-l-c.be\/fr\/salepute-plongee-au-coeur-de-la-culture-du-cyber-harcelement-ok\/"]}]},{"@type":"BreadcrumbList","@id":"https:\/\/w-l-c.be\/fr\/salepute-plongee-au-coeur-de-la-culture-du-cyber-harcelement-ok\/#breadcrumb","itemListElement":[{"@type":"ListItem","position":1,"name":"Accueil","item":"https:\/\/w-l-c.be\/fr\/"},{"@type":"ListItem","position":2,"name":"#SalePute: plong\u00e9e au coeur de la culture du cyber-harc\u00e8lement"}]},{"@type":"WebSite","@id":"https:\/\/w-l-c.be\/fr\/#website","url":"https:\/\/w-l-c.be\/fr\/","name":"w-l-c","description":"Le cin\u00e9ma vu par les belges","potentialAction":[{"@type":"SearchAction","target":{"@type":"EntryPoint","urlTemplate":"https:\/\/w-l-c.be\/fr\/?s={search_term_string}"},"query-input":"required name=search_term_string"}],"inLanguage":"fr-FR"},{"@type":"Person","@id":"https:\/\/w-l-c.be\/fr\/#\/schema\/person\/8084b68c6b176142d073695c654dc7cf","name":"Aurore Engelen","url":"https:\/\/w-l-c.be\/fr\/author\/aurore-engelen\/"}]}},"_links":{"self":[{"href":"https:\/\/w-l-c.be\/fr\/wp-json\/wp\/v2\/posts\/235755","targetHints":{"allow":["GET"]}}],"collection":[{"href":"https:\/\/w-l-c.be\/fr\/wp-json\/wp\/v2\/posts"}],"about":[{"href":"https:\/\/w-l-c.be\/fr\/wp-json\/wp\/v2\/types\/post"}],"author":[{"embeddable":true,"href":"https:\/\/w-l-c.be\/fr\/wp-json\/wp\/v2\/users\/343"}],"replies":[{"embeddable":true,"href":"https:\/\/w-l-c.be\/fr\/wp-json\/wp\/v2\/comments?post=235755"}],"version-history":[{"count":0,"href":"https:\/\/w-l-c.be\/fr\/wp-json\/wp\/v2\/posts\/235755\/revisions"}],"wp:featuredmedia":[{"embeddable":true,"href":"https:\/\/w-l-c.be\/fr\/wp-json\/wp\/v2\/media\/235762"}],"wp:attachment":[{"href":"https:\/\/w-l-c.be\/fr\/wp-json\/wp\/v2\/media?parent=235755"}],"wp:term":[{"taxonomy":"category","embeddable":true,"href":"https:\/\/w-l-c.be\/fr\/wp-json\/wp\/v2\/categories?post=235755"},{"taxonomy":"post_tag","embeddable":true,"href":"https:\/\/w-l-c.be\/fr\/wp-json\/wp\/v2\/tags?post=235755"}],"curies":[{"name":"wp","href":"https:\/\/api.w.org\/{rel}","templated":true}]}}