
{"id":237126,"date":"2021-04-29T11:25:38","date_gmt":"2021-04-29T09:25:38","guid":{"rendered":"https:\/\/www.cinevox.be\/?p=237126"},"modified":"2021-04-29T11:25:38","modified_gmt":"2021-04-29T09:25:38","slug":"deux-fois-benoit-poelvoorde","status":"publish","type":"post","link":"https:\/\/w-l-c.be\/fr\/deux-fois-benoit-poelvoorde\/","title":{"rendered":"Deux fois Beno\u00eet Poelvoorde"},"content":{"rendered":"<p><strong>RTL programme ce soir deux films avec l&rsquo;incomparable Beno\u00eet Poelvoorde, deux films aux registres oppos\u00e9s, dans lesquels il montre une belle \u00e9tendue de son talent, du rire aux larmes.<\/strong><\/p>\n<p>Avec <strong><em>Venise n&rsquo;est pas en Italie<\/em><\/strong>, Ivan Calb\u00e9rac adapte son roman \u00e9ponyme pour en faire une com\u00e9die douce-am\u00e8re, aux accents aussi dr\u00f4les que tendres.<\/p>\n<p>Beno\u00eet Poelvoorde y est Bernard, le p\u00e8re de la fantasque et inclassable famille Chamodot, un peu doux-dingue, qui fait vivre tout le monde dans une caravane. La m\u00e8re, Annie teint les cheveux de son fils \u00c9mile en blond, parce que, para\u00eet-il, il est plus beau comme \u00e7a !!! Quand Pauline, la fille du lyc\u00e9e dont \u00c9mile est amoureux, l\u2019invite \u00e0 Venise pour les vacances, l\u2019adolescent est fou de joie. Seul probl\u00e8me, et de taille, les parents d\u00e9cident de l\u2019accompagner avec leur caravane, pour un voyage aussi rocambolesque qu\u2019initiatique.<\/p>\n<p>Diffusion \u00e0 20h30.<\/p>\n<p>Dans <strong><em>Une place sur la terre<\/em><\/strong> de Fabienne Godet, Beno\u00eet Poelvoorde est Antoine, photographe joyeusement d\u00e9sabus\u00e9, qui a pour seul ami Mat\u00e9o, le jeune fils de sa voisine souvent absente, auquel il donne une \u00e9ducation fantaisiste. Un matin, des notes de piano venues de l&rsquo;immeuble d&rsquo;en face captent son attention. Antoine ne sait pas encore que celle qui les joue, Elena, \u00e9tudiante id\u00e9aliste et sans concession, va bouleverser sa vie et lui permettre enfin de trouver une place sur la Terre&#8230;<\/p>\n<p>Le com\u00e9dien namurois a re\u00e7u en 2013 le Magritte du Meilleur acteur pour ce r\u00f4le plut\u00f4t sombre, et inattendu.<\/p>\n<p>Diffusion \u00e0 22h20.<\/p>\n<p>&nbsp;<\/p>\n<section id=\"synopsis-details\" class=\"section ovw ovw-synopsis\">\n<div id=\"mobile-referrer-atf\"><\/div>\n<\/section>\n","protected":false},"excerpt":{"rendered":"<p>RTL programme ce soir deux films avec l&rsquo;incomparable Beno\u00eet Poelvoorde, deux films aux registres oppos\u00e9s, dans lesquels il montre une belle \u00e9tendue de son talent, du rire aux larmes. Avec Venise n&rsquo;est pas en Italie, Ivan Calb\u00e9rac adapte son roman \u00e9ponyme pour en faire une com\u00e9die douce-am\u00e8re, aux accents aussi dr\u00f4les que tendres. Beno\u00eet Poelvoorde &hellip;<\/p>\n","protected":false},"author":343,"featured_media":237127,"comment_status":"closed","ping_status":"closed","sticky":false,"template":"","format":"standard","meta":{"ngg_post_thumbnail":0,"footnotes":""},"categories":[14],"tags":[],"class_list":["post-237126","post","type-post","status-publish","format-standard","has-post-thumbnail","","category-home-cinema"],"yoast_head":"<!-- This site is optimized with the Yoast SEO plugin v20.4 - https:\/\/yoast.com\/wordpress\/plugins\/seo\/ -->\n<title>Deux fois Beno\u00eet Poelvoorde - w-l-c<\/title>\n<meta name=\"robots\" content=\"noindex, follow, max-snippet:-1, max-image-preview:large, max-video-preview:-1\" \/>\n<meta property=\"og:locale\" content=\"fr_FR\" \/>\n<meta property=\"og:type\" content=\"article\" \/>\n<meta property=\"og:title\" content=\"Deux fois Beno\u00eet Poelvoorde - w-l-c\" \/>\n<meta property=\"og:description\" content=\"RTL programme ce soir deux films avec l&rsquo;incomparable Beno\u00eet Poelvoorde, deux films aux registres oppos\u00e9s, dans lesquels il montre une belle \u00e9tendue de son talent, du rire aux larmes. Avec Venise n&rsquo;est pas en Italie, Ivan Calb\u00e9rac adapte son roman \u00e9ponyme pour en faire une com\u00e9die douce-am\u00e8re, aux accents aussi dr\u00f4les que tendres. Beno\u00eet Poelvoorde &hellip;\" \/>\n<meta property=\"og:url\" content=\"https:\/\/w-l-c.be\/fr\/deux-fois-benoit-poelvoorde\/\" \/>\n<meta property=\"og:site_name\" content=\"w-l-c\" \/>\n<meta property=\"article:published_time\" content=\"2021-04-29T09:25:38+00:00\" \/>\n<meta property=\"og:image\" content=\"https:\/\/w-l-c.be\/wp-content\/uploads\/2021\/04\/FotoJet-copie.jpg\" \/>\n\t<meta property=\"og:image:width\" content=\"1200\" \/>\n\t<meta property=\"og:image:height\" content=\"600\" \/>\n\t<meta property=\"og:image:type\" content=\"image\/jpeg\" \/>\n<meta name=\"author\" content=\"Aurore Engelen\" \/>\n<meta name=\"twitter:card\" content=\"summary_large_image\" \/>\n<meta name=\"twitter:label1\" content=\"\u00c9crit par\" \/>\n\t<meta name=\"twitter:data1\" content=\"Aurore Engelen\" \/>\n\t<meta name=\"twitter:label2\" content=\"Dur\u00e9e de lecture estim\u00e9e\" \/>\n\t<meta name=\"twitter:data2\" content=\"2 minutes\" \/>\n<script type=\"application\/ld+json\" class=\"yoast-schema-graph\">{\"@context\":\"https:\/\/schema.org\",\"@graph\":[{\"@type\":\"WebPage\",\"@id\":\"https:\/\/w-l-c.be\/fr\/deux-fois-benoit-poelvoorde\/\",\"url\":\"https:\/\/w-l-c.be\/fr\/deux-fois-benoit-poelvoorde\/\",\"name\":\"Deux fois Beno\u00eet Poelvoorde - w-l-c\",\"isPartOf\":{\"@id\":\"https:\/\/w-l-c.be\/fr\/#website\"},\"datePublished\":\"2021-04-29T09:25:38+00:00\",\"dateModified\":\"2021-04-29T09:25:38+00:00\",\"author\":{\"@id\":\"https:\/\/w-l-c.be\/fr\/#\/schema\/person\/8084b68c6b176142d073695c654dc7cf\"},\"breadcrumb\":{\"@id\":\"https:\/\/w-l-c.be\/fr\/deux-fois-benoit-poelvoorde\/#breadcrumb\"},\"inLanguage\":\"fr-FR\",\"potentialAction\":[{\"@type\":\"ReadAction\",\"target\":[\"https:\/\/w-l-c.be\/fr\/deux-fois-benoit-poelvoorde\/\"]}]},{\"@type\":\"BreadcrumbList\",\"@id\":\"https:\/\/w-l-c.be\/fr\/deux-fois-benoit-poelvoorde\/#breadcrumb\",\"itemListElement\":[{\"@type\":\"ListItem\",\"position\":1,\"name\":\"Accueil\",\"item\":\"https:\/\/w-l-c.be\/fr\/\"},{\"@type\":\"ListItem\",\"position\":2,\"name\":\"Deux fois Beno\u00eet Poelvoorde\"}]},{\"@type\":\"WebSite\",\"@id\":\"https:\/\/w-l-c.be\/fr\/#website\",\"url\":\"https:\/\/w-l-c.be\/fr\/\",\"name\":\"w-l-c\",\"description\":\"Le cin\u00e9ma vu par les belges\",\"potentialAction\":[{\"@type\":\"SearchAction\",\"target\":{\"@type\":\"EntryPoint\",\"urlTemplate\":\"https:\/\/w-l-c.be\/fr\/?s={search_term_string}\"},\"query-input\":\"required name=search_term_string\"}],\"inLanguage\":\"fr-FR\"},{\"@type\":\"Person\",\"@id\":\"https:\/\/w-l-c.be\/fr\/#\/schema\/person\/8084b68c6b176142d073695c654dc7cf\",\"name\":\"Aurore Engelen\",\"url\":\"https:\/\/w-l-c.be\/fr\/author\/aurore-engelen\/\"}]}<\/script>\n<!-- \/ Yoast SEO plugin. -->","yoast_head_json":{"title":"Deux fois Beno\u00eet Poelvoorde - w-l-c","robots":{"index":"noindex","follow":"follow","max-snippet":"max-snippet:-1","max-image-preview":"max-image-preview:large","max-video-preview":"max-video-preview:-1"},"og_locale":"fr_FR","og_type":"article","og_title":"Deux fois Beno\u00eet Poelvoorde - w-l-c","og_description":"RTL programme ce soir deux films avec l&rsquo;incomparable Beno\u00eet Poelvoorde, deux films aux registres oppos\u00e9s, dans lesquels il montre une belle \u00e9tendue de son talent, du rire aux larmes. Avec Venise n&rsquo;est pas en Italie, Ivan Calb\u00e9rac adapte son roman \u00e9ponyme pour en faire une com\u00e9die douce-am\u00e8re, aux accents aussi dr\u00f4les que tendres. Beno\u00eet Poelvoorde &hellip;","og_url":"https:\/\/w-l-c.be\/fr\/deux-fois-benoit-poelvoorde\/","og_site_name":"w-l-c","article_published_time":"2021-04-29T09:25:38+00:00","og_image":[{"width":1200,"height":600,"url":"https:\/\/w-l-c.be\/wp-content\/uploads\/2021\/04\/FotoJet-copie.jpg","type":"image\/jpeg"}],"author":"Aurore Engelen","twitter_card":"summary_large_image","twitter_misc":{"\u00c9crit par":"Aurore Engelen","Dur\u00e9e de lecture estim\u00e9e":"2 minutes"},"schema":{"@context":"https:\/\/schema.org","@graph":[{"@type":"WebPage","@id":"https:\/\/w-l-c.be\/fr\/deux-fois-benoit-poelvoorde\/","url":"https:\/\/w-l-c.be\/fr\/deux-fois-benoit-poelvoorde\/","name":"Deux fois Beno\u00eet Poelvoorde - w-l-c","isPartOf":{"@id":"https:\/\/w-l-c.be\/fr\/#website"},"datePublished":"2021-04-29T09:25:38+00:00","dateModified":"2021-04-29T09:25:38+00:00","author":{"@id":"https:\/\/w-l-c.be\/fr\/#\/schema\/person\/8084b68c6b176142d073695c654dc7cf"},"breadcrumb":{"@id":"https:\/\/w-l-c.be\/fr\/deux-fois-benoit-poelvoorde\/#breadcrumb"},"inLanguage":"fr-FR","potentialAction":[{"@type":"ReadAction","target":["https:\/\/w-l-c.be\/fr\/deux-fois-benoit-poelvoorde\/"]}]},{"@type":"BreadcrumbList","@id":"https:\/\/w-l-c.be\/fr\/deux-fois-benoit-poelvoorde\/#breadcrumb","itemListElement":[{"@type":"ListItem","position":1,"name":"Accueil","item":"https:\/\/w-l-c.be\/fr\/"},{"@type":"ListItem","position":2,"name":"Deux fois Beno\u00eet Poelvoorde"}]},{"@type":"WebSite","@id":"https:\/\/w-l-c.be\/fr\/#website","url":"https:\/\/w-l-c.be\/fr\/","name":"w-l-c","description":"Le cin\u00e9ma vu par les belges","potentialAction":[{"@type":"SearchAction","target":{"@type":"EntryPoint","urlTemplate":"https:\/\/w-l-c.be\/fr\/?s={search_term_string}"},"query-input":"required name=search_term_string"}],"inLanguage":"fr-FR"},{"@type":"Person","@id":"https:\/\/w-l-c.be\/fr\/#\/schema\/person\/8084b68c6b176142d073695c654dc7cf","name":"Aurore Engelen","url":"https:\/\/w-l-c.be\/fr\/author\/aurore-engelen\/"}]}},"_links":{"self":[{"href":"https:\/\/w-l-c.be\/fr\/wp-json\/wp\/v2\/posts\/237126","targetHints":{"allow":["GET"]}}],"collection":[{"href":"https:\/\/w-l-c.be\/fr\/wp-json\/wp\/v2\/posts"}],"about":[{"href":"https:\/\/w-l-c.be\/fr\/wp-json\/wp\/v2\/types\/post"}],"author":[{"embeddable":true,"href":"https:\/\/w-l-c.be\/fr\/wp-json\/wp\/v2\/users\/343"}],"replies":[{"embeddable":true,"href":"https:\/\/w-l-c.be\/fr\/wp-json\/wp\/v2\/comments?post=237126"}],"version-history":[{"count":0,"href":"https:\/\/w-l-c.be\/fr\/wp-json\/wp\/v2\/posts\/237126\/revisions"}],"wp:featuredmedia":[{"embeddable":true,"href":"https:\/\/w-l-c.be\/fr\/wp-json\/wp\/v2\/media\/237127"}],"wp:attachment":[{"href":"https:\/\/w-l-c.be\/fr\/wp-json\/wp\/v2\/media?parent=237126"}],"wp:term":[{"taxonomy":"category","embeddable":true,"href":"https:\/\/w-l-c.be\/fr\/wp-json\/wp\/v2\/categories?post=237126"},{"taxonomy":"post_tag","embeddable":true,"href":"https:\/\/w-l-c.be\/fr\/wp-json\/wp\/v2\/tags?post=237126"}],"curies":[{"name":"wp","href":"https:\/\/api.w.org\/{rel}","templated":true}]}}