
{"id":237625,"date":"2021-05-26T10:45:26","date_gmt":"2021-05-26T08:45:26","guid":{"rendered":"https:\/\/www.cinevox.be\/?p=237625"},"modified":"2021-05-26T11:00:53","modified_gmt":"2021-05-26T09:00:53","slug":"gilles-vandeweerd-est-le-somnambuliste-darte","status":"publish","type":"post","link":"https:\/\/w-l-c.be\/fr\/gilles-vandeweerd-est-le-somnambuliste-darte\/","title":{"rendered":"Gilles Vandeweerd est \u00ab\u00a0Le Somnambuliste\u00a0\u00bb d&rsquo;Arte"},"content":{"rendered":"<p><strong>Le com\u00e9dien li\u00e9geois est le h\u00e9ros de la nouvelle webs\u00e9rie d&rsquo;Arte, disponible en ligne depuis hier.<\/strong><\/p>\n<p>Un paisible hameau perdu au c\u0153ur des vignes devient le th\u00e9\u00e2tre de ph\u00e9nom\u00e8nes \u00e9tranges : disparitions, meurtres&#8230; Simon, trentenaire nonchalant, procrastine chez sa m\u00e8re chez qui il vit \u00ab temporairement \u00bb depuis bient\u00f4t cinq ans. Encha\u00eenant les r\u00e9veils dans des lieux incongrus et les moments d\u2019absence, il se demande s\u2019il y est pour quelque chose. Se r\u00e9veiller en pleine nuit et en pyjama dans une tombe ouverte, puis dans un\u00a0cercueil ferm\u00e9 lors d\u2019une messe fun\u00e9raire, reprendre\u00a0ses esprits allong\u00e9\u00a0aupr\u00e8s d\u2019un cadavre ensanglant\u00e9 ou \u00e0 c\u00f4t\u00e9 d&rsquo;une voiture en feu :\u00a0Simon, en pleine crise existentielle\u00a0et\u00a0un brin apathique,\u00a0se d\u00e9couvre somnambule. Traqu\u00e9 par un duo d\u2019assassins, accul\u00e9 par ses mensonges envers la police et ses proches, il voit bient\u00f4t r\u00e9alit\u00e9 et cauchemars s&rsquo;entrem\u00ealer\u2026<\/p>\n<p><img loading=\"lazy\" decoding=\"async\" class=\"alignnone size-large wp-image-237628\" src=\"https:\/\/www.cinevox.be\/wp-content\/uploads\/2021\/05\/AMCrmEfg-800x500.jpeg\" alt=\"\" width=\"618\" height=\"386\" srcset=\"https:\/\/w-l-c.be\/wp-content\/uploads\/2021\/05\/AMCrmEfg-800x500.jpeg 800w, https:\/\/w-l-c.be\/wp-content\/uploads\/2021\/05\/AMCrmEfg-432x270.jpeg 432w, https:\/\/w-l-c.be\/wp-content\/uploads\/2021\/05\/AMCrmEfg-768x480.jpeg 768w, https:\/\/w-l-c.be\/wp-content\/uploads\/2021\/05\/AMCrmEfg-1536x960.jpeg 1536w, https:\/\/w-l-c.be\/wp-content\/uploads\/2021\/05\/AMCrmEfg.jpeg 1920w\" sizes=\"auto, (max-width: 618px) 100vw, 618px\" \/><\/p>\n<p>R\u00e9veillez-le&#8230;<\/p>\n<p>Gilles Vandeweerd (<em>Le Collier rouge,\u00a0Souviens-toi,\u00a0La Traction des p\u00f4les<\/em>&#8230;) surprend en anti-h\u00e9ros loufoque dans cette dram\u00e9die sur fond de polar et de for\u00eat. Encha\u00eenant les situations toutes plus improbables les unes que les autres, il croise un d\u00e9fil\u00e9 de personnages haut en couleur, qui se mettent \u00e0 peupler son quotidien, qui se met peu \u00e0 peu \u00e0 ressembler \u00e0 un r\u00eave \u00e9veill\u00e9 tour \u00e0 tour doux-dingue ou terrifiant.<\/p>\n<p><img loading=\"lazy\" decoding=\"async\" class=\"alignnone size-large wp-image-237630\" src=\"https:\/\/www.cinevox.be\/wp-content\/uploads\/2021\/05\/2vM92UTg-800x500.jpeg\" alt=\"\" width=\"618\" height=\"386\" srcset=\"https:\/\/w-l-c.be\/wp-content\/uploads\/2021\/05\/2vM92UTg-800x500.jpeg 800w, https:\/\/w-l-c.be\/wp-content\/uploads\/2021\/05\/2vM92UTg-432x270.jpeg 432w, https:\/\/w-l-c.be\/wp-content\/uploads\/2021\/05\/2vM92UTg-768x480.jpeg 768w, https:\/\/w-l-c.be\/wp-content\/uploads\/2021\/05\/2vM92UTg-1536x960.jpeg 1536w, https:\/\/w-l-c.be\/wp-content\/uploads\/2021\/05\/2vM92UTg.jpeg 1920w\" sizes=\"auto, (max-width: 618px) 100vw, 618px\" \/><\/p>\n<p>Les 6 \u00e9pisodes d&rsquo;une douzaine de minutes sont \u00e0 d\u00e9couvrir <a href=\"https:\/\/www.arte.tv\/fr\/videos\/098236-001-A\/le-somnambuliste-1-6\/\">ici<\/a> sur Arte.tv<\/p>\n","protected":false},"excerpt":{"rendered":"<p>Le com\u00e9dien li\u00e9geois est le h\u00e9ros de la nouvelle webs\u00e9rie d&rsquo;Arte, disponible en ligne depuis hier. Un paisible hameau perdu au c\u0153ur des vignes devient le th\u00e9\u00e2tre de ph\u00e9nom\u00e8nes \u00e9tranges : disparitions, meurtres&#8230; Simon, trentenaire nonchalant, procrastine chez sa m\u00e8re chez qui il vit \u00ab temporairement \u00bb depuis bient\u00f4t cinq ans. Encha\u00eenant les r\u00e9veils dans &hellip;<\/p>\n","protected":false},"author":343,"featured_media":237626,"comment_status":"closed","ping_status":"closed","sticky":false,"template":"","format":"standard","meta":{"ngg_post_thumbnail":0,"footnotes":""},"categories":[10],"tags":[6255,4187],"class_list":["post-237625","post","type-post","status-publish","format-standard","has-post-thumbnail","","category-a-l-affiche","tag-gilles-vandeweerd","tag-newsletter-fr"],"yoast_head":"<!-- This site is optimized with the Yoast SEO plugin v20.4 - https:\/\/yoast.com\/wordpress\/plugins\/seo\/ -->\n<title>Gilles Vandeweerd est &quot;Le Somnambuliste&quot; d&#039;Arte - w-l-c<\/title>\n<meta name=\"robots\" content=\"noindex, follow, max-snippet:-1, max-image-preview:large, max-video-preview:-1\" \/>\n<meta property=\"og:locale\" content=\"fr_FR\" \/>\n<meta property=\"og:type\" content=\"article\" \/>\n<meta property=\"og:title\" content=\"Gilles Vandeweerd est &quot;Le Somnambuliste&quot; d&#039;Arte - w-l-c\" \/>\n<meta property=\"og:description\" content=\"Le com\u00e9dien li\u00e9geois est le h\u00e9ros de la nouvelle webs\u00e9rie d&rsquo;Arte, disponible en ligne depuis hier. Un paisible hameau perdu au c\u0153ur des vignes devient le th\u00e9\u00e2tre de ph\u00e9nom\u00e8nes \u00e9tranges : disparitions, meurtres&#8230; Simon, trentenaire nonchalant, procrastine chez sa m\u00e8re chez qui il vit \u00ab temporairement \u00bb depuis bient\u00f4t cinq ans. Encha\u00eenant les r\u00e9veils dans &hellip;\" \/>\n<meta property=\"og:url\" content=\"https:\/\/w-l-c.be\/fr\/gilles-vandeweerd-est-le-somnambuliste-darte\/\" \/>\n<meta property=\"og:site_name\" content=\"w-l-c\" \/>\n<meta property=\"article:published_time\" content=\"2021-05-26T08:45:26+00:00\" \/>\n<meta property=\"article:modified_time\" content=\"2021-05-26T09:00:53+00:00\" \/>\n<meta property=\"og:image\" content=\"https:\/\/w-l-c.be\/wp-content\/uploads\/2021\/05\/1920x1080.jpeg\" \/>\n\t<meta property=\"og:image:width\" content=\"1920\" \/>\n\t<meta property=\"og:image:height\" content=\"1080\" \/>\n\t<meta property=\"og:image:type\" content=\"image\/jpeg\" \/>\n<meta name=\"author\" content=\"Aurore Engelen\" \/>\n<meta name=\"twitter:card\" content=\"summary_large_image\" \/>\n<meta name=\"twitter:label1\" content=\"\u00c9crit par\" \/>\n\t<meta name=\"twitter:data1\" content=\"Aurore Engelen\" \/>\n\t<meta name=\"twitter:label2\" content=\"Dur\u00e9e de lecture estim\u00e9e\" \/>\n\t<meta name=\"twitter:data2\" content=\"2 minutes\" \/>\n<script type=\"application\/ld+json\" class=\"yoast-schema-graph\">{\"@context\":\"https:\/\/schema.org\",\"@graph\":[{\"@type\":\"WebPage\",\"@id\":\"https:\/\/w-l-c.be\/fr\/gilles-vandeweerd-est-le-somnambuliste-darte\/\",\"url\":\"https:\/\/w-l-c.be\/fr\/gilles-vandeweerd-est-le-somnambuliste-darte\/\",\"name\":\"Gilles Vandeweerd est \\\"Le Somnambuliste\\\" d'Arte - w-l-c\",\"isPartOf\":{\"@id\":\"https:\/\/w-l-c.be\/fr\/#website\"},\"datePublished\":\"2021-05-26T08:45:26+00:00\",\"dateModified\":\"2021-05-26T09:00:53+00:00\",\"author\":{\"@id\":\"https:\/\/w-l-c.be\/fr\/#\/schema\/person\/8084b68c6b176142d073695c654dc7cf\"},\"breadcrumb\":{\"@id\":\"https:\/\/w-l-c.be\/fr\/gilles-vandeweerd-est-le-somnambuliste-darte\/#breadcrumb\"},\"inLanguage\":\"fr-FR\",\"potentialAction\":[{\"@type\":\"ReadAction\",\"target\":[\"https:\/\/w-l-c.be\/fr\/gilles-vandeweerd-est-le-somnambuliste-darte\/\"]}]},{\"@type\":\"BreadcrumbList\",\"@id\":\"https:\/\/w-l-c.be\/fr\/gilles-vandeweerd-est-le-somnambuliste-darte\/#breadcrumb\",\"itemListElement\":[{\"@type\":\"ListItem\",\"position\":1,\"name\":\"Accueil\",\"item\":\"https:\/\/w-l-c.be\/fr\/\"},{\"@type\":\"ListItem\",\"position\":2,\"name\":\"Gilles Vandeweerd est \u00ab\u00a0Le Somnambuliste\u00a0\u00bb d&rsquo;Arte\"}]},{\"@type\":\"WebSite\",\"@id\":\"https:\/\/w-l-c.be\/fr\/#website\",\"url\":\"https:\/\/w-l-c.be\/fr\/\",\"name\":\"w-l-c\",\"description\":\"Le cin\u00e9ma vu par les belges\",\"potentialAction\":[{\"@type\":\"SearchAction\",\"target\":{\"@type\":\"EntryPoint\",\"urlTemplate\":\"https:\/\/w-l-c.be\/fr\/?s={search_term_string}\"},\"query-input\":\"required name=search_term_string\"}],\"inLanguage\":\"fr-FR\"},{\"@type\":\"Person\",\"@id\":\"https:\/\/w-l-c.be\/fr\/#\/schema\/person\/8084b68c6b176142d073695c654dc7cf\",\"name\":\"Aurore Engelen\",\"url\":\"https:\/\/w-l-c.be\/fr\/author\/aurore-engelen\/\"}]}<\/script>\n<!-- \/ Yoast SEO plugin. -->","yoast_head_json":{"title":"Gilles Vandeweerd est \"Le Somnambuliste\" d'Arte - w-l-c","robots":{"index":"noindex","follow":"follow","max-snippet":"max-snippet:-1","max-image-preview":"max-image-preview:large","max-video-preview":"max-video-preview:-1"},"og_locale":"fr_FR","og_type":"article","og_title":"Gilles Vandeweerd est \"Le Somnambuliste\" d'Arte - w-l-c","og_description":"Le com\u00e9dien li\u00e9geois est le h\u00e9ros de la nouvelle webs\u00e9rie d&rsquo;Arte, disponible en ligne depuis hier. Un paisible hameau perdu au c\u0153ur des vignes devient le th\u00e9\u00e2tre de ph\u00e9nom\u00e8nes \u00e9tranges : disparitions, meurtres&#8230; Simon, trentenaire nonchalant, procrastine chez sa m\u00e8re chez qui il vit \u00ab temporairement \u00bb depuis bient\u00f4t cinq ans. Encha\u00eenant les r\u00e9veils dans &hellip;","og_url":"https:\/\/w-l-c.be\/fr\/gilles-vandeweerd-est-le-somnambuliste-darte\/","og_site_name":"w-l-c","article_published_time":"2021-05-26T08:45:26+00:00","article_modified_time":"2021-05-26T09:00:53+00:00","og_image":[{"width":1920,"height":1080,"url":"https:\/\/w-l-c.be\/wp-content\/uploads\/2021\/05\/1920x1080.jpeg","type":"image\/jpeg"}],"author":"Aurore Engelen","twitter_card":"summary_large_image","twitter_misc":{"\u00c9crit par":"Aurore Engelen","Dur\u00e9e de lecture estim\u00e9e":"2 minutes"},"schema":{"@context":"https:\/\/schema.org","@graph":[{"@type":"WebPage","@id":"https:\/\/w-l-c.be\/fr\/gilles-vandeweerd-est-le-somnambuliste-darte\/","url":"https:\/\/w-l-c.be\/fr\/gilles-vandeweerd-est-le-somnambuliste-darte\/","name":"Gilles Vandeweerd est \"Le Somnambuliste\" d'Arte - w-l-c","isPartOf":{"@id":"https:\/\/w-l-c.be\/fr\/#website"},"datePublished":"2021-05-26T08:45:26+00:00","dateModified":"2021-05-26T09:00:53+00:00","author":{"@id":"https:\/\/w-l-c.be\/fr\/#\/schema\/person\/8084b68c6b176142d073695c654dc7cf"},"breadcrumb":{"@id":"https:\/\/w-l-c.be\/fr\/gilles-vandeweerd-est-le-somnambuliste-darte\/#breadcrumb"},"inLanguage":"fr-FR","potentialAction":[{"@type":"ReadAction","target":["https:\/\/w-l-c.be\/fr\/gilles-vandeweerd-est-le-somnambuliste-darte\/"]}]},{"@type":"BreadcrumbList","@id":"https:\/\/w-l-c.be\/fr\/gilles-vandeweerd-est-le-somnambuliste-darte\/#breadcrumb","itemListElement":[{"@type":"ListItem","position":1,"name":"Accueil","item":"https:\/\/w-l-c.be\/fr\/"},{"@type":"ListItem","position":2,"name":"Gilles Vandeweerd est \u00ab\u00a0Le Somnambuliste\u00a0\u00bb d&rsquo;Arte"}]},{"@type":"WebSite","@id":"https:\/\/w-l-c.be\/fr\/#website","url":"https:\/\/w-l-c.be\/fr\/","name":"w-l-c","description":"Le cin\u00e9ma vu par les belges","potentialAction":[{"@type":"SearchAction","target":{"@type":"EntryPoint","urlTemplate":"https:\/\/w-l-c.be\/fr\/?s={search_term_string}"},"query-input":"required name=search_term_string"}],"inLanguage":"fr-FR"},{"@type":"Person","@id":"https:\/\/w-l-c.be\/fr\/#\/schema\/person\/8084b68c6b176142d073695c654dc7cf","name":"Aurore Engelen","url":"https:\/\/w-l-c.be\/fr\/author\/aurore-engelen\/"}]}},"_links":{"self":[{"href":"https:\/\/w-l-c.be\/fr\/wp-json\/wp\/v2\/posts\/237625","targetHints":{"allow":["GET"]}}],"collection":[{"href":"https:\/\/w-l-c.be\/fr\/wp-json\/wp\/v2\/posts"}],"about":[{"href":"https:\/\/w-l-c.be\/fr\/wp-json\/wp\/v2\/types\/post"}],"author":[{"embeddable":true,"href":"https:\/\/w-l-c.be\/fr\/wp-json\/wp\/v2\/users\/343"}],"replies":[{"embeddable":true,"href":"https:\/\/w-l-c.be\/fr\/wp-json\/wp\/v2\/comments?post=237625"}],"version-history":[{"count":0,"href":"https:\/\/w-l-c.be\/fr\/wp-json\/wp\/v2\/posts\/237625\/revisions"}],"wp:featuredmedia":[{"embeddable":true,"href":"https:\/\/w-l-c.be\/fr\/wp-json\/wp\/v2\/media\/237626"}],"wp:attachment":[{"href":"https:\/\/w-l-c.be\/fr\/wp-json\/wp\/v2\/media?parent=237625"}],"wp:term":[{"taxonomy":"category","embeddable":true,"href":"https:\/\/w-l-c.be\/fr\/wp-json\/wp\/v2\/categories?post=237625"},{"taxonomy":"post_tag","embeddable":true,"href":"https:\/\/w-l-c.be\/fr\/wp-json\/wp\/v2\/tags?post=237625"}],"curies":[{"name":"wp","href":"https:\/\/api.w.org\/{rel}","templated":true}]}}