
{"id":237958,"date":"2021-06-09T08:33:24","date_gmt":"2021-06-09T06:33:24","guid":{"rendered":"https:\/\/www.cinevox.be\/?p=237958"},"modified":"2021-06-09T16:17:54","modified_gmt":"2021-06-09T14:17:54","slug":"welovecinema","status":"publish","type":"post","link":"https:\/\/w-l-c.be\/fr\/welovecinema\/","title":{"rendered":"#WeLoveCinema"},"content":{"rendered":"<p><strong>En ce mercredi 9 juin, les salles de cin\u00e9ma belge rouvrent enfin, apr\u00e8s plus de 7 mois de fermeture. Exploitant\u00b7es et distributeur\u00b7ices ont mis les petits plats dans les grands pour vous accueillir \u00e0 nouveau dans les salles, dans les meilleurs conditions, pour de pr\u00e9cieuses exp\u00e9riences de cin\u00e9ma.<\/strong><\/p>\n<p>De nombreux films seront \u00e0 l&rsquo;affiche d\u00e8s aujourd&rsquo;hui, certains \u00e0 peine sortis quelques jours \u00e0 l&rsquo;automne dernier, d&rsquo;autres dont la sortie s&rsquo;est vue repouss\u00e9e par la crise sanitaire. Parmi tous ces films \u00e0 l&rsquo;affiche, on notera la programmation au Palace \u00e0 Bruxelles de <em>Petit Samedi<\/em>, le tr\u00e8s \u00e9mouvant documentaire de <a href=\"https:\/\/www.cinevox.be\/fr\/paloma-sermon-dai-il-est-temps-de-bousculer-nos-prejuges-sur-la-toxicomanie\/\">Paloma Sermon-Da\u00ef<\/a>, dont on vous parle <a href=\"https:\/\/www.cinevox.be\/fr\/petit-samedi\/\">ici<\/a>.<\/p>\n<p><iframe loading=\"lazy\" title=\"Petit Samedi\" src=\"https:\/\/player.vimeo.com\/video\/388201992?dnt=1&amp;app_id=122963\" width=\"618\" height=\"348\" frameborder=\"0\" allow=\"autoplay; fullscreen; picture-in-picture; clipboard-write; encrypted-media\"><\/iframe><\/p>\n<p>Parmi les nouveaut\u00e9s tr\u00e8s attendues, il y a bien s\u00fbr le nouveau film de Quentin Dupieux, Mandibules. Le cin\u00e9aste revient avec un nouvel opus joyeusement d\u00e9jant\u00e9, l&rsquo;histoire d&rsquo;un duo un peu inapte socialement, qui d\u00e9couvre une mouche g\u00e9ante qu&rsquo;il d\u00e9cide d&rsquo;apprivoiser pour&#8230; faire des casses. L&rsquo;id\u00e9e vaut ce qu&rsquo;elle vaut, toujours est-il qu&rsquo;ils trouvent refuge chez une amie d&rsquo;enfance (formidable India Hair), qui les accueillent dans sa belle maison de famille, o\u00f9 l&rsquo;on croise \u00e9galement Ad\u00e8le Exarchopoulos, r\u00e9solument d\u00e9tonnante, et qui confirme un talent certain pour la com\u00e9die d\u00e9cel\u00e9 sans la s\u00e9rie La Flamme, la surprenant Coralie Roussier, et bien s\u00fbr, vous l&rsquo;attendiez, Rom\u00e9o Elvis, pour sa premi\u00e8re apparition sur grand \u00e9cran, dans le r\u00f4le du grand fr\u00e8re, disons, plut\u00f4t cool.<\/p>\n<p>Autre talent belge \u00e0 l&rsquo;affiche demain, J\u00e9r\u00e9mie Renier, en haut de l&rsquo;affiche de <em>Slalom<\/em>, premier film de Charl\u00e8ne Favier, label Cannes 2020, qui arrive enfin sur nos \u00e9crans. Le com\u00e9dien y incarne un entraineur de ski \u00e0 l&rsquo;inqui\u00e9tante posture. Il nous parlait \u00e0 l&rsquo;automne dernier de ce r\u00f4le particuli\u00e8rement fort.<\/p>\n<p><iframe loading=\"lazy\" title=\"Rencontre avec J\u00e9r\u00e9mie Renier\" width=\"618\" height=\"348\" src=\"https:\/\/www.youtube.com\/embed\/cWznoGsDikg?feature=oembed\" frameborder=\"0\" allow=\"accelerometer; autoplay; clipboard-write; encrypted-media; gyroscope; picture-in-picture; web-share\" referrerpolicy=\"strict-origin-when-cross-origin\" allowfullscreen><\/iframe><\/p>\n<p>Autre com\u00e9dien belge en haut de l&rsquo;affiche, dans un tout autre registre, Stephan De Groodt, qui dans Chacun chez soi, le nouveau film de Mich\u00e8le Laroque, incarne un p\u00e8re de famille et \u00e9poux quelque peu obnubil\u00e9 par sa passion pour les bonsa\u00efs, et qui voit son quotidien boulevers\u00e9 quand sa grande fille de 30 ans d\u00e9cide de se r\u00e9installer chez papa et maman, avec son amoureux dans les valises. Une com\u00e9die de la cohabitation, o\u00f9 les pires coups sont permis. Au casting, on retrouve \u00e9galement Laurence Bibot, dans le r\u00f4le de la meilleure amie odieusement dr\u00f4le, mais gentiment affectueuse.<\/p>\n<p><iframe loading=\"lazy\" title=\"CHACUN CHEZ SOI \u2013 Bande-annonce officielle \u2013 Mich\u00e8le Laroque (2021)\" width=\"618\" height=\"348\" src=\"https:\/\/www.youtube.com\/embed\/PLEi2n15xj4?feature=oembed\" frameborder=\"0\" allow=\"accelerometer; autoplay; clipboard-write; encrypted-media; gyroscope; picture-in-picture; web-share\" referrerpolicy=\"strict-origin-when-cross-origin\" allowfullscreen><\/iframe><\/p>\n<p>Il y a aura d\u00e9cid\u00e9ment pour tous les go\u00fbts, puisque dans un tout autre style, on retrouve Matthias Schoenaerts, intense comme jamais, dans un polar bien, bien noir, Sons of Philadelphia, du fran\u00e7ais J\u00e9r\u00e9mie Guez mais en anglais dans le texte.<\/p>\n<p><iframe loading=\"lazy\" title=\"SONS OF PHILADELPHIA - Bande-annonce VOST - Le 26 mai au cin\u00e9ma\" width=\"618\" height=\"348\" src=\"https:\/\/www.youtube.com\/embed\/K0Th833QYYs?feature=oembed\" frameborder=\"0\" allow=\"accelerometer; autoplay; clipboard-write; encrypted-media; gyroscope; picture-in-picture; web-share\" referrerpolicy=\"strict-origin-when-cross-origin\" allowfullscreen><\/iframe><\/p>\n<p>Et pour les enfants? On retiendra la sortie de <em>Petit Vampire<\/em>, l&rsquo;excellente, tendre et hilarante adaptation par Joann Sfar lui-m\u00eame de sa BD \u00e9ponyme, en bonne partie anim\u00e9e aux Studios l&rsquo;Enclume \u00e0 Bruxelles (nous en parlions d&rsquo;ailleurs <a href=\"https:\/\/www.cinevox.be\/fr\/rencontre-avec-paul-jadoul-co-fondateur-des-studios-lenclume\/\">ici<\/a> avec l&rsquo;un des fondateur du studio).<\/p>\n<p><iframe loading=\"lazy\" title=\"PETIT VAMPIRE \u2013 Bande-annonce officielle \u2013 Joann Sfar (2020)\" width=\"618\" height=\"348\" src=\"https:\/\/www.youtube.com\/embed\/DcY94xcgpOQ?feature=oembed\" frameborder=\"0\" allow=\"accelerometer; autoplay; clipboard-write; encrypted-media; gyroscope; picture-in-picture; web-share\" referrerpolicy=\"strict-origin-when-cross-origin\" allowfullscreen><\/iframe><\/p>\n<p>Pour les grands enfants &#8211; et les autres -, on retiendra qui c&rsquo;est un chef op\u00e9rateur belge, le tr\u00e8s talentueux Nicolas Karakatsanis, qui signe l&rsquo;image du premier blockbuster am\u00e9ricain \u00e0 revenir dans les salles, <em>Cruella<\/em> avec Emma Stone, de Craig Gillepsie, pour lequel Karatsanis avait d\u00e9j\u00e0 sign\u00e9 l&rsquo;image de <em>I, Tonya<\/em>.<\/p>\n<p>Enfin, on notera la ressortie d&rsquo;<a href=\"https:\/\/www.cinevox.be\/fr\/adieu-les-cons-comedie-du-desespoir\/\"><em>Adieu les cons<\/em><\/a>, rest\u00e9 quelques jours en salle \u00e0 peine lors de sa sortie \u00e0 l&rsquo;automne, d\u00e9sormais aur\u00e9ol\u00e9 d&rsquo;une flop\u00e9e de C\u00e9sar, dont celui du meilleur film. L&rsquo;occasion de retrouver l&rsquo;excellente Virginie Efira, dans cette com\u00e9die du d\u00e9sespoir d&rsquo;Albert Dupontel.<\/p>\n<p>Et la prochaine sortie belge? Ce sera <em>Mon p\u00e8re est une saucisse<\/em>, film familial frais et enthousiasmant d&rsquo;Anouk Fortunier, qui sortira le 23 juin prochain, mais on vous en reparle tr\u00e8s vite!<\/p>\n<p>&nbsp;<\/p>\n<p>&nbsp;<\/p>\n<p>&nbsp;<\/p>\n","protected":false},"excerpt":{"rendered":"<p>En ce mercredi 9 juin, les salles de cin\u00e9ma belge rouvrent enfin, apr\u00e8s plus de 7 mois de fermeture. Exploitant\u00b7es et distributeur\u00b7ices ont mis les petits plats dans les grands pour vous accueillir \u00e0 nouveau dans les salles, dans les meilleurs conditions, pour de pr\u00e9cieuses exp\u00e9riences de cin\u00e9ma. De nombreux films seront \u00e0 l&rsquo;affiche d\u00e8s &hellip;<\/p>\n","protected":false},"author":343,"featured_media":237959,"comment_status":"closed","ping_status":"closed","sticky":false,"template":"","format":"standard","meta":{"ngg_post_thumbnail":0,"footnotes":""},"categories":[12],"tags":[4187],"class_list":["post-237958","post","type-post","status-publish","format-standard","has-post-thumbnail","","category-awards","tag-newsletter-fr"],"yoast_head":"<!-- This site is optimized with the Yoast SEO plugin v20.4 - https:\/\/yoast.com\/wordpress\/plugins\/seo\/ -->\n<title>#WeLoveCinema - w-l-c<\/title>\n<meta name=\"robots\" content=\"noindex, follow, max-snippet:-1, max-image-preview:large, max-video-preview:-1\" \/>\n<meta property=\"og:locale\" content=\"fr_FR\" \/>\n<meta property=\"og:type\" content=\"article\" \/>\n<meta property=\"og:title\" content=\"#WeLoveCinema - w-l-c\" \/>\n<meta property=\"og:description\" content=\"En ce mercredi 9 juin, les salles de cin\u00e9ma belge rouvrent enfin, apr\u00e8s plus de 7 mois de fermeture. Exploitant\u00b7es et distributeur\u00b7ices ont mis les petits plats dans les grands pour vous accueillir \u00e0 nouveau dans les salles, dans les meilleurs conditions, pour de pr\u00e9cieuses exp\u00e9riences de cin\u00e9ma. De nombreux films seront \u00e0 l&rsquo;affiche d\u00e8s &hellip;\" \/>\n<meta property=\"og:url\" content=\"https:\/\/w-l-c.be\/fr\/welovecinema\/\" \/>\n<meta property=\"og:site_name\" content=\"w-l-c\" \/>\n<meta property=\"article:published_time\" content=\"2021-06-09T06:33:24+00:00\" \/>\n<meta property=\"article:modified_time\" content=\"2021-06-09T14:17:54+00:00\" \/>\n<meta property=\"og:image\" content=\"https:\/\/w-l-c.be\/wp-content\/uploads\/2021\/06\/FotoJet-2.jpg\" \/>\n\t<meta property=\"og:image:width\" content=\"1200\" \/>\n\t<meta property=\"og:image:height\" content=\"600\" \/>\n\t<meta property=\"og:image:type\" content=\"image\/jpeg\" \/>\n<meta name=\"author\" content=\"Aurore Engelen\" \/>\n<meta name=\"twitter:card\" content=\"summary_large_image\" \/>\n<meta name=\"twitter:label1\" content=\"\u00c9crit par\" \/>\n\t<meta name=\"twitter:data1\" content=\"Aurore Engelen\" \/>\n\t<meta name=\"twitter:label2\" content=\"Dur\u00e9e de lecture estim\u00e9e\" \/>\n\t<meta name=\"twitter:data2\" content=\"3 minutes\" \/>\n<script type=\"application\/ld+json\" class=\"yoast-schema-graph\">{\"@context\":\"https:\/\/schema.org\",\"@graph\":[{\"@type\":\"WebPage\",\"@id\":\"https:\/\/w-l-c.be\/fr\/welovecinema\/\",\"url\":\"https:\/\/w-l-c.be\/fr\/welovecinema\/\",\"name\":\"#WeLoveCinema - w-l-c\",\"isPartOf\":{\"@id\":\"https:\/\/w-l-c.be\/fr\/#website\"},\"datePublished\":\"2021-06-09T06:33:24+00:00\",\"dateModified\":\"2021-06-09T14:17:54+00:00\",\"author\":{\"@id\":\"https:\/\/w-l-c.be\/fr\/#\/schema\/person\/8084b68c6b176142d073695c654dc7cf\"},\"breadcrumb\":{\"@id\":\"https:\/\/w-l-c.be\/fr\/welovecinema\/#breadcrumb\"},\"inLanguage\":\"fr-FR\",\"potentialAction\":[{\"@type\":\"ReadAction\",\"target\":[\"https:\/\/w-l-c.be\/fr\/welovecinema\/\"]}]},{\"@type\":\"BreadcrumbList\",\"@id\":\"https:\/\/w-l-c.be\/fr\/welovecinema\/#breadcrumb\",\"itemListElement\":[{\"@type\":\"ListItem\",\"position\":1,\"name\":\"Accueil\",\"item\":\"https:\/\/w-l-c.be\/fr\/\"},{\"@type\":\"ListItem\",\"position\":2,\"name\":\"#WeLoveCinema\"}]},{\"@type\":\"WebSite\",\"@id\":\"https:\/\/w-l-c.be\/fr\/#website\",\"url\":\"https:\/\/w-l-c.be\/fr\/\",\"name\":\"w-l-c\",\"description\":\"Le cin\u00e9ma vu par les belges\",\"potentialAction\":[{\"@type\":\"SearchAction\",\"target\":{\"@type\":\"EntryPoint\",\"urlTemplate\":\"https:\/\/w-l-c.be\/fr\/?s={search_term_string}\"},\"query-input\":\"required name=search_term_string\"}],\"inLanguage\":\"fr-FR\"},{\"@type\":\"Person\",\"@id\":\"https:\/\/w-l-c.be\/fr\/#\/schema\/person\/8084b68c6b176142d073695c654dc7cf\",\"name\":\"Aurore Engelen\",\"url\":\"https:\/\/w-l-c.be\/fr\/author\/aurore-engelen\/\"}]}<\/script>\n<!-- \/ Yoast SEO plugin. -->","yoast_head_json":{"title":"#WeLoveCinema - w-l-c","robots":{"index":"noindex","follow":"follow","max-snippet":"max-snippet:-1","max-image-preview":"max-image-preview:large","max-video-preview":"max-video-preview:-1"},"og_locale":"fr_FR","og_type":"article","og_title":"#WeLoveCinema - w-l-c","og_description":"En ce mercredi 9 juin, les salles de cin\u00e9ma belge rouvrent enfin, apr\u00e8s plus de 7 mois de fermeture. Exploitant\u00b7es et distributeur\u00b7ices ont mis les petits plats dans les grands pour vous accueillir \u00e0 nouveau dans les salles, dans les meilleurs conditions, pour de pr\u00e9cieuses exp\u00e9riences de cin\u00e9ma. De nombreux films seront \u00e0 l&rsquo;affiche d\u00e8s &hellip;","og_url":"https:\/\/w-l-c.be\/fr\/welovecinema\/","og_site_name":"w-l-c","article_published_time":"2021-06-09T06:33:24+00:00","article_modified_time":"2021-06-09T14:17:54+00:00","og_image":[{"width":1200,"height":600,"url":"https:\/\/w-l-c.be\/wp-content\/uploads\/2021\/06\/FotoJet-2.jpg","type":"image\/jpeg"}],"author":"Aurore Engelen","twitter_card":"summary_large_image","twitter_misc":{"\u00c9crit par":"Aurore Engelen","Dur\u00e9e de lecture estim\u00e9e":"3 minutes"},"schema":{"@context":"https:\/\/schema.org","@graph":[{"@type":"WebPage","@id":"https:\/\/w-l-c.be\/fr\/welovecinema\/","url":"https:\/\/w-l-c.be\/fr\/welovecinema\/","name":"#WeLoveCinema - w-l-c","isPartOf":{"@id":"https:\/\/w-l-c.be\/fr\/#website"},"datePublished":"2021-06-09T06:33:24+00:00","dateModified":"2021-06-09T14:17:54+00:00","author":{"@id":"https:\/\/w-l-c.be\/fr\/#\/schema\/person\/8084b68c6b176142d073695c654dc7cf"},"breadcrumb":{"@id":"https:\/\/w-l-c.be\/fr\/welovecinema\/#breadcrumb"},"inLanguage":"fr-FR","potentialAction":[{"@type":"ReadAction","target":["https:\/\/w-l-c.be\/fr\/welovecinema\/"]}]},{"@type":"BreadcrumbList","@id":"https:\/\/w-l-c.be\/fr\/welovecinema\/#breadcrumb","itemListElement":[{"@type":"ListItem","position":1,"name":"Accueil","item":"https:\/\/w-l-c.be\/fr\/"},{"@type":"ListItem","position":2,"name":"#WeLoveCinema"}]},{"@type":"WebSite","@id":"https:\/\/w-l-c.be\/fr\/#website","url":"https:\/\/w-l-c.be\/fr\/","name":"w-l-c","description":"Le cin\u00e9ma vu par les belges","potentialAction":[{"@type":"SearchAction","target":{"@type":"EntryPoint","urlTemplate":"https:\/\/w-l-c.be\/fr\/?s={search_term_string}"},"query-input":"required name=search_term_string"}],"inLanguage":"fr-FR"},{"@type":"Person","@id":"https:\/\/w-l-c.be\/fr\/#\/schema\/person\/8084b68c6b176142d073695c654dc7cf","name":"Aurore Engelen","url":"https:\/\/w-l-c.be\/fr\/author\/aurore-engelen\/"}]}},"_links":{"self":[{"href":"https:\/\/w-l-c.be\/fr\/wp-json\/wp\/v2\/posts\/237958","targetHints":{"allow":["GET"]}}],"collection":[{"href":"https:\/\/w-l-c.be\/fr\/wp-json\/wp\/v2\/posts"}],"about":[{"href":"https:\/\/w-l-c.be\/fr\/wp-json\/wp\/v2\/types\/post"}],"author":[{"embeddable":true,"href":"https:\/\/w-l-c.be\/fr\/wp-json\/wp\/v2\/users\/343"}],"replies":[{"embeddable":true,"href":"https:\/\/w-l-c.be\/fr\/wp-json\/wp\/v2\/comments?post=237958"}],"version-history":[{"count":0,"href":"https:\/\/w-l-c.be\/fr\/wp-json\/wp\/v2\/posts\/237958\/revisions"}],"wp:featuredmedia":[{"embeddable":true,"href":"https:\/\/w-l-c.be\/fr\/wp-json\/wp\/v2\/media\/237959"}],"wp:attachment":[{"href":"https:\/\/w-l-c.be\/fr\/wp-json\/wp\/v2\/media?parent=237958"}],"wp:term":[{"taxonomy":"category","embeddable":true,"href":"https:\/\/w-l-c.be\/fr\/wp-json\/wp\/v2\/categories?post=237958"},{"taxonomy":"post_tag","embeddable":true,"href":"https:\/\/w-l-c.be\/fr\/wp-json\/wp\/v2\/tags?post=237958"}],"curies":[{"name":"wp","href":"https:\/\/api.w.org\/{rel}","templated":true}]}}