
{"id":238034,"date":"2021-06-15T09:45:23","date_gmt":"2021-06-15T07:45:23","guid":{"rendered":"https:\/\/www.cinevox.be\/?p=238034"},"modified":"2021-06-17T10:26:42","modified_gmt":"2021-06-17T08:26:42","slug":"le-dormeur-eveille-anatomie-du-sommeil","status":"publish","type":"post","link":"https:\/\/w-l-c.be\/fr\/le-dormeur-eveille-anatomie-du-sommeil\/","title":{"rendered":"\u00ab\u00a0Le Dormeur \u00e9veill\u00e9\u00a0\u00bb, anatomie du sommeil"},"content":{"rendered":"<p><strong><em>\u00ab\u00a0Je me sens bien la nuit car je sens qu&rsquo;elle peut m&rsquo;appartenir\u00a0\u00bb<\/em>. Avec <em>Le Dormeur \u00e9veill\u00e9<\/em>, Boris Van der Avoort nous entraine au coeur de la nuit, et s&rsquo;interroge et nous interroge sur notre rapport au sommeil.\u00a0<\/strong><\/p>\n<p>Boris Van der Avoort souffre d&rsquo;insomnies. Souvent, entre 2h et 5h du matin, il se r\u00e9veille. Ce manque de sommeil semble influer sur la qualit\u00e9 de son \u00e9veil. Il se penche alors sur la situation, et se lance dans une sorte de journal film\u00e9 de ses insomnies. Mais tr\u00e8s vite, les questions se succ\u00e8dent: pourquoi lutter contre l&rsquo;insomnie, et non entrer diff\u00e9remment dans la nuit? Et d&rsquo;ailleurs pourquoi dort-on la nuit, ou plut\u00f4t, pourquoi devrait-on dormir la nuit?<\/p>\n<p><img loading=\"lazy\" decoding=\"async\" class=\"alignnone size-large wp-image-238037\" src=\"https:\/\/www.cinevox.be\/wp-content\/uploads\/2021\/06\/Oreiller-mouton-800x450.jpg\" alt=\"Le-Dormeur-Eveille\" width=\"618\" height=\"348\" srcset=\"https:\/\/w-l-c.be\/wp-content\/uploads\/2021\/06\/Oreiller-mouton-800x450.jpg 800w, https:\/\/w-l-c.be\/wp-content\/uploads\/2021\/06\/Oreiller-mouton-480x270.jpg 480w, https:\/\/w-l-c.be\/wp-content\/uploads\/2021\/06\/Oreiller-mouton-200x113.jpg 200w, https:\/\/w-l-c.be\/wp-content\/uploads\/2021\/06\/Oreiller-mouton-768x432.jpg 768w, https:\/\/w-l-c.be\/wp-content\/uploads\/2021\/06\/Oreiller-mouton-1536x864.jpg 1536w, https:\/\/w-l-c.be\/wp-content\/uploads\/2021\/06\/Oreiller-mouton-599x337.jpg 599w, https:\/\/w-l-c.be\/wp-content\/uploads\/2021\/06\/Oreiller-mouton.jpg 1920w\" sizes=\"auto, (max-width: 618px) 100vw, 618px\" \/><\/p>\n<p>Le cin\u00e9aste prend du recul, s&rsquo;\u00e9loigne de son cas particulier pour observer les autres, le monde, la nuit. Comment fait-on, ailleurs? Comment les r\u00e8gnes animaux et v\u00e9g\u00e9taux appr\u00e9hendent la nuit? Son enqu\u00eate l&rsquo;entraine sur les traces des autres esp\u00e8ces, mais aussi \u00e0 travers l&rsquo;histoire. Il remonte le temps. S&rsquo;aper\u00e7oit que le sommeil d&rsquo;une traite, bien cal\u00e9, de 23h \u00e0 7h, n&rsquo;a rien d&rsquo;une \u00e9vidence, que longtemps, les humains dormirent de fa\u00e7on fragment\u00e9e. Au Moyen-Age se pratiquait le dorveille, un sommeil segment\u00e9 en deux phases.<\/p>\n<p>A l&rsquo;image de Balzac qui dormait en soir\u00e9e, puis \u00e9crivait de minuit \u00e0 7h du matin quand la charge de son travail romanesque le lui imposait, les hommes et les femmes du Moyen-Age se levaient au milieu de la nuit, vaquaient \u00e0 des occupations qui se pr\u00eataient \u00e0 cet entre deux mondes, puis retournaient se coucher.<\/p>\n<p><img loading=\"lazy\" decoding=\"async\" class=\"alignnone size-large wp-image-238039\" src=\"https:\/\/www.cinevox.be\/wp-content\/uploads\/2021\/06\/Sculpture-sable-800x450.jpg\" alt=\"Le-Dormeur-Eveille\" width=\"618\" height=\"348\" srcset=\"https:\/\/w-l-c.be\/wp-content\/uploads\/2021\/06\/Sculpture-sable-800x450.jpg 800w, https:\/\/w-l-c.be\/wp-content\/uploads\/2021\/06\/Sculpture-sable-480x270.jpg 480w, https:\/\/w-l-c.be\/wp-content\/uploads\/2021\/06\/Sculpture-sable-200x113.jpg 200w, https:\/\/w-l-c.be\/wp-content\/uploads\/2021\/06\/Sculpture-sable-768x432.jpg 768w, https:\/\/w-l-c.be\/wp-content\/uploads\/2021\/06\/Sculpture-sable-1536x864.jpg 1536w, https:\/\/w-l-c.be\/wp-content\/uploads\/2021\/06\/Sculpture-sable-599x337.jpg 599w, https:\/\/w-l-c.be\/wp-content\/uploads\/2021\/06\/Sculpture-sable.jpg 1920w\" sizes=\"auto, (max-width: 618px) 100vw, 618px\" \/><\/p>\n<p>Le film emprunte les atours de la nuit, distillant une atmosph\u00e8re onirique, o\u00f9 le son et l&rsquo;image se croisent et se d\u00e9croisent, multipliant les digressions, comme dans un \u00e9tat de jubjotage, o\u00f9 l&rsquo;on essaie de retourner dans un r\u00eave dont on vient de s&rsquo;\u00e9veiller pour en conna\u00eetre la fin.<\/p>\n<p>L&rsquo;auteur se met en sc\u00e8ne dormant, performant le sommeil pour mieux l&rsquo;apprivoiser, le laisser venir. Il aborde plusieurs th\u00e9rapies, des plus inconscientes aux plus invasives. Au fil de son enqu\u00eate, on s&rsquo;\u00e9merveille de sa po\u00e9sie, on se passionne pour la nuit, si myst\u00e9rieuse, on s&rsquo;interroge sur son propre rapport au sommeil, addiction, soumission, insubordination.<\/p>\n<p>Le film est \u00e0 d\u00e9couvrir d\u00e8s ce mercredi \u00e0 la Cinematek@Flagey.<\/p>\n","protected":false},"excerpt":{"rendered":"<p>\u00ab\u00a0Je me sens bien la nuit car je sens qu&rsquo;elle peut m&rsquo;appartenir\u00a0\u00bb. Avec Le Dormeur \u00e9veill\u00e9, Boris Van der Avoort nous entraine au coeur de la nuit, et s&rsquo;interroge et nous interroge sur notre rapport au sommeil.\u00a0 Boris Van der Avoort souffre d&rsquo;insomnies. Souvent, entre 2h et 5h du matin, il se r\u00e9veille. Ce manque &hellip;<\/p>\n","protected":false},"author":343,"featured_media":238035,"comment_status":"closed","ping_status":"closed","sticky":false,"template":"","format":"standard","meta":{"ngg_post_thumbnail":0,"footnotes":""},"categories":[10],"tags":[6315,4187],"class_list":["post-238034","post","type-post","status-publish","format-standard","has-post-thumbnail","","category-a-l-affiche","tag-le-dormeur-eveille","tag-newsletter-fr"],"yoast_head":"<!-- This site is optimized with the Yoast SEO plugin v20.4 - https:\/\/yoast.com\/wordpress\/plugins\/seo\/ -->\n<title>&quot;Le Dormeur \u00e9veill\u00e9&quot;, anatomie du sommeil - w-l-c<\/title>\n<meta name=\"robots\" content=\"noindex, follow, max-snippet:-1, max-image-preview:large, max-video-preview:-1\" \/>\n<meta property=\"og:locale\" content=\"fr_FR\" \/>\n<meta property=\"og:type\" content=\"article\" \/>\n<meta property=\"og:title\" content=\"&quot;Le Dormeur \u00e9veill\u00e9&quot;, anatomie du sommeil - w-l-c\" \/>\n<meta property=\"og:description\" content=\"\u00ab\u00a0Je me sens bien la nuit car je sens qu&rsquo;elle peut m&rsquo;appartenir\u00a0\u00bb. Avec Le Dormeur \u00e9veill\u00e9, Boris Van der Avoort nous entraine au coeur de la nuit, et s&rsquo;interroge et nous interroge sur notre rapport au sommeil.\u00a0 Boris Van der Avoort souffre d&rsquo;insomnies. Souvent, entre 2h et 5h du matin, il se r\u00e9veille. Ce manque &hellip;\" \/>\n<meta property=\"og:url\" content=\"https:\/\/w-l-c.be\/fr\/le-dormeur-eveille-anatomie-du-sommeil\/\" \/>\n<meta property=\"og:site_name\" content=\"w-l-c\" \/>\n<meta property=\"article:published_time\" content=\"2021-06-15T07:45:23+00:00\" \/>\n<meta property=\"article:modified_time\" content=\"2021-06-17T08:26:42+00:00\" \/>\n<meta property=\"og:image\" content=\"https:\/\/w-l-c.be\/wp-content\/uploads\/2021\/06\/Chevreuil-Boris.jpg\" \/>\n\t<meta property=\"og:image:width\" content=\"1920\" \/>\n\t<meta property=\"og:image:height\" content=\"1080\" \/>\n\t<meta property=\"og:image:type\" content=\"image\/jpeg\" \/>\n<meta name=\"author\" content=\"Aurore Engelen\" \/>\n<meta name=\"twitter:card\" content=\"summary_large_image\" \/>\n<meta name=\"twitter:label1\" content=\"\u00c9crit par\" \/>\n\t<meta name=\"twitter:data1\" content=\"Aurore Engelen\" \/>\n\t<meta name=\"twitter:label2\" content=\"Dur\u00e9e de lecture estim\u00e9e\" \/>\n\t<meta name=\"twitter:data2\" content=\"3 minutes\" \/>\n<script type=\"application\/ld+json\" class=\"yoast-schema-graph\">{\"@context\":\"https:\/\/schema.org\",\"@graph\":[{\"@type\":\"WebPage\",\"@id\":\"https:\/\/w-l-c.be\/fr\/le-dormeur-eveille-anatomie-du-sommeil\/\",\"url\":\"https:\/\/w-l-c.be\/fr\/le-dormeur-eveille-anatomie-du-sommeil\/\",\"name\":\"\\\"Le Dormeur \u00e9veill\u00e9\\\", anatomie du sommeil - w-l-c\",\"isPartOf\":{\"@id\":\"https:\/\/w-l-c.be\/fr\/#website\"},\"datePublished\":\"2021-06-15T07:45:23+00:00\",\"dateModified\":\"2021-06-17T08:26:42+00:00\",\"author\":{\"@id\":\"https:\/\/w-l-c.be\/fr\/#\/schema\/person\/8084b68c6b176142d073695c654dc7cf\"},\"breadcrumb\":{\"@id\":\"https:\/\/w-l-c.be\/fr\/le-dormeur-eveille-anatomie-du-sommeil\/#breadcrumb\"},\"inLanguage\":\"fr-FR\",\"potentialAction\":[{\"@type\":\"ReadAction\",\"target\":[\"https:\/\/w-l-c.be\/fr\/le-dormeur-eveille-anatomie-du-sommeil\/\"]}]},{\"@type\":\"BreadcrumbList\",\"@id\":\"https:\/\/w-l-c.be\/fr\/le-dormeur-eveille-anatomie-du-sommeil\/#breadcrumb\",\"itemListElement\":[{\"@type\":\"ListItem\",\"position\":1,\"name\":\"Accueil\",\"item\":\"https:\/\/w-l-c.be\/fr\/\"},{\"@type\":\"ListItem\",\"position\":2,\"name\":\"\u00ab\u00a0Le Dormeur \u00e9veill\u00e9\u00a0\u00bb, anatomie du sommeil\"}]},{\"@type\":\"WebSite\",\"@id\":\"https:\/\/w-l-c.be\/fr\/#website\",\"url\":\"https:\/\/w-l-c.be\/fr\/\",\"name\":\"w-l-c\",\"description\":\"Le cin\u00e9ma vu par les belges\",\"potentialAction\":[{\"@type\":\"SearchAction\",\"target\":{\"@type\":\"EntryPoint\",\"urlTemplate\":\"https:\/\/w-l-c.be\/fr\/?s={search_term_string}\"},\"query-input\":\"required name=search_term_string\"}],\"inLanguage\":\"fr-FR\"},{\"@type\":\"Person\",\"@id\":\"https:\/\/w-l-c.be\/fr\/#\/schema\/person\/8084b68c6b176142d073695c654dc7cf\",\"name\":\"Aurore Engelen\",\"url\":\"https:\/\/w-l-c.be\/fr\/author\/aurore-engelen\/\"}]}<\/script>\n<!-- \/ Yoast SEO plugin. -->","yoast_head_json":{"title":"\"Le Dormeur \u00e9veill\u00e9\", anatomie du sommeil - w-l-c","robots":{"index":"noindex","follow":"follow","max-snippet":"max-snippet:-1","max-image-preview":"max-image-preview:large","max-video-preview":"max-video-preview:-1"},"og_locale":"fr_FR","og_type":"article","og_title":"\"Le Dormeur \u00e9veill\u00e9\", anatomie du sommeil - w-l-c","og_description":"\u00ab\u00a0Je me sens bien la nuit car je sens qu&rsquo;elle peut m&rsquo;appartenir\u00a0\u00bb. Avec Le Dormeur \u00e9veill\u00e9, Boris Van der Avoort nous entraine au coeur de la nuit, et s&rsquo;interroge et nous interroge sur notre rapport au sommeil.\u00a0 Boris Van der Avoort souffre d&rsquo;insomnies. Souvent, entre 2h et 5h du matin, il se r\u00e9veille. Ce manque &hellip;","og_url":"https:\/\/w-l-c.be\/fr\/le-dormeur-eveille-anatomie-du-sommeil\/","og_site_name":"w-l-c","article_published_time":"2021-06-15T07:45:23+00:00","article_modified_time":"2021-06-17T08:26:42+00:00","og_image":[{"width":1920,"height":1080,"url":"https:\/\/w-l-c.be\/wp-content\/uploads\/2021\/06\/Chevreuil-Boris.jpg","type":"image\/jpeg"}],"author":"Aurore Engelen","twitter_card":"summary_large_image","twitter_misc":{"\u00c9crit par":"Aurore Engelen","Dur\u00e9e de lecture estim\u00e9e":"3 minutes"},"schema":{"@context":"https:\/\/schema.org","@graph":[{"@type":"WebPage","@id":"https:\/\/w-l-c.be\/fr\/le-dormeur-eveille-anatomie-du-sommeil\/","url":"https:\/\/w-l-c.be\/fr\/le-dormeur-eveille-anatomie-du-sommeil\/","name":"\"Le Dormeur \u00e9veill\u00e9\", anatomie du sommeil - w-l-c","isPartOf":{"@id":"https:\/\/w-l-c.be\/fr\/#website"},"datePublished":"2021-06-15T07:45:23+00:00","dateModified":"2021-06-17T08:26:42+00:00","author":{"@id":"https:\/\/w-l-c.be\/fr\/#\/schema\/person\/8084b68c6b176142d073695c654dc7cf"},"breadcrumb":{"@id":"https:\/\/w-l-c.be\/fr\/le-dormeur-eveille-anatomie-du-sommeil\/#breadcrumb"},"inLanguage":"fr-FR","potentialAction":[{"@type":"ReadAction","target":["https:\/\/w-l-c.be\/fr\/le-dormeur-eveille-anatomie-du-sommeil\/"]}]},{"@type":"BreadcrumbList","@id":"https:\/\/w-l-c.be\/fr\/le-dormeur-eveille-anatomie-du-sommeil\/#breadcrumb","itemListElement":[{"@type":"ListItem","position":1,"name":"Accueil","item":"https:\/\/w-l-c.be\/fr\/"},{"@type":"ListItem","position":2,"name":"\u00ab\u00a0Le Dormeur \u00e9veill\u00e9\u00a0\u00bb, anatomie du sommeil"}]},{"@type":"WebSite","@id":"https:\/\/w-l-c.be\/fr\/#website","url":"https:\/\/w-l-c.be\/fr\/","name":"w-l-c","description":"Le cin\u00e9ma vu par les belges","potentialAction":[{"@type":"SearchAction","target":{"@type":"EntryPoint","urlTemplate":"https:\/\/w-l-c.be\/fr\/?s={search_term_string}"},"query-input":"required name=search_term_string"}],"inLanguage":"fr-FR"},{"@type":"Person","@id":"https:\/\/w-l-c.be\/fr\/#\/schema\/person\/8084b68c6b176142d073695c654dc7cf","name":"Aurore Engelen","url":"https:\/\/w-l-c.be\/fr\/author\/aurore-engelen\/"}]}},"_links":{"self":[{"href":"https:\/\/w-l-c.be\/fr\/wp-json\/wp\/v2\/posts\/238034","targetHints":{"allow":["GET"]}}],"collection":[{"href":"https:\/\/w-l-c.be\/fr\/wp-json\/wp\/v2\/posts"}],"about":[{"href":"https:\/\/w-l-c.be\/fr\/wp-json\/wp\/v2\/types\/post"}],"author":[{"embeddable":true,"href":"https:\/\/w-l-c.be\/fr\/wp-json\/wp\/v2\/users\/343"}],"replies":[{"embeddable":true,"href":"https:\/\/w-l-c.be\/fr\/wp-json\/wp\/v2\/comments?post=238034"}],"version-history":[{"count":0,"href":"https:\/\/w-l-c.be\/fr\/wp-json\/wp\/v2\/posts\/238034\/revisions"}],"wp:featuredmedia":[{"embeddable":true,"href":"https:\/\/w-l-c.be\/fr\/wp-json\/wp\/v2\/media\/238035"}],"wp:attachment":[{"href":"https:\/\/w-l-c.be\/fr\/wp-json\/wp\/v2\/media?parent=238034"}],"wp:term":[{"taxonomy":"category","embeddable":true,"href":"https:\/\/w-l-c.be\/fr\/wp-json\/wp\/v2\/categories?post=238034"},{"taxonomy":"post_tag","embeddable":true,"href":"https:\/\/w-l-c.be\/fr\/wp-json\/wp\/v2\/tags?post=238034"}],"curies":[{"name":"wp","href":"https:\/\/api.w.org\/{rel}","templated":true}]}}