
{"id":238059,"date":"2021-06-16T09:20:56","date_gmt":"2021-06-16T07:20:56","guid":{"rendered":"https:\/\/www.cinevox.be\/?p=238059"},"modified":"2021-06-17T09:42:07","modified_gmt":"2021-06-17T07:42:07","slug":"lenfant-salamandre-a-la-cinefondation","status":"publish","type":"post","link":"https:\/\/w-l-c.be\/fr\/lenfant-salamandre-a-la-cinefondation\/","title":{"rendered":"\u00ab\u00a0L&rsquo;Enfant Salamandre\u00a0\u00bb \u00e0 la Cin\u00e9fondation!"},"content":{"rendered":"<p><strong>Le film de fin d\u2019\u00e9tude de Th\u00e9o D\u00e9gen<em>\u00a0L\u2019Enfant salamandre<\/em> est s\u00e9lectionn\u00e9 \u00e0 la Cin\u00e9fondation du prochain Festival de Cannes, qui se tiendra du 6 au 17 juillet 2021 .<\/strong><\/p>\n<p>L&rsquo;ann\u00e9e derni\u00e8re, le jeune r\u00e9alisateur belge avait d\u00e9j\u00e0 pr\u00e9sent\u00e9 un film au Festival de Namur, <em>L&rsquo;isola dei Sogni.<\/em><\/p>\n<p>Que quoi parle <em>L&rsquo;Enfant Salamandre? <\/em>A 15 ans, Florian pense pouvoir communiquer avec les morts par l\u2019interm\u00e9diaire du feu. Cette obsession en fait la ris\u00e9e de son village, perdu dans la campagne belge. Un jour, \u00e0 force de s\u2019entendre dire qu\u2019il est un monstre, Florian en devient un.<\/p>\n<p>Cr\u00e9\u00e9e en 1998 pour la recherche de nouveaux talents, la Cin\u00e9fondation s\u00e9lectionne chaque ann\u00e9e quinze \u00e0 vingt courts et moyens m\u00e9trages pr\u00e9sent\u00e9s par des \u00e9coles de cin\u00e9ma du monde entier. La section met en lumi\u00e8re des talents prometteurs du monde entier. Elle a d\u00e9j\u00e0 accueilli de plusieurs jeunes cin\u00e9astes belges. On retiendra notamment le prix obtenu en 2017 par <em>Paul est l\u00e0<\/em>, de Valentina Maurel, ou encore la s\u00e9lection en 2013 de <em>En attendant le d\u00e9gel<\/em> de Sarah Hirtt, qui a depuis sorti son premier long m\u00e9trage, <em>Escapada<\/em>.<\/p>\n<p>On le sait, ce cru cannois 2021 sera exceptionnel, avec la s\u00e9lection de pas moins de 6 longs m\u00e9trages belges toutes sections confondues (<em>Les Intranquilles, Un monde, La Civil, Rien \u00e0 foutre, Mon L\u00e9gionnaire<\/em> et <em>Aya<\/em>), ainsi que de nombreuses coproductions. On a d&rsquo;ailleurs appris il y a quelques jours que le films fran\u00e7ais <em>Onoda<\/em> d&rsquo;Arthur Harari, coproduit en Belgique par Frakas Production, ferait l&rsquo;ouverture de la section Un certain regard, et que <em>Where Is Anne Frank?<\/em>, film d&rsquo;animation d&rsquo;Ari Folman, coproduit en Belgique par Magellan Films, et en partie anim\u00e9 par les studios bruxellois Walking the Dog serait pr\u00e9sent\u00e9 Hors comp\u00e9tition.<\/p>\n","protected":false},"excerpt":{"rendered":"<p>Le film de fin d\u2019\u00e9tude de Th\u00e9o D\u00e9gen\u00a0L\u2019Enfant salamandre est s\u00e9lectionn\u00e9 \u00e0 la Cin\u00e9fondation du prochain Festival de Cannes, qui se tiendra du 6 au 17 juillet 2021 . L&rsquo;ann\u00e9e derni\u00e8re, le jeune r\u00e9alisateur belge avait d\u00e9j\u00e0 pr\u00e9sent\u00e9 un film au Festival de Namur, L&rsquo;isola dei Sogni. Que quoi parle L&rsquo;Enfant Salamandre? A 15 ans, &hellip;<\/p>\n","protected":false},"author":343,"featured_media":238060,"comment_status":"closed","ping_status":"closed","sticky":false,"template":"","format":"standard","meta":{"ngg_post_thumbnail":0,"footnotes":""},"categories":[12],"tags":[1974,4187],"class_list":["post-238059","post","type-post","status-publish","format-standard","has-post-thumbnail","","category-awards","tag-cannes-2","tag-newsletter-fr"],"yoast_head":"<!-- This site is optimized with the Yoast SEO plugin v20.4 - https:\/\/yoast.com\/wordpress\/plugins\/seo\/ -->\n<title>&quot;L&#039;Enfant Salamandre&quot; \u00e0 la Cin\u00e9fondation! - w-l-c<\/title>\n<meta name=\"robots\" content=\"noindex, follow, max-snippet:-1, max-image-preview:large, max-video-preview:-1\" \/>\n<meta property=\"og:locale\" content=\"fr_FR\" \/>\n<meta property=\"og:type\" content=\"article\" \/>\n<meta property=\"og:title\" content=\"&quot;L&#039;Enfant Salamandre&quot; \u00e0 la Cin\u00e9fondation! - w-l-c\" \/>\n<meta property=\"og:description\" content=\"Le film de fin d\u2019\u00e9tude de Th\u00e9o D\u00e9gen\u00a0L\u2019Enfant salamandre est s\u00e9lectionn\u00e9 \u00e0 la Cin\u00e9fondation du prochain Festival de Cannes, qui se tiendra du 6 au 17 juillet 2021 . L&rsquo;ann\u00e9e derni\u00e8re, le jeune r\u00e9alisateur belge avait d\u00e9j\u00e0 pr\u00e9sent\u00e9 un film au Festival de Namur, L&rsquo;isola dei Sogni. Que quoi parle L&rsquo;Enfant Salamandre? A 15 ans, &hellip;\" \/>\n<meta property=\"og:url\" content=\"https:\/\/w-l-c.be\/fr\/lenfant-salamandre-a-la-cinefondation\/\" \/>\n<meta property=\"og:site_name\" content=\"w-l-c\" \/>\n<meta property=\"article:published_time\" content=\"2021-06-16T07:20:56+00:00\" \/>\n<meta property=\"article:modified_time\" content=\"2021-06-17T07:42:07+00:00\" \/>\n<meta property=\"og:image\" content=\"https:\/\/w-l-c.be\/wp-content\/uploads\/2021\/06\/Lenfant-salamandre-2-1.jpg\" \/>\n\t<meta property=\"og:image:width\" content=\"1920\" \/>\n\t<meta property=\"og:image:height\" content=\"804\" \/>\n\t<meta property=\"og:image:type\" content=\"image\/jpeg\" \/>\n<meta name=\"author\" content=\"Aurore Engelen\" \/>\n<meta name=\"twitter:card\" content=\"summary_large_image\" \/>\n<meta name=\"twitter:label1\" content=\"\u00c9crit par\" \/>\n\t<meta name=\"twitter:data1\" content=\"Aurore Engelen\" \/>\n\t<meta name=\"twitter:label2\" content=\"Dur\u00e9e de lecture estim\u00e9e\" \/>\n\t<meta name=\"twitter:data2\" content=\"2 minutes\" \/>\n<script type=\"application\/ld+json\" class=\"yoast-schema-graph\">{\"@context\":\"https:\/\/schema.org\",\"@graph\":[{\"@type\":\"WebPage\",\"@id\":\"https:\/\/w-l-c.be\/fr\/lenfant-salamandre-a-la-cinefondation\/\",\"url\":\"https:\/\/w-l-c.be\/fr\/lenfant-salamandre-a-la-cinefondation\/\",\"name\":\"\\\"L'Enfant Salamandre\\\" \u00e0 la Cin\u00e9fondation! - w-l-c\",\"isPartOf\":{\"@id\":\"https:\/\/w-l-c.be\/fr\/#website\"},\"datePublished\":\"2021-06-16T07:20:56+00:00\",\"dateModified\":\"2021-06-17T07:42:07+00:00\",\"author\":{\"@id\":\"https:\/\/w-l-c.be\/fr\/#\/schema\/person\/8084b68c6b176142d073695c654dc7cf\"},\"breadcrumb\":{\"@id\":\"https:\/\/w-l-c.be\/fr\/lenfant-salamandre-a-la-cinefondation\/#breadcrumb\"},\"inLanguage\":\"fr-FR\",\"potentialAction\":[{\"@type\":\"ReadAction\",\"target\":[\"https:\/\/w-l-c.be\/fr\/lenfant-salamandre-a-la-cinefondation\/\"]}]},{\"@type\":\"BreadcrumbList\",\"@id\":\"https:\/\/w-l-c.be\/fr\/lenfant-salamandre-a-la-cinefondation\/#breadcrumb\",\"itemListElement\":[{\"@type\":\"ListItem\",\"position\":1,\"name\":\"Accueil\",\"item\":\"https:\/\/w-l-c.be\/fr\/\"},{\"@type\":\"ListItem\",\"position\":2,\"name\":\"\u00ab\u00a0L&rsquo;Enfant Salamandre\u00a0\u00bb \u00e0 la Cin\u00e9fondation!\"}]},{\"@type\":\"WebSite\",\"@id\":\"https:\/\/w-l-c.be\/fr\/#website\",\"url\":\"https:\/\/w-l-c.be\/fr\/\",\"name\":\"w-l-c\",\"description\":\"Le cin\u00e9ma vu par les belges\",\"potentialAction\":[{\"@type\":\"SearchAction\",\"target\":{\"@type\":\"EntryPoint\",\"urlTemplate\":\"https:\/\/w-l-c.be\/fr\/?s={search_term_string}\"},\"query-input\":\"required name=search_term_string\"}],\"inLanguage\":\"fr-FR\"},{\"@type\":\"Person\",\"@id\":\"https:\/\/w-l-c.be\/fr\/#\/schema\/person\/8084b68c6b176142d073695c654dc7cf\",\"name\":\"Aurore Engelen\",\"url\":\"https:\/\/w-l-c.be\/fr\/author\/aurore-engelen\/\"}]}<\/script>\n<!-- \/ Yoast SEO plugin. -->","yoast_head_json":{"title":"\"L'Enfant Salamandre\" \u00e0 la Cin\u00e9fondation! - w-l-c","robots":{"index":"noindex","follow":"follow","max-snippet":"max-snippet:-1","max-image-preview":"max-image-preview:large","max-video-preview":"max-video-preview:-1"},"og_locale":"fr_FR","og_type":"article","og_title":"\"L'Enfant Salamandre\" \u00e0 la Cin\u00e9fondation! - w-l-c","og_description":"Le film de fin d\u2019\u00e9tude de Th\u00e9o D\u00e9gen\u00a0L\u2019Enfant salamandre est s\u00e9lectionn\u00e9 \u00e0 la Cin\u00e9fondation du prochain Festival de Cannes, qui se tiendra du 6 au 17 juillet 2021 . L&rsquo;ann\u00e9e derni\u00e8re, le jeune r\u00e9alisateur belge avait d\u00e9j\u00e0 pr\u00e9sent\u00e9 un film au Festival de Namur, L&rsquo;isola dei Sogni. Que quoi parle L&rsquo;Enfant Salamandre? A 15 ans, &hellip;","og_url":"https:\/\/w-l-c.be\/fr\/lenfant-salamandre-a-la-cinefondation\/","og_site_name":"w-l-c","article_published_time":"2021-06-16T07:20:56+00:00","article_modified_time":"2021-06-17T07:42:07+00:00","og_image":[{"width":1920,"height":804,"url":"https:\/\/w-l-c.be\/wp-content\/uploads\/2021\/06\/Lenfant-salamandre-2-1.jpg","type":"image\/jpeg"}],"author":"Aurore Engelen","twitter_card":"summary_large_image","twitter_misc":{"\u00c9crit par":"Aurore Engelen","Dur\u00e9e de lecture estim\u00e9e":"2 minutes"},"schema":{"@context":"https:\/\/schema.org","@graph":[{"@type":"WebPage","@id":"https:\/\/w-l-c.be\/fr\/lenfant-salamandre-a-la-cinefondation\/","url":"https:\/\/w-l-c.be\/fr\/lenfant-salamandre-a-la-cinefondation\/","name":"\"L'Enfant Salamandre\" \u00e0 la Cin\u00e9fondation! - w-l-c","isPartOf":{"@id":"https:\/\/w-l-c.be\/fr\/#website"},"datePublished":"2021-06-16T07:20:56+00:00","dateModified":"2021-06-17T07:42:07+00:00","author":{"@id":"https:\/\/w-l-c.be\/fr\/#\/schema\/person\/8084b68c6b176142d073695c654dc7cf"},"breadcrumb":{"@id":"https:\/\/w-l-c.be\/fr\/lenfant-salamandre-a-la-cinefondation\/#breadcrumb"},"inLanguage":"fr-FR","potentialAction":[{"@type":"ReadAction","target":["https:\/\/w-l-c.be\/fr\/lenfant-salamandre-a-la-cinefondation\/"]}]},{"@type":"BreadcrumbList","@id":"https:\/\/w-l-c.be\/fr\/lenfant-salamandre-a-la-cinefondation\/#breadcrumb","itemListElement":[{"@type":"ListItem","position":1,"name":"Accueil","item":"https:\/\/w-l-c.be\/fr\/"},{"@type":"ListItem","position":2,"name":"\u00ab\u00a0L&rsquo;Enfant Salamandre\u00a0\u00bb \u00e0 la Cin\u00e9fondation!"}]},{"@type":"WebSite","@id":"https:\/\/w-l-c.be\/fr\/#website","url":"https:\/\/w-l-c.be\/fr\/","name":"w-l-c","description":"Le cin\u00e9ma vu par les belges","potentialAction":[{"@type":"SearchAction","target":{"@type":"EntryPoint","urlTemplate":"https:\/\/w-l-c.be\/fr\/?s={search_term_string}"},"query-input":"required name=search_term_string"}],"inLanguage":"fr-FR"},{"@type":"Person","@id":"https:\/\/w-l-c.be\/fr\/#\/schema\/person\/8084b68c6b176142d073695c654dc7cf","name":"Aurore Engelen","url":"https:\/\/w-l-c.be\/fr\/author\/aurore-engelen\/"}]}},"_links":{"self":[{"href":"https:\/\/w-l-c.be\/fr\/wp-json\/wp\/v2\/posts\/238059","targetHints":{"allow":["GET"]}}],"collection":[{"href":"https:\/\/w-l-c.be\/fr\/wp-json\/wp\/v2\/posts"}],"about":[{"href":"https:\/\/w-l-c.be\/fr\/wp-json\/wp\/v2\/types\/post"}],"author":[{"embeddable":true,"href":"https:\/\/w-l-c.be\/fr\/wp-json\/wp\/v2\/users\/343"}],"replies":[{"embeddable":true,"href":"https:\/\/w-l-c.be\/fr\/wp-json\/wp\/v2\/comments?post=238059"}],"version-history":[{"count":0,"href":"https:\/\/w-l-c.be\/fr\/wp-json\/wp\/v2\/posts\/238059\/revisions"}],"wp:featuredmedia":[{"embeddable":true,"href":"https:\/\/w-l-c.be\/fr\/wp-json\/wp\/v2\/media\/238060"}],"wp:attachment":[{"href":"https:\/\/w-l-c.be\/fr\/wp-json\/wp\/v2\/media?parent=238059"}],"wp:term":[{"taxonomy":"category","embeddable":true,"href":"https:\/\/w-l-c.be\/fr\/wp-json\/wp\/v2\/categories?post=238059"},{"taxonomy":"post_tag","embeddable":true,"href":"https:\/\/w-l-c.be\/fr\/wp-json\/wp\/v2\/tags?post=238059"}],"curies":[{"name":"wp","href":"https:\/\/api.w.org\/{rel}","templated":true}]}}