
{"id":238159,"date":"2021-06-22T09:41:37","date_gmt":"2021-06-22T07:41:37","guid":{"rendered":"https:\/\/www.cinevox.be\/?p=238159"},"modified":"2021-06-23T09:11:34","modified_gmt":"2021-06-23T07:11:34","slug":"mo-pere-est-une-saucisse-reinventer-sa-vie","status":"publish","type":"post","link":"https:\/\/w-l-c.be\/fr\/mo-pere-est-une-saucisse-reinventer-sa-vie\/","title":{"rendered":"\u00ab\u00a0Mon p\u00e8re est une saucisse\u00a0\u00bb, r\u00e9inventer sa vie"},"content":{"rendered":"<p class=\"p1\"><strong>Avec <i>Mon p\u00e8re est une saucisse<\/i>, son premier long m\u00e9trage \u00e9crit par le renomm\u00e9 Jean-Claude Van Rijckeghem, Anouk Fortunier livre une com\u00e9die familiale pop et rafraichissante sur la libert\u00e9 que l\u2019on trouve \u00e0 se r\u00e9inventer, et suit les aventures d\u2019un duo p\u00e8re-fille surprenant et enthousiasmant, en qu\u00eate de son identit\u00e9, et de sa vraie place au monde.<\/strong><\/p>\n<p><i>Mon p\u00e8re est une saucisse <\/i>part d\u2019un postulat loufoque (un comptable, en pleine crise de la quarantaine, d\u00e9cide de se tourner vers ses premi\u00e8res amours, le th\u00e9\u00e2tre, pour finir d\u00e9guis\u00e9 en saucisse vegan dans une pub t\u00e9l\u00e9), pour proposer un conte moderne \u00e0 la fois po\u00e9tique et terre-\u00e0-terre sur le burn out, destin\u00e9 \u00e0 un public d\u2019enfants et de jeunes adolescents que l\u2019on prend au s\u00e9rieux.<\/p>\n<p class=\"p1\">A l\u2019aube de l\u2019adolescence, Zo\u00e9 observe en retrait mais avec sagacit\u00e9 la petite com\u00e9die du bonheur que semble jouer sa famille, chacun remplissant \u00e0 merveille son r\u00f4le, connaissant le script par coeur, ne changeant jamais une ligne du sc\u00e9nario mettant en sc\u00e8ne la famille parfaite. La maison, au coeur de Gand, est d\u00e9cor\u00e9e avec go\u00fbt et parfaitement rang\u00e9e. Maman, chef d\u2019entreprise \u00e0 succ\u00e8s, est en voyage d\u2019affaire, papa travaille dans une grande banque et jongle avec les chiffres. Sa grande soeur alterne les r\u00e9p\u00e9titions de violon et les r\u00e9visions pour l\u2019\u00e9cole, tandis que son grand fr\u00e8re\u2026 Bon, son grand fr\u00e8re tendance survivaliste vit clo\u00eetr\u00e9 dans la cave, mais passons.<\/p>\n<figure id=\"attachment_238170\" aria-describedby=\"caption-attachment-238170\" style=\"width: 618px\" class=\"wp-caption alignnone\"><img loading=\"lazy\" decoding=\"async\" class=\"size-large wp-image-238170\" src=\"https:\/\/www.cinevox.be\/wp-content\/uploads\/2021\/06\/mvies_familiefoto2_\u00a9KrisDewitte-800x540.jpg\" alt=\"Mon-pere-est-une-saucisse\" width=\"618\" height=\"417\" srcset=\"https:\/\/w-l-c.be\/wp-content\/uploads\/2021\/06\/mvies_familiefoto2_\u00a9KrisDewitte-800x540.jpg 800w, https:\/\/w-l-c.be\/wp-content\/uploads\/2021\/06\/mvies_familiefoto2_\u00a9KrisDewitte-400x270.jpg 400w, https:\/\/w-l-c.be\/wp-content\/uploads\/2021\/06\/mvies_familiefoto2_\u00a9KrisDewitte-768x518.jpg 768w, https:\/\/w-l-c.be\/wp-content\/uploads\/2021\/06\/mvies_familiefoto2_\u00a9KrisDewitte-1536x1036.jpg 1536w, https:\/\/w-l-c.be\/wp-content\/uploads\/2021\/06\/mvies_familiefoto2_\u00a9KrisDewitte-2048x1382.jpg 2048w, https:\/\/w-l-c.be\/wp-content\/uploads\/2021\/06\/mvies_familiefoto2_\u00a9KrisDewitte-110x75.jpg 110w\" sizes=\"auto, (max-width: 618px) 100vw, 618px\" \/><figcaption id=\"caption-attachment-238170\" class=\"wp-caption-text\">Photo: Kris Dewitte<\/figcaption><\/figure>\n<p class=\"p1\">Alors quand le p\u00e8re abandonne son travail de banquier sur un coup de t\u00eate pour devenir acteur, la m\u00e8re est tout sauf contente. Elle a d\u00e9j\u00e0 bien assez de soucis, \u00e0 devoir porter sur ses \u00e9paules le poids de la chocolaterie familiale l\u00e9gu\u00e9e par son p\u00e8re, et son rayonnement international. Zo\u00eb est la seule \u00e0 croire en son p\u00e8re et se lance dans l&rsquo;aventure avec lui.<\/p>\n<p class=\"p1\">Il faut dire que la jeune fille a elle-m\u00eame des comptes \u00e0 r\u00e9gler avec sa place dans le monde. Elle va donc accompagner son p\u00e8re dans sa qu\u00eate, trouvant enfin dans cet adulte en pleine remise en question un mod\u00e8le qui ose remettre des couleurs dans sa vie en se reconnectant avec son \u00e2me d\u2019enfant. Ils vont se soutenir et s&rsquo;\u00e9pauler, s&rsquo;encourager et s&rsquo;admirer, le p\u00e8re va se r\u00e9inventer, quand la fille elle va enfin pouvoir s&rsquo;inventer librement. Et ce n&rsquo;est pas un hasard si pour se r\u00e9inventer, Paul se remet \u00e0 jouer litt\u00e9ralement, si c&rsquo;est sur les planches (m\u00eame celle d&rsquo;un cours) ou devant la cam\u00e9ra (m\u00eame celle d&rsquo;une publicit\u00e9) qu&rsquo;il va se retrouver, laisser rena\u00eetre le jeune gar\u00e7on, celui qui oser encore s&rsquo;amuser.<\/p>\n<figure id=\"attachment_238172\" aria-describedby=\"caption-attachment-238172\" style=\"width: 618px\" class=\"wp-caption alignnone\"><img loading=\"lazy\" decoding=\"async\" class=\"size-large wp-image-238172\" src=\"https:\/\/www.cinevox.be\/wp-content\/uploads\/2021\/06\/mvies11_\u00a9KrisDewitte-800x526.jpg\" alt=\"Mon-pere-est-une-saucisse\" width=\"618\" height=\"406\" srcset=\"https:\/\/w-l-c.be\/wp-content\/uploads\/2021\/06\/mvies11_\u00a9KrisDewitte-800x526.jpg 800w, https:\/\/w-l-c.be\/wp-content\/uploads\/2021\/06\/mvies11_\u00a9KrisDewitte-411x270.jpg 411w, https:\/\/w-l-c.be\/wp-content\/uploads\/2021\/06\/mvies11_\u00a9KrisDewitte-768x505.jpg 768w, https:\/\/w-l-c.be\/wp-content\/uploads\/2021\/06\/mvies11_\u00a9KrisDewitte-1536x1010.jpg 1536w, https:\/\/w-l-c.be\/wp-content\/uploads\/2021\/06\/mvies11_\u00a9KrisDewitte-2048x1347.jpg 2048w, https:\/\/w-l-c.be\/wp-content\/uploads\/2021\/06\/mvies11_\u00a9KrisDewitte-310x205.jpg 310w\" sizes=\"auto, (max-width: 618px) 100vw, 618px\" \/><figcaption id=\"caption-attachment-238172\" class=\"wp-caption-text\">Photo: Kris Dewitte<\/figcaption><\/figure>\n<p>Cette renaissance se double n\u00e9anmoins chez Paul d&rsquo;un certain questionnement sur sa place et son r\u00f4le de p\u00e8re et d&rsquo;\u00e9poux, comment assumer ses responsabilit\u00e9s tout en d\u00e9ployant sa personnalit\u00e9. Chez sa m\u00e8re, cet \u00e9veil soudain, cette mid-life crisis salutaire vient l\u00e0 aussi rebattre les cartes, l&rsquo;invitant elle aussi \u00e0 se reconnecter avec sa propre cr\u00e9ativit\u00e9, \u00e0 revoir ses plans de carri\u00e8re, non pas pour tout envoyer valser, mais plut\u00f4t pour mieux s&rsquo;\u00e9couter.<\/p>\n<p class=\"p1\">Le film s\u2019impose par cette capacit\u00e9 \u00e0 regarder son public droit dans les yeux, et gr\u00e2ce aux performances habit\u00e9es de la tr\u00e8s jeune Savannah Vandendriessche, d\u00e9j\u00e0 \u00e0 l\u2019affiche de <i>Rosie &amp; Moussa<\/i>, de l\u2019excellent Johan Heldenbergh (le h\u00e9ros d\u2019<i>Alabama Monroe<\/i> ou de <i>La Femme du gardien de zoo<\/i>) ou encore de Hilde De Baerdemaeker, que l\u2019on voit beaucoup \u00e0 la t\u00e9l\u00e9vision flamande.<\/p>\n<p class=\"p1\">On retiendra \u00e9galement les tr\u00e8s s\u00e9duisantes s\u00e9quences anim\u00e9es, qui viennent faire \u00e9cho \u00e0 la vie int\u00e9rieure de Zo\u00e9, \u00e0 ses questionnements sur l\u2019\u00e9quilibre entre nos parts cr\u00e9atives et nos parts rationnelles, notre cerveau droit et notre cerveau gauche, et qui rythment avec pertinence et po\u00e9sie le r\u00e9cit.<\/p>\n<figure id=\"attachment_238166\" aria-describedby=\"caption-attachment-238166\" style=\"width: 618px\" class=\"wp-caption alignnone\"><img loading=\"lazy\" decoding=\"async\" class=\"size-large wp-image-238166\" src=\"https:\/\/www.cinevox.be\/wp-content\/uploads\/2021\/06\/mvies3_\u00a9KrisDewitte-800x532.jpg\" alt=\"Mon-pere-est-une-saucisse\" width=\"618\" height=\"411\" srcset=\"https:\/\/w-l-c.be\/wp-content\/uploads\/2021\/06\/mvies3_\u00a9KrisDewitte-800x532.jpg 800w, https:\/\/w-l-c.be\/wp-content\/uploads\/2021\/06\/mvies3_\u00a9KrisDewitte-406x270.jpg 406w, https:\/\/w-l-c.be\/wp-content\/uploads\/2021\/06\/mvies3_\u00a9KrisDewitte-768x511.jpg 768w, https:\/\/w-l-c.be\/wp-content\/uploads\/2021\/06\/mvies3_\u00a9KrisDewitte-1536x1022.jpg 1536w, https:\/\/w-l-c.be\/wp-content\/uploads\/2021\/06\/mvies3_\u00a9KrisDewitte-2048x1363.jpg 2048w, https:\/\/w-l-c.be\/wp-content\/uploads\/2021\/06\/mvies3_\u00a9KrisDewitte-310x205.jpg 310w\" sizes=\"auto, (max-width: 618px) 100vw, 618px\" \/><figcaption id=\"caption-attachment-238166\" class=\"wp-caption-text\">Photo: Kris Dewitte<\/figcaption><\/figure>\n<p>C\u2019est l\u2019une des forces d\u2019une poign\u00e9e de r\u00e9alisatrices du jeune cin\u00e9ma flamand, que de s\u2019adresser \u00e0 un jeune public avec s\u00e9rieux et fantaisie sur des sujets \u00e2pres et terriblement contemporains, le burn-out ici, donc, mais aussi les sans-papier dans <a href=\"https:\/\/www.cinevox.be\/fr\/binti-comedie-familiale-ultramoderne\/\"><i>Binti<\/i><\/a> de Frederike Migom, ou encore la vie dans les grandes tours urbaines dans <a href=\"https:\/\/www.cinevox.be\/fr\/rosie-moussa-petit-conte-de-diversite-bruxelloise\/\"><i>Rosie &amp; Moussa<\/i><\/a> de Doroth\u00e9e van den Berghe.<\/p>\n<p class=\"p1\"><i>Mon p\u00e8re est une saucisse<\/i>, r\u00e9alis\u00e9 par Anouk Fortunier, est une adaptation par le sc\u00e9nariste flamand Jean-Claude Van Rijckeghem<span class=\"Apple-converted-space\">\u00a0 <\/span>(V<i>incent, Brasserie Romantiek, Oxyg\u00e8ne, Moscow Belgium<\/i>) d\u2019un roman jeunesse d\u2019Agn\u00e8s de Lestrade. Le film sort ce mercredi 23 juin.<\/p>\n","protected":false},"excerpt":{"rendered":"<p>Avec Mon p\u00e8re est une saucisse, son premier long m\u00e9trage \u00e9crit par le renomm\u00e9 Jean-Claude Van Rijckeghem, Anouk Fortunier livre une com\u00e9die familiale pop et rafraichissante sur la libert\u00e9 que l\u2019on trouve \u00e0 se r\u00e9inventer, et suit les aventures d\u2019un duo p\u00e8re-fille surprenant et enthousiasmant, en qu\u00eate de son identit\u00e9, et de sa vraie place &hellip;<\/p>\n","protected":false},"author":343,"featured_media":238160,"comment_status":"closed","ping_status":"closed","sticky":false,"template":"","format":"standard","meta":{"ngg_post_thumbnail":0,"footnotes":""},"categories":[10],"tags":[6330,6329,4187],"class_list":["post-238159","post","type-post","status-publish","format-standard","has-post-thumbnail","","category-a-l-affiche","tag-anouk-fortunier-2","tag-mon-pere-est-une-saucisse","tag-newsletter-fr"],"yoast_head":"<!-- This site is optimized with the Yoast SEO plugin v20.4 - https:\/\/yoast.com\/wordpress\/plugins\/seo\/ -->\n<title>&quot;Mon p\u00e8re est une saucisse&quot;, r\u00e9inventer sa vie - w-l-c<\/title>\n<meta name=\"robots\" content=\"noindex, follow, max-snippet:-1, max-image-preview:large, max-video-preview:-1\" \/>\n<meta property=\"og:locale\" content=\"fr_FR\" \/>\n<meta property=\"og:type\" content=\"article\" \/>\n<meta property=\"og:title\" content=\"&quot;Mon p\u00e8re est une saucisse&quot;, r\u00e9inventer sa vie - w-l-c\" \/>\n<meta property=\"og:description\" content=\"Avec Mon p\u00e8re est une saucisse, son premier long m\u00e9trage \u00e9crit par le renomm\u00e9 Jean-Claude Van Rijckeghem, Anouk Fortunier livre une com\u00e9die familiale pop et rafraichissante sur la libert\u00e9 que l\u2019on trouve \u00e0 se r\u00e9inventer, et suit les aventures d\u2019un duo p\u00e8re-fille surprenant et enthousiasmant, en qu\u00eate de son identit\u00e9, et de sa vraie place &hellip;\" \/>\n<meta property=\"og:url\" content=\"https:\/\/w-l-c.be\/fr\/mo-pere-est-une-saucisse-reinventer-sa-vie\/\" \/>\n<meta property=\"og:site_name\" content=\"w-l-c\" \/>\n<meta property=\"article:published_time\" content=\"2021-06-22T07:41:37+00:00\" \/>\n<meta property=\"article:modified_time\" content=\"2021-06-23T07:11:34+00:00\" \/>\n<meta property=\"og:image\" content=\"https:\/\/w-l-c.be\/wp-content\/uploads\/2021\/06\/mvies12_\u00a9KrisDewitte-scaled.jpg\" \/>\n\t<meta property=\"og:image:width\" content=\"2560\" \/>\n\t<meta property=\"og:image:height\" content=\"1707\" \/>\n\t<meta property=\"og:image:type\" content=\"image\/jpeg\" \/>\n<meta name=\"author\" content=\"Aurore Engelen\" \/>\n<meta name=\"twitter:card\" content=\"summary_large_image\" \/>\n<meta name=\"twitter:label1\" content=\"\u00c9crit par\" \/>\n\t<meta name=\"twitter:data1\" content=\"Aurore Engelen\" \/>\n\t<meta name=\"twitter:label2\" content=\"Dur\u00e9e de lecture estim\u00e9e\" \/>\n\t<meta name=\"twitter:data2\" content=\"4 minutes\" \/>\n<script type=\"application\/ld+json\" class=\"yoast-schema-graph\">{\"@context\":\"https:\/\/schema.org\",\"@graph\":[{\"@type\":\"WebPage\",\"@id\":\"https:\/\/w-l-c.be\/fr\/mo-pere-est-une-saucisse-reinventer-sa-vie\/\",\"url\":\"https:\/\/w-l-c.be\/fr\/mo-pere-est-une-saucisse-reinventer-sa-vie\/\",\"name\":\"\\\"Mon p\u00e8re est une saucisse\\\", r\u00e9inventer sa vie - w-l-c\",\"isPartOf\":{\"@id\":\"https:\/\/w-l-c.be\/fr\/#website\"},\"datePublished\":\"2021-06-22T07:41:37+00:00\",\"dateModified\":\"2021-06-23T07:11:34+00:00\",\"author\":{\"@id\":\"https:\/\/w-l-c.be\/fr\/#\/schema\/person\/8084b68c6b176142d073695c654dc7cf\"},\"breadcrumb\":{\"@id\":\"https:\/\/w-l-c.be\/fr\/mo-pere-est-une-saucisse-reinventer-sa-vie\/#breadcrumb\"},\"inLanguage\":\"fr-FR\",\"potentialAction\":[{\"@type\":\"ReadAction\",\"target\":[\"https:\/\/w-l-c.be\/fr\/mo-pere-est-une-saucisse-reinventer-sa-vie\/\"]}]},{\"@type\":\"BreadcrumbList\",\"@id\":\"https:\/\/w-l-c.be\/fr\/mo-pere-est-une-saucisse-reinventer-sa-vie\/#breadcrumb\",\"itemListElement\":[{\"@type\":\"ListItem\",\"position\":1,\"name\":\"Accueil\",\"item\":\"https:\/\/w-l-c.be\/fr\/\"},{\"@type\":\"ListItem\",\"position\":2,\"name\":\"\u00ab\u00a0Mon p\u00e8re est une saucisse\u00a0\u00bb, r\u00e9inventer sa vie\"}]},{\"@type\":\"WebSite\",\"@id\":\"https:\/\/w-l-c.be\/fr\/#website\",\"url\":\"https:\/\/w-l-c.be\/fr\/\",\"name\":\"w-l-c\",\"description\":\"Le cin\u00e9ma vu par les belges\",\"potentialAction\":[{\"@type\":\"SearchAction\",\"target\":{\"@type\":\"EntryPoint\",\"urlTemplate\":\"https:\/\/w-l-c.be\/fr\/?s={search_term_string}\"},\"query-input\":\"required name=search_term_string\"}],\"inLanguage\":\"fr-FR\"},{\"@type\":\"Person\",\"@id\":\"https:\/\/w-l-c.be\/fr\/#\/schema\/person\/8084b68c6b176142d073695c654dc7cf\",\"name\":\"Aurore Engelen\",\"url\":\"https:\/\/w-l-c.be\/fr\/author\/aurore-engelen\/\"}]}<\/script>\n<!-- \/ Yoast SEO plugin. -->","yoast_head_json":{"title":"\"Mon p\u00e8re est une saucisse\", r\u00e9inventer sa vie - w-l-c","robots":{"index":"noindex","follow":"follow","max-snippet":"max-snippet:-1","max-image-preview":"max-image-preview:large","max-video-preview":"max-video-preview:-1"},"og_locale":"fr_FR","og_type":"article","og_title":"\"Mon p\u00e8re est une saucisse\", r\u00e9inventer sa vie - w-l-c","og_description":"Avec Mon p\u00e8re est une saucisse, son premier long m\u00e9trage \u00e9crit par le renomm\u00e9 Jean-Claude Van Rijckeghem, Anouk Fortunier livre une com\u00e9die familiale pop et rafraichissante sur la libert\u00e9 que l\u2019on trouve \u00e0 se r\u00e9inventer, et suit les aventures d\u2019un duo p\u00e8re-fille surprenant et enthousiasmant, en qu\u00eate de son identit\u00e9, et de sa vraie place &hellip;","og_url":"https:\/\/w-l-c.be\/fr\/mo-pere-est-une-saucisse-reinventer-sa-vie\/","og_site_name":"w-l-c","article_published_time":"2021-06-22T07:41:37+00:00","article_modified_time":"2021-06-23T07:11:34+00:00","og_image":[{"width":2560,"height":1707,"url":"https:\/\/w-l-c.be\/wp-content\/uploads\/2021\/06\/mvies12_\u00a9KrisDewitte-scaled.jpg","type":"image\/jpeg"}],"author":"Aurore Engelen","twitter_card":"summary_large_image","twitter_misc":{"\u00c9crit par":"Aurore Engelen","Dur\u00e9e de lecture estim\u00e9e":"4 minutes"},"schema":{"@context":"https:\/\/schema.org","@graph":[{"@type":"WebPage","@id":"https:\/\/w-l-c.be\/fr\/mo-pere-est-une-saucisse-reinventer-sa-vie\/","url":"https:\/\/w-l-c.be\/fr\/mo-pere-est-une-saucisse-reinventer-sa-vie\/","name":"\"Mon p\u00e8re est une saucisse\", r\u00e9inventer sa vie - w-l-c","isPartOf":{"@id":"https:\/\/w-l-c.be\/fr\/#website"},"datePublished":"2021-06-22T07:41:37+00:00","dateModified":"2021-06-23T07:11:34+00:00","author":{"@id":"https:\/\/w-l-c.be\/fr\/#\/schema\/person\/8084b68c6b176142d073695c654dc7cf"},"breadcrumb":{"@id":"https:\/\/w-l-c.be\/fr\/mo-pere-est-une-saucisse-reinventer-sa-vie\/#breadcrumb"},"inLanguage":"fr-FR","potentialAction":[{"@type":"ReadAction","target":["https:\/\/w-l-c.be\/fr\/mo-pere-est-une-saucisse-reinventer-sa-vie\/"]}]},{"@type":"BreadcrumbList","@id":"https:\/\/w-l-c.be\/fr\/mo-pere-est-une-saucisse-reinventer-sa-vie\/#breadcrumb","itemListElement":[{"@type":"ListItem","position":1,"name":"Accueil","item":"https:\/\/w-l-c.be\/fr\/"},{"@type":"ListItem","position":2,"name":"\u00ab\u00a0Mon p\u00e8re est une saucisse\u00a0\u00bb, r\u00e9inventer sa vie"}]},{"@type":"WebSite","@id":"https:\/\/w-l-c.be\/fr\/#website","url":"https:\/\/w-l-c.be\/fr\/","name":"w-l-c","description":"Le cin\u00e9ma vu par les belges","potentialAction":[{"@type":"SearchAction","target":{"@type":"EntryPoint","urlTemplate":"https:\/\/w-l-c.be\/fr\/?s={search_term_string}"},"query-input":"required name=search_term_string"}],"inLanguage":"fr-FR"},{"@type":"Person","@id":"https:\/\/w-l-c.be\/fr\/#\/schema\/person\/8084b68c6b176142d073695c654dc7cf","name":"Aurore Engelen","url":"https:\/\/w-l-c.be\/fr\/author\/aurore-engelen\/"}]}},"_links":{"self":[{"href":"https:\/\/w-l-c.be\/fr\/wp-json\/wp\/v2\/posts\/238159","targetHints":{"allow":["GET"]}}],"collection":[{"href":"https:\/\/w-l-c.be\/fr\/wp-json\/wp\/v2\/posts"}],"about":[{"href":"https:\/\/w-l-c.be\/fr\/wp-json\/wp\/v2\/types\/post"}],"author":[{"embeddable":true,"href":"https:\/\/w-l-c.be\/fr\/wp-json\/wp\/v2\/users\/343"}],"replies":[{"embeddable":true,"href":"https:\/\/w-l-c.be\/fr\/wp-json\/wp\/v2\/comments?post=238159"}],"version-history":[{"count":0,"href":"https:\/\/w-l-c.be\/fr\/wp-json\/wp\/v2\/posts\/238159\/revisions"}],"wp:featuredmedia":[{"embeddable":true,"href":"https:\/\/w-l-c.be\/fr\/wp-json\/wp\/v2\/media\/238160"}],"wp:attachment":[{"href":"https:\/\/w-l-c.be\/fr\/wp-json\/wp\/v2\/media?parent=238159"}],"wp:term":[{"taxonomy":"category","embeddable":true,"href":"https:\/\/w-l-c.be\/fr\/wp-json\/wp\/v2\/categories?post=238159"},{"taxonomy":"post_tag","embeddable":true,"href":"https:\/\/w-l-c.be\/fr\/wp-json\/wp\/v2\/tags?post=238159"}],"curies":[{"name":"wp","href":"https:\/\/api.w.org\/{rel}","templated":true}]}}