
{"id":238215,"date":"2021-06-23T10:24:26","date_gmt":"2021-06-23T08:24:26","guid":{"rendered":"https:\/\/www.cinevox.be\/?p=238215"},"modified":"2021-06-23T10:24:57","modified_gmt":"2021-06-23T08:24:57","slug":"lumiere-sur-les-chefs-op-belges-de-cannes","status":"publish","type":"post","link":"https:\/\/w-l-c.be\/fr\/lumiere-sur-les-chefs-op-belges-de-cannes\/","title":{"rendered":"Lumi\u00e8re sur les chefs op belges de Cannes"},"content":{"rendered":"<p><strong>On le sait, la pr\u00e9sence belge au Festival de Cannes est absolument exceptionnelle cette ann\u00e9e, avec des longs m\u00e9trages s\u00e9lectionn\u00e9s dans chacune des sections, un court m\u00e9trage \u00e0 la Cin\u00e9fondation, et de nombreuses coproductions. Mais la cin\u00e9matographie belge est \u00e9galement pr\u00e9sente au Festival de Cannes gr\u00e2ce \u00e0 de nombreux\u00b7ses technicien\u00b7nes de talent, et notamment 12 directeur\u00b7ices de la photographie!<\/strong><\/p>\n<p>Rien que dans la Comp\u00e9tition de la S\u00e9lection officielle, on retrouve ainsi 4 DOP belges au g\u00e9n\u00e9rique des 24 films s\u00e9lectionn\u00e9s! C&rsquo;est donc <strong>Jean-Fran\u00e7ois Hensgens<\/strong> qui signe l&rsquo;image du dernier film de Joachim Lafosse, <em>Les Intranquilles<\/em>, retenu en Comp\u00e9tition. Une collaboration rare et pr\u00e9cieuse, puisque c&rsquo;est la 5e fois que le cin\u00e9aste et le chef op\u00e9rateur travaillent ensemble, apr\u00e8s <em>A perdre la raison, Les Chevaliers blancs, L&rsquo;Economie du couple<\/em> et <em>Continuer<\/em>, et la 3e fois qu&rsquo;ils se retrouveront sur la Croisette.<\/p>\n<p>On retrouvera \u00e9galement en Comp\u00e9tition la chef op\u00e9ratrice <strong>Virginie Surdej<\/strong>, en charge de la photographie sur <em>Haut et fort<\/em>, le nouveau film du cin\u00e9aste marocain Nabil Ayouch. En 2019 d\u00e9j\u00e0, elle \u00e9tait au g\u00e9n\u00e9rique de trois films s\u00e9lectionn\u00e9s \u00e0 Cannes, dont la Cam\u00e9ra d&rsquo;or, <em>Nuestras Madres<\/em>, <a href=\"https:\/\/www.cinevox.be\/fr\/virginie-surdej\/\">nous l&rsquo;avions d&rsquo;ailleurs rencontr\u00e9e<\/a> \u00e0 l&rsquo;\u00e9poque.<\/p>\n<figure id=\"attachment_238218\" aria-describedby=\"caption-attachment-238218\" style=\"width: 618px\" class=\"wp-caption alignnone\"><img loading=\"lazy\" decoding=\"async\" class=\"size-large wp-image-238218\" src=\"https:\/\/www.cinevox.be\/wp-content\/uploads\/2021\/06\/haut-et-fort-800x433.jpeg\" alt=\"\" width=\"618\" height=\"334\" srcset=\"https:\/\/w-l-c.be\/wp-content\/uploads\/2021\/06\/haut-et-fort-800x433.jpeg 800w, https:\/\/w-l-c.be\/wp-content\/uploads\/2021\/06\/haut-et-fort-480x260.jpeg 480w, https:\/\/w-l-c.be\/wp-content\/uploads\/2021\/06\/haut-et-fort-768x416.jpeg 768w, https:\/\/w-l-c.be\/wp-content\/uploads\/2021\/06\/haut-et-fort.jpeg 1024w\" sizes=\"auto, (max-width: 618px) 100vw, 618px\" \/><figcaption id=\"caption-attachment-238218\" class=\"wp-caption-text\">\u00ab\u00a0Haut et fort\u00a0\u00bb de Nabil Ayouch<\/figcaption><\/figure>\n<p><strong>Hichame Alaouie<\/strong> quant \u00e0 lui poursuit sa fructueuse collaboration avec Fran\u00e7ois Ozon. Apr\u00e8s avoir sign\u00e9 la photo de <em>\u00c9t\u00e9 85<\/em>, qui lui a d&rsquo;ailleurs valu une nomination aux C\u00e9sar, et le Prix Lumi\u00e8re de la Meilleure Photographie, il remet le couvert pour <em>Tout s&rsquo;est bien pass\u00e9<\/em>, le nouvel opus du cin\u00e9aste fran\u00e7ais en Comp\u00e9tition donc.<\/p>\n<p>Toujours en Comp\u00e9tition, <strong>Ruben Impens<\/strong> retrouve la r\u00e9alisatrice fran\u00e7aise Julia Ducournau. Il avait d\u00e9j\u00e0 oeuvr\u00e9 sur son premier long m\u00e9trage choc, <em>Grave<\/em>, d\u00e9couvert \u00e0 la Semaine de la Critique, il revient avec <em>Titane<\/em>, film \u00e9v\u00e8nement qui devrait marquer les esprits.<\/p>\n<p><iframe loading=\"lazy\" title=\"TITANE - Bande-annonce\" width=\"618\" height=\"348\" src=\"https:\/\/www.youtube.com\/embed\/wYoCQRuJ4v8?feature=oembed\" frameborder=\"0\" allow=\"accelerometer; autoplay; clipboard-write; encrypted-media; gyroscope; picture-in-picture; web-share\" referrerpolicy=\"strict-origin-when-cross-origin\" allowfullscreen><\/iframe><\/p>\n<p>Last but not least en Comp\u00e9tition, <em>Annette<\/em> de Leos Carax, en grande partie tourn\u00e9 en Belgique, compte \u00e0 son g\u00e9n\u00e9rique, <strong>Jo Vermaercke<\/strong>, comme ope\u0301rateur steadicam et <strong>Didier Frateur<\/strong> comme ope\u0301rateur deuxie\u0300me e\u0301quipe.<\/p>\n<p>Mais il n&rsquo;y a pas que la Comp\u00e9tition officielle \u00e0 Cannes! La lumi\u00e8re du premier film de Laura Wandel, <em>Un monde<\/em>, retenu \u00e0 Un certain regard, est sign\u00e9 par <strong>Fr\u00e9d\u00e9ric Noirhomme<\/strong>. Apr\u00e8s <em>Le Film de l&rsquo;\u00e9t\u00e9<\/em> , <strong>Olivier Boonjing<\/strong> reprend sa belle collaboration avec Emmanuel Marre, co-r\u00e9alisateur avec Julie Lecoustre de <em>Rien \u00e0 foutre<\/em>, s\u00e9lectionn\u00e9 \u00e0 la Semaine de la Critique. Enfin, <strong>Fiona Braillon<\/strong> retrouve Rachel Lang pour <em>Mon L\u00e9gionnaire<\/em> s\u00e9lectionn\u00e9 \u00e0 la Quinzaine des R\u00e9alisateurs. Une belle histoire l\u00e0 aussi, puisque la chef op\u00e9ratrice accompagne la cin\u00e9aste depuis ses premiers courts m\u00e9trages.<\/p>\n<figure id=\"attachment_237887\" aria-describedby=\"caption-attachment-237887\" style=\"width: 618px\" class=\"wp-caption alignnone\"><img loading=\"lazy\" decoding=\"async\" class=\"size-large wp-image-237887\" src=\"https:\/\/www.cinevox.be\/wp-content\/uploads\/2021\/06\/Rien-A-Foutre-Emmanuel-Marre-800x502.png\" alt=\"\" width=\"618\" height=\"388\" srcset=\"https:\/\/w-l-c.be\/wp-content\/uploads\/2021\/06\/Rien-A-Foutre-Emmanuel-Marre-800x502.png 800w, https:\/\/w-l-c.be\/wp-content\/uploads\/2021\/06\/Rien-A-Foutre-Emmanuel-Marre-430x270.png 430w, https:\/\/w-l-c.be\/wp-content\/uploads\/2021\/06\/Rien-A-Foutre-Emmanuel-Marre-768x482.png 768w, https:\/\/w-l-c.be\/wp-content\/uploads\/2021\/06\/Rien-A-Foutre-Emmanuel-Marre.png 1280w\" sizes=\"auto, (max-width: 618px) 100vw, 618px\" \/><figcaption id=\"caption-attachment-237887\" class=\"wp-caption-text\">\u00ab\u00a0Rien \u00e0 foutre\u00a0\u00bb d&rsquo;Emmanuel Marre et Julie Lecoustre<\/figcaption><\/figure>\n<p>On retiendra enfin la pr\u00e9sence \u00e0 Cannes, en S\u00e9lection officielle Hors comp\u00e9tition de trois chefs op\u00e9rateurs belges de renomm\u00e9e internationale qui signent la photo de trois films fran\u00e7ais tr\u00e8s attendus: <strong>Christophe Beaucarne<\/strong> pour <em>Serre-moi fort<\/em>, le nouveau film de Mathieu Amalric, <strong>Benoit Debie<\/strong> pour <em>Vortex<\/em> de Gaspard No\u00e9, et <strong>Yves Cape<\/strong> pour <em>De son vivant<\/em> d&rsquo;Emmanuelle Bercot.<\/p>\n","protected":false},"excerpt":{"rendered":"<p>On le sait, la pr\u00e9sence belge au Festival de Cannes est absolument exceptionnelle cette ann\u00e9e, avec des longs m\u00e9trages s\u00e9lectionn\u00e9s dans chacune des sections, un court m\u00e9trage \u00e0 la Cin\u00e9fondation, et de nombreuses coproductions. Mais la cin\u00e9matographie belge est \u00e9galement pr\u00e9sente au Festival de Cannes gr\u00e2ce \u00e0 de nombreux\u00b7ses technicien\u00b7nes de talent, et notamment 12 &hellip;<\/p>\n","protected":false},"author":343,"featured_media":238216,"comment_status":"closed","ping_status":"closed","sticky":false,"template":"","format":"standard","meta":{"ngg_post_thumbnail":0,"footnotes":""},"categories":[10],"tags":[4187],"class_list":["post-238215","post","type-post","status-publish","format-standard","has-post-thumbnail","","category-a-l-affiche","tag-newsletter-fr"],"yoast_head":"<!-- This site is optimized with the Yoast SEO plugin v20.4 - https:\/\/yoast.com\/wordpress\/plugins\/seo\/ -->\n<title>Lumi\u00e8re sur les chefs op belges de Cannes - w-l-c<\/title>\n<meta name=\"robots\" content=\"noindex, follow, max-snippet:-1, max-image-preview:large, max-video-preview:-1\" \/>\n<meta property=\"og:locale\" content=\"fr_FR\" \/>\n<meta property=\"og:type\" content=\"article\" \/>\n<meta property=\"og:title\" content=\"Lumi\u00e8re sur les chefs op belges de Cannes - w-l-c\" \/>\n<meta property=\"og:description\" content=\"On le sait, la pr\u00e9sence belge au Festival de Cannes est absolument exceptionnelle cette ann\u00e9e, avec des longs m\u00e9trages s\u00e9lectionn\u00e9s dans chacune des sections, un court m\u00e9trage \u00e0 la Cin\u00e9fondation, et de nombreuses coproductions. Mais la cin\u00e9matographie belge est \u00e9galement pr\u00e9sente au Festival de Cannes gr\u00e2ce \u00e0 de nombreux\u00b7ses technicien\u00b7nes de talent, et notamment 12 &hellip;\" \/>\n<meta property=\"og:url\" content=\"https:\/\/w-l-c.be\/fr\/lumiere-sur-les-chefs-op-belges-de-cannes\/\" \/>\n<meta property=\"og:site_name\" content=\"w-l-c\" \/>\n<meta property=\"article:published_time\" content=\"2021-06-23T08:24:26+00:00\" \/>\n<meta property=\"article:modified_time\" content=\"2021-06-23T08:24:57+00:00\" \/>\n<meta property=\"og:image\" content=\"https:\/\/w-l-c.be\/wp-content\/uploads\/2021\/06\/MV5BOGE5ZmE4OGUtNTNiNS00OTMyLWJiMGYtYjRkN2E3MjY5YmYwXkEyXkFqcGdeQXVyMDc2NTEzMw@@._V1_-scaled.jpg\" \/>\n\t<meta property=\"og:image:width\" content=\"2560\" \/>\n\t<meta property=\"og:image:height\" content=\"1708\" \/>\n\t<meta property=\"og:image:type\" content=\"image\/jpeg\" \/>\n<meta name=\"author\" content=\"Aurore Engelen\" \/>\n<meta name=\"twitter:card\" content=\"summary_large_image\" \/>\n<meta name=\"twitter:label1\" content=\"\u00c9crit par\" \/>\n\t<meta name=\"twitter:data1\" content=\"Aurore Engelen\" \/>\n\t<meta name=\"twitter:label2\" content=\"Dur\u00e9e de lecture estim\u00e9e\" \/>\n\t<meta name=\"twitter:data2\" content=\"3 minutes\" \/>\n<script type=\"application\/ld+json\" class=\"yoast-schema-graph\">{\"@context\":\"https:\/\/schema.org\",\"@graph\":[{\"@type\":\"WebPage\",\"@id\":\"https:\/\/w-l-c.be\/fr\/lumiere-sur-les-chefs-op-belges-de-cannes\/\",\"url\":\"https:\/\/w-l-c.be\/fr\/lumiere-sur-les-chefs-op-belges-de-cannes\/\",\"name\":\"Lumi\u00e8re sur les chefs op belges de Cannes - w-l-c\",\"isPartOf\":{\"@id\":\"https:\/\/w-l-c.be\/fr\/#website\"},\"datePublished\":\"2021-06-23T08:24:26+00:00\",\"dateModified\":\"2021-06-23T08:24:57+00:00\",\"author\":{\"@id\":\"https:\/\/w-l-c.be\/fr\/#\/schema\/person\/8084b68c6b176142d073695c654dc7cf\"},\"breadcrumb\":{\"@id\":\"https:\/\/w-l-c.be\/fr\/lumiere-sur-les-chefs-op-belges-de-cannes\/#breadcrumb\"},\"inLanguage\":\"fr-FR\",\"potentialAction\":[{\"@type\":\"ReadAction\",\"target\":[\"https:\/\/w-l-c.be\/fr\/lumiere-sur-les-chefs-op-belges-de-cannes\/\"]}]},{\"@type\":\"BreadcrumbList\",\"@id\":\"https:\/\/w-l-c.be\/fr\/lumiere-sur-les-chefs-op-belges-de-cannes\/#breadcrumb\",\"itemListElement\":[{\"@type\":\"ListItem\",\"position\":1,\"name\":\"Accueil\",\"item\":\"https:\/\/w-l-c.be\/fr\/\"},{\"@type\":\"ListItem\",\"position\":2,\"name\":\"Lumi\u00e8re sur les chefs op belges de Cannes\"}]},{\"@type\":\"WebSite\",\"@id\":\"https:\/\/w-l-c.be\/fr\/#website\",\"url\":\"https:\/\/w-l-c.be\/fr\/\",\"name\":\"w-l-c\",\"description\":\"Le cin\u00e9ma vu par les belges\",\"potentialAction\":[{\"@type\":\"SearchAction\",\"target\":{\"@type\":\"EntryPoint\",\"urlTemplate\":\"https:\/\/w-l-c.be\/fr\/?s={search_term_string}\"},\"query-input\":\"required name=search_term_string\"}],\"inLanguage\":\"fr-FR\"},{\"@type\":\"Person\",\"@id\":\"https:\/\/w-l-c.be\/fr\/#\/schema\/person\/8084b68c6b176142d073695c654dc7cf\",\"name\":\"Aurore Engelen\",\"url\":\"https:\/\/w-l-c.be\/fr\/author\/aurore-engelen\/\"}]}<\/script>\n<!-- \/ Yoast SEO plugin. -->","yoast_head_json":{"title":"Lumi\u00e8re sur les chefs op belges de Cannes - w-l-c","robots":{"index":"noindex","follow":"follow","max-snippet":"max-snippet:-1","max-image-preview":"max-image-preview:large","max-video-preview":"max-video-preview:-1"},"og_locale":"fr_FR","og_type":"article","og_title":"Lumi\u00e8re sur les chefs op belges de Cannes - w-l-c","og_description":"On le sait, la pr\u00e9sence belge au Festival de Cannes est absolument exceptionnelle cette ann\u00e9e, avec des longs m\u00e9trages s\u00e9lectionn\u00e9s dans chacune des sections, un court m\u00e9trage \u00e0 la Cin\u00e9fondation, et de nombreuses coproductions. Mais la cin\u00e9matographie belge est \u00e9galement pr\u00e9sente au Festival de Cannes gr\u00e2ce \u00e0 de nombreux\u00b7ses technicien\u00b7nes de talent, et notamment 12 &hellip;","og_url":"https:\/\/w-l-c.be\/fr\/lumiere-sur-les-chefs-op-belges-de-cannes\/","og_site_name":"w-l-c","article_published_time":"2021-06-23T08:24:26+00:00","article_modified_time":"2021-06-23T08:24:57+00:00","og_image":[{"width":2560,"height":1708,"url":"https:\/\/w-l-c.be\/wp-content\/uploads\/2021\/06\/MV5BOGE5ZmE4OGUtNTNiNS00OTMyLWJiMGYtYjRkN2E3MjY5YmYwXkEyXkFqcGdeQXVyMDc2NTEzMw@@._V1_-scaled.jpg","type":"image\/jpeg"}],"author":"Aurore Engelen","twitter_card":"summary_large_image","twitter_misc":{"\u00c9crit par":"Aurore Engelen","Dur\u00e9e de lecture estim\u00e9e":"3 minutes"},"schema":{"@context":"https:\/\/schema.org","@graph":[{"@type":"WebPage","@id":"https:\/\/w-l-c.be\/fr\/lumiere-sur-les-chefs-op-belges-de-cannes\/","url":"https:\/\/w-l-c.be\/fr\/lumiere-sur-les-chefs-op-belges-de-cannes\/","name":"Lumi\u00e8re sur les chefs op belges de Cannes - w-l-c","isPartOf":{"@id":"https:\/\/w-l-c.be\/fr\/#website"},"datePublished":"2021-06-23T08:24:26+00:00","dateModified":"2021-06-23T08:24:57+00:00","author":{"@id":"https:\/\/w-l-c.be\/fr\/#\/schema\/person\/8084b68c6b176142d073695c654dc7cf"},"breadcrumb":{"@id":"https:\/\/w-l-c.be\/fr\/lumiere-sur-les-chefs-op-belges-de-cannes\/#breadcrumb"},"inLanguage":"fr-FR","potentialAction":[{"@type":"ReadAction","target":["https:\/\/w-l-c.be\/fr\/lumiere-sur-les-chefs-op-belges-de-cannes\/"]}]},{"@type":"BreadcrumbList","@id":"https:\/\/w-l-c.be\/fr\/lumiere-sur-les-chefs-op-belges-de-cannes\/#breadcrumb","itemListElement":[{"@type":"ListItem","position":1,"name":"Accueil","item":"https:\/\/w-l-c.be\/fr\/"},{"@type":"ListItem","position":2,"name":"Lumi\u00e8re sur les chefs op belges de Cannes"}]},{"@type":"WebSite","@id":"https:\/\/w-l-c.be\/fr\/#website","url":"https:\/\/w-l-c.be\/fr\/","name":"w-l-c","description":"Le cin\u00e9ma vu par les belges","potentialAction":[{"@type":"SearchAction","target":{"@type":"EntryPoint","urlTemplate":"https:\/\/w-l-c.be\/fr\/?s={search_term_string}"},"query-input":"required name=search_term_string"}],"inLanguage":"fr-FR"},{"@type":"Person","@id":"https:\/\/w-l-c.be\/fr\/#\/schema\/person\/8084b68c6b176142d073695c654dc7cf","name":"Aurore Engelen","url":"https:\/\/w-l-c.be\/fr\/author\/aurore-engelen\/"}]}},"_links":{"self":[{"href":"https:\/\/w-l-c.be\/fr\/wp-json\/wp\/v2\/posts\/238215","targetHints":{"allow":["GET"]}}],"collection":[{"href":"https:\/\/w-l-c.be\/fr\/wp-json\/wp\/v2\/posts"}],"about":[{"href":"https:\/\/w-l-c.be\/fr\/wp-json\/wp\/v2\/types\/post"}],"author":[{"embeddable":true,"href":"https:\/\/w-l-c.be\/fr\/wp-json\/wp\/v2\/users\/343"}],"replies":[{"embeddable":true,"href":"https:\/\/w-l-c.be\/fr\/wp-json\/wp\/v2\/comments?post=238215"}],"version-history":[{"count":0,"href":"https:\/\/w-l-c.be\/fr\/wp-json\/wp\/v2\/posts\/238215\/revisions"}],"wp:featuredmedia":[{"embeddable":true,"href":"https:\/\/w-l-c.be\/fr\/wp-json\/wp\/v2\/media\/238216"}],"wp:attachment":[{"href":"https:\/\/w-l-c.be\/fr\/wp-json\/wp\/v2\/media?parent=238215"}],"wp:term":[{"taxonomy":"category","embeddable":true,"href":"https:\/\/w-l-c.be\/fr\/wp-json\/wp\/v2\/categories?post=238215"},{"taxonomy":"post_tag","embeddable":true,"href":"https:\/\/w-l-c.be\/fr\/wp-json\/wp\/v2\/tags?post=238215"}],"curies":[{"name":"wp","href":"https:\/\/api.w.org\/{rel}","templated":true}]}}