
{"id":238276,"date":"2021-06-28T11:17:56","date_gmt":"2021-06-28T09:17:56","guid":{"rendered":"https:\/\/www.cinevox.be\/?p=238276"},"modified":"2021-06-30T11:13:42","modified_gmt":"2021-06-30T09:13:42","slug":"bande-annonce-dealer-de-jeroen-perceval","status":"publish","type":"post","link":"https:\/\/w-l-c.be\/fr\/bande-annonce-dealer-de-jeroen-perceval\/","title":{"rendered":"Bande-annonce: \u00ab\u00a0Dealer\u00a0\u00bb de Jeroen Perceval"},"content":{"rendered":"<p><strong>D\u00e9couvrez le premier trailer, bien bien sombre de <em>Dealer<\/em>, premier long m\u00e9trage de Jeroen Perceval (com\u00e9dien et sc\u00e9nariste des <em>D&rsquo;Ardennen<\/em> notamment) avec un nouveau venu d\u00e9tonnant, Sverre Rous, entour\u00e9 de Ben Segers, Bart Hollanders et Veerle Baetens, un thriller psychologique noir fonc\u00e9 sur la rencontre improbable et explosive d&rsquo;un tr\u00e8s jeune dealer \u00e0 la d\u00e9rive, et d&rsquo;un com\u00e9dien c\u00e9l\u00e8bre qui ne l&rsquo;est pas moins. Le film sort le 10 novembre prochain dans les salles.\u00a0<\/strong><\/p>\n","protected":false},"excerpt":{"rendered":"<p>D\u00e9couvrez le premier trailer, bien bien sombre de Dealer, premier long m\u00e9trage de Jeroen Perceval (com\u00e9dien et sc\u00e9nariste des D&rsquo;Ardennen notamment) avec un nouveau venu d\u00e9tonnant, Sverre Rous, entour\u00e9 de Ben Segers, Bart Hollanders et Veerle Baetens, un thriller psychologique noir fonc\u00e9 sur la rencontre improbable et explosive d&rsquo;un tr\u00e8s jeune dealer \u00e0 la d\u00e9rive, &hellip;<\/p>\n","protected":false},"author":343,"featured_media":238277,"comment_status":"closed","ping_status":"closed","sticky":false,"template":"","format":"standard","meta":{"ngg_post_thumbnail":0,"footnotes":""},"categories":[53],"tags":[4187],"class_list":["post-238276","post","type-post","status-publish","format-standard","has-post-thumbnail","","category-coming-soon","tag-newsletter-fr"],"yoast_head":"<!-- This site is optimized with the Yoast SEO plugin v20.4 - https:\/\/yoast.com\/wordpress\/plugins\/seo\/ -->\n<title>Bande-annonce: &quot;Dealer&quot; de Jeroen Perceval - w-l-c<\/title>\n<meta name=\"robots\" content=\"noindex, follow, max-snippet:-1, max-image-preview:large, max-video-preview:-1\" \/>\n<meta property=\"og:locale\" content=\"fr_FR\" \/>\n<meta property=\"og:type\" content=\"article\" \/>\n<meta property=\"og:title\" content=\"Bande-annonce: &quot;Dealer&quot; de Jeroen Perceval - w-l-c\" \/>\n<meta property=\"og:description\" content=\"D\u00e9couvrez le premier trailer, bien bien sombre de Dealer, premier long m\u00e9trage de Jeroen Perceval (com\u00e9dien et sc\u00e9nariste des D&rsquo;Ardennen notamment) avec un nouveau venu d\u00e9tonnant, Sverre Rous, entour\u00e9 de Ben Segers, Bart Hollanders et Veerle Baetens, un thriller psychologique noir fonc\u00e9 sur la rencontre improbable et explosive d&rsquo;un tr\u00e8s jeune dealer \u00e0 la d\u00e9rive, &hellip;\" \/>\n<meta property=\"og:url\" content=\"https:\/\/w-l-c.be\/fr\/bande-annonce-dealer-de-jeroen-perceval\/\" \/>\n<meta property=\"og:site_name\" content=\"w-l-c\" \/>\n<meta property=\"article:published_time\" content=\"2021-06-28T09:17:56+00:00\" \/>\n<meta property=\"article:modified_time\" content=\"2021-06-30T09:13:42+00:00\" \/>\n<meta property=\"og:image\" content=\"https:\/\/w-l-c.be\/wp-content\/uploads\/2021\/06\/Eerste-kijk-op-Dealer-met-Ben-Segers-Veerle-Baetens-door-Jeroen-Perceval.jpeg\" \/>\n\t<meta property=\"og:image:width\" content=\"1000\" \/>\n\t<meta property=\"og:image:height\" content=\"667\" \/>\n\t<meta property=\"og:image:type\" content=\"image\/jpeg\" \/>\n<meta name=\"author\" content=\"Aurore Engelen\" \/>\n<meta name=\"twitter:card\" content=\"summary_large_image\" \/>\n<meta name=\"twitter:label1\" content=\"\u00c9crit par\" \/>\n\t<meta name=\"twitter:data1\" content=\"Aurore Engelen\" \/>\n\t<meta name=\"twitter:label2\" content=\"Dur\u00e9e de lecture estim\u00e9e\" \/>\n\t<meta name=\"twitter:data2\" content=\"1 minute\" \/>\n<script type=\"application\/ld+json\" class=\"yoast-schema-graph\">{\"@context\":\"https:\/\/schema.org\",\"@graph\":[{\"@type\":\"WebPage\",\"@id\":\"https:\/\/w-l-c.be\/fr\/bande-annonce-dealer-de-jeroen-perceval\/\",\"url\":\"https:\/\/w-l-c.be\/fr\/bande-annonce-dealer-de-jeroen-perceval\/\",\"name\":\"Bande-annonce: \\\"Dealer\\\" de Jeroen Perceval - w-l-c\",\"isPartOf\":{\"@id\":\"https:\/\/w-l-c.be\/fr\/#website\"},\"datePublished\":\"2021-06-28T09:17:56+00:00\",\"dateModified\":\"2021-06-30T09:13:42+00:00\",\"author\":{\"@id\":\"https:\/\/w-l-c.be\/fr\/#\/schema\/person\/8084b68c6b176142d073695c654dc7cf\"},\"breadcrumb\":{\"@id\":\"https:\/\/w-l-c.be\/fr\/bande-annonce-dealer-de-jeroen-perceval\/#breadcrumb\"},\"inLanguage\":\"fr-FR\",\"potentialAction\":[{\"@type\":\"ReadAction\",\"target\":[\"https:\/\/w-l-c.be\/fr\/bande-annonce-dealer-de-jeroen-perceval\/\"]}]},{\"@type\":\"BreadcrumbList\",\"@id\":\"https:\/\/w-l-c.be\/fr\/bande-annonce-dealer-de-jeroen-perceval\/#breadcrumb\",\"itemListElement\":[{\"@type\":\"ListItem\",\"position\":1,\"name\":\"Accueil\",\"item\":\"https:\/\/w-l-c.be\/fr\/\"},{\"@type\":\"ListItem\",\"position\":2,\"name\":\"Bande-annonce: \u00ab\u00a0Dealer\u00a0\u00bb de Jeroen Perceval\"}]},{\"@type\":\"WebSite\",\"@id\":\"https:\/\/w-l-c.be\/fr\/#website\",\"url\":\"https:\/\/w-l-c.be\/fr\/\",\"name\":\"w-l-c\",\"description\":\"Le cin\u00e9ma vu par les belges\",\"potentialAction\":[{\"@type\":\"SearchAction\",\"target\":{\"@type\":\"EntryPoint\",\"urlTemplate\":\"https:\/\/w-l-c.be\/fr\/?s={search_term_string}\"},\"query-input\":\"required name=search_term_string\"}],\"inLanguage\":\"fr-FR\"},{\"@type\":\"Person\",\"@id\":\"https:\/\/w-l-c.be\/fr\/#\/schema\/person\/8084b68c6b176142d073695c654dc7cf\",\"name\":\"Aurore Engelen\",\"url\":\"https:\/\/w-l-c.be\/fr\/author\/aurore-engelen\/\"}]}<\/script>\n<!-- \/ Yoast SEO plugin. -->","yoast_head_json":{"title":"Bande-annonce: \"Dealer\" de Jeroen Perceval - w-l-c","robots":{"index":"noindex","follow":"follow","max-snippet":"max-snippet:-1","max-image-preview":"max-image-preview:large","max-video-preview":"max-video-preview:-1"},"og_locale":"fr_FR","og_type":"article","og_title":"Bande-annonce: \"Dealer\" de Jeroen Perceval - w-l-c","og_description":"D\u00e9couvrez le premier trailer, bien bien sombre de Dealer, premier long m\u00e9trage de Jeroen Perceval (com\u00e9dien et sc\u00e9nariste des D&rsquo;Ardennen notamment) avec un nouveau venu d\u00e9tonnant, Sverre Rous, entour\u00e9 de Ben Segers, Bart Hollanders et Veerle Baetens, un thriller psychologique noir fonc\u00e9 sur la rencontre improbable et explosive d&rsquo;un tr\u00e8s jeune dealer \u00e0 la d\u00e9rive, &hellip;","og_url":"https:\/\/w-l-c.be\/fr\/bande-annonce-dealer-de-jeroen-perceval\/","og_site_name":"w-l-c","article_published_time":"2021-06-28T09:17:56+00:00","article_modified_time":"2021-06-30T09:13:42+00:00","og_image":[{"width":1000,"height":667,"url":"https:\/\/w-l-c.be\/wp-content\/uploads\/2021\/06\/Eerste-kijk-op-Dealer-met-Ben-Segers-Veerle-Baetens-door-Jeroen-Perceval.jpeg","type":"image\/jpeg"}],"author":"Aurore Engelen","twitter_card":"summary_large_image","twitter_misc":{"\u00c9crit par":"Aurore Engelen","Dur\u00e9e de lecture estim\u00e9e":"1 minute"},"schema":{"@context":"https:\/\/schema.org","@graph":[{"@type":"WebPage","@id":"https:\/\/w-l-c.be\/fr\/bande-annonce-dealer-de-jeroen-perceval\/","url":"https:\/\/w-l-c.be\/fr\/bande-annonce-dealer-de-jeroen-perceval\/","name":"Bande-annonce: \"Dealer\" de Jeroen Perceval - w-l-c","isPartOf":{"@id":"https:\/\/w-l-c.be\/fr\/#website"},"datePublished":"2021-06-28T09:17:56+00:00","dateModified":"2021-06-30T09:13:42+00:00","author":{"@id":"https:\/\/w-l-c.be\/fr\/#\/schema\/person\/8084b68c6b176142d073695c654dc7cf"},"breadcrumb":{"@id":"https:\/\/w-l-c.be\/fr\/bande-annonce-dealer-de-jeroen-perceval\/#breadcrumb"},"inLanguage":"fr-FR","potentialAction":[{"@type":"ReadAction","target":["https:\/\/w-l-c.be\/fr\/bande-annonce-dealer-de-jeroen-perceval\/"]}]},{"@type":"BreadcrumbList","@id":"https:\/\/w-l-c.be\/fr\/bande-annonce-dealer-de-jeroen-perceval\/#breadcrumb","itemListElement":[{"@type":"ListItem","position":1,"name":"Accueil","item":"https:\/\/w-l-c.be\/fr\/"},{"@type":"ListItem","position":2,"name":"Bande-annonce: \u00ab\u00a0Dealer\u00a0\u00bb de Jeroen Perceval"}]},{"@type":"WebSite","@id":"https:\/\/w-l-c.be\/fr\/#website","url":"https:\/\/w-l-c.be\/fr\/","name":"w-l-c","description":"Le cin\u00e9ma vu par les belges","potentialAction":[{"@type":"SearchAction","target":{"@type":"EntryPoint","urlTemplate":"https:\/\/w-l-c.be\/fr\/?s={search_term_string}"},"query-input":"required name=search_term_string"}],"inLanguage":"fr-FR"},{"@type":"Person","@id":"https:\/\/w-l-c.be\/fr\/#\/schema\/person\/8084b68c6b176142d073695c654dc7cf","name":"Aurore Engelen","url":"https:\/\/w-l-c.be\/fr\/author\/aurore-engelen\/"}]}},"_links":{"self":[{"href":"https:\/\/w-l-c.be\/fr\/wp-json\/wp\/v2\/posts\/238276","targetHints":{"allow":["GET"]}}],"collection":[{"href":"https:\/\/w-l-c.be\/fr\/wp-json\/wp\/v2\/posts"}],"about":[{"href":"https:\/\/w-l-c.be\/fr\/wp-json\/wp\/v2\/types\/post"}],"author":[{"embeddable":true,"href":"https:\/\/w-l-c.be\/fr\/wp-json\/wp\/v2\/users\/343"}],"replies":[{"embeddable":true,"href":"https:\/\/w-l-c.be\/fr\/wp-json\/wp\/v2\/comments?post=238276"}],"version-history":[{"count":0,"href":"https:\/\/w-l-c.be\/fr\/wp-json\/wp\/v2\/posts\/238276\/revisions"}],"wp:featuredmedia":[{"embeddable":true,"href":"https:\/\/w-l-c.be\/fr\/wp-json\/wp\/v2\/media\/238277"}],"wp:attachment":[{"href":"https:\/\/w-l-c.be\/fr\/wp-json\/wp\/v2\/media?parent=238276"}],"wp:term":[{"taxonomy":"category","embeddable":true,"href":"https:\/\/w-l-c.be\/fr\/wp-json\/wp\/v2\/categories?post=238276"},{"taxonomy":"post_tag","embeddable":true,"href":"https:\/\/w-l-c.be\/fr\/wp-json\/wp\/v2\/tags?post=238276"}],"curies":[{"name":"wp","href":"https:\/\/api.w.org\/{rel}","templated":true}]}}