
{"id":238444,"date":"2021-07-08T15:01:25","date_gmt":"2021-07-08T13:01:25","guid":{"rendered":"https:\/\/www.cinevox.be\/?p=238444"},"modified":"2021-07-09T10:11:57","modified_gmt":"2021-07-09T08:11:57","slug":"valentina-maurel-pablo-munoz-gomez-et-olivier-masset-depasse-bientot-en-tournage","status":"publish","type":"post","link":"https:\/\/w-l-c.be\/fr\/valentina-maurel-pablo-munoz-gomez-et-olivier-masset-depasse-bientot-en-tournage\/","title":{"rendered":"Valentina Maurel, Pablo Munoz Gomez et Olivier Masset-Depasse bient\u00f4t en tournage!"},"content":{"rendered":"<p><strong>Le Centre du Cin\u00e9ma et de l&rsquo;Audiovisuel vient d&rsquo;annoncer les r\u00e9sultats de la premi\u00e8re session 2021 de la Commission du Film. Parmi les 56 projets soutenus, on retiendra pour commencer les trois aides \u00e0 la production attribu\u00e9es \u00e0 Valentina Maurel, Pablo Munoz Gomez et Olivier Masset-Depasse.<\/strong><\/p>\n<p>Valentina Maurel pr\u00e9pare ainsi son premier long m\u00e9trage. La jeune r\u00e9alisatrice belgo-costaricaine qui conna\u00eet d\u00e9j\u00e0 bien les honneurs de la Croisette, puisqu&rsquo;elle a pr\u00e9sent\u00e9 ses deux derniers courts m\u00e9trages au Festival de Cannes (<a href=\"https:\/\/www.cinevox.be\/fr\/paul-1er-prix-de-cinefondation\/\"><em>Paul est l\u00e0<\/em><\/a> a re\u00e7u le 1er Prix de la Cin\u00e9fondation en 2017, et <a href=\"https:\/\/www.cinevox.be\/fr\/instacannes-valentina-maurel\/\">Lucia en el Limbo<\/a> \u00e9tait pr\u00e9sent\u00e9 \u00e0 la Semaine de la Critique en 2019) tournera bient\u00f4t <em>Jardin en Llamas<\/em>, l&rsquo;histoire d&rsquo;une jeune adolescente qui affronte avec fracas le divorce de ses parents. C&rsquo;est Wrong Men qui assure la production.<\/p>\n<p>Pablo Munoz Gomez, dont le dernier court m\u00e9trage, <em>Kapitalistis<\/em>, a \u00e9t\u00e9 prim\u00e9 \u00e0 Locarno, et nomm\u00e9 aux Magritte, aux C\u00e9sar et au European Film Awards, pr\u00e9pare <em>Int\u00e9gration Inch&rsquo;allah<\/em>, long m\u00e9trage de fiction inspir\u00e9 de son documentaire \u00e9ponyme, lui-m\u00eame nomm\u00e9 aux Magritte. Le film suit le parcours de trois r\u00e9fugi\u00e9s contraints de suivre 200 heures de fran\u00e7ais pour valider leur \u201cContrat d\u2019Int\u00e9gration R\u00e9publicain\u201d. Le film est produit par Versus Production.<\/p>\n<p>C&rsquo;est \u00e9galement Versus qui pilote la production de <em>Largo Winch: le prix de l&rsquo;argent<\/em>. Olivier Masset-Depasse, \u00e9galement engag\u00e9 sur le remake am\u00e9ricain de <em>Duelles<\/em>, son dernier film aux 8 Magritte, s&#8217;empare du c\u00e9l\u00e8bre h\u00e9ros cr\u00e9\u00e9 par Jean Van Hamme, pour une relecture personnelle des aventures du milliardaire plong\u00e9 dans l&rsquo;enfer du capitalisme moderne. Le r\u00e9alisateur belge a d\u00e9cid\u00e9ment du pain sur la planche, et le vent en poupe (ou l&rsquo;inverse), puisqu&rsquo;il re\u00e7oit \u00e9galement une aide \u00e0 l&rsquo;\u00e9criture pour son adaptation du roman de J\u00e9r\u00f4me Colin, <em>Le Champ de bataille<\/em>.<\/p>\n<p>On verra peut-\u00eatre bient\u00f4t \u00e9galement arriver en tournage un nouveau (nouveau) film pour Fabrice du Welz, dont on attend impatiemment le dernier opus <em>Inexorable<\/em>. Il re\u00e7oit une aide au d\u00e9veloppement pour <em>Maldoror<\/em>, l&rsquo;histoire d&rsquo;une croisade personnelle et d\u00e9sesp\u00e9r\u00e9e contre le Mal. On retrouve \u00e9galement avec curiosit\u00e9 Stefan Liberski, qui revient quelques ann\u00e9es apr\u00e8s <em>Tokyo Fianc\u00e9e<\/em> et <em>Baby Balloon<\/em> avec <em>La vie nouvelle J.Y Machond<\/em>, com\u00e9die que l&rsquo;on imagine volontiers surr\u00e9aliste sur un artiste en attente de sa grande oeuvre.<\/p>\n<p>Egalement aid\u00e9s au d\u00e9veloppement, les infatigables Adil El Arbi et Bilall Fallah, qui alors qu&rsquo;ils ach\u00e8vent le tournage de leur dernier film belge, <em>Rebel<\/em>, et s&rsquo;appr\u00eate \u00e0 tourner aux Etats-Unis les aventures de <em>Batgirl<\/em>, commencent d\u00e9j\u00e0 \u00e0 r\u00e9fl\u00e9chir \u00e0 <em>Parricide<\/em>, une adaptation du romancier flamand Dirk Bracke, d\u00e9c\u00e9d\u00e9 il y a quelques semaines, et qui avait d\u00e9j\u00e0 fourni au duo la mati\u00e8re premi\u00e8re de <em>Black<\/em>. Enfin, la Commission soutient \u00e9galement un premier long m\u00e9trage, <em>Sunshine<\/em>, de la prometteuse Chlo\u00e9 Leonil, qui a notamment co-sc\u00e9naris\u00e9 <em>Les Intranquilles<\/em> de Joachim Lafosse, s\u00e9lectionn\u00e9 en Comp\u00e9tition officielle \u00e0 Cannes.<\/p>\n<p>Notons enfin qu&rsquo;en \u00e9criture sont soutenus Nina Vanspranghe pour le film au titre \u00e9nigmatique <em>A la recherche de la bite magiqu<\/em>e, Maxime Pistorio pour <em>Belladone<\/em>, Alexandrine Jan pour <em>Kika<\/em>, Sung-A Yoon pour <em>La Verri\u00e8re<\/em>, les fr\u00e8res Guit (les r\u00e9alisateurs de <em>Fils de Plouc<\/em>) pour <em>La Jouerie<\/em>, Gu\u00e9rin Van de Vorst pour <em>Marguerite<\/em>, Mahmoud Ben Mahmoud pour <em>Selim mon fr\u00e8re<\/em> et Antoine Cuypers et Ann Sirot pour <em>Un conte merveilleux<\/em>, et que la Commission soutient \u00e9galement deux films flamands, les deuxi\u00e8mes longs m\u00e9trages de Lukas Dhont (<em>Close<\/em>) et Anke Blond\u00e9 (<em>Dust<\/em>).<\/p>\n<p>La liste compl\u00e8te des films aid\u00e9s est \u00e0 retrouver <a href=\"https:\/\/audiovisuel.cfwb.be\/fileadmin\/sites\/sgam\/uploads\/Aides\/Aides_a_la_creation_CdC\/Resultats\/Resultats_CdC_2021_1re_session.pdf?utm_source=sendinblue&amp;utm_campaign=Communiqu_de_presse__Commission_du_Cinma_session_1_2021&amp;utm_medium=email\">ici<\/a>.<\/p>\n<p>&nbsp;<\/p>\n","protected":false},"excerpt":{"rendered":"<p>Le Centre du Cin\u00e9ma et de l&rsquo;Audiovisuel vient d&rsquo;annoncer les r\u00e9sultats de la premi\u00e8re session 2021 de la Commission du Film. Parmi les 56 projets soutenus, on retiendra pour commencer les trois aides \u00e0 la production attribu\u00e9es \u00e0 Valentina Maurel, Pablo Munoz Gomez et Olivier Masset-Depasse. Valentina Maurel pr\u00e9pare ainsi son premier long m\u00e9trage. La &hellip;<\/p>\n","protected":false},"author":343,"featured_media":238451,"comment_status":"closed","ping_status":"closed","sticky":false,"template":"","format":"standard","meta":{"ngg_post_thumbnail":0,"footnotes":""},"categories":[12],"tags":[4187],"class_list":["post-238444","post","type-post","status-publish","format-standard","has-post-thumbnail","","category-awards","tag-newsletter-fr"],"yoast_head":"<!-- This site is optimized with the Yoast SEO plugin v20.4 - https:\/\/yoast.com\/wordpress\/plugins\/seo\/ -->\n<title>Valentina Maurel, Pablo Munoz Gomez et Olivier Masset-Depasse bient\u00f4t en tournage! - w-l-c<\/title>\n<meta name=\"robots\" content=\"noindex, follow, max-snippet:-1, max-image-preview:large, max-video-preview:-1\" \/>\n<meta property=\"og:locale\" content=\"fr_FR\" \/>\n<meta property=\"og:type\" content=\"article\" \/>\n<meta property=\"og:title\" content=\"Valentina Maurel, Pablo Munoz Gomez et Olivier Masset-Depasse bient\u00f4t en tournage! - w-l-c\" \/>\n<meta property=\"og:description\" content=\"Le Centre du Cin\u00e9ma et de l&rsquo;Audiovisuel vient d&rsquo;annoncer les r\u00e9sultats de la premi\u00e8re session 2021 de la Commission du Film. Parmi les 56 projets soutenus, on retiendra pour commencer les trois aides \u00e0 la production attribu\u00e9es \u00e0 Valentina Maurel, Pablo Munoz Gomez et Olivier Masset-Depasse. Valentina Maurel pr\u00e9pare ainsi son premier long m\u00e9trage. La &hellip;\" \/>\n<meta property=\"og:url\" content=\"https:\/\/w-l-c.be\/fr\/valentina-maurel-pablo-munoz-gomez-et-olivier-masset-depasse-bientot-en-tournage\/\" \/>\n<meta property=\"og:site_name\" content=\"w-l-c\" \/>\n<meta property=\"article:published_time\" content=\"2021-07-08T13:01:25+00:00\" \/>\n<meta property=\"article:modified_time\" content=\"2021-07-09T08:11:57+00:00\" \/>\n<meta property=\"og:image\" content=\"https:\/\/w-l-c.be\/wp-content\/uploads\/2021\/07\/8bd845622dcc3ab5727028b512e6b78495d67fc0ef9037aa037687742f48b291.jpeg\" \/>\n\t<meta property=\"og:image:width\" content=\"880\" \/>\n\t<meta property=\"og:image:height\" content=\"440\" \/>\n\t<meta property=\"og:image:type\" content=\"image\/jpeg\" \/>\n<meta name=\"author\" content=\"Aurore Engelen\" \/>\n<meta name=\"twitter:card\" content=\"summary_large_image\" \/>\n<meta name=\"twitter:label1\" content=\"\u00c9crit par\" \/>\n\t<meta name=\"twitter:data1\" content=\"Aurore Engelen\" \/>\n\t<meta name=\"twitter:label2\" content=\"Dur\u00e9e de lecture estim\u00e9e\" \/>\n\t<meta name=\"twitter:data2\" content=\"3 minutes\" \/>\n<script type=\"application\/ld+json\" class=\"yoast-schema-graph\">{\"@context\":\"https:\/\/schema.org\",\"@graph\":[{\"@type\":\"WebPage\",\"@id\":\"https:\/\/w-l-c.be\/fr\/valentina-maurel-pablo-munoz-gomez-et-olivier-masset-depasse-bientot-en-tournage\/\",\"url\":\"https:\/\/w-l-c.be\/fr\/valentina-maurel-pablo-munoz-gomez-et-olivier-masset-depasse-bientot-en-tournage\/\",\"name\":\"Valentina Maurel, Pablo Munoz Gomez et Olivier Masset-Depasse bient\u00f4t en tournage! - w-l-c\",\"isPartOf\":{\"@id\":\"https:\/\/w-l-c.be\/fr\/#website\"},\"datePublished\":\"2021-07-08T13:01:25+00:00\",\"dateModified\":\"2021-07-09T08:11:57+00:00\",\"author\":{\"@id\":\"https:\/\/w-l-c.be\/fr\/#\/schema\/person\/8084b68c6b176142d073695c654dc7cf\"},\"breadcrumb\":{\"@id\":\"https:\/\/w-l-c.be\/fr\/valentina-maurel-pablo-munoz-gomez-et-olivier-masset-depasse-bientot-en-tournage\/#breadcrumb\"},\"inLanguage\":\"fr-FR\",\"potentialAction\":[{\"@type\":\"ReadAction\",\"target\":[\"https:\/\/w-l-c.be\/fr\/valentina-maurel-pablo-munoz-gomez-et-olivier-masset-depasse-bientot-en-tournage\/\"]}]},{\"@type\":\"BreadcrumbList\",\"@id\":\"https:\/\/w-l-c.be\/fr\/valentina-maurel-pablo-munoz-gomez-et-olivier-masset-depasse-bientot-en-tournage\/#breadcrumb\",\"itemListElement\":[{\"@type\":\"ListItem\",\"position\":1,\"name\":\"Accueil\",\"item\":\"https:\/\/w-l-c.be\/fr\/\"},{\"@type\":\"ListItem\",\"position\":2,\"name\":\"Valentina Maurel, Pablo Munoz Gomez et Olivier Masset-Depasse bient\u00f4t en tournage!\"}]},{\"@type\":\"WebSite\",\"@id\":\"https:\/\/w-l-c.be\/fr\/#website\",\"url\":\"https:\/\/w-l-c.be\/fr\/\",\"name\":\"w-l-c\",\"description\":\"Le cin\u00e9ma vu par les belges\",\"potentialAction\":[{\"@type\":\"SearchAction\",\"target\":{\"@type\":\"EntryPoint\",\"urlTemplate\":\"https:\/\/w-l-c.be\/fr\/?s={search_term_string}\"},\"query-input\":\"required name=search_term_string\"}],\"inLanguage\":\"fr-FR\"},{\"@type\":\"Person\",\"@id\":\"https:\/\/w-l-c.be\/fr\/#\/schema\/person\/8084b68c6b176142d073695c654dc7cf\",\"name\":\"Aurore Engelen\",\"url\":\"https:\/\/w-l-c.be\/fr\/author\/aurore-engelen\/\"}]}<\/script>\n<!-- \/ Yoast SEO plugin. -->","yoast_head_json":{"title":"Valentina Maurel, Pablo Munoz Gomez et Olivier Masset-Depasse bient\u00f4t en tournage! - w-l-c","robots":{"index":"noindex","follow":"follow","max-snippet":"max-snippet:-1","max-image-preview":"max-image-preview:large","max-video-preview":"max-video-preview:-1"},"og_locale":"fr_FR","og_type":"article","og_title":"Valentina Maurel, Pablo Munoz Gomez et Olivier Masset-Depasse bient\u00f4t en tournage! - w-l-c","og_description":"Le Centre du Cin\u00e9ma et de l&rsquo;Audiovisuel vient d&rsquo;annoncer les r\u00e9sultats de la premi\u00e8re session 2021 de la Commission du Film. Parmi les 56 projets soutenus, on retiendra pour commencer les trois aides \u00e0 la production attribu\u00e9es \u00e0 Valentina Maurel, Pablo Munoz Gomez et Olivier Masset-Depasse. Valentina Maurel pr\u00e9pare ainsi son premier long m\u00e9trage. La &hellip;","og_url":"https:\/\/w-l-c.be\/fr\/valentina-maurel-pablo-munoz-gomez-et-olivier-masset-depasse-bientot-en-tournage\/","og_site_name":"w-l-c","article_published_time":"2021-07-08T13:01:25+00:00","article_modified_time":"2021-07-09T08:11:57+00:00","og_image":[{"width":880,"height":440,"url":"https:\/\/w-l-c.be\/wp-content\/uploads\/2021\/07\/8bd845622dcc3ab5727028b512e6b78495d67fc0ef9037aa037687742f48b291.jpeg","type":"image\/jpeg"}],"author":"Aurore Engelen","twitter_card":"summary_large_image","twitter_misc":{"\u00c9crit par":"Aurore Engelen","Dur\u00e9e de lecture estim\u00e9e":"3 minutes"},"schema":{"@context":"https:\/\/schema.org","@graph":[{"@type":"WebPage","@id":"https:\/\/w-l-c.be\/fr\/valentina-maurel-pablo-munoz-gomez-et-olivier-masset-depasse-bientot-en-tournage\/","url":"https:\/\/w-l-c.be\/fr\/valentina-maurel-pablo-munoz-gomez-et-olivier-masset-depasse-bientot-en-tournage\/","name":"Valentina Maurel, Pablo Munoz Gomez et Olivier Masset-Depasse bient\u00f4t en tournage! - w-l-c","isPartOf":{"@id":"https:\/\/w-l-c.be\/fr\/#website"},"datePublished":"2021-07-08T13:01:25+00:00","dateModified":"2021-07-09T08:11:57+00:00","author":{"@id":"https:\/\/w-l-c.be\/fr\/#\/schema\/person\/8084b68c6b176142d073695c654dc7cf"},"breadcrumb":{"@id":"https:\/\/w-l-c.be\/fr\/valentina-maurel-pablo-munoz-gomez-et-olivier-masset-depasse-bientot-en-tournage\/#breadcrumb"},"inLanguage":"fr-FR","potentialAction":[{"@type":"ReadAction","target":["https:\/\/w-l-c.be\/fr\/valentina-maurel-pablo-munoz-gomez-et-olivier-masset-depasse-bientot-en-tournage\/"]}]},{"@type":"BreadcrumbList","@id":"https:\/\/w-l-c.be\/fr\/valentina-maurel-pablo-munoz-gomez-et-olivier-masset-depasse-bientot-en-tournage\/#breadcrumb","itemListElement":[{"@type":"ListItem","position":1,"name":"Accueil","item":"https:\/\/w-l-c.be\/fr\/"},{"@type":"ListItem","position":2,"name":"Valentina Maurel, Pablo Munoz Gomez et Olivier Masset-Depasse bient\u00f4t en tournage!"}]},{"@type":"WebSite","@id":"https:\/\/w-l-c.be\/fr\/#website","url":"https:\/\/w-l-c.be\/fr\/","name":"w-l-c","description":"Le cin\u00e9ma vu par les belges","potentialAction":[{"@type":"SearchAction","target":{"@type":"EntryPoint","urlTemplate":"https:\/\/w-l-c.be\/fr\/?s={search_term_string}"},"query-input":"required name=search_term_string"}],"inLanguage":"fr-FR"},{"@type":"Person","@id":"https:\/\/w-l-c.be\/fr\/#\/schema\/person\/8084b68c6b176142d073695c654dc7cf","name":"Aurore Engelen","url":"https:\/\/w-l-c.be\/fr\/author\/aurore-engelen\/"}]}},"_links":{"self":[{"href":"https:\/\/w-l-c.be\/fr\/wp-json\/wp\/v2\/posts\/238444","targetHints":{"allow":["GET"]}}],"collection":[{"href":"https:\/\/w-l-c.be\/fr\/wp-json\/wp\/v2\/posts"}],"about":[{"href":"https:\/\/w-l-c.be\/fr\/wp-json\/wp\/v2\/types\/post"}],"author":[{"embeddable":true,"href":"https:\/\/w-l-c.be\/fr\/wp-json\/wp\/v2\/users\/343"}],"replies":[{"embeddable":true,"href":"https:\/\/w-l-c.be\/fr\/wp-json\/wp\/v2\/comments?post=238444"}],"version-history":[{"count":0,"href":"https:\/\/w-l-c.be\/fr\/wp-json\/wp\/v2\/posts\/238444\/revisions"}],"wp:featuredmedia":[{"embeddable":true,"href":"https:\/\/w-l-c.be\/fr\/wp-json\/wp\/v2\/media\/238451"}],"wp:attachment":[{"href":"https:\/\/w-l-c.be\/fr\/wp-json\/wp\/v2\/media?parent=238444"}],"wp:term":[{"taxonomy":"category","embeddable":true,"href":"https:\/\/w-l-c.be\/fr\/wp-json\/wp\/v2\/categories?post=238444"},{"taxonomy":"post_tag","embeddable":true,"href":"https:\/\/w-l-c.be\/fr\/wp-json\/wp\/v2\/tags?post=238444"}],"curies":[{"name":"wp","href":"https:\/\/api.w.org\/{rel}","templated":true}]}}