
{"id":239080,"date":"2021-08-03T10:00:37","date_gmt":"2021-08-03T08:00:37","guid":{"rendered":"https:\/\/www.cinevox.be\/?p=239080"},"modified":"2021-08-04T11:14:14","modified_gmt":"2021-08-04T09:14:14","slug":"vivian-goffette-tourne-les-poings-serres","status":"publish","type":"post","link":"https:\/\/w-l-c.be\/fr\/vivian-goffette-tourne-les-poings-serres\/","title":{"rendered":"Vivian Goffette tourne \u00ab\u00a0Les Poings Serr\u00e9s\u00a0\u00bb"},"content":{"rendered":"<p><strong>Remarqu\u00e9 avec son premier long m\u00e9trage, <em>Yam Dam<\/em>, sorti en 2014, Vivian Goffette tourne actuellement son deuxi\u00e8me long <em>Les Poings Serr\u00e9s<\/em> en Gaume, entre Virton et Arlon.<\/strong><\/p>\n<p>Le film suit les traces de Lucien, jeune gar\u00e7on qui vit retir\u00e9 avec sa m\u00e8re C\u00e9cile et son fr\u00e8re a\u00een\u00e9 dans un village des Ardennes. Porteur d&rsquo;un lourd secret, il fuit <span class=\"il\">le<\/span>\u00a0contact autant que\u00a0<span class=\"il\">les<\/span>\u00a0questions. Il se rapproche pourtant de Freddy,\u00a0<span class=\"il\">le<\/span>\u00a0p\u00e8re de Lies, sa seule amie, et passe son temps dans la modeste scierie de celui-ci.<\/p>\n<p>Mais lorsque la grand-m\u00e8re de Lucien d\u00e9c\u00e8de et qu&rsquo;une sortie p\u00e9nitentiaire est accord\u00e9e \u00e0 son p\u00e8re pour assister aux fun\u00e9railles, tout bascule. Voir son p\u00e8re \u00e9plor\u00e9, menott\u00e9 et prot\u00e9g\u00e9 de la fureur populaire par un impressionnant d\u00e9ploiement policer bouleverse Lucien. Contre l&rsquo;avis de son entourage, Lucien veut revoir son p\u00e8re. Au risque de tout perdre\u2026<\/p>\n<p>Dans le r\u00f4le de Lucien, un jeune gar\u00e7on dont c&rsquo;est le premier r\u00f4le, Yanis Frish. Pour l&rsquo;\u00e9pauler, un beau trio de com\u00e9dien\u00b7nes belges.<\/p>\n<p>C\u00e9cile sera interpr\u00e9t\u00e9e par la talentueuse Lucie Debay, qui sera \u00e0 la rentr\u00e9e \u00e0 l&rsquo;affiche du premier long m\u00e9trage d&rsquo;Ann Sirot et Rapha\u00ebl Balboni, <a href=\"https:\/\/www.cinevox.be\/fr\/une-vie-demente-follement-vivante\/\"><em>Une vie d\u00e9mente<\/em><\/a>.<\/p>\n<p>Laurent Capelluto, que l&rsquo;on verra bient\u00f4t dans le premier film de Laura Wandel, <em>Un monde<\/em>, Prix Fipresci Un certain regard \u00e0 Cannes, mais aussi dans la saison 2 d&rsquo;<em>Into the Night<\/em> sur Netflix, jouera l&rsquo;inqui\u00e9tant p\u00e8re de Lucien.<\/p>\n<p>Freddy quant \u00e0 lui sera incarn\u00e9 par le com\u00e9dien flamand Willaert, \u00e0 l&rsquo;affiche mercredi prochain du d\u00e9jant\u00e9 <a href=\"https:\/\/www.cinevox.be\/fr\/music-hole-petit-theatre-des-horreurs-absurde-et-dejante\/\"><em>Music Hole<\/em><\/a> de Ga\u00ebtan Liekens et David Mutzenmacher.<\/p>\n<p><em>Les Poings Serr\u00e9s<\/em> est produit par Dragon Films et coproduit par Lunanime. Le tournage s&rsquo;ach\u00e8vera le 19 ao\u00fbt prochain. On vous en reparle tr\u00e8s vite!<\/p>\n","protected":false},"excerpt":{"rendered":"<p>Remarqu\u00e9 avec son premier long m\u00e9trage, Yam Dam, sorti en 2014, Vivian Goffette tourne actuellement son deuxi\u00e8me long Les Poings Serr\u00e9s en Gaume, entre Virton et Arlon. Le film suit les traces de Lucien, jeune gar\u00e7on qui vit retir\u00e9 avec sa m\u00e8re C\u00e9cile et son fr\u00e8re a\u00een\u00e9 dans un village des Ardennes. Porteur d&rsquo;un lourd &hellip;<\/p>\n","protected":false},"author":343,"featured_media":239083,"comment_status":"closed","ping_status":"closed","sticky":false,"template":"","format":"standard","meta":{"ngg_post_thumbnail":0,"footnotes":""},"categories":[11],"tags":[6397,4187,6398],"class_list":["post-239080","post","type-post","status-publish","format-standard","has-post-thumbnail","","category-tournages","tag-les-poings-serres","tag-newsletter-fr","tag-vivian-goffette"],"yoast_head":"<!-- This site is optimized with the Yoast SEO plugin v20.4 - https:\/\/yoast.com\/wordpress\/plugins\/seo\/ -->\n<title>Vivian Goffette tourne &quot;Les Poings Serr\u00e9s&quot; - w-l-c<\/title>\n<meta name=\"robots\" content=\"noindex, follow, max-snippet:-1, max-image-preview:large, max-video-preview:-1\" \/>\n<meta property=\"og:locale\" content=\"fr_FR\" \/>\n<meta property=\"og:type\" content=\"article\" \/>\n<meta property=\"og:title\" content=\"Vivian Goffette tourne &quot;Les Poings Serr\u00e9s&quot; - w-l-c\" \/>\n<meta property=\"og:description\" content=\"Remarqu\u00e9 avec son premier long m\u00e9trage, Yam Dam, sorti en 2014, Vivian Goffette tourne actuellement son deuxi\u00e8me long Les Poings Serr\u00e9s en Gaume, entre Virton et Arlon. Le film suit les traces de Lucien, jeune gar\u00e7on qui vit retir\u00e9 avec sa m\u00e8re C\u00e9cile et son fr\u00e8re a\u00een\u00e9 dans un village des Ardennes. Porteur d&rsquo;un lourd &hellip;\" \/>\n<meta property=\"og:url\" content=\"https:\/\/w-l-c.be\/fr\/vivian-goffette-tourne-les-poings-serres\/\" \/>\n<meta property=\"og:site_name\" content=\"w-l-c\" \/>\n<meta property=\"article:published_time\" content=\"2021-08-03T08:00:37+00:00\" \/>\n<meta property=\"article:modified_time\" content=\"2021-08-04T09:14:14+00:00\" \/>\n<meta property=\"og:image\" content=\"https:\/\/w-l-c.be\/wp-content\/uploads\/2021\/08\/IMG_0142.jpg\" \/>\n\t<meta property=\"og:image:width\" content=\"2016\" \/>\n\t<meta property=\"og:image:height\" content=\"1512\" \/>\n\t<meta property=\"og:image:type\" content=\"image\/jpeg\" \/>\n<meta name=\"author\" content=\"Aurore Engelen\" \/>\n<meta name=\"twitter:card\" content=\"summary_large_image\" \/>\n<meta name=\"twitter:label1\" content=\"\u00c9crit par\" \/>\n\t<meta name=\"twitter:data1\" content=\"Aurore Engelen\" \/>\n\t<meta name=\"twitter:label2\" content=\"Dur\u00e9e de lecture estim\u00e9e\" \/>\n\t<meta name=\"twitter:data2\" content=\"2 minutes\" \/>\n<script type=\"application\/ld+json\" class=\"yoast-schema-graph\">{\"@context\":\"https:\/\/schema.org\",\"@graph\":[{\"@type\":\"WebPage\",\"@id\":\"https:\/\/w-l-c.be\/fr\/vivian-goffette-tourne-les-poings-serres\/\",\"url\":\"https:\/\/w-l-c.be\/fr\/vivian-goffette-tourne-les-poings-serres\/\",\"name\":\"Vivian Goffette tourne \\\"Les Poings Serr\u00e9s\\\" - w-l-c\",\"isPartOf\":{\"@id\":\"https:\/\/w-l-c.be\/fr\/#website\"},\"datePublished\":\"2021-08-03T08:00:37+00:00\",\"dateModified\":\"2021-08-04T09:14:14+00:00\",\"author\":{\"@id\":\"https:\/\/w-l-c.be\/fr\/#\/schema\/person\/8084b68c6b176142d073695c654dc7cf\"},\"breadcrumb\":{\"@id\":\"https:\/\/w-l-c.be\/fr\/vivian-goffette-tourne-les-poings-serres\/#breadcrumb\"},\"inLanguage\":\"fr-FR\",\"potentialAction\":[{\"@type\":\"ReadAction\",\"target\":[\"https:\/\/w-l-c.be\/fr\/vivian-goffette-tourne-les-poings-serres\/\"]}]},{\"@type\":\"BreadcrumbList\",\"@id\":\"https:\/\/w-l-c.be\/fr\/vivian-goffette-tourne-les-poings-serres\/#breadcrumb\",\"itemListElement\":[{\"@type\":\"ListItem\",\"position\":1,\"name\":\"Accueil\",\"item\":\"https:\/\/w-l-c.be\/fr\/\"},{\"@type\":\"ListItem\",\"position\":2,\"name\":\"Vivian Goffette tourne \u00ab\u00a0Les Poings Serr\u00e9s\u00a0\u00bb\"}]},{\"@type\":\"WebSite\",\"@id\":\"https:\/\/w-l-c.be\/fr\/#website\",\"url\":\"https:\/\/w-l-c.be\/fr\/\",\"name\":\"w-l-c\",\"description\":\"Le cin\u00e9ma vu par les belges\",\"potentialAction\":[{\"@type\":\"SearchAction\",\"target\":{\"@type\":\"EntryPoint\",\"urlTemplate\":\"https:\/\/w-l-c.be\/fr\/?s={search_term_string}\"},\"query-input\":\"required name=search_term_string\"}],\"inLanguage\":\"fr-FR\"},{\"@type\":\"Person\",\"@id\":\"https:\/\/w-l-c.be\/fr\/#\/schema\/person\/8084b68c6b176142d073695c654dc7cf\",\"name\":\"Aurore Engelen\",\"url\":\"https:\/\/w-l-c.be\/fr\/author\/aurore-engelen\/\"}]}<\/script>\n<!-- \/ Yoast SEO plugin. -->","yoast_head_json":{"title":"Vivian Goffette tourne \"Les Poings Serr\u00e9s\" - w-l-c","robots":{"index":"noindex","follow":"follow","max-snippet":"max-snippet:-1","max-image-preview":"max-image-preview:large","max-video-preview":"max-video-preview:-1"},"og_locale":"fr_FR","og_type":"article","og_title":"Vivian Goffette tourne \"Les Poings Serr\u00e9s\" - w-l-c","og_description":"Remarqu\u00e9 avec son premier long m\u00e9trage, Yam Dam, sorti en 2014, Vivian Goffette tourne actuellement son deuxi\u00e8me long Les Poings Serr\u00e9s en Gaume, entre Virton et Arlon. Le film suit les traces de Lucien, jeune gar\u00e7on qui vit retir\u00e9 avec sa m\u00e8re C\u00e9cile et son fr\u00e8re a\u00een\u00e9 dans un village des Ardennes. Porteur d&rsquo;un lourd &hellip;","og_url":"https:\/\/w-l-c.be\/fr\/vivian-goffette-tourne-les-poings-serres\/","og_site_name":"w-l-c","article_published_time":"2021-08-03T08:00:37+00:00","article_modified_time":"2021-08-04T09:14:14+00:00","og_image":[{"width":2016,"height":1512,"url":"https:\/\/w-l-c.be\/wp-content\/uploads\/2021\/08\/IMG_0142.jpg","type":"image\/jpeg"}],"author":"Aurore Engelen","twitter_card":"summary_large_image","twitter_misc":{"\u00c9crit par":"Aurore Engelen","Dur\u00e9e de lecture estim\u00e9e":"2 minutes"},"schema":{"@context":"https:\/\/schema.org","@graph":[{"@type":"WebPage","@id":"https:\/\/w-l-c.be\/fr\/vivian-goffette-tourne-les-poings-serres\/","url":"https:\/\/w-l-c.be\/fr\/vivian-goffette-tourne-les-poings-serres\/","name":"Vivian Goffette tourne \"Les Poings Serr\u00e9s\" - w-l-c","isPartOf":{"@id":"https:\/\/w-l-c.be\/fr\/#website"},"datePublished":"2021-08-03T08:00:37+00:00","dateModified":"2021-08-04T09:14:14+00:00","author":{"@id":"https:\/\/w-l-c.be\/fr\/#\/schema\/person\/8084b68c6b176142d073695c654dc7cf"},"breadcrumb":{"@id":"https:\/\/w-l-c.be\/fr\/vivian-goffette-tourne-les-poings-serres\/#breadcrumb"},"inLanguage":"fr-FR","potentialAction":[{"@type":"ReadAction","target":["https:\/\/w-l-c.be\/fr\/vivian-goffette-tourne-les-poings-serres\/"]}]},{"@type":"BreadcrumbList","@id":"https:\/\/w-l-c.be\/fr\/vivian-goffette-tourne-les-poings-serres\/#breadcrumb","itemListElement":[{"@type":"ListItem","position":1,"name":"Accueil","item":"https:\/\/w-l-c.be\/fr\/"},{"@type":"ListItem","position":2,"name":"Vivian Goffette tourne \u00ab\u00a0Les Poings Serr\u00e9s\u00a0\u00bb"}]},{"@type":"WebSite","@id":"https:\/\/w-l-c.be\/fr\/#website","url":"https:\/\/w-l-c.be\/fr\/","name":"w-l-c","description":"Le cin\u00e9ma vu par les belges","potentialAction":[{"@type":"SearchAction","target":{"@type":"EntryPoint","urlTemplate":"https:\/\/w-l-c.be\/fr\/?s={search_term_string}"},"query-input":"required name=search_term_string"}],"inLanguage":"fr-FR"},{"@type":"Person","@id":"https:\/\/w-l-c.be\/fr\/#\/schema\/person\/8084b68c6b176142d073695c654dc7cf","name":"Aurore Engelen","url":"https:\/\/w-l-c.be\/fr\/author\/aurore-engelen\/"}]}},"_links":{"self":[{"href":"https:\/\/w-l-c.be\/fr\/wp-json\/wp\/v2\/posts\/239080","targetHints":{"allow":["GET"]}}],"collection":[{"href":"https:\/\/w-l-c.be\/fr\/wp-json\/wp\/v2\/posts"}],"about":[{"href":"https:\/\/w-l-c.be\/fr\/wp-json\/wp\/v2\/types\/post"}],"author":[{"embeddable":true,"href":"https:\/\/w-l-c.be\/fr\/wp-json\/wp\/v2\/users\/343"}],"replies":[{"embeddable":true,"href":"https:\/\/w-l-c.be\/fr\/wp-json\/wp\/v2\/comments?post=239080"}],"version-history":[{"count":0,"href":"https:\/\/w-l-c.be\/fr\/wp-json\/wp\/v2\/posts\/239080\/revisions"}],"wp:featuredmedia":[{"embeddable":true,"href":"https:\/\/w-l-c.be\/fr\/wp-json\/wp\/v2\/media\/239083"}],"wp:attachment":[{"href":"https:\/\/w-l-c.be\/fr\/wp-json\/wp\/v2\/media?parent=239080"}],"wp:term":[{"taxonomy":"category","embeddable":true,"href":"https:\/\/w-l-c.be\/fr\/wp-json\/wp\/v2\/categories?post=239080"},{"taxonomy":"post_tag","embeddable":true,"href":"https:\/\/w-l-c.be\/fr\/wp-json\/wp\/v2\/tags?post=239080"}],"curies":[{"name":"wp","href":"https:\/\/api.w.org\/{rel}","templated":true}]}}