
{"id":239751,"date":"2022-09-28T10:05:52","date_gmt":"2022-09-28T08:05:52","guid":{"rendered":"https:\/\/www.cinevox.be\/?p=239751"},"modified":"2022-09-28T10:56:48","modified_gmt":"2022-09-28T08:56:48","slug":"le-coeur-noir-des-forets-faire-famille","status":"publish","type":"post","link":"https:\/\/w-l-c.be\/fr\/le-coeur-noir-des-forets-faire-famille\/","title":{"rendered":"\u00ab\u00a0Le Coeur noir des for\u00eats\u00a0\u00bb: faire famille"},"content":{"rendered":"<p class=\"p1\"><b>Aujourd&rsquo;hui sort <i>Le Coeur noir des for\u00eats,<\/i> premier long m\u00e9trage sensible et envo\u00fbtant de Serge Mirzabekiantz, sur deux \u00e2mes errantes en qu\u00eate d\u2019amour, avec deux jeunes com\u00e9dien\u00b7nes \u00e9patant\u00b7es, Quito Rayon Richter et Elsa Houben.<\/b><\/p>\n<p class=\"p1\">Au fond des bois r\u00e9sonne une musique inqui\u00e9tante et myst\u00e9rieuse o\u00f9 surgissent quelques dissonances, comme un \u00e9cho au souffle du vent qui siffle dans la cime des arbres. Au coeur de la for\u00eat, on d\u00e9couvre Nikola\u00ef, 16 ans, jeune gar\u00e7on farouche et solitaire. Il a un petit monde, \u00e9trange et d\u00e9sert\u00e9.<\/p>\n<p class=\"p1\">Retour dans le foyer pour jeunes mineurs dans lequel Nikola\u00ef est h\u00e9berg\u00e9. Il y est entour\u00e9 de jeunes de son \u00e2ge, et pourtant isol\u00e9. Il ne semble pas partager les m\u00eames enjeux, les m\u00eames d\u00e9sirs. A la fois plus jeune, et plus vieux qu\u2019eux. Mais quand il aper\u00e7oit Camille, c\u2019est comme s\u2019il \u00e9tait appel\u00e9 par cette autre solitude. Avec elle peut-\u00eatre, il pourrait briser l\u2019isolement. Et envisager un futur.<\/p>\n<p class=\"p1\">Camille elle a d\u2019autres soucis. D\u00e9linquante r\u00e9cidiviste, elle vit avec sous le joug d\u2019une \u00e9p\u00e9e de Damocl\u00e8s judiciaire. Abandonn\u00e9e par sa m\u00e8re \u00e0 sa naissance, \u00ab\u00a0oubli\u00e9e\u00a0\u00bb par son p\u00e8re qui a fond\u00e9 une autre famille, ailleurs, elle se sent elle aussi seule au monde.<\/p>\n<p><img loading=\"lazy\" decoding=\"async\" class=\"alignnone size-large wp-image-239399\" src=\"https:\/\/www.cinevox.be\/wp-content\/uploads\/2021\/08\/Le-Coeur-Noir-Des-Forets-800x335.jpeg\" alt=\"Le-Coeur-Noir-Des-Forets\" width=\"618\" height=\"259\" srcset=\"https:\/\/w-l-c.be\/wp-content\/uploads\/2021\/08\/Le-Coeur-Noir-Des-Forets-800x335.jpeg 800w, https:\/\/w-l-c.be\/wp-content\/uploads\/2021\/08\/Le-Coeur-Noir-Des-Forets-480x201.jpeg 480w, https:\/\/w-l-c.be\/wp-content\/uploads\/2021\/08\/Le-Coeur-Noir-Des-Forets-768x321.jpeg 768w, https:\/\/w-l-c.be\/wp-content\/uploads\/2021\/08\/Le-Coeur-Noir-Des-Forets-1536x643.jpeg 1536w, https:\/\/w-l-c.be\/wp-content\/uploads\/2021\/08\/Le-Coeur-Noir-Des-Forets-2048x857.jpeg 2048w\" sizes=\"auto, (max-width: 618px) 100vw, 618px\" \/><\/p>\n<p class=\"p1\">Alors contre toute attente, Nikola\u00ef et Camille, enfants perdus en qu\u00eate d\u2019amour, vont faire alliance pour recr\u00e9er ce qui leur manque le plus: une famille. La leur.<\/p>\n<p class=\"p1\">Le r\u00e9cit se d\u00e9ploie en trois temps, ax\u00e9s sur le regard de Nikola\u00ef, puis celui de Camille, et enfin un regard plus englobant, dont nous ne dirons rien. Les sc\u00e8nes sont d\u00e9doubl\u00e9es, gagnant en signification, complexifiant les enjeux et la narration. Levant le voile sur quelques zones d\u2019ombre persistantes.<\/p>\n<p class=\"p1\">A partir d\u2019un motif de cin\u00e9ma assez classique (le th\u00e8me de la tr\u00e8s jeune parentalit\u00e9, vu dans des films aussi diff\u00e9rents que <i>Juno<\/i> ou <i>Keeper<\/i> de Guillaume Senez), Serge Mirzabekiantz propose une variation personnelle et envo\u00fbtante de ce classique, plongeant son jeune couple au coeur d\u2019une for\u00eat qui tient autant du conte de f\u00e9es que du mauvais r\u00eave, un for\u00eat terriblement organique, mise en images par la chef op\u00e9ratrice de talent Virginie Surdej (<i>Nuestras Madres, By the name of Tania, Adam, Insyriated<\/i>), et qui semble dialoguer avec les personnages, ses grondements comme des lignes de dialogues que seul l\u2019instinct peut d\u00e9chiffrer.<\/p>\n<p class=\"p1\">Nikola\u00ef et Camille, d\u00e9sarm\u00e9s par l\u2019absence d\u2019un cocon familial, affrontent la vie \u00e0 mains nues. Si leurs projets sont bien distincts, ils finissent par se rejoindre, l\u2019un cherchant \u00e0 r\u00e9aliser un fantasme enfoui de famille mod\u00e8le, l\u2019autre cherchant un cadre pour accueillir la sienne. La profonde m\u00e9lancolie qui habite leurs regards semble les attirer irr\u00e9sistiblement l\u2019un vers l\u2019autre.<\/p>\n<p>\u00a0<img loading=\"lazy\" decoding=\"async\" class=\"alignnone size-large wp-image-239772\" src=\"https:\/\/www.cinevox.be\/wp-content\/uploads\/2021\/09\/lcndf_still_film-tc01233711-800x335.jpeg\" alt=\"Coeur-Noir-des-forets\" width=\"618\" height=\"259\" srcset=\"https:\/\/w-l-c.be\/wp-content\/uploads\/2021\/09\/lcndf_still_film-tc01233711-800x335.jpeg 800w, https:\/\/w-l-c.be\/wp-content\/uploads\/2021\/09\/lcndf_still_film-tc01233711-480x201.jpeg 480w, https:\/\/w-l-c.be\/wp-content\/uploads\/2021\/09\/lcndf_still_film-tc01233711-768x321.jpeg 768w, https:\/\/w-l-c.be\/wp-content\/uploads\/2021\/09\/lcndf_still_film-tc01233711-1536x643.jpeg 1536w, https:\/\/w-l-c.be\/wp-content\/uploads\/2021\/09\/lcndf_still_film-tc01233711-2048x857.jpeg 2048w\" sizes=\"auto, (max-width: 618px) 100vw, 618px\" \/><\/p>\n<p class=\"p1\">Pour les incarner, le r\u00e9alisateur a recrut\u00e9 deux jeunes com\u00e9dien\u00b7nes \u00e9patant\u00b7es. S\u2019il s\u2019agit du premier r\u00f4le de Quito Rayon Richter (le film a \u00e9t\u00e9 tourn\u00e9 en 2019), qui offre \u00e0 Nikola\u00ef intensit\u00e9 et myst\u00e8re, on le retrouvera bient\u00f4t dans <i>Les Passagers de la nuit<\/i> de Mikhael Hers, aux c\u00f4t\u00e9s de Charlotte Gainsbourg, No\u00e9e Abitta et Emmanuelle B\u00e9art, rien que \u00e7a.<\/p>\n<p class=\"p1\">Elsa Houben quant \u00e0 elle a d\u00e9j\u00e0 une riche carri\u00e8re sur le grand comme sur le petit \u00e9cran, mais ce r\u00f4le, qu\u2019elle endosse avec une \u00e9nergie brute et une d\u00e9termination des plus convaincantes laisse entrevoir de nouveaux emplois plus profonds dans sa jeune carri\u00e8re.<\/p>\n<p>La musique envo\u00fbtante est sign\u00e9e notamment par Manuel Roland, \u00e0 qui l&rsquo;on doit d\u00e9j\u00e0 les partitions de <em>L&rsquo;Ann\u00e9e Prochaine<\/em> ou de <em>Parasol<\/em> de Val\u00e9ry Rosier, pour lequel il a d&rsquo;ailleurs re\u00e7u le Magritte de la Meilleure musique, et plus r\u00e9cemment, <em>La For\u00eat de mon p\u00e8re<\/em> de V\u00e9ro Cratzborn, et <em>Tokyo Shaking<\/em> d&rsquo;Olivier Peyron.<\/p>\n<p class=\"p1\"><i>Le Coeur Noir des For\u00eats <\/i>est produit par Anthony Rey pour H\u00e9licotronc.<\/p>\n","protected":false},"excerpt":{"rendered":"<p>Aujourd&rsquo;hui sort Le Coeur noir des for\u00eats, premier long m\u00e9trage sensible et envo\u00fbtant de Serge Mirzabekiantz, sur deux \u00e2mes errantes en qu\u00eate d\u2019amour, avec deux jeunes com\u00e9dien\u00b7nes \u00e9patant\u00b7es, Quito Rayon Richter et Elsa Houben. Au fond des bois r\u00e9sonne une musique inqui\u00e9tante et myst\u00e9rieuse o\u00f9 surgissent quelques dissonances, comme un \u00e9cho au souffle du vent &hellip;<\/p>\n","protected":false},"author":343,"featured_media":239812,"comment_status":"closed","ping_status":"closed","sticky":false,"template":"","format":"standard","meta":{"ngg_post_thumbnail":0,"footnotes":""},"categories":[10,12],"tags":[4655,4187,4656],"class_list":["post-239751","post","type-post","status-publish","format-standard","has-post-thumbnail","","category-a-l-affiche","category-awards","tag-le-coeur-noir-des-forets","tag-newsletter-fr","tag-serge-mirzabekiantz"],"yoast_head":"<!-- This site is optimized with the Yoast SEO plugin v20.4 - https:\/\/yoast.com\/wordpress\/plugins\/seo\/ -->\n<title>&quot;Le Coeur noir des for\u00eats&quot;: faire famille - w-l-c<\/title>\n<meta name=\"robots\" content=\"noindex, follow, max-snippet:-1, max-image-preview:large, max-video-preview:-1\" \/>\n<meta property=\"og:locale\" content=\"fr_FR\" \/>\n<meta property=\"og:type\" content=\"article\" \/>\n<meta property=\"og:title\" content=\"&quot;Le Coeur noir des for\u00eats&quot;: faire famille - w-l-c\" \/>\n<meta property=\"og:description\" content=\"Aujourd&rsquo;hui sort Le Coeur noir des for\u00eats, premier long m\u00e9trage sensible et envo\u00fbtant de Serge Mirzabekiantz, sur deux \u00e2mes errantes en qu\u00eate d\u2019amour, avec deux jeunes com\u00e9dien\u00b7nes \u00e9patant\u00b7es, Quito Rayon Richter et Elsa Houben. Au fond des bois r\u00e9sonne une musique inqui\u00e9tante et myst\u00e9rieuse o\u00f9 surgissent quelques dissonances, comme un \u00e9cho au souffle du vent &hellip;\" \/>\n<meta property=\"og:url\" content=\"https:\/\/w-l-c.be\/fr\/le-coeur-noir-des-forets-faire-famille\/\" \/>\n<meta property=\"og:site_name\" content=\"w-l-c\" \/>\n<meta property=\"article:published_time\" content=\"2022-09-28T08:05:52+00:00\" \/>\n<meta property=\"article:modified_time\" content=\"2022-09-28T08:56:48+00:00\" \/>\n<meta property=\"og:image\" content=\"https:\/\/w-l-c.be\/wp-content\/uploads\/2021\/09\/Le-Coeur-Noir.jpeg\" \/>\n\t<meta property=\"og:image:width\" content=\"1280\" \/>\n\t<meta property=\"og:image:height\" content=\"720\" \/>\n\t<meta property=\"og:image:type\" content=\"image\/jpeg\" \/>\n<meta name=\"author\" content=\"Aurore Engelen\" \/>\n<meta name=\"twitter:card\" content=\"summary_large_image\" \/>\n<meta name=\"twitter:label1\" content=\"\u00c9crit par\" \/>\n\t<meta name=\"twitter:data1\" content=\"Aurore Engelen\" \/>\n\t<meta name=\"twitter:label2\" content=\"Dur\u00e9e de lecture estim\u00e9e\" \/>\n\t<meta name=\"twitter:data2\" content=\"4 minutes\" \/>\n<script type=\"application\/ld+json\" class=\"yoast-schema-graph\">{\"@context\":\"https:\/\/schema.org\",\"@graph\":[{\"@type\":\"WebPage\",\"@id\":\"https:\/\/w-l-c.be\/fr\/le-coeur-noir-des-forets-faire-famille\/\",\"url\":\"https:\/\/w-l-c.be\/fr\/le-coeur-noir-des-forets-faire-famille\/\",\"name\":\"\\\"Le Coeur noir des for\u00eats\\\": faire famille - w-l-c\",\"isPartOf\":{\"@id\":\"https:\/\/w-l-c.be\/fr\/#website\"},\"datePublished\":\"2022-09-28T08:05:52+00:00\",\"dateModified\":\"2022-09-28T08:56:48+00:00\",\"author\":{\"@id\":\"https:\/\/w-l-c.be\/fr\/#\/schema\/person\/8084b68c6b176142d073695c654dc7cf\"},\"breadcrumb\":{\"@id\":\"https:\/\/w-l-c.be\/fr\/le-coeur-noir-des-forets-faire-famille\/#breadcrumb\"},\"inLanguage\":\"fr-FR\",\"potentialAction\":[{\"@type\":\"ReadAction\",\"target\":[\"https:\/\/w-l-c.be\/fr\/le-coeur-noir-des-forets-faire-famille\/\"]}]},{\"@type\":\"BreadcrumbList\",\"@id\":\"https:\/\/w-l-c.be\/fr\/le-coeur-noir-des-forets-faire-famille\/#breadcrumb\",\"itemListElement\":[{\"@type\":\"ListItem\",\"position\":1,\"name\":\"Accueil\",\"item\":\"https:\/\/w-l-c.be\/fr\/\"},{\"@type\":\"ListItem\",\"position\":2,\"name\":\"\u00ab\u00a0Le Coeur noir des for\u00eats\u00a0\u00bb: faire famille\"}]},{\"@type\":\"WebSite\",\"@id\":\"https:\/\/w-l-c.be\/fr\/#website\",\"url\":\"https:\/\/w-l-c.be\/fr\/\",\"name\":\"w-l-c\",\"description\":\"Le cin\u00e9ma vu par les belges\",\"potentialAction\":[{\"@type\":\"SearchAction\",\"target\":{\"@type\":\"EntryPoint\",\"urlTemplate\":\"https:\/\/w-l-c.be\/fr\/?s={search_term_string}\"},\"query-input\":\"required name=search_term_string\"}],\"inLanguage\":\"fr-FR\"},{\"@type\":\"Person\",\"@id\":\"https:\/\/w-l-c.be\/fr\/#\/schema\/person\/8084b68c6b176142d073695c654dc7cf\",\"name\":\"Aurore Engelen\",\"url\":\"https:\/\/w-l-c.be\/fr\/author\/aurore-engelen\/\"}]}<\/script>\n<!-- \/ Yoast SEO plugin. -->","yoast_head_json":{"title":"\"Le Coeur noir des for\u00eats\": faire famille - w-l-c","robots":{"index":"noindex","follow":"follow","max-snippet":"max-snippet:-1","max-image-preview":"max-image-preview:large","max-video-preview":"max-video-preview:-1"},"og_locale":"fr_FR","og_type":"article","og_title":"\"Le Coeur noir des for\u00eats\": faire famille - w-l-c","og_description":"Aujourd&rsquo;hui sort Le Coeur noir des for\u00eats, premier long m\u00e9trage sensible et envo\u00fbtant de Serge Mirzabekiantz, sur deux \u00e2mes errantes en qu\u00eate d\u2019amour, avec deux jeunes com\u00e9dien\u00b7nes \u00e9patant\u00b7es, Quito Rayon Richter et Elsa Houben. Au fond des bois r\u00e9sonne une musique inqui\u00e9tante et myst\u00e9rieuse o\u00f9 surgissent quelques dissonances, comme un \u00e9cho au souffle du vent &hellip;","og_url":"https:\/\/w-l-c.be\/fr\/le-coeur-noir-des-forets-faire-famille\/","og_site_name":"w-l-c","article_published_time":"2022-09-28T08:05:52+00:00","article_modified_time":"2022-09-28T08:56:48+00:00","og_image":[{"width":1280,"height":720,"url":"https:\/\/w-l-c.be\/wp-content\/uploads\/2021\/09\/Le-Coeur-Noir.jpeg","type":"image\/jpeg"}],"author":"Aurore Engelen","twitter_card":"summary_large_image","twitter_misc":{"\u00c9crit par":"Aurore Engelen","Dur\u00e9e de lecture estim\u00e9e":"4 minutes"},"schema":{"@context":"https:\/\/schema.org","@graph":[{"@type":"WebPage","@id":"https:\/\/w-l-c.be\/fr\/le-coeur-noir-des-forets-faire-famille\/","url":"https:\/\/w-l-c.be\/fr\/le-coeur-noir-des-forets-faire-famille\/","name":"\"Le Coeur noir des for\u00eats\": faire famille - w-l-c","isPartOf":{"@id":"https:\/\/w-l-c.be\/fr\/#website"},"datePublished":"2022-09-28T08:05:52+00:00","dateModified":"2022-09-28T08:56:48+00:00","author":{"@id":"https:\/\/w-l-c.be\/fr\/#\/schema\/person\/8084b68c6b176142d073695c654dc7cf"},"breadcrumb":{"@id":"https:\/\/w-l-c.be\/fr\/le-coeur-noir-des-forets-faire-famille\/#breadcrumb"},"inLanguage":"fr-FR","potentialAction":[{"@type":"ReadAction","target":["https:\/\/w-l-c.be\/fr\/le-coeur-noir-des-forets-faire-famille\/"]}]},{"@type":"BreadcrumbList","@id":"https:\/\/w-l-c.be\/fr\/le-coeur-noir-des-forets-faire-famille\/#breadcrumb","itemListElement":[{"@type":"ListItem","position":1,"name":"Accueil","item":"https:\/\/w-l-c.be\/fr\/"},{"@type":"ListItem","position":2,"name":"\u00ab\u00a0Le Coeur noir des for\u00eats\u00a0\u00bb: faire famille"}]},{"@type":"WebSite","@id":"https:\/\/w-l-c.be\/fr\/#website","url":"https:\/\/w-l-c.be\/fr\/","name":"w-l-c","description":"Le cin\u00e9ma vu par les belges","potentialAction":[{"@type":"SearchAction","target":{"@type":"EntryPoint","urlTemplate":"https:\/\/w-l-c.be\/fr\/?s={search_term_string}"},"query-input":"required name=search_term_string"}],"inLanguage":"fr-FR"},{"@type":"Person","@id":"https:\/\/w-l-c.be\/fr\/#\/schema\/person\/8084b68c6b176142d073695c654dc7cf","name":"Aurore Engelen","url":"https:\/\/w-l-c.be\/fr\/author\/aurore-engelen\/"}]}},"_links":{"self":[{"href":"https:\/\/w-l-c.be\/fr\/wp-json\/wp\/v2\/posts\/239751","targetHints":{"allow":["GET"]}}],"collection":[{"href":"https:\/\/w-l-c.be\/fr\/wp-json\/wp\/v2\/posts"}],"about":[{"href":"https:\/\/w-l-c.be\/fr\/wp-json\/wp\/v2\/types\/post"}],"author":[{"embeddable":true,"href":"https:\/\/w-l-c.be\/fr\/wp-json\/wp\/v2\/users\/343"}],"replies":[{"embeddable":true,"href":"https:\/\/w-l-c.be\/fr\/wp-json\/wp\/v2\/comments?post=239751"}],"version-history":[{"count":0,"href":"https:\/\/w-l-c.be\/fr\/wp-json\/wp\/v2\/posts\/239751\/revisions"}],"wp:featuredmedia":[{"embeddable":true,"href":"https:\/\/w-l-c.be\/fr\/wp-json\/wp\/v2\/media\/239812"}],"wp:attachment":[{"href":"https:\/\/w-l-c.be\/fr\/wp-json\/wp\/v2\/media?parent=239751"}],"wp:term":[{"taxonomy":"category","embeddable":true,"href":"https:\/\/w-l-c.be\/fr\/wp-json\/wp\/v2\/categories?post=239751"},{"taxonomy":"post_tag","embeddable":true,"href":"https:\/\/w-l-c.be\/fr\/wp-json\/wp\/v2\/tags?post=239751"}],"curies":[{"name":"wp","href":"https:\/\/api.w.org\/{rel}","templated":true}]}}