
{"id":240206,"date":"2021-09-20T08:29:15","date_gmt":"2021-09-20T06:29:15","guid":{"rendered":"https:\/\/www.cinevox.be\/?p=240206"},"modified":"2021-09-20T08:29:15","modified_gmt":"2021-09-20T06:29:15","slug":"casting-serie-comedien%c2%b7nes-hispanophones","status":"publish","type":"post","link":"https:\/\/w-l-c.be\/fr\/casting-serie-comedien%c2%b7nes-hispanophones\/","title":{"rendered":"Casting s\u00e9rie: com\u00e9dien\u00b7nes hispanophones"},"content":{"rendered":"<p><strong>Pour une nouvelle s\u00e9rie qui se tournera entre novembre 2021 et mars 2022, Mcasting cherche diff\u00e9rents r\u00f4les pour constituer les membres d&rsquo;un cartel de drogue.<\/strong><\/p>\n<p>Des femmes et des hommes entre 20 et 50 ans, sachant jouer en espagnol.<\/p>\n<p>Pour la candidature, envoyez \u00e0 cartel@mcasting.be :<\/p>\n<ul>\n<li>Deux photos<\/li>\n<li>date de naisance<\/li>\n<li>ville de r\u00e9sidence<\/li>\n<li>num\u00e9ro de t\u00e9l\u00e9phone<\/li>\n<\/ul>\n<p>Si votre profil correspond, aux recherches du r\u00e9alisateur, vous serez contact\u00e9 pour une \u00e9tape de casting.<\/p>\n<p>&nbsp;<\/p>\n","protected":false},"excerpt":{"rendered":"<p>Pour une nouvelle s\u00e9rie qui se tournera entre novembre 2021 et mars 2022, Mcasting cherche diff\u00e9rents r\u00f4les pour constituer les membres d&rsquo;un cartel de drogue. Des femmes et des hommes entre 20 et 50 ans, sachant jouer en espagnol. Pour la candidature, envoyez \u00e0 cartel@mcasting.be : Deux photos date de naisance ville de r\u00e9sidence num\u00e9ro &hellip;<\/p>\n","protected":false},"author":343,"featured_media":210916,"comment_status":"closed","ping_status":"closed","sticky":false,"template":"","format":"standard","meta":{"ngg_post_thumbnail":0,"footnotes":""},"categories":[20],"tags":[4187],"class_list":["post-240206","post","type-post","status-publish","format-standard","has-post-thumbnail","","category-cinejobs","tag-newsletter-fr"],"yoast_head":"<!-- This site is optimized with the Yoast SEO plugin v20.4 - https:\/\/yoast.com\/wordpress\/plugins\/seo\/ -->\n<title>Casting s\u00e9rie: com\u00e9dien\u00b7nes hispanophones - w-l-c<\/title>\n<meta name=\"robots\" content=\"noindex, follow, max-snippet:-1, max-image-preview:large, max-video-preview:-1\" \/>\n<meta property=\"og:locale\" content=\"fr_FR\" \/>\n<meta property=\"og:type\" content=\"article\" \/>\n<meta property=\"og:title\" content=\"Casting s\u00e9rie: com\u00e9dien\u00b7nes hispanophones - w-l-c\" \/>\n<meta property=\"og:description\" content=\"Pour une nouvelle s\u00e9rie qui se tournera entre novembre 2021 et mars 2022, Mcasting cherche diff\u00e9rents r\u00f4les pour constituer les membres d&rsquo;un cartel de drogue. Des femmes et des hommes entre 20 et 50 ans, sachant jouer en espagnol. Pour la candidature, envoyez \u00e0 cartel@mcasting.be : Deux photos date de naisance ville de r\u00e9sidence num\u00e9ro &hellip;\" \/>\n<meta property=\"og:url\" content=\"https:\/\/w-l-c.be\/fr\/casting-serie-comedien\u00b7nes-hispanophones\/\" \/>\n<meta property=\"og:site_name\" content=\"w-l-c\" \/>\n<meta property=\"article:published_time\" content=\"2021-09-20T06:29:15+00:00\" \/>\n<meta property=\"og:image\" content=\"https:\/\/w-l-c.be\/wp-content\/uploads\/2018\/06\/Casting.jpg\" \/>\n\t<meta property=\"og:image:width\" content=\"1024\" \/>\n\t<meta property=\"og:image:height\" content=\"512\" \/>\n\t<meta property=\"og:image:type\" content=\"image\/jpeg\" \/>\n<meta name=\"author\" content=\"Aurore Engelen\" \/>\n<meta name=\"twitter:card\" content=\"summary_large_image\" \/>\n<meta name=\"twitter:label1\" content=\"\u00c9crit par\" \/>\n\t<meta name=\"twitter:data1\" content=\"Aurore Engelen\" \/>\n\t<meta name=\"twitter:label2\" content=\"Dur\u00e9e de lecture estim\u00e9e\" \/>\n\t<meta name=\"twitter:data2\" content=\"1 minute\" \/>\n<script type=\"application\/ld+json\" class=\"yoast-schema-graph\">{\"@context\":\"https:\/\/schema.org\",\"@graph\":[{\"@type\":\"WebPage\",\"@id\":\"https:\/\/w-l-c.be\/fr\/casting-serie-comedien%c2%b7nes-hispanophones\/\",\"url\":\"https:\/\/w-l-c.be\/fr\/casting-serie-comedien%c2%b7nes-hispanophones\/\",\"name\":\"Casting s\u00e9rie: com\u00e9dien\u00b7nes hispanophones - w-l-c\",\"isPartOf\":{\"@id\":\"https:\/\/w-l-c.be\/fr\/#website\"},\"datePublished\":\"2021-09-20T06:29:15+00:00\",\"dateModified\":\"2021-09-20T06:29:15+00:00\",\"author\":{\"@id\":\"https:\/\/w-l-c.be\/fr\/#\/schema\/person\/8084b68c6b176142d073695c654dc7cf\"},\"breadcrumb\":{\"@id\":\"https:\/\/w-l-c.be\/fr\/casting-serie-comedien%c2%b7nes-hispanophones\/#breadcrumb\"},\"inLanguage\":\"fr-FR\",\"potentialAction\":[{\"@type\":\"ReadAction\",\"target\":[\"https:\/\/w-l-c.be\/fr\/casting-serie-comedien%c2%b7nes-hispanophones\/\"]}]},{\"@type\":\"BreadcrumbList\",\"@id\":\"https:\/\/w-l-c.be\/fr\/casting-serie-comedien%c2%b7nes-hispanophones\/#breadcrumb\",\"itemListElement\":[{\"@type\":\"ListItem\",\"position\":1,\"name\":\"Accueil\",\"item\":\"https:\/\/w-l-c.be\/fr\/\"},{\"@type\":\"ListItem\",\"position\":2,\"name\":\"Casting s\u00e9rie: com\u00e9dien\u00b7nes hispanophones\"}]},{\"@type\":\"WebSite\",\"@id\":\"https:\/\/w-l-c.be\/fr\/#website\",\"url\":\"https:\/\/w-l-c.be\/fr\/\",\"name\":\"w-l-c\",\"description\":\"Le cin\u00e9ma vu par les belges\",\"potentialAction\":[{\"@type\":\"SearchAction\",\"target\":{\"@type\":\"EntryPoint\",\"urlTemplate\":\"https:\/\/w-l-c.be\/fr\/?s={search_term_string}\"},\"query-input\":\"required name=search_term_string\"}],\"inLanguage\":\"fr-FR\"},{\"@type\":\"Person\",\"@id\":\"https:\/\/w-l-c.be\/fr\/#\/schema\/person\/8084b68c6b176142d073695c654dc7cf\",\"name\":\"Aurore Engelen\",\"url\":\"https:\/\/w-l-c.be\/fr\/author\/aurore-engelen\/\"}]}<\/script>\n<!-- \/ Yoast SEO plugin. -->","yoast_head_json":{"title":"Casting s\u00e9rie: com\u00e9dien\u00b7nes hispanophones - w-l-c","robots":{"index":"noindex","follow":"follow","max-snippet":"max-snippet:-1","max-image-preview":"max-image-preview:large","max-video-preview":"max-video-preview:-1"},"og_locale":"fr_FR","og_type":"article","og_title":"Casting s\u00e9rie: com\u00e9dien\u00b7nes hispanophones - w-l-c","og_description":"Pour une nouvelle s\u00e9rie qui se tournera entre novembre 2021 et mars 2022, Mcasting cherche diff\u00e9rents r\u00f4les pour constituer les membres d&rsquo;un cartel de drogue. Des femmes et des hommes entre 20 et 50 ans, sachant jouer en espagnol. Pour la candidature, envoyez \u00e0 cartel@mcasting.be : Deux photos date de naisance ville de r\u00e9sidence num\u00e9ro &hellip;","og_url":"https:\/\/w-l-c.be\/fr\/casting-serie-comedien\u00b7nes-hispanophones\/","og_site_name":"w-l-c","article_published_time":"2021-09-20T06:29:15+00:00","og_image":[{"width":1024,"height":512,"url":"https:\/\/w-l-c.be\/wp-content\/uploads\/2018\/06\/Casting.jpg","type":"image\/jpeg"}],"author":"Aurore Engelen","twitter_card":"summary_large_image","twitter_misc":{"\u00c9crit par":"Aurore Engelen","Dur\u00e9e de lecture estim\u00e9e":"1 minute"},"schema":{"@context":"https:\/\/schema.org","@graph":[{"@type":"WebPage","@id":"https:\/\/w-l-c.be\/fr\/casting-serie-comedien%c2%b7nes-hispanophones\/","url":"https:\/\/w-l-c.be\/fr\/casting-serie-comedien%c2%b7nes-hispanophones\/","name":"Casting s\u00e9rie: com\u00e9dien\u00b7nes hispanophones - w-l-c","isPartOf":{"@id":"https:\/\/w-l-c.be\/fr\/#website"},"datePublished":"2021-09-20T06:29:15+00:00","dateModified":"2021-09-20T06:29:15+00:00","author":{"@id":"https:\/\/w-l-c.be\/fr\/#\/schema\/person\/8084b68c6b176142d073695c654dc7cf"},"breadcrumb":{"@id":"https:\/\/w-l-c.be\/fr\/casting-serie-comedien%c2%b7nes-hispanophones\/#breadcrumb"},"inLanguage":"fr-FR","potentialAction":[{"@type":"ReadAction","target":["https:\/\/w-l-c.be\/fr\/casting-serie-comedien%c2%b7nes-hispanophones\/"]}]},{"@type":"BreadcrumbList","@id":"https:\/\/w-l-c.be\/fr\/casting-serie-comedien%c2%b7nes-hispanophones\/#breadcrumb","itemListElement":[{"@type":"ListItem","position":1,"name":"Accueil","item":"https:\/\/w-l-c.be\/fr\/"},{"@type":"ListItem","position":2,"name":"Casting s\u00e9rie: com\u00e9dien\u00b7nes hispanophones"}]},{"@type":"WebSite","@id":"https:\/\/w-l-c.be\/fr\/#website","url":"https:\/\/w-l-c.be\/fr\/","name":"w-l-c","description":"Le cin\u00e9ma vu par les belges","potentialAction":[{"@type":"SearchAction","target":{"@type":"EntryPoint","urlTemplate":"https:\/\/w-l-c.be\/fr\/?s={search_term_string}"},"query-input":"required name=search_term_string"}],"inLanguage":"fr-FR"},{"@type":"Person","@id":"https:\/\/w-l-c.be\/fr\/#\/schema\/person\/8084b68c6b176142d073695c654dc7cf","name":"Aurore Engelen","url":"https:\/\/w-l-c.be\/fr\/author\/aurore-engelen\/"}]}},"_links":{"self":[{"href":"https:\/\/w-l-c.be\/fr\/wp-json\/wp\/v2\/posts\/240206","targetHints":{"allow":["GET"]}}],"collection":[{"href":"https:\/\/w-l-c.be\/fr\/wp-json\/wp\/v2\/posts"}],"about":[{"href":"https:\/\/w-l-c.be\/fr\/wp-json\/wp\/v2\/types\/post"}],"author":[{"embeddable":true,"href":"https:\/\/w-l-c.be\/fr\/wp-json\/wp\/v2\/users\/343"}],"replies":[{"embeddable":true,"href":"https:\/\/w-l-c.be\/fr\/wp-json\/wp\/v2\/comments?post=240206"}],"version-history":[{"count":0,"href":"https:\/\/w-l-c.be\/fr\/wp-json\/wp\/v2\/posts\/240206\/revisions"}],"wp:featuredmedia":[{"embeddable":true,"href":"https:\/\/w-l-c.be\/fr\/wp-json\/wp\/v2\/media\/210916"}],"wp:attachment":[{"href":"https:\/\/w-l-c.be\/fr\/wp-json\/wp\/v2\/media?parent=240206"}],"wp:term":[{"taxonomy":"category","embeddable":true,"href":"https:\/\/w-l-c.be\/fr\/wp-json\/wp\/v2\/categories?post=240206"},{"taxonomy":"post_tag","embeddable":true,"href":"https:\/\/w-l-c.be\/fr\/wp-json\/wp\/v2\/tags?post=240206"}],"curies":[{"name":"wp","href":"https:\/\/api.w.org\/{rel}","templated":true}]}}