
{"id":240236,"date":"2021-09-22T11:08:13","date_gmt":"2021-09-22T09:08:13","guid":{"rendered":"https:\/\/www.cinevox.be\/?p=240236"},"modified":"2021-09-22T13:26:40","modified_gmt":"2021-09-22T11:26:40","slug":"lynx-linedit-de-tout-court","status":"publish","type":"post","link":"https:\/\/w-l-c.be\/fr\/lynx-linedit-de-tout-court\/","title":{"rendered":"\u00ab\u00a0Lynx\u00a0\u00bb, l&rsquo;in\u00e9dit de Tout Court"},"content":{"rendered":"<p><strong>Au programme de Tout Court cette semaine, un puissant in\u00e9dit, <em>Lynx<\/em> de Julien Henry, avec Erika Sainte et Wouter Hendrickx. Il sera suivi du film de Catherine Cosme, <em>Famille<\/em>.<\/strong><\/p>\n<hr \/>\n<h4><em><strong>Lynx<\/strong><\/em> de Julien Henry<\/h4>\n<p><em>Avec Erika Sainte, Wouter Hendrickx, Koen Van Der Sande, Norman Baert, Jos\u00e9 Bertrand<\/em><\/p>\n<p>Marie et Tony sont passionn\u00e9s de Bangers, une variante trash du stock-car. Suite \u00e0 un drame, leur couple se d\u00e9lite. Tony a raccroch\u00e9 les courses alors que Marie expulse sa col\u00e8re sur le speedway dans des crashs violents. Quand les probl\u00e8mes refont surfaces, ils n\u2019ont d\u2019autre choix que de r\u00e9soudre leur diff\u00e9rend l\u00e0 o\u00f9 leur communaut\u00e9 les a toujours r\u00e9gl\u00e9s : sur le speedway.<\/p>\n<p><img loading=\"lazy\" decoding=\"async\" class=\"alignnone size-large wp-image-240237\" src=\"https:\/\/www.cinevox.be\/wp-content\/uploads\/2021\/09\/Lynx-Julien-Henry-800x450.jpeg\" alt=\"Lynx-Julien-Henry\" width=\"618\" height=\"348\" srcset=\"https:\/\/w-l-c.be\/wp-content\/uploads\/2021\/09\/Lynx-Julien-Henry-800x450.jpeg 800w, https:\/\/w-l-c.be\/wp-content\/uploads\/2021\/09\/Lynx-Julien-Henry-480x270.jpeg 480w, https:\/\/w-l-c.be\/wp-content\/uploads\/2021\/09\/Lynx-Julien-Henry-200x113.jpeg 200w, https:\/\/w-l-c.be\/wp-content\/uploads\/2021\/09\/Lynx-Julien-Henry-768x432.jpeg 768w, https:\/\/w-l-c.be\/wp-content\/uploads\/2021\/09\/Lynx-Julien-Henry-599x337.jpeg 599w, https:\/\/w-l-c.be\/wp-content\/uploads\/2021\/09\/Lynx-Julien-Henry.jpeg 1000w\" sizes=\"auto, (max-width: 618px) 100vw, 618px\" \/><\/p>\n<hr \/>\n<h4><em><strong>Famille<\/strong><\/em> de Catherine Cosme<\/h4>\n<p class=\"\">Lisa accueille une famille somalienne, le temps de leur convocation au service des \u00e9trangers. C&rsquo;est une rencontre entre deux mondes, entre bienveillance et difficult\u00e9 de communiquer. Dans le silence naissent le doute et l&rsquo;angoisse. Au-del\u00e0 de la raison ?<\/p>\n<p><em>Avec Maia Sandoz, Consolate Siperius, Nathan Damna, Tayla Shimba, Thierry Hellin, Alice Verset<\/em><\/p>\n<p><img loading=\"lazy\" decoding=\"async\" class=\"alignnone size-large wp-image-223437\" src=\"https:\/\/www.cinevox.be\/wp-content\/uploads\/2019\/09\/MV5BNGI5NjA5ZTItNzdjMS00ODhjLWI1MmMtYmQwMWM1N2YzMDliXkEyXkFqcGdeQXVyODE2NjA0MTg@._V1_-800x450.jpg\" alt=\"\" width=\"618\" height=\"348\" srcset=\"https:\/\/w-l-c.be\/wp-content\/uploads\/2019\/09\/MV5BNGI5NjA5ZTItNzdjMS00ODhjLWI1MmMtYmQwMWM1N2YzMDliXkEyXkFqcGdeQXVyODE2NjA0MTg@._V1_-800x450.jpg 800w, https:\/\/w-l-c.be\/wp-content\/uploads\/2019\/09\/MV5BNGI5NjA5ZTItNzdjMS00ODhjLWI1MmMtYmQwMWM1N2YzMDliXkEyXkFqcGdeQXVyODE2NjA0MTg@._V1_-200x113.jpg 200w, https:\/\/w-l-c.be\/wp-content\/uploads\/2019\/09\/MV5BNGI5NjA5ZTItNzdjMS00ODhjLWI1MmMtYmQwMWM1N2YzMDliXkEyXkFqcGdeQXVyODE2NjA0MTg@._V1_-480x270.jpg 480w, https:\/\/w-l-c.be\/wp-content\/uploads\/2019\/09\/MV5BNGI5NjA5ZTItNzdjMS00ODhjLWI1MmMtYmQwMWM1N2YzMDliXkEyXkFqcGdeQXVyODE2NjA0MTg@._V1_-768x432.jpg 768w, https:\/\/w-l-c.be\/wp-content\/uploads\/2019\/09\/MV5BNGI5NjA5ZTItNzdjMS00ODhjLWI1MmMtYmQwMWM1N2YzMDliXkEyXkFqcGdeQXVyODE2NjA0MTg@._V1_-599x337.jpg 599w, https:\/\/w-l-c.be\/wp-content\/uploads\/2019\/09\/MV5BNGI5NjA5ZTItNzdjMS00ODhjLWI1MmMtYmQwMWM1N2YzMDliXkEyXkFqcGdeQXVyODE2NjA0MTg@._V1_.jpg 1000w\" sizes=\"auto, (max-width: 618px) 100vw, 618px\" \/><\/p>\n","protected":false},"excerpt":{"rendered":"<p>Au programme de Tout Court cette semaine, un puissant in\u00e9dit, Lynx de Julien Henry, avec Erika Sainte et Wouter Hendrickx. Il sera suivi du film de Catherine Cosme, Famille. Lynx de Julien Henry Avec Erika Sainte, Wouter Hendrickx, Koen Van Der Sande, Norman Baert, Jos\u00e9 Bertrand Marie et Tony sont passionn\u00e9s de Bangers, une variante &hellip;<\/p>\n","protected":false},"author":343,"featured_media":240239,"comment_status":"closed","ping_status":"closed","sticky":false,"template":"","format":"standard","meta":{"ngg_post_thumbnail":0,"footnotes":""},"categories":[14],"tags":[4187],"class_list":["post-240236","post","type-post","status-publish","format-standard","has-post-thumbnail","","category-home-cinema","tag-newsletter-fr"],"yoast_head":"<!-- This site is optimized with the Yoast SEO plugin v20.4 - https:\/\/yoast.com\/wordpress\/plugins\/seo\/ -->\n<title>&quot;Lynx&quot;, l&#039;in\u00e9dit de Tout Court - w-l-c<\/title>\n<meta name=\"robots\" content=\"noindex, follow, max-snippet:-1, max-image-preview:large, max-video-preview:-1\" \/>\n<meta property=\"og:locale\" content=\"fr_FR\" \/>\n<meta property=\"og:type\" content=\"article\" \/>\n<meta property=\"og:title\" content=\"&quot;Lynx&quot;, l&#039;in\u00e9dit de Tout Court - w-l-c\" \/>\n<meta property=\"og:description\" content=\"Au programme de Tout Court cette semaine, un puissant in\u00e9dit, Lynx de Julien Henry, avec Erika Sainte et Wouter Hendrickx. Il sera suivi du film de Catherine Cosme, Famille. Lynx de Julien Henry Avec Erika Sainte, Wouter Hendrickx, Koen Van Der Sande, Norman Baert, Jos\u00e9 Bertrand Marie et Tony sont passionn\u00e9s de Bangers, une variante &hellip;\" \/>\n<meta property=\"og:url\" content=\"https:\/\/w-l-c.be\/fr\/lynx-linedit-de-tout-court\/\" \/>\n<meta property=\"og:site_name\" content=\"w-l-c\" \/>\n<meta property=\"article:published_time\" content=\"2021-09-22T09:08:13+00:00\" \/>\n<meta property=\"article:modified_time\" content=\"2021-09-22T11:26:40+00:00\" \/>\n<meta property=\"og:image\" content=\"https:\/\/w-l-c.be\/wp-content\/uploads\/2021\/09\/LynxBis.jpeg\" \/>\n\t<meta property=\"og:image:width\" content=\"1000\" \/>\n\t<meta property=\"og:image:height\" content=\"563\" \/>\n\t<meta property=\"og:image:type\" content=\"image\/jpeg\" \/>\n<meta name=\"author\" content=\"Aurore Engelen\" \/>\n<meta name=\"twitter:card\" content=\"summary_large_image\" \/>\n<meta name=\"twitter:label1\" content=\"\u00c9crit par\" \/>\n\t<meta name=\"twitter:data1\" content=\"Aurore Engelen\" \/>\n\t<meta name=\"twitter:label2\" content=\"Dur\u00e9e de lecture estim\u00e9e\" \/>\n\t<meta name=\"twitter:data2\" content=\"2 minutes\" \/>\n<script type=\"application\/ld+json\" class=\"yoast-schema-graph\">{\"@context\":\"https:\/\/schema.org\",\"@graph\":[{\"@type\":\"WebPage\",\"@id\":\"https:\/\/w-l-c.be\/fr\/lynx-linedit-de-tout-court\/\",\"url\":\"https:\/\/w-l-c.be\/fr\/lynx-linedit-de-tout-court\/\",\"name\":\"\\\"Lynx\\\", l'in\u00e9dit de Tout Court - w-l-c\",\"isPartOf\":{\"@id\":\"https:\/\/w-l-c.be\/fr\/#website\"},\"datePublished\":\"2021-09-22T09:08:13+00:00\",\"dateModified\":\"2021-09-22T11:26:40+00:00\",\"author\":{\"@id\":\"https:\/\/w-l-c.be\/fr\/#\/schema\/person\/8084b68c6b176142d073695c654dc7cf\"},\"breadcrumb\":{\"@id\":\"https:\/\/w-l-c.be\/fr\/lynx-linedit-de-tout-court\/#breadcrumb\"},\"inLanguage\":\"fr-FR\",\"potentialAction\":[{\"@type\":\"ReadAction\",\"target\":[\"https:\/\/w-l-c.be\/fr\/lynx-linedit-de-tout-court\/\"]}]},{\"@type\":\"BreadcrumbList\",\"@id\":\"https:\/\/w-l-c.be\/fr\/lynx-linedit-de-tout-court\/#breadcrumb\",\"itemListElement\":[{\"@type\":\"ListItem\",\"position\":1,\"name\":\"Accueil\",\"item\":\"https:\/\/w-l-c.be\/fr\/\"},{\"@type\":\"ListItem\",\"position\":2,\"name\":\"\u00ab\u00a0Lynx\u00a0\u00bb, l&rsquo;in\u00e9dit de Tout Court\"}]},{\"@type\":\"WebSite\",\"@id\":\"https:\/\/w-l-c.be\/fr\/#website\",\"url\":\"https:\/\/w-l-c.be\/fr\/\",\"name\":\"w-l-c\",\"description\":\"Le cin\u00e9ma vu par les belges\",\"potentialAction\":[{\"@type\":\"SearchAction\",\"target\":{\"@type\":\"EntryPoint\",\"urlTemplate\":\"https:\/\/w-l-c.be\/fr\/?s={search_term_string}\"},\"query-input\":\"required name=search_term_string\"}],\"inLanguage\":\"fr-FR\"},{\"@type\":\"Person\",\"@id\":\"https:\/\/w-l-c.be\/fr\/#\/schema\/person\/8084b68c6b176142d073695c654dc7cf\",\"name\":\"Aurore Engelen\",\"url\":\"https:\/\/w-l-c.be\/fr\/author\/aurore-engelen\/\"}]}<\/script>\n<!-- \/ Yoast SEO plugin. -->","yoast_head_json":{"title":"\"Lynx\", l'in\u00e9dit de Tout Court - w-l-c","robots":{"index":"noindex","follow":"follow","max-snippet":"max-snippet:-1","max-image-preview":"max-image-preview:large","max-video-preview":"max-video-preview:-1"},"og_locale":"fr_FR","og_type":"article","og_title":"\"Lynx\", l'in\u00e9dit de Tout Court - w-l-c","og_description":"Au programme de Tout Court cette semaine, un puissant in\u00e9dit, Lynx de Julien Henry, avec Erika Sainte et Wouter Hendrickx. Il sera suivi du film de Catherine Cosme, Famille. Lynx de Julien Henry Avec Erika Sainte, Wouter Hendrickx, Koen Van Der Sande, Norman Baert, Jos\u00e9 Bertrand Marie et Tony sont passionn\u00e9s de Bangers, une variante &hellip;","og_url":"https:\/\/w-l-c.be\/fr\/lynx-linedit-de-tout-court\/","og_site_name":"w-l-c","article_published_time":"2021-09-22T09:08:13+00:00","article_modified_time":"2021-09-22T11:26:40+00:00","og_image":[{"width":1000,"height":563,"url":"https:\/\/w-l-c.be\/wp-content\/uploads\/2021\/09\/LynxBis.jpeg","type":"image\/jpeg"}],"author":"Aurore Engelen","twitter_card":"summary_large_image","twitter_misc":{"\u00c9crit par":"Aurore Engelen","Dur\u00e9e de lecture estim\u00e9e":"2 minutes"},"schema":{"@context":"https:\/\/schema.org","@graph":[{"@type":"WebPage","@id":"https:\/\/w-l-c.be\/fr\/lynx-linedit-de-tout-court\/","url":"https:\/\/w-l-c.be\/fr\/lynx-linedit-de-tout-court\/","name":"\"Lynx\", l'in\u00e9dit de Tout Court - w-l-c","isPartOf":{"@id":"https:\/\/w-l-c.be\/fr\/#website"},"datePublished":"2021-09-22T09:08:13+00:00","dateModified":"2021-09-22T11:26:40+00:00","author":{"@id":"https:\/\/w-l-c.be\/fr\/#\/schema\/person\/8084b68c6b176142d073695c654dc7cf"},"breadcrumb":{"@id":"https:\/\/w-l-c.be\/fr\/lynx-linedit-de-tout-court\/#breadcrumb"},"inLanguage":"fr-FR","potentialAction":[{"@type":"ReadAction","target":["https:\/\/w-l-c.be\/fr\/lynx-linedit-de-tout-court\/"]}]},{"@type":"BreadcrumbList","@id":"https:\/\/w-l-c.be\/fr\/lynx-linedit-de-tout-court\/#breadcrumb","itemListElement":[{"@type":"ListItem","position":1,"name":"Accueil","item":"https:\/\/w-l-c.be\/fr\/"},{"@type":"ListItem","position":2,"name":"\u00ab\u00a0Lynx\u00a0\u00bb, l&rsquo;in\u00e9dit de Tout Court"}]},{"@type":"WebSite","@id":"https:\/\/w-l-c.be\/fr\/#website","url":"https:\/\/w-l-c.be\/fr\/","name":"w-l-c","description":"Le cin\u00e9ma vu par les belges","potentialAction":[{"@type":"SearchAction","target":{"@type":"EntryPoint","urlTemplate":"https:\/\/w-l-c.be\/fr\/?s={search_term_string}"},"query-input":"required name=search_term_string"}],"inLanguage":"fr-FR"},{"@type":"Person","@id":"https:\/\/w-l-c.be\/fr\/#\/schema\/person\/8084b68c6b176142d073695c654dc7cf","name":"Aurore Engelen","url":"https:\/\/w-l-c.be\/fr\/author\/aurore-engelen\/"}]}},"_links":{"self":[{"href":"https:\/\/w-l-c.be\/fr\/wp-json\/wp\/v2\/posts\/240236","targetHints":{"allow":["GET"]}}],"collection":[{"href":"https:\/\/w-l-c.be\/fr\/wp-json\/wp\/v2\/posts"}],"about":[{"href":"https:\/\/w-l-c.be\/fr\/wp-json\/wp\/v2\/types\/post"}],"author":[{"embeddable":true,"href":"https:\/\/w-l-c.be\/fr\/wp-json\/wp\/v2\/users\/343"}],"replies":[{"embeddable":true,"href":"https:\/\/w-l-c.be\/fr\/wp-json\/wp\/v2\/comments?post=240236"}],"version-history":[{"count":0,"href":"https:\/\/w-l-c.be\/fr\/wp-json\/wp\/v2\/posts\/240236\/revisions"}],"wp:featuredmedia":[{"embeddable":true,"href":"https:\/\/w-l-c.be\/fr\/wp-json\/wp\/v2\/media\/240239"}],"wp:attachment":[{"href":"https:\/\/w-l-c.be\/fr\/wp-json\/wp\/v2\/media?parent=240236"}],"wp:term":[{"taxonomy":"category","embeddable":true,"href":"https:\/\/w-l-c.be\/fr\/wp-json\/wp\/v2\/categories?post=240236"},{"taxonomy":"post_tag","embeddable":true,"href":"https:\/\/w-l-c.be\/fr\/wp-json\/wp\/v2\/tags?post=240236"}],"curies":[{"name":"wp","href":"https:\/\/api.w.org\/{rel}","templated":true}]}}